{"id":136,"date":"2016-09-12T21:26:58","date_gmt":"2016-09-12T19:26:58","guid":{"rendered":"http:\/\/www.lyceelecorbusier.eu\/perspectivessonores\/?p=136"},"modified":"2016-09-16T08:52:29","modified_gmt":"2016-09-16T06:52:29","slug":"somnambule-decouverte-sonore-de-la-presquile-malraux-et-de-sa-mediatheque","status":"publish","type":"post","link":"https:\/\/www.lyceelecorbusier.eu\/perspectivessonores\/?p=136","title":{"rendered":"SO(M)NAMBULE \/\/ D\u00e9couverte sonore de la presqu\u2019\u00eele Malraux et de sa m\u00e9diath\u00e8que"},"content":{"rendered":"<p>&nbsp;<\/p>\n<p><span style=\"font-family: helvetica, arial, sans-serif;font-size: 12pt;color: #000000\">Au contraire de l\u2019environnement sonore et bruyant de la ville de Strasbourg, la presqu\u2019\u00eele Malraux se d\u00e9tache par son calme ambiant, comme une bulle \u00e9trang\u00e8re \u00e0 son quartier. Ses espaces de vie anim\u00e9s jouent avec le calme que tu peux aussi y retrouver. La m\u00e9diath\u00e8que est comme le microcosme de son environnement, avec un rez-de-chauss\u00e9e qui se substitue \u00e0 un lieu de rencontre, de partage, et le troisi\u00e8me \u00e9tage o\u00f9 r\u00e8gne un silence religieux.<\/span><\/p>\n<p><span style=\"font-family: helvetica, arial, sans-serif;font-size: 12pt;color: #000000\">La temporalit\u00e9 d\u2019une journ\u00e9e te permet d\u2019observer les diff\u00e9rents niveaux de fr\u00e9quentation du site. Les abords de la presqu\u2019\u00eele sont tr\u00e8s anim\u00e9s dans la matin\u00e9e, \u00e0 l\u2019oppos\u00e9 de la presqu\u2019\u00eele elle-m\u00eame. Lorsque sonne midi, les r\u00f4les s\u2019inversent. Les d\u00e9ambulations sonores s\u2019activent \u00e0 l\u2019approche des \u00e9difices, et se font plus discr\u00e8tes sur les axes alentours.<\/span><\/p>\n<p><span style=\"font-family: helvetica, arial, sans-serif;font-size: 12pt;color: #000000\">Afin de mieux appr\u00e9hender les lieux sur lesquels nous allons travailler, nous avons exp\u00e9riment\u00e9 une marche en aveugle, nous permettant de ressentir l\u2019espace de la presqu\u2019ile Malraux et de sa m\u00e9diath\u00e8que de mani\u00e8re sensitive.<\/span><\/p>\n<p><span style=\"font-family: helvetica, arial, sans-serif;font-size: 12pt;color: #000000\">Cette balade te permet de ressentir les formes diff\u00e9remment, plus intens\u00e9ment. La c\u00e9cit\u00e9 a cette vertu de placer l\u2019ou\u00efe au premier plan des sens de perception, pour capturer l\u2019espace avec un regard autre. Ce qui est plus \u00e9loign\u00e9 para\u00eet insignifiant au regard des bruits plus proches qui peuvent repr\u00e9senter un danger imminent pour toi, qui a la vision tout nouvellement occult\u00e9e. Les v\u00e9los semblent te fr\u00f4ler, les passants foncent sur toi, les parois s\u2019approchent dangereusement de ton visage. Tout semble agression quand le niveau sonore s\u2019\u00e9l\u00e8ve et p\u00e9n\u00e8tre ta bulle de s\u00e9curit\u00e9. Tes propres sens te trompent sur les distances. La confiance en ton guide est primordiale afin d\u2019\u00e9voluer plus sereinement dans l\u2019espace.<\/span><\/p>\n<p><span style=\"font-family: helvetica, arial, sans-serif;font-size: 12pt;color: #000000\">Outre l\u2019ou\u00efe, l\u2019odorat et le toucher se d\u00e9cuplent et servent \u00e0 leur tour de compr\u00e9hension de l\u2019espace. Malgr\u00e9 que tes yeux soient ferm\u00e9s, il te reste quand m\u00eame la vue. Une vue diaphane laissant transpara\u00eetre la lumi\u00e8re et l\u2019ombre plus pesantes d\u2019un b\u00e2timent.<\/span><\/p>\n<p>&nbsp;<\/p>\n<p>&nbsp;<\/p>\n","protected":false},"excerpt":{"rendered":"<p>&nbsp; Au contraire de l\u2019environnement sonore et bruyant de la ville de Strasbourg, la presqu\u2019\u00eele Malraux se d\u00e9tache par son calme ambiant, comme une bulle \u00e9trang\u00e8re \u00e0 son quartier. Ses espaces de vie anim\u00e9s jouent avec le calme&#8230; <a class=\"read-more\" href=\"https:\/\/www.lyceelecorbusier.eu\/perspectivessonores\/?p=136\">Lire la suite&#8230;<\/a><\/p>\n","protected":false},"author":1,"featured_media":144,"comment_status":"closed","ping_status":"closed","sticky":false,"template":"","format":"standard","meta":[],"categories":[6],"tags":[17,16,14,15,18],"_links":{"self":[{"href":"https:\/\/www.lyceelecorbusier.eu\/perspectivessonores\/index.php?rest_route=\/wp\/v2\/posts\/136"}],"collection":[{"href":"https:\/\/www.lyceelecorbusier.eu\/perspectivessonores\/index.php?rest_route=\/wp\/v2\/posts"}],"about":[{"href":"https:\/\/www.lyceelecorbusier.eu\/perspectivessonores\/index.php?rest_route=\/wp\/v2\/types\/post"}],"author":[{"embeddable":true,"href":"https:\/\/www.lyceelecorbusier.eu\/perspectivessonores\/index.php?rest_route=\/wp\/v2\/users\/1"}],"replies":[{"embeddable":true,"href":"https:\/\/www.lyceelecorbusier.eu\/perspectivessonores\/index.php?rest_route=%2Fwp%2Fv2%2Fcomments&post=136"}],"version-history":[{"count":8,"href":"https:\/\/www.lyceelecorbusier.eu\/perspectivessonores\/index.php?rest_route=\/wp\/v2\/posts\/136\/revisions"}],"predecessor-version":[{"id":148,"href":"https:\/\/www.lyceelecorbusier.eu\/perspectivessonores\/index.php?rest_route=\/wp\/v2\/posts\/136\/revisions\/148"}],"wp:featuredmedia":[{"embeddable":true,"href":"https:\/\/www.lyceelecorbusier.eu\/perspectivessonores\/index.php?rest_route=\/wp\/v2\/media\/144"}],"wp:attachment":[{"href":"https:\/\/www.lyceelecorbusier.eu\/perspectivessonores\/index.php?rest_route=%2Fwp%2Fv2%2Fmedia&parent=136"}],"wp:term":[{"taxonomy":"category","embeddable":true,"href":"https:\/\/www.lyceelecorbusier.eu\/perspectivessonores\/index.php?rest_route=%2Fwp%2Fv2%2Fcategories&post=136"},{"taxonomy":"post_tag","embeddable":true,"href":"https:\/\/www.lyceelecorbusier.eu\/perspectivessonores\/index.php?rest_route=%2Fwp%2Fv2%2Ftags&post=136"}],"curies":[{"name":"wp","href":"https:\/\/api.w.org\/{rel}","templated":true}]}}