{"id":143,"date":"2021-10-21T09:51:01","date_gmt":"2021-10-21T07:51:01","guid":{"rendered":"https:\/\/www.lyceelecorbusier.eu\/partage\/?p=143"},"modified":"2021-10-26T19:06:55","modified_gmt":"2021-10-26T17:06:55","slug":"le-rituel-des-cendres","status":"publish","type":"post","link":"https:\/\/www.lyceelecorbusier.eu\/partage\/2021\/10\/21\/le-rituel-des-cendres\/","title":{"rendered":"Le rituel des cendres"},"content":{"rendered":"<p style=\"text-align: center\"><span style=\"font-size: 24pt;color: #000000\"><strong><span style=\"font-family: 'andale mono', monospace\">\u2727\u2727\u2727\u2727\u2736 PR\u00c9AMBULE \u2736\u2727\u2727\u2727\u2727<\/span><\/strong><\/span><\/p>\n<p style=\"text-align: left\"><span style=\"font-family: helvetica, arial, sans-serif;color: #808080\"><span style=\"font-weight: 400\">Nous sommes Armand, Margaux, L\u00e9a et Laelia, quatre designers qui avons \u00e9t\u00e9 un peu des sorci\u00e8res pendant notre semaine de r\u00e9sidence \u00e0 Goersdorf-Mitschdorf. L\u2019essentiel de notre travail porte sur l\u2019utilisation du feu. Nous avons imagin\u00e9 un moyen de communion et d\u2019introspection pour les habitant.e.s du village. <\/span><\/span><span style=\"font-family: helvetica, arial, sans-serif;color: #808080\"><span style=\"font-weight: 400\">Les goersdorfois.es sont invit\u00e9.e.s \u00e0 laisser derri\u00e8re eux leurs renoncements au cours du <\/span><i><span style=\"font-weight: 400\">Rituel des cendre<\/span><\/i><span style=\"font-weight: 400\">s. Pour cela nous avons choisi de r\u00e9interpr\u00e9ter le sabbat des sorci\u00e8res. <\/span><span style=\"font-weight: 400\">Il s\u2019agit d\u2019une f\u00eate pendant laquelle sont c\u00e9l\u00e9br\u00e9s des rites pa\u00efens. Les sorci\u00e8res se r\u00e9unissent de nuit dans une clairi\u00e8re ou dans un endroit d\u00e9sert, remarquable par son histoire, sa colline ou ses amas de pierres. Les sabbats ont \u00e9t\u00e9 d\u00e9crits par les d\u00e9tracteurs des sorci\u00e8res, si bien qu\u2019aujourd\u2019hui nous pouvons douter de la r\u00e9alit\u00e9 de ceux-ci. <\/span><span style=\"font-weight: 400\">Nous nous sommes impr\u00e9gn\u00e9.es de l\u2019univers populaire des sorci\u00e8res et avons travaill\u00e9 les artefacts tels que le chaudron et le balai qui suffisent \u00e0 eux seuls \u00e0 \u00e9voquer les sorci\u00e8res.<\/span><\/span><\/p>\n<p><img loading=\"lazy\" class=\"wp-image-293 alignleft\" src=\"https:\/\/www.lyceelecorbusier.eu\/partage\/wp-content\/uploads\/sites\/55\/2021\/10\/Mode\u0300le-image-site-18-e1635258047927.jpg\" alt=\"\" width=\"694\" height=\"246\" srcset=\"https:\/\/www.lyceelecorbusier.eu\/partage\/wp-content\/uploads\/sites\/55\/2021\/10\/Mode\u0300le-image-site-18-e1635258047927.jpg 694w, https:\/\/www.lyceelecorbusier.eu\/partage\/wp-content\/uploads\/sites\/55\/2021\/10\/Mode\u0300le-image-site-18-e1635258047927-300x106.jpg 300w\" sizes=\"(max-width: 694px) 100vw, 694px\" \/><\/p>\n<p style=\"text-align: left\">\n\t\t<!-- MasterSlider -->\n\t\t<div id=\"P_MS69f243a5cdf1d\" class=\"master-slider-parent msl ms-parent-id-20\" style=\"max-width:500px;\">\n\n\t\t\t\n\t\t\t<!-- MasterSlider Main -->\n\t\t\t<div id=\"MS69f243a5cdf1d\" class=\"master-slider ms-skin-default\" >\n\t\t\t\t \t\t\t\t \n\t\t\t\t<div  class=\"ms-slide\" data-delay=\"3\" data-fill-mode=\"fit\"  >\n\t\t\t\t\t<img src=\"https:\/\/www.lyceelecorbusier.eu\/partage\/wp-content\/plugins\/master-slider\/public\/assets\/css\/blank.gif\" alt=\"\" title=\"\" data-src=\"https:\/\/www.lyceelecorbusier.eu\/partage\/wp-content\/uploads\/sites\/55\/2021\/10\/Mode\u0300le-image-site-14.jpg\" \/>\n\n\n\t<div class=\"ms-thumb\" ><div class=\"ms-tab-context\"><div class=&quot;ms-tab-context&quot;><\/div><\/div>\n<\/div>\n\t\t\t\t<\/div>\n\t\t\t\t<div  class=\"ms-slide\" data-delay=\"3\" data-fill-mode=\"fit\"  >\n\t\t\t\t\t<img src=\"https:\/\/www.lyceelecorbusier.eu\/partage\/wp-content\/plugins\/master-slider\/public\/assets\/css\/blank.gif\" alt=\"\" title=\"\" data-src=\"https:\/\/www.lyceelecorbusier.eu\/partage\/wp-content\/uploads\/sites\/55\/2021\/10\/Mode\u0300le-image-site-20.jpg\" \/>\n\n\n\t<div class=\"ms-thumb\" ><div class=\"ms-tab-context\"><div class=&quot;ms-tab-context&quot;><\/div><\/div>\n<\/div>\n\t\t\t\t<\/div>\n\t\t\t\t<div  class=\"ms-slide\" data-delay=\"3\" data-fill-mode=\"fit\"  >\n\t\t\t\t\t<img src=\"https:\/\/www.lyceelecorbusier.eu\/partage\/wp-content\/plugins\/master-slider\/public\/assets\/css\/blank.gif\" alt=\"\" title=\"\" data-src=\"https:\/\/www.lyceelecorbusier.eu\/partage\/wp-content\/uploads\/sites\/55\/2021\/10\/Mode\u0300le-image-site-16.jpg\" \/>\n\n\n\t<div class=\"ms-thumb\" ><div class=\"ms-tab-context\"><div class=&quot;ms-tab-context&quot;><\/div><\/div>\n<\/div>\n\t\t\t\t<\/div>\n\t\t\t\t<div  class=\"ms-slide\" data-delay=\"3\" data-fill-mode=\"fit\"  >\n\t\t\t\t\t<img src=\"https:\/\/www.lyceelecorbusier.eu\/partage\/wp-content\/plugins\/master-slider\/public\/assets\/css\/blank.gif\" alt=\"\" title=\"\" data-src=\"https:\/\/www.lyceelecorbusier.eu\/partage\/wp-content\/uploads\/sites\/55\/2021\/10\/Mode\u0300le-image-site19.jpg\" \/>\n\n\n\t<div class=\"ms-thumb\" ><div class=\"ms-tab-context\"><div class=&quot;ms-tab-context&quot;><\/div><\/div>\n<\/div>\n\t\t\t\t<\/div>\n\n\t\t\t<\/div>\n\t\t\t<!-- END MasterSlider Main -->\n\n\t\t\t \n\t\t<\/div>\n\t\t<!-- END MasterSlider -->\n\n\t\t<script>\n\t\t(function ( $ ) {\n\t\t\t\"use strict\";\n\n\t\t\t$(function () {\n\t\t\t\tvar masterslider_df1d = new MasterSlider();\n\n\t\t\t\t\/\/ slider controls\n\n\t\t\t\t\/\/ slider setup\n\t\t\t\tmasterslider_df1d.setup(\"MS69f243a5cdf1d\", {\n\t\t\t\t\t\twidth           : 500,\n\t\t\t\t\t\theight          : 500,\n\t\t\t\t\t\tminHeight       : 0,\n\t\t\t\t\t\tspace           : 0,\n\t\t\t\t\t\tstart           : 1,\n\t\t\t\t\t\tgrabCursor      : true,\n\t\t\t\t\t\tswipe           : true,\n\t\t\t\t\t\tmouse           : true,\n\t\t\t\t\t\tlayout          : \"boxed\",\n\t\t\t\t\t\twheel           : false,\n\t\t\t\t\t\tautoplay        : true,\n\t\t\t\t\t\tinstantStartLayers:false,\n\t\t\t\t\t\tloop            : false,\n\t\t\t\t\t\tshuffle         : false,\n\t\t\t\t\t\tpreload         : 0,\n\t\t\t\t\t\theightLimit     : true,\n\t\t\t\t\t\tautoHeight      : false,\n\t\t\t\t\t\tsmoothHeight    : true,\n\t\t\t\t\t\tendPause        : false,\n\t\t\t\t\t\toverPause       : true,\n\t\t\t\t\t\tfillMode        : \"fill\",\n\t\t\t\t\t\tcenterControls  : true,\n\t\t\t\t\t\tstartOnAppear   : false,\n\t\t\t\t\t\tlayersMode      : \"center\",\n\t\t\t\t\t\thideLayers      : false,\n\t\t\t\t\t\tfullscreenMargin: 0,\n\t\t\t\t\t\tspeed           : 20,\n\t\t\t\t\t\tdir             : \"v\",\n\t\t\t\t\t\tparallaxMode    : 'swipe',\n\t\t\t\t\t\tview            : \"basic\"\n\t\t\t\t});\n\n\t\t\t\t\n\t\t\t\twindow.masterslider_instances = window.masterslider_instances || [];\n\t\t\t\twindow.masterslider_instances.push( masterslider_df1d );\n\t\t\t });\n\n\t\t})(jQuery);\n\t\t<\/script>\n\n\n<p>&nbsp;<\/p>\n<p style=\"text-align: center\"><span style=\"font-weight: 400\"><span style=\"font-size: 24pt;color: #000000\"><strong><span style=\"font-family: 'andale mono', monospace\">\u2727\u2727\u2727\u2727\u2736 PR\u00c9SENTATION DU RITUEL \u2736\u2727\u2727\u2727\u2727<\/span><\/strong><\/span><\/span><\/p>\n<p><span style=\"font-weight: 400\">Nous avons imagin\u00e9 un moyen de communion et d\u2019introspection pour les habitant.e.s du village. Nous invitons les goersdorfois.es \u00e0 laisser derri\u00e8re eux ce \u00e0 quoi iels renoncent au cours du <\/span><i><span style=\"font-weight: 400\">Rituel des cendres<\/span><\/i><span style=\"font-weight: 400\">. Celui-ci sera c\u00e9l\u00e9br\u00e9 lors de la premi\u00e8re pleine lune de l\u2019ann\u00e9e. \u00c0 la tomb\u00e9e de la nuit, les participantes*<\/span><span style=\"font-weight: 400\"> avancent en procession silencieuse jusqu\u2019au feu qui br\u00fble devant l\u2019autel. Elles se placent en cercle autour et la guide dispose une tra\u00een\u00e9e de sel autour du groupe pour les prot\u00e9ger. \u00c0 pr\u00e9sent, le rituel peut commencer. Une premi\u00e8re personne s\u2019avance et se place derri\u00e8re l\u2019autel situ\u00e9 pr\u00e8s du feu. Elle prend un morceau de papier, \u00e9crit ce qu\u2019elle veut laisser derri\u00e8re elle au fusain. Elle prononce la phrase rituelle \u201cje r\u00e9duis en cendres ce \u00e0 quoi je renonce\u201d et s\u2019approche ensuite des flammes. Elle prend la pique, fixe le papier dessus et le trempe dans un liquide vert puis le d\u00e9pose dans le feu. Une flamme verte consume le papier. La personne reprend place dans le cercle apr\u00e8s avoir pos\u00e9 la pique. Celle situ\u00e9e \u00e0 sa droite r\u00e9p\u00e8te les m\u00eames gestes et ainsi de suite jusqu\u2019\u00e0 la derni\u00e8re participante. L\u2019encha\u00eenement de ces d\u00e9placements se fait dans le sens antihoraire, en sorcellerie cela permet de retirer quelque chose, contrairement au sens horaire qui renforce. Enfin, la guide prend le balais, disperse le cercle de sel et les participantes se retirent.<\/span><\/p>\n<p><span style=\"font-weight: 400;font-size: 10pt\">*\u00c0 partir de ce moment l\u00e0 du texte nous \u00e9crirons au f\u00e9minin car nous estimons que toutes et tous nous jouons \u00e0 \u00eatre des sorci\u00e8res. Nous tenons \u00e9galement, \u00e0 la lumi\u00e8re de l\u2019h\u00e9ritage historique des sorci\u00e8res, \u00e0 conserver le mot au f\u00e9minin. Et si cela ne vous convient pas, vous pouvez toujours prendre en consid\u00e9ration que ce jour-l\u00e0 nous \u00e9tions plus de femmes que d\u2019hommes \u00e0 pratiquer le rituel. Et si cela ne vous convient toujours pas, vous pouvez toujours vous plaindre que, d\u00e9cid\u00e9ment, de nos jours, on ne peut plus rien dire.<\/span><\/p>\n<p style=\"text-align: center\">\n\t\t<!-- MasterSlider -->\n\t\t<div id=\"P_MS69f243a5e43e3\" class=\"master-slider-parent msl ms-parent-id-19\" style=\"max-width:700px;\">\n\n\t\t\t\n\t\t\t<!-- MasterSlider Main -->\n\t\t\t<div id=\"MS69f243a5e43e3\" class=\"master-slider ms-skin-default\" >\n\t\t\t\t \t\t\t\t \n\t\t\t\t<div  class=\"ms-slide\" data-delay=\"3\" data-fill-mode=\"fit\"  >\n\t\t\t\t\t<img src=\"https:\/\/www.lyceelecorbusier.eu\/partage\/wp-content\/plugins\/master-slider\/public\/assets\/css\/blank.gif\" alt=\"\" title=\"\" data-src=\"https:\/\/www.lyceelecorbusier.eu\/partage\/wp-content\/uploads\/sites\/55\/2021\/10\/Mode\u0300le-image-site-5.jpg\" \/>\n\n\n\t<div class=\"ms-thumb\" ><div class=\"ms-tab-context\"><div class=&quot;ms-tab-context&quot;><\/div><\/div>\n<\/div>\n\t\t\t\t<\/div>\n\t\t\t\t<div  class=\"ms-slide\" data-delay=\"3\" data-fill-mode=\"fill\"  >\n\t\t\t\t\t<img src=\"https:\/\/www.lyceelecorbusier.eu\/partage\/wp-content\/plugins\/master-slider\/public\/assets\/css\/blank.gif\" alt=\"\" title=\"\" data-src=\"https:\/\/www.lyceelecorbusier.eu\/partage\/wp-content\/uploads\/sites\/55\/2021\/10\/Mode\u0300le-image-site-6.jpg\" \/>\n\n\n\t<div class=\"ms-thumb\" ><div class=\"ms-tab-context\"><div class=&quot;ms-tab-context&quot;><\/div><\/div>\n<\/div>\n\t\t\t\t<\/div>\n\t\t\t\t<div  class=\"ms-slide\" data-delay=\"3\" data-fill-mode=\"fit\"  >\n\t\t\t\t\t<img src=\"https:\/\/www.lyceelecorbusier.eu\/partage\/wp-content\/plugins\/master-slider\/public\/assets\/css\/blank.gif\" alt=\"\" title=\"\" data-src=\"https:\/\/www.lyceelecorbusier.eu\/partage\/wp-content\/uploads\/sites\/55\/2021\/10\/Mode\u0300le-image-site-22.jpg\" \/>\n\n\n\t<div class=\"ms-thumb\" ><div class=\"ms-tab-context\"><div class=&quot;ms-tab-context&quot;><\/div><\/div>\n<\/div>\n\t\t\t\t<\/div>\n\t\t\t\t<div  class=\"ms-slide\" data-delay=\"3\" data-fill-mode=\"fit\"  >\n\t\t\t\t\t<img src=\"https:\/\/www.lyceelecorbusier.eu\/partage\/wp-content\/plugins\/master-slider\/public\/assets\/css\/blank.gif\" alt=\"\" title=\"\" data-src=\"https:\/\/www.lyceelecorbusier.eu\/partage\/wp-content\/uploads\/sites\/55\/2021\/10\/Mode\u0300le-image-site-4.jpg\" \/>\n\n\n\t<div class=\"ms-thumb\" ><div class=\"ms-tab-context\"><div class=&quot;ms-tab-context&quot;><\/div><\/div>\n<\/div>\n\t\t\t\t<\/div>\n\t\t\t\t<div  class=\"ms-slide\" data-delay=\"3\" data-fill-mode=\"fit\"  >\n\t\t\t\t\t<img src=\"https:\/\/www.lyceelecorbusier.eu\/partage\/wp-content\/plugins\/master-slider\/public\/assets\/css\/blank.gif\" alt=\"\" title=\"\" data-src=\"https:\/\/www.lyceelecorbusier.eu\/partage\/wp-content\/uploads\/sites\/55\/2021\/10\/Mode\u0300le-image-site-10.jpg\" \/>\n\n\n\t<div class=\"ms-thumb\" ><div class=\"ms-tab-context\"><div class=&quot;ms-tab-context&quot;><\/div><\/div>\n<\/div>\n\t\t\t\t<\/div>\n\t\t\t\t<div  class=\"ms-slide\" data-delay=\"3\" data-fill-mode=\"fit\"  >\n\t\t\t\t\t<img src=\"https:\/\/www.lyceelecorbusier.eu\/partage\/wp-content\/plugins\/master-slider\/public\/assets\/css\/blank.gif\" alt=\"\" title=\"\" data-src=\"https:\/\/www.lyceelecorbusier.eu\/partage\/wp-content\/uploads\/sites\/55\/2021\/10\/Mode\u0300le-image-site-11.jpg\" \/>\n\n\n\t<div class=\"ms-thumb\" ><div class=\"ms-tab-context\"><div class=&quot;ms-tab-context&quot;><\/div><\/div>\n<\/div>\n\t\t\t\t<\/div>\n\t\t\t\t<div  class=\"ms-slide\" data-delay=\"3\" data-fill-mode=\"fit\"  >\n\t\t\t\t\t<img src=\"https:\/\/www.lyceelecorbusier.eu\/partage\/wp-content\/plugins\/master-slider\/public\/assets\/css\/blank.gif\" alt=\"\" title=\"\" data-src=\"https:\/\/www.lyceelecorbusier.eu\/partage\/wp-content\/uploads\/sites\/55\/2021\/10\/enleve\u0301-si-pas-de-place-scaled.jpg\" \/>\n\n\n\t<div class=\"ms-thumb\" ><div class=\"ms-tab-context\"><div class=&quot;ms-tab-context&quot;><\/div><\/div>\n<\/div>\n\t\t\t\t<\/div>\n\t\t\t\t<div  class=\"ms-slide\" data-delay=\"3\" data-fill-mode=\"fit\"  >\n\t\t\t\t\t<img src=\"https:\/\/www.lyceelecorbusier.eu\/partage\/wp-content\/plugins\/master-slider\/public\/assets\/css\/blank.gif\" alt=\"\" title=\"\" data-src=\"https:\/\/www.lyceelecorbusier.eu\/partage\/wp-content\/uploads\/sites\/55\/2021\/10\/Mode\u0300le-image-site-12.jpg\" \/>\n\n\n\t<div class=\"ms-thumb\" ><div class=\"ms-tab-context\"><div class=&quot;ms-tab-context&quot;><\/div><\/div>\n<\/div>\n\t\t\t\t<\/div>\n\t\t\t\t<div  class=\"ms-slide\" data-delay=\"3\" data-fill-mode=\"fit\"  >\n\t\t\t\t\t<img src=\"https:\/\/www.lyceelecorbusier.eu\/partage\/wp-content\/plugins\/master-slider\/public\/assets\/css\/blank.gif\" alt=\"\" title=\"\" data-src=\"https:\/\/www.lyceelecorbusier.eu\/partage\/wp-content\/uploads\/sites\/55\/2021\/10\/Mode\u0300le-image-site-13.jpg\" \/>\n\n\n\t<div class=\"ms-thumb\" ><div class=\"ms-tab-context\"><div class=&quot;ms-tab-context&quot;><\/div><\/div>\n<\/div>\n\t\t\t\t<\/div>\n\t\t\t\t<div  class=\"ms-slide\" data-delay=\"3\" data-fill-mode=\"fit\"  >\n\t\t\t\t\t<img src=\"https:\/\/www.lyceelecorbusier.eu\/partage\/wp-content\/plugins\/master-slider\/public\/assets\/css\/blank.gif\" alt=\"\" title=\"\" data-src=\"https:\/\/www.lyceelecorbusier.eu\/partage\/wp-content\/uploads\/sites\/55\/2021\/10\/Mode\u0300le-image-site-3.jpg\" \/>\n\n\n\t<div class=\"ms-thumb\" ><div class=\"ms-tab-context\"><div class=&quot;ms-tab-context&quot;><\/div><\/div>\n<\/div>\n\t\t\t\t<\/div>\n\n\t\t\t<\/div>\n\t\t\t<!-- END MasterSlider Main -->\n\n\t\t\t \n\t\t<\/div>\n\t\t<!-- END MasterSlider -->\n\n\t\t<script>\n\t\t(function ( $ ) {\n\t\t\t\"use strict\";\n\n\t\t\t$(function () {\n\t\t\t\tvar masterslider_43e3 = new MasterSlider();\n\n\t\t\t\t\/\/ slider controls\n\t\t\t\tmasterslider_43e3.control('bullets'    ,{ autohide:true, overVideo:true, dir:'h', align:'bottom' , margin:10  });\n\n\t\t\t\t\/\/ slider setup\n\t\t\t\tmasterslider_43e3.setup(\"MS69f243a5e43e3\", {\n\t\t\t\t\t\twidth           : 700,\n\t\t\t\t\t\theight          : 500,\n\t\t\t\t\t\tminHeight       : 0,\n\t\t\t\t\t\tspace           : 0,\n\t\t\t\t\t\tstart           : 1,\n\t\t\t\t\t\tgrabCursor      : true,\n\t\t\t\t\t\tswipe           : true,\n\t\t\t\t\t\tmouse           : true,\n\t\t\t\t\t\tlayout          : \"boxed\",\n\t\t\t\t\t\twheel           : false,\n\t\t\t\t\t\tautoplay        : true,\n\t\t\t\t\t\tinstantStartLayers:false,\n\t\t\t\t\t\tloop            : false,\n\t\t\t\t\t\tshuffle         : false,\n\t\t\t\t\t\tpreload         : 0,\n\t\t\t\t\t\theightLimit     : true,\n\t\t\t\t\t\tautoHeight      : false,\n\t\t\t\t\t\tsmoothHeight    : true,\n\t\t\t\t\t\tendPause        : false,\n\t\t\t\t\t\toverPause       : true,\n\t\t\t\t\t\tfillMode        : \"fill\",\n\t\t\t\t\t\tcenterControls  : true,\n\t\t\t\t\t\tstartOnAppear   : false,\n\t\t\t\t\t\tlayersMode      : \"center\",\n\t\t\t\t\t\thideLayers      : false,\n\t\t\t\t\t\tfullscreenMargin: 0,\n\t\t\t\t\t\tspeed           : 20,\n\t\t\t\t\t\tdir             : \"h\",\n\t\t\t\t\t\tparallaxMode    : 'swipe',\n\t\t\t\t\t\tview            : \"basic\"\n\t\t\t\t});\n\n\t\t\t\t\n\t\t\t\twindow.masterslider_instances = window.masterslider_instances || [];\n\t\t\t\twindow.masterslider_instances.push( masterslider_43e3 );\n\t\t\t });\n\n\t\t})(jQuery);\n\t\t<\/script>\n\n\n<p>&nbsp;<\/p>\n<p style=\"text-align: center\"><span style=\"font-size: 24pt;font-family: 'andale mono', monospace;color: #333333\"><strong><span style=\"font-size: 24pt;color: #000000\"><span style=\"font-family: 'andale mono', monospace\">\u2727\u2727\u2727\u2727\u2736<\/span><\/span>\u00a0D\u00c9ROULEMENT DE LA SEMAINE \u2736<span style=\"font-size: 24pt;color: #000000\"><span style=\"font-family: 'andale mono', monospace\">\u2727\u2727\u2727\u2727<\/span><\/span><\/strong><\/span><\/p>\n\n\t\t<div class=\"toggle-box\">\n\t\t<p class=\"toggle-trigger\"><a href=\"javascript:void(0);\">D\u00e9roulement de la semaine<\/a><\/p>\n\t\t<div class=\"toggle-section\"><p>\n<p style=\"text-align: left\"><strong>\u204e\u22c6\u204e\u22c6\u2736 LUNDI \u2736\u22c6\u204e\u22c6\u204e<\/strong><\/p>\n<p><span style=\"font-weight: 400\">Nous voil\u00e0 arriv\u00e9.es \u00e0 Goersdorf, c\u2019est tout naturellement que nous cr\u00e9ons un chemin pour atteindre notre future clairi\u00e8re de Sabbat. Nous choisissons de nous approprier une \u00e9tendue de tr\u00e8fles sauvages ; invisible depuis l\u2019entr\u00e9e, visible depuis l\u2019arri\u00e8re du presbyt\u00e8re. Nous prenons nos marques puis attendons l\u2019aval de Freddy Cuntz, le maire du village, pour choisir l\u2019emplacement de notre futur embrasement. Nous aplatissons les herbes\u00a0 en cercle et commen\u00e7ons \u00e0 imaginer le premier dessin de notre rituel dans l\u2019espace.\u00a0<\/span><span style=\"font-weight: 400\">Tr\u00e8s vite, nous entamons la construction de l\u2019autel, ainsi que la cr\u00e9ation du crat\u00e8re dans lequel nous allumerons le feu. Arm\u00e9.es de s\u00e9cateurs, pelles et bassines nous partons en qu\u00eate de terre et de v\u00e9g\u00e9taux. Nous trouvons du jonc, des herbes suffisamment longues et \u00e9paisses, pour confectionner la brosse de notre balai de sorci\u00e8re. Nous collectons aussi de la terre d\u2019un chantier, \u00e0 l\u2019arri\u00e8re du presbyt\u00e8re, pour commencer notre crat\u00e8re.<\/span><\/p>\n<p style=\"text-align: left\"><strong>\u204e\u22c6\u204e\u22c6\u2736 MARDI \u2736\u22c6\u204e\u22c6\u204e<\/strong><\/p>\n<p><span style=\"font-weight: 400\">Au milieu de la cour l\u2019autel prend forme. <\/span><span style=\"font-weight: 400\">Apr\u00e8s \u00e9valuation du plus petit degr\u00e9 de pente du terrain, nous pla\u00e7ons notre autel, il sera du c\u00f4t\u00e9 gauche \u00e0 l\u2019arriv\u00e9e des sorci\u00e8res. Nous dessinons les silhouettes de plantes ramass\u00e9es d\u2019un passage de lasure sur le bois, puis arrachons les feuilles pour faire appara\u00eetre leur d\u00e9coupe. D\u00e9sormais l\u2019autel est marqu\u00e9 de son territoire. Un peu plus loin, le crat\u00e8re est bien engag\u00e9. <\/span><span style=\"font-weight: 400\">La recette est simple, il faut creuser, et r\u00e9cup\u00e9rer suffisamment de terre dans un seau pour un demi litre d\u2019eau et touiller. <\/span><span style=\"font-weight: 400\">Amus\u00e9e devant cette gadoue magique, L\u00e9a revit les journ\u00e9es d\u2019\u00e9t\u00e9 en vacances chez sa grand-m\u00e8re. Nous \u00e9talons la boue en cercle et montons petit \u00e0 petit le crat\u00e8re. Il faut ajouter des branchages en lit vertical pour cr\u00e9er un niveau, puis rajouter de la boue, et rebelote \u00e0 l\u2019horizontal et ainsi de suite.<\/span><\/p>\n<p style=\"text-align: left\"><strong>\u204e\u22c6\u204e\u22c6\u2736 MERCREDI \u2736\u22c6\u204e\u22c6\u204e<\/strong><\/p>\n<p><span style=\"font-weight: 400\">Apr\u00e8s 48h de s\u00e9chage des joncs nous proc\u00e9dons \u00e0 l\u2019assemblage de la brosse \u00e0 un charmant bout de bois biscornu qui fera office de manche. Le balai de dispersion du sel est pr\u00eat.\u00a0<\/span><span style=\"font-weight: 400\">Margaux d\u00e9cide de braver la pluie pour continuer \u00e0 creuser et avoir assez de terre pour le crat\u00e8re. Le silence, le froid et l\u2019humidit\u00e9 ont malheureusement raison de son moral. Armand sentant son d\u00e9sarroi, prend le relais. Finalement l\u2019ensemble avance \u00e0 bonne allure et touche \u00e0 sa fin.<\/span> <span style=\"font-weight: 400\">Voil\u00e0 notre crat\u00e8re \u00e9difi\u00e9, nous enfon\u00e7ons la vasque au sommet du volume pour y accueillir notre premier feu. Nous ne comptons pas le nombre d\u2019allumettes, papiers et branchages consum\u00e9s pour aider l\u2019embrasement, finalement le feu prend, difficilement, mais il est l\u00e0.<\/span><\/p>\n<p><span style=\"font-weight: 400\">Nous consacrons l\u2019apr\u00e8s-midi \u00e0 la finalisation des artefacts de l\u2019autel : installation du bougeoir, s\u00e9lection et d\u00e9coupage des papiers qui serviront \u00e0 formuler les renoncements, et cr\u00e9ation du pochon de sel de protection .\u00a0<\/span><\/p>\n<p style=\"text-align: left\"><strong>\u204e\u22c6\u204e\u22c6\u2736 JEUDI \u2736\u22c6\u204e\u22c6\u204e<\/strong><\/p>\n<p><span style=\"font-weight: 400\">Nos premi\u00e8res r\u00e9p\u00e9titions s\u2019op\u00e8rent, se suivent, et nous aident \u00e0 ajuster la chor\u00e9graphie du rituel.<\/span><span style=\"font-weight: 400\">Conclusion des premiers tests de nos camarades : il nous faut une solution de chlorure de cuivre plus concentr\u00e9e pour obtenir un meilleur effet de flamme verte, nous devons trouver des incantations pour marquer les \u00e9tapes du rituel et apporter plus de myst\u00e8re mais aussi guider les apprenties sorci\u00e8res. Enfin, il est imp\u00e9ratif de trouver une solution pour r\u00e9duire l\u2019\u00e9paisseur de la fum\u00e9e, g\u00eanante pour les participant.e.s.<\/span><\/p>\n<p><span style=\"font-weight: 400\">Par ailleurs, la distance de nos professeur.e.s nous fait remarquer l\u2019incoh\u00e9rence de l\u2019esth\u00e9tique de l\u2019autel, trop d\u00e9licat, avec la mati\u00e8re brute de notre crat\u00e8re. Nous exp\u00e9rimentons chacun.e.s diff\u00e9rentes mani\u00e8res de recouvrir le bois : terre, marc de caf\u00e9, charbon, cirage. Le cirage fera l\u2019unanimit\u00e9.\u00a0<\/span><\/p>\n<p><span style=\"font-weight: 400\">C\u2019est le grand soir. <\/span><span style=\"font-weight: 400\">Laelia n\u2019en peut plus d\u2019attendre, elle saute sur place en r\u00e9p\u00e9tant son texte en boucle. Le trac la gagne car elle sera la guide pendant la d\u00e9monstration du rituel.<\/span><span style=\"font-weight: 400\"> Nous formons un premier groupe de volontaires d\u2019habitant.e.s de Goersdorf et de quelques personnes de la classe. Tous.tes se pr\u00eatent au jeu et le moment devient solennel. Nos yeux s\u2019habituent \u00e0 l\u2019obscurit\u00e9 et \u00e0 la faible lueur des flammes nous laissant en pr\u00e9sence des nombreuses \u00e9toiles cette nuit-l\u00e0. L\u2019assembl\u00e9e nous regardant ne nous intimide plus, le rituel se d\u00e9roule comme nous l\u2019avions pens\u00e9.<\/span><\/p>\n<p style=\"text-align: center\">\u2736\u22c6\u204e\u22c6\u204e\u22c6\u204e\u22c6\u204e\u2739\u22c6\u204e\u22c6\u204e\u22c6\u204e\u22c6\u2736<\/p>\n<\/p><\/div>\n\t\t<\/div>\n<p style=\"text-align: center\">\n","protected":false},"excerpt":{"rendered":"<p>\u2727\u2727\u2727\u2727\u2736 PR\u00c9AMBULE \u2736\u2727\u2727\u2727\u2727 Nous sommes Armand, Margaux, L\u00e9a et Laelia, quatre designers qui avons \u00e9t\u00e9 un peu des sorci\u00e8res pendant notre semaine de r\u00e9sidence \u00e0 Goersdorf-Mitschdorf. L\u2019essentiel de notre travail porte sur l\u2019utilisation du feu. Nous avons imagin\u00e9&#8230; <a class=\"read-more\" href=\"https:\/\/www.lyceelecorbusier.eu\/partage\/2021\/10\/21\/le-rituel-des-cendres\/\">Lire la suite&#8230;<\/a><\/p>\n","protected":false},"author":324,"featured_media":308,"comment_status":"closed","ping_status":"closed","sticky":false,"template":"","format":"standard","meta":[],"categories":[3],"tags":[],"_links":{"self":[{"href":"https:\/\/www.lyceelecorbusier.eu\/partage\/wp-json\/wp\/v2\/posts\/143"}],"collection":[{"href":"https:\/\/www.lyceelecorbusier.eu\/partage\/wp-json\/wp\/v2\/posts"}],"about":[{"href":"https:\/\/www.lyceelecorbusier.eu\/partage\/wp-json\/wp\/v2\/types\/post"}],"author":[{"embeddable":true,"href":"https:\/\/www.lyceelecorbusier.eu\/partage\/wp-json\/wp\/v2\/users\/324"}],"replies":[{"embeddable":true,"href":"https:\/\/www.lyceelecorbusier.eu\/partage\/wp-json\/wp\/v2\/comments?post=143"}],"version-history":[{"count":13,"href":"https:\/\/www.lyceelecorbusier.eu\/partage\/wp-json\/wp\/v2\/posts\/143\/revisions"}],"predecessor-version":[{"id":372,"href":"https:\/\/www.lyceelecorbusier.eu\/partage\/wp-json\/wp\/v2\/posts\/143\/revisions\/372"}],"wp:featuredmedia":[{"embeddable":true,"href":"https:\/\/www.lyceelecorbusier.eu\/partage\/wp-json\/wp\/v2\/media\/308"}],"wp:attachment":[{"href":"https:\/\/www.lyceelecorbusier.eu\/partage\/wp-json\/wp\/v2\/media?parent=143"}],"wp:term":[{"taxonomy":"category","embeddable":true,"href":"https:\/\/www.lyceelecorbusier.eu\/partage\/wp-json\/wp\/v2\/categories?post=143"},{"taxonomy":"post_tag","embeddable":true,"href":"https:\/\/www.lyceelecorbusier.eu\/partage\/wp-json\/wp\/v2\/tags?post=143"}],"curies":[{"name":"wp","href":"https:\/\/api.w.org\/{rel}","templated":true}]}}