{"id":3016,"date":"2016-09-18T09:22:36","date_gmt":"2016-09-18T08:22:36","guid":{"rendered":"http:\/\/www.lyceelecorbusier.eu\/p5js\/?p=3016"},"modified":"2016-10-02T15:43:18","modified_gmt":"2016-10-02T14:43:18","slug":"exo2","status":"publish","type":"post","link":"https:\/\/www.lyceelecorbusier.eu\/p5js\/?p=3016","title":{"rendered":"Fran\u00e7ois Morellet"},"content":{"rendered":"<p style=\"text-align: left;\">Les \u0153uvres de <strong>Fran\u00e7ois Morellet<\/strong> sont ex\u00e9cut\u00e9es d\u2019apr\u00e8s un syst\u00e8me\u00a0: chaque choix est d\u00e9fini par un principe \u00e9tabli par avance. Il veut par l\u00e0 donner l\u2019impression de contr\u00f4ler la cr\u00e9ation artistique tout en laissant une part de hasard, ce qui donne un tableau impr\u00e9visible. Il utilise des formes simples, un petit nombre de couleurs en aplats, et des compositions \u00e9l\u00e9mentaires (juxtaposition, superposition, hasard, interf\u00e9rence, fragmentation). Il cr\u00e9e ainsi ses premi\u00e8res \u00a0 &#8220;trames&#8221;, des r\u00e9seaux de lignes parall\u00e8les noires superpos\u00e9es selon un ordre d\u00e9termin\u00e9 qui recouvrent toute la surface des tableaux.<br \/>\nCes syst\u00e8mes rappellent les structures propos\u00e9es par <strong>l\u2019Oulipo<\/strong> (<strong>Ou<\/strong>vroir de <strong>Li<\/strong>tt\u00e9rature <strong>Po<\/strong>tentielle) et d\u00e9crites par Raymond Queneau\u00a0:\u00a0<em>\u00ab\u00a0Quel est le but de nos travaux\u00a0? Proposer aux \u00e9crivains de nouvelles \u00ab\u00a0structures\u00a0\u00bb, de nature math\u00e9matique, ou bien encore inventer de nouveaux proc\u00e9d\u00e9s artificiels ou m\u00e9caniques, contribuant \u00e0 l\u2019activit\u00e9 litt\u00e9raire\u00a0\u00bb.<br \/>\n<\/em><a href=\"https:\/\/francoismorellet.wordpress.com\/oeuvres\/\" target=\"_blank\">https:\/\/francoismorellet.wordpress.com\/oeuvres\/<\/a><em><br \/>\n<\/em><\/p>\n<p style=\"text-align: center;\"><img loading=\"lazy\" width=\"555\" height=\"369\" class=\"size-full wp-image-3027 aligncenter\" src=\"http:\/\/www.lyceelecorbusier.eu\/p5js\/wp-content\/uploads\/sites\/25\/2016\/09\/joelix-dynamo-paris-grand-palais7.jpg\" alt=\"joelix-dynamo-paris-grand-palais7\" srcset=\"https:\/\/www.lyceelecorbusier.eu\/p5js\/wp-content\/uploads\/sites\/25\/2016\/09\/joelix-dynamo-paris-grand-palais7.jpg 555w, https:\/\/www.lyceelecorbusier.eu\/p5js\/wp-content\/uploads\/sites\/25\/2016\/09\/joelix-dynamo-paris-grand-palais7-300x199.jpg 300w\" sizes=\"(max-width: 555px) 100vw, 555px\" \/><\/p>\n<p style=\"text-align: center;\">Franc\u0327ois Morellet &#8211; 4 doubles trames, traits minces 0\u00b0- 22\u00b05 \u2013 45\u00b0- 67\u00b05<br \/>\n<a href=\"https:\/\/www.joelix.com\/Dynamo-@-Grand-Palais-Paris\" target=\"_blank\">https:\/\/www.joelix.com\/Dynamo-@-Grand-Palais-Paris<\/a><\/p>\n<h6 style=\"text-align: left;\">Consignes<\/h6>\n<p style=\"text-align: left;\">En utilisant les variables et les boucles, reproduire num\u00e9riquement l&#8217;\u0153uvre de Fran\u00e7ois Morellet.<br \/>\n<a href=\"http:\/\/www.lyceelecorbusier.eu\/p5js\/?p=2117\" target=\"_blank\">Le chapitre sur les d\u00e9placements de matrice est n\u00e9cessaire<\/a>.<br \/>\nVarier le <strong>nombre<\/strong>, la <strong>taille<\/strong> et les <strong>angles<\/strong> des trames.<br \/>\nLes trames \u00e9taient trac\u00e9es \u00e0 la main ou l&#8217;artiste utilisait du grillage. Les cr\u00e9ations informatiques sont &#8220;trop parfaites&#8221;, \u00e0 l&#8217;aide de la fonction <em>random<\/em> introduisez de l&#8217;al\u00e9atoire dans vos productions&#8230;<br \/>\nSauvegarder vos r\u00e9alisations.<\/p>\n<pre style=\"text-align: left;\">function keyTyped() {\r\n if (key == \"s\") {\r\n save(\"morellet_\" + int(random(0,1000)) + \".png\");\r\n }\r\n}<\/pre>\n<p style=\"text-align: left;\"><img loading=\"lazy\" width=\"570\" height=\"559\" class=\"aligncenter size-full wp-image-3033\" src=\"http:\/\/www.lyceelecorbusier.eu\/p5js\/wp-content\/uploads\/sites\/25\/2016\/09\/a0c961cb-a5c1-4c7d-9b4f-afc9af41e233_570.jpeg\" alt=\"a0c961cb-a5c1-4c7d-9b4f-afc9af41e233_570\" srcset=\"https:\/\/www.lyceelecorbusier.eu\/p5js\/wp-content\/uploads\/sites\/25\/2016\/09\/a0c961cb-a5c1-4c7d-9b4f-afc9af41e233_570.jpeg 570w, https:\/\/www.lyceelecorbusier.eu\/p5js\/wp-content\/uploads\/sites\/25\/2016\/09\/a0c961cb-a5c1-4c7d-9b4f-afc9af41e233_570-300x294.jpeg 300w\" sizes=\"(max-width: 570px) 100vw, 570px\" \/> <img loading=\"lazy\" width=\"480\" height=\"480\" class=\"aligncenter size-full wp-image-3034\" src=\"http:\/\/www.lyceelecorbusier.eu\/p5js\/wp-content\/uploads\/sites\/25\/2016\/09\/g_AV11Morellet02-480x480.jpg\" alt=\"g_av11morellet02-480x480\" srcset=\"https:\/\/www.lyceelecorbusier.eu\/p5js\/wp-content\/uploads\/sites\/25\/2016\/09\/g_AV11Morellet02-480x480.jpg 480w, https:\/\/www.lyceelecorbusier.eu\/p5js\/wp-content\/uploads\/sites\/25\/2016\/09\/g_AV11Morellet02-480x480-150x150.jpg 150w, https:\/\/www.lyceelecorbusier.eu\/p5js\/wp-content\/uploads\/sites\/25\/2016\/09\/g_AV11Morellet02-480x480-300x300.jpg 300w\" sizes=\"(max-width: 480px) 100vw, 480px\" \/><br \/>\n<img loading=\"lazy\" width=\"500\" height=\"500\" class=\"aligncenter size-full wp-image-3036\" src=\"http:\/\/www.lyceelecorbusier.eu\/p5js\/wp-content\/uploads\/sites\/25\/2016\/09\/morellet-francois-1926-france-7-trames-au-hasard-suivant-les-4101745-500-500-4101745.jpg\" alt=\"morellet-francois-1926-france-7-trames-au-hasard-suivant-les-4101745-500-500-4101745\" srcset=\"https:\/\/www.lyceelecorbusier.eu\/p5js\/wp-content\/uploads\/sites\/25\/2016\/09\/morellet-francois-1926-france-7-trames-au-hasard-suivant-les-4101745-500-500-4101745.jpg 500w, https:\/\/www.lyceelecorbusier.eu\/p5js\/wp-content\/uploads\/sites\/25\/2016\/09\/morellet-francois-1926-france-7-trames-au-hasard-suivant-les-4101745-500-500-4101745-150x150.jpg 150w, https:\/\/www.lyceelecorbusier.eu\/p5js\/wp-content\/uploads\/sites\/25\/2016\/09\/morellet-francois-1926-france-7-trames-au-hasard-suivant-les-4101745-500-500-4101745-300x300.jpg 300w\" sizes=\"(max-width: 500px) 100vw, 500px\" \/> <img loading=\"lazy\" width=\"640\" height=\"636\" class=\"aligncenter size-full wp-image-3037\" src=\"http:\/\/www.lyceelecorbusier.eu\/p5js\/wp-content\/uploads\/sites\/25\/2016\/09\/morellet-trame-01.png\" alt=\"morellet-trame-01\" srcset=\"https:\/\/www.lyceelecorbusier.eu\/p5js\/wp-content\/uploads\/sites\/25\/2016\/09\/morellet-trame-01.png 640w, https:\/\/www.lyceelecorbusier.eu\/p5js\/wp-content\/uploads\/sites\/25\/2016\/09\/morellet-trame-01-150x150.png 150w, https:\/\/www.lyceelecorbusier.eu\/p5js\/wp-content\/uploads\/sites\/25\/2016\/09\/morellet-trame-01-300x298.png 300w\" sizes=\"(max-width: 640px) 100vw, 640px\" \/> <img loading=\"lazy\" width=\"640\" height=\"634\" class=\"aligncenter size-full wp-image-3038\" src=\"http:\/\/www.lyceelecorbusier.eu\/p5js\/wp-content\/uploads\/sites\/25\/2016\/09\/morellet-trame-02.png\" alt=\"morellet-trame-02\" srcset=\"https:\/\/www.lyceelecorbusier.eu\/p5js\/wp-content\/uploads\/sites\/25\/2016\/09\/morellet-trame-02.png 640w, https:\/\/www.lyceelecorbusier.eu\/p5js\/wp-content\/uploads\/sites\/25\/2016\/09\/morellet-trame-02-150x150.png 150w, https:\/\/www.lyceelecorbusier.eu\/p5js\/wp-content\/uploads\/sites\/25\/2016\/09\/morellet-trame-02-300x297.png 300w\" sizes=\"(max-width: 640px) 100vw, 640px\" \/> <img loading=\"lazy\" width=\"623\" height=\"622\" class=\"aligncenter size-full wp-image-3039\" src=\"http:\/\/www.lyceelecorbusier.eu\/p5js\/wp-content\/uploads\/sites\/25\/2016\/09\/morellet-trame-03.png\" alt=\"morellet-trame-03\" srcset=\"https:\/\/www.lyceelecorbusier.eu\/p5js\/wp-content\/uploads\/sites\/25\/2016\/09\/morellet-trame-03.png 623w, https:\/\/www.lyceelecorbusier.eu\/p5js\/wp-content\/uploads\/sites\/25\/2016\/09\/morellet-trame-03-150x150.png 150w, https:\/\/www.lyceelecorbusier.eu\/p5js\/wp-content\/uploads\/sites\/25\/2016\/09\/morellet-trame-03-300x300.png 300w\" sizes=\"(max-width: 623px) 100vw, 623px\" \/><\/p>\n<p style=\"text-align: left;\">\n<p style=\"text-align: left;\"><a href=\"http:\/\/lyceelecorbusier.eu\/p5\/morellet-anim\" target=\"_blank\">Amination inspir\u00e9e par le travail de Morellet<\/a><\/p>\n","protected":false},"excerpt":{"rendered":"<p>Les \u0153uvres de Fran\u00e7ois Morellet sont ex\u00e9cut\u00e9es d\u2019apr\u00e8s un syst\u00e8me\u00a0: chaque choix est d\u00e9fini par un principe \u00e9tabli par avance. Il veut par l\u00e0 donner l\u2019impression de contr\u00f4ler la cr\u00e9ation artistique tout en laissant une part de hasard,&#8230; <a class=\"read-more\" href=\"https:\/\/www.lyceelecorbusier.eu\/p5js\/?p=3016\">Lire la suite&#8230;<\/a><\/p>\n","protected":false},"author":1,"featured_media":3022,"comment_status":"closed","ping_status":"closed","sticky":false,"template":"","format":"standard","meta":[],"categories":[5],"tags":[],"_links":{"self":[{"href":"https:\/\/www.lyceelecorbusier.eu\/p5js\/index.php?rest_route=\/wp\/v2\/posts\/3016"}],"collection":[{"href":"https:\/\/www.lyceelecorbusier.eu\/p5js\/index.php?rest_route=\/wp\/v2\/posts"}],"about":[{"href":"https:\/\/www.lyceelecorbusier.eu\/p5js\/index.php?rest_route=\/wp\/v2\/types\/post"}],"author":[{"embeddable":true,"href":"https:\/\/www.lyceelecorbusier.eu\/p5js\/index.php?rest_route=\/wp\/v2\/users\/1"}],"replies":[{"embeddable":true,"href":"https:\/\/www.lyceelecorbusier.eu\/p5js\/index.php?rest_route=%2Fwp%2Fv2%2Fcomments&post=3016"}],"version-history":[{"count":19,"href":"https:\/\/www.lyceelecorbusier.eu\/p5js\/index.php?rest_route=\/wp\/v2\/posts\/3016\/revisions"}],"predecessor-version":[{"id":3202,"href":"https:\/\/www.lyceelecorbusier.eu\/p5js\/index.php?rest_route=\/wp\/v2\/posts\/3016\/revisions\/3202"}],"wp:featuredmedia":[{"embeddable":true,"href":"https:\/\/www.lyceelecorbusier.eu\/p5js\/index.php?rest_route=\/wp\/v2\/media\/3022"}],"wp:attachment":[{"href":"https:\/\/www.lyceelecorbusier.eu\/p5js\/index.php?rest_route=%2Fwp%2Fv2%2Fmedia&parent=3016"}],"wp:term":[{"taxonomy":"category","embeddable":true,"href":"https:\/\/www.lyceelecorbusier.eu\/p5js\/index.php?rest_route=%2Fwp%2Fv2%2Fcategories&post=3016"},{"taxonomy":"post_tag","embeddable":true,"href":"https:\/\/www.lyceelecorbusier.eu\/p5js\/index.php?rest_route=%2Fwp%2Fv2%2Ftags&post=3016"}],"curies":[{"name":"wp","href":"https:\/\/api.w.org\/{rel}","templated":true}]}}