{"id":498,"date":"2016-02-08T09:50:08","date_gmt":"2016-02-08T08:50:08","guid":{"rendered":"http:\/\/www.lyceelecorbusier.eu\/les-outils-de-la-transmission\/?p=498"},"modified":"2016-02-08T09:53:39","modified_gmt":"2016-02-08T08:53:39","slug":"une-foret-jardin-qui-se-mange-a-strasbourg","status":"publish","type":"post","link":"https:\/\/www.lyceelecorbusier.eu\/les-outils-de-la-transmission\/?p=498","title":{"rendered":"Une for\u00eat jardin qui se mange \u00e0 Strasbourg"},"content":{"rendered":"<p><a href=\"http:\/\/www.lyceelecorbusier.eu\/les-outils-de-la-transmission\/wp-content\/uploads\/sites\/20\/2016\/02\/Foret-jardin-M-Crawford-1.jpg\" rel=\"attachment wp-att-499\"><img loading=\"lazy\" class=\"wp-image-499 aligncenter\" src=\"http:\/\/www.lyceelecorbusier.eu\/les-outils-de-la-transmission\/wp-content\/uploads\/sites\/20\/2016\/02\/Foret-jardin-M-Crawford-1-300x171.jpg\" alt=\"Foret-jardin-M-Crawford-1\" width=\"583\" height=\"332\" srcset=\"https:\/\/www.lyceelecorbusier.eu\/les-outils-de-la-transmission\/wp-content\/uploads\/sites\/20\/2016\/02\/Foret-jardin-M-Crawford-1-300x171.jpg 300w, https:\/\/www.lyceelecorbusier.eu\/les-outils-de-la-transmission\/wp-content\/uploads\/sites\/20\/2016\/02\/Foret-jardin-M-Crawford-1.jpg 700w\" sizes=\"(max-width: 583px) 100vw, 583px\" \/><\/a>L&#8217;association Brin de Paille d\u00e9veloppe un jardin en permaculture sur une parcelle de 8000 m\u00e8tres carr\u00e9s\u00a0pr\u00eat\u00e9e par la mairie de Strasbourg. Le num\u00e9ro sp\u00e9cial COP21 du National Geographic en a fait un article :<\/p>\n<p><a href=\"http:\/\/www.nationalgeographic.fr\/25074-cop21-a-strasbourg-une-foret-jardin-sort-de-terre\/\">http:\/\/www.nationalgeographic.fr\/25074-cop21-a-strasbourg-une-foret-jardin-sort-de-terre\/<\/a><\/p>\n","protected":false},"excerpt":{"rendered":"<p>L&#8217;association Brin de Paille d\u00e9veloppe un jardin en permaculture sur une parcelle de 8000 m\u00e8tres carr\u00e9s\u00a0pr\u00eat\u00e9e par la mairie de Strasbourg. Le num\u00e9ro sp\u00e9cial COP21 du National Geographic en a fait un article : http:\/\/www.nationalgeographic.fr\/25074-cop21-a-strasbourg-une-foret-jardin-sort-de-terre\/<\/p>\n","protected":false},"author":1,"featured_media":0,"comment_status":"closed","ping_status":"closed","sticky":false,"template":"","format":"standard","meta":[],"categories":[4],"tags":[],"_links":{"self":[{"href":"https:\/\/www.lyceelecorbusier.eu\/les-outils-de-la-transmission\/index.php?rest_route=\/wp\/v2\/posts\/498"}],"collection":[{"href":"https:\/\/www.lyceelecorbusier.eu\/les-outils-de-la-transmission\/index.php?rest_route=\/wp\/v2\/posts"}],"about":[{"href":"https:\/\/www.lyceelecorbusier.eu\/les-outils-de-la-transmission\/index.php?rest_route=\/wp\/v2\/types\/post"}],"author":[{"embeddable":true,"href":"https:\/\/www.lyceelecorbusier.eu\/les-outils-de-la-transmission\/index.php?rest_route=\/wp\/v2\/users\/1"}],"replies":[{"embeddable":true,"href":"https:\/\/www.lyceelecorbusier.eu\/les-outils-de-la-transmission\/index.php?rest_route=%2Fwp%2Fv2%2Fcomments&post=498"}],"version-history":[{"count":4,"href":"https:\/\/www.lyceelecorbusier.eu\/les-outils-de-la-transmission\/index.php?rest_route=\/wp\/v2\/posts\/498\/revisions"}],"predecessor-version":[{"id":503,"href":"https:\/\/www.lyceelecorbusier.eu\/les-outils-de-la-transmission\/index.php?rest_route=\/wp\/v2\/posts\/498\/revisions\/503"}],"wp:attachment":[{"href":"https:\/\/www.lyceelecorbusier.eu\/les-outils-de-la-transmission\/index.php?rest_route=%2Fwp%2Fv2%2Fmedia&parent=498"}],"wp:term":[{"taxonomy":"category","embeddable":true,"href":"https:\/\/www.lyceelecorbusier.eu\/les-outils-de-la-transmission\/index.php?rest_route=%2Fwp%2Fv2%2Fcategories&post=498"},{"taxonomy":"post_tag","embeddable":true,"href":"https:\/\/www.lyceelecorbusier.eu\/les-outils-de-la-transmission\/index.php?rest_route=%2Fwp%2Fv2%2Ftags&post=498"}],"curies":[{"name":"wp","href":"https:\/\/api.w.org\/{rel}","templated":true}]}}