{"id":48,"date":"2015-10-02T10:46:10","date_gmt":"2015-10-02T09:46:10","guid":{"rendered":"http:\/\/www.lyceelecorbusier.eu\/les-outils-de-la-transmission\/?p=48"},"modified":"2015-12-10T21:42:38","modified_gmt":"2015-12-10T20:42:38","slug":"article-1","status":"publish","type":"post","link":"https:\/\/www.lyceelecorbusier.eu\/les-outils-de-la-transmission\/?p=48","title":{"rendered":"Tout commence ici"},"content":{"rendered":"<p>La premi\u00e8re r\u00e9union du 15 octobre 2015, nous permet de trouver les points communs \u00e0 nos 5 projets et d&#8217;identifier ce que nous voulons chacun transmettre. Un point commun central : l&#8217;alimentation.<\/p>\n<p>Voici le domaine qui sera le fer de lance de ce labo.<\/p>\n<p>Nous nous attaquons alors \u00e0 l&#8217;identit\u00e9 visuelle de notre laboratoire.<\/p>\n<p>Les 5 sens sont repr\u00e9sent\u00e9s, signes d&#8217;une transmission pluri sensorielle.<\/p>\n\n\t\t<style type=\"text\/css\">\n\t\t\t#gallery-1 {\n\t\t\t\tmargin: auto;\n\t\t\t}\n\t\t\t#gallery-1 .gallery-item {\n\t\t\t\tfloat: left;\n\t\t\t\tmargin-top: 10px;\n\t\t\t\ttext-align: center;\n\t\t\t\twidth: 33%;\n\t\t\t}\n\t\t\t#gallery-1 img {\n\t\t\t\tborder: 2px solid #cfcfcf;\n\t\t\t}\n\t\t\t#gallery-1 .gallery-caption {\n\t\t\t\tmargin-left: 0;\n\t\t\t}\n\t\t\t\/* see gallery_shortcode() in wp-includes\/media.php *\/\n\t\t<\/style>\n\t\t<div id='gallery-1' class='gallery galleryid-48 gallery-columns-3 gallery-size-large'><dl class='gallery-item'>\n\t\t\t<dt class='gallery-icon landscape'>\n\t\t\t\t<a href='https:\/\/www.lyceelecorbusier.eu\/les-outils-de-la-transmission\/?attachment_id=121'><img width=\"190\" height=\"142\" src=\"https:\/\/www.lyceelecorbusier.eu\/les-outils-de-la-transmission\/wp-content\/uploads\/sites\/20\/2015\/10\/DSC07486.jpg\" class=\"attachment-large size-large\" alt=\"\" loading=\"lazy\" \/><\/a>\n\t\t\t<\/dt><\/dl><dl class='gallery-item'>\n\t\t\t<dt class='gallery-icon landscape'>\n\t\t\t\t<a href='https:\/\/www.lyceelecorbusier.eu\/les-outils-de-la-transmission\/?attachment_id=122'><img width=\"190\" height=\"142\" src=\"https:\/\/www.lyceelecorbusier.eu\/les-outils-de-la-transmission\/wp-content\/uploads\/sites\/20\/2015\/10\/DSC07487.jpg\" class=\"attachment-large size-large\" alt=\"\" loading=\"lazy\" aria-describedby=\"gallery-1-122\" \/><\/a>\n\t\t\t<\/dt>\n\t\t\t\t<dd class='wp-caption-text gallery-caption' id='gallery-1-122'>\n\t\t\t\tLe nom de la personne rencontr\u00e9e ainsi que la date sont \u00e9crites sur le talon de la carte\n\t\t\t\t<\/dd><\/dl><dl class='gallery-item'>\n\t\t\t<dt class='gallery-icon landscape'>\n\t\t\t\t<a href='https:\/\/www.lyceelecorbusier.eu\/les-outils-de-la-transmission\/?attachment_id=123'><img width=\"190\" height=\"142\" src=\"https:\/\/www.lyceelecorbusier.eu\/les-outils-de-la-transmission\/wp-content\/uploads\/sites\/20\/2015\/10\/DSC07488.jpg\" class=\"attachment-large size-large\" alt=\"\" loading=\"lazy\" aria-describedby=\"gallery-1-123\" \/><\/a>\n\t\t\t<\/dt>\n\t\t\t\t<dd class='wp-caption-text gallery-caption' id='gallery-1-123'>\n\t\t\t\tLe labo conserve le talon pour savoir \u00e0 qui a \u00e9t\u00e9 donn\u00e9 la carte\n\t\t\t\t<\/dd><\/dl><br style=\"clear: both\" \/>\n\t\t<\/div>\n\n","protected":false},"excerpt":{"rendered":"<p>La premi\u00e8re r\u00e9union du 15 octobre 2015, nous permet de trouver les points communs \u00e0 nos 5 projets et d&#8217;identifier ce que nous voulons chacun transmettre. Un point commun central : l&#8217;alimentation. Voici le domaine qui sera le&#8230; <a class=\"read-more\" href=\"https:\/\/www.lyceelecorbusier.eu\/les-outils-de-la-transmission\/?p=48\">Lire la suite&#8230;<\/a><\/p>\n","protected":false},"author":1,"featured_media":0,"comment_status":"closed","ping_status":"closed","sticky":false,"template":"","format":"standard","meta":[],"categories":[9],"tags":[],"_links":{"self":[{"href":"https:\/\/www.lyceelecorbusier.eu\/les-outils-de-la-transmission\/index.php?rest_route=\/wp\/v2\/posts\/48"}],"collection":[{"href":"https:\/\/www.lyceelecorbusier.eu\/les-outils-de-la-transmission\/index.php?rest_route=\/wp\/v2\/posts"}],"about":[{"href":"https:\/\/www.lyceelecorbusier.eu\/les-outils-de-la-transmission\/index.php?rest_route=\/wp\/v2\/types\/post"}],"author":[{"embeddable":true,"href":"https:\/\/www.lyceelecorbusier.eu\/les-outils-de-la-transmission\/index.php?rest_route=\/wp\/v2\/users\/1"}],"replies":[{"embeddable":true,"href":"https:\/\/www.lyceelecorbusier.eu\/les-outils-de-la-transmission\/index.php?rest_route=%2Fwp%2Fv2%2Fcomments&post=48"}],"version-history":[{"count":26,"href":"https:\/\/www.lyceelecorbusier.eu\/les-outils-de-la-transmission\/index.php?rest_route=\/wp\/v2\/posts\/48\/revisions"}],"predecessor-version":[{"id":175,"href":"https:\/\/www.lyceelecorbusier.eu\/les-outils-de-la-transmission\/index.php?rest_route=\/wp\/v2\/posts\/48\/revisions\/175"}],"wp:attachment":[{"href":"https:\/\/www.lyceelecorbusier.eu\/les-outils-de-la-transmission\/index.php?rest_route=%2Fwp%2Fv2%2Fmedia&parent=48"}],"wp:term":[{"taxonomy":"category","embeddable":true,"href":"https:\/\/www.lyceelecorbusier.eu\/les-outils-de-la-transmission\/index.php?rest_route=%2Fwp%2Fv2%2Fcategories&post=48"},{"taxonomy":"post_tag","embeddable":true,"href":"https:\/\/www.lyceelecorbusier.eu\/les-outils-de-la-transmission\/index.php?rest_route=%2Fwp%2Fv2%2Ftags&post=48"}],"curies":[{"name":"wp","href":"https:\/\/api.w.org\/{rel}","templated":true}]}}