{"id":248,"date":"2016-01-23T14:02:41","date_gmt":"2016-01-23T13:02:41","guid":{"rendered":"http:\/\/www.lyceelecorbusier.eu\/les-outils-de-la-transmission\/?p=248"},"modified":"2016-09-06T11:36:32","modified_gmt":"2016-09-06T10:36:32","slug":"un-texte-pour-se-projeter-dans-le-futur","status":"publish","type":"post","link":"https:\/\/www.lyceelecorbusier.eu\/les-outils-de-la-transmission\/?p=248","title":{"rendered":"L&#8217;\u00e9cole Potag\u00e8re"},"content":{"rendered":"\n<div class=\"organic-accordion\"><p><a href=\"#travail-d'\u00e9criture\">Travail d'\u00e9criture<\/a><\/p>\n            <div id=\"travail-d'\u00e9criture\">\n            \t\n<p>Un exercice int\u00e9ressant \u00e0 faire pour avancer dans le projet : se projeter en juillet 2016 (post dipl\u00f4me) et faire un compte rendu de ce que pourrait donner mon projet.<\/p>\n\n            <\/div>\n<p><a href=\"#les-petits-jardiniers-de-strasbourg\">Les Petits Jardiniers de Strasbourg<\/a><\/p>\n            <div id=\"les-petits-jardiniers-de-strasbourg\">\n            \t\n<div style=\"text-align: center\">Les petits jardiniers de Strasbourg<\/div>\n<div style=\"text-align: center\">Le mesclun de Ste Madeleine, la betterave de Neuhof, les courgettes de St Jean, les poireaux de la Rob, \u2026 Nos enfants pourront bient\u00f4t nous apprendre \u00e0 cultiver.<\/div>\n<div style=\"text-align: center\">Des fruits et l\u00e9gumes produits par toutes les \u00e9coles primaires de la ville de Strasbourg, tel est l&#8217;objectif, \u00e0 terme de Chlo\u00eb Dupuy, \u00e9tudiante en design qui nous pr\u00e9sentait en juin dernier son projet de dipl\u00f4me.<\/div>\n<div style=\"text-align: center\">Int\u00e9ress\u00e9e \u00e0 la fois par la p\u00e9dagogie et le bien-manger, elle a imagin\u00e9 un service \u00e0 l&#8217;\u00e9chelle de la ville pour permettre aux \u00e9coles \u00e9l\u00e9mentaires d&#8217;avoir un potager, d&#8217;y produire des fruits et l\u00e9gumes et de s&#8217;en servir \u00e0 la fois pour manger le midi mais aussi pour acqu\u00e9rir des savoirs.<\/div>\n<div style=\"text-align: center\">Ainsi, elle propose d&#8217;abord un jeu, kit pour accompagner l&#8217;\u00e9cole dans la mise en place du potager. Un ensemble d&#8217;outils p\u00e9dagogiques ont aussi \u00e9t\u00e9 con\u00e7us pour favoriser la recherche et la d\u00e9couverte : des jardini\u00e8res g\u00e9antes permettant l&#8217;observation des racines, des brouettes supports de lecture pour savoir quoi r\u00e9colter, quand, comment, \u2026 Une plateforme commune pour d\u00e9velopper l&#8217;intelligence collective, mutualiser les savoirs d&#8217;une \u00e9cole \u00e0 l&#8217;autre, entre le monde scolaire et le monde des sp\u00e9cialistes.<\/div>\n<div style=\"text-align: center\">L&#8217;\u00e9t\u00e9, l&#8217;agenda du jardin permet au CSC du quartier de prendre le relai pour continuer \u00e0 le faire vivre.<\/div>\n<div style=\"text-align: center\">Et pour les quelques \u00e9coles qui n&#8217;ont pas assez de place ? Le Potager ambulant (dont C\u00e9line, responsable animation \u00e0 la ville, a la charge) est l\u00e0 pour apprendre \u00e0 cueillir quelques l\u00e9gumes, les pr\u00e9parer et les d\u00e9guster.<\/div>\n<div id=\"attachment_380\" style=\"width: 650px\" class=\"wp-caption aligncenter\"><a href=\"http:\/\/www.lyceelecorbusier.eu\/les-outils-de-la-transmission\/wp-content\/uploads\/sites\/20\/2015\/12\/151204-image-1-ret-notice-1.jpg\"><img aria-describedby=\"caption-attachment-380\" loading=\"lazy\" class=\"wp-image-380 size-large\" src=\"http:\/\/www.lyceelecorbusier.eu\/les-outils-de-la-transmission\/wp-content\/uploads\/sites\/20\/2015\/12\/151204-image-1-ret-notice-1-1024x744.jpg\" alt=\"\" width=\"640\" height=\"465\" srcset=\"https:\/\/www.lyceelecorbusier.eu\/les-outils-de-la-transmission\/wp-content\/uploads\/sites\/20\/2015\/12\/151204-image-1-ret-notice-1-1024x744.jpg 1024w, https:\/\/www.lyceelecorbusier.eu\/les-outils-de-la-transmission\/wp-content\/uploads\/sites\/20\/2015\/12\/151204-image-1-ret-notice-1-300x218.jpg 300w, https:\/\/www.lyceelecorbusier.eu\/les-outils-de-la-transmission\/wp-content\/uploads\/sites\/20\/2015\/12\/151204-image-1-ret-notice-1-768x558.jpg 768w, https:\/\/www.lyceelecorbusier.eu\/les-outils-de-la-transmission\/wp-content\/uploads\/sites\/20\/2015\/12\/151204-image-1-ret-notice-1-960x697.jpg 960w, https:\/\/www.lyceelecorbusier.eu\/les-outils-de-la-transmission\/wp-content\/uploads\/sites\/20\/2015\/12\/151204-image-1-ret-notice-1.jpg 1088w\" sizes=\"(max-width: 640px) 100vw, 640px\" \/><\/a><p id=\"caption-attachment-380\" class=\"wp-caption-text\">Cartographie des \u00e9coles potag\u00e8res strasbourgeoises<\/p><\/div>\n<p>&nbsp;<\/p>\n<div id=\"attachment_249\" style=\"width: 359px\" class=\"wp-caption aligncenter\"><a href=\"http:\/\/www.lyceelecorbusier.eu\/les-outils-de-la-transmission\/wp-content\/uploads\/sites\/20\/2015\/12\/IMG_1941-500x666.jpg\"><img aria-describedby=\"caption-attachment-249\" loading=\"lazy\" class=\"wp-image-249 size-full\" src=\"http:\/\/www.lyceelecorbusier.eu\/les-outils-de-la-transmission\/wp-content\/uploads\/sites\/20\/2015\/12\/IMG_1941-500x666-e1449757122535.jpg\" alt=\"\" width=\"349\" height=\"272\" \/><\/a><p id=\"caption-attachment-249\" class=\"wp-caption-text\">Atelier conception : les enfants dessinent et d\u00e9cident ensemble de l&#8217;am\u00e9nagement de la cour en potager<\/p><\/div>\n<p>&nbsp;<\/p>\n<div id=\"attachment_372\" style=\"width: 650px\" class=\"wp-caption aligncenter\"><a href=\"http:\/\/www.lyceelecorbusier.eu\/les-outils-de-la-transmission\/wp-content\/uploads\/sites\/20\/2015\/12\/151204-potager-ambulant.jpg\"><img aria-describedby=\"caption-attachment-372\" loading=\"lazy\" class=\"wp-image-372 size-large\" src=\"http:\/\/www.lyceelecorbusier.eu\/les-outils-de-la-transmission\/wp-content\/uploads\/sites\/20\/2015\/12\/151204-potager-ambulant-1024x764.jpg\" alt=\"\" width=\"640\" height=\"478\" srcset=\"https:\/\/www.lyceelecorbusier.eu\/les-outils-de-la-transmission\/wp-content\/uploads\/sites\/20\/2015\/12\/151204-potager-ambulant-1024x764.jpg 1024w, https:\/\/www.lyceelecorbusier.eu\/les-outils-de-la-transmission\/wp-content\/uploads\/sites\/20\/2015\/12\/151204-potager-ambulant-300x224.jpg 300w, https:\/\/www.lyceelecorbusier.eu\/les-outils-de-la-transmission\/wp-content\/uploads\/sites\/20\/2015\/12\/151204-potager-ambulant-768x573.jpg 768w, https:\/\/www.lyceelecorbusier.eu\/les-outils-de-la-transmission\/wp-content\/uploads\/sites\/20\/2015\/12\/151204-potager-ambulant-1608x1200.jpg 1608w, https:\/\/www.lyceelecorbusier.eu\/les-outils-de-la-transmission\/wp-content\/uploads\/sites\/20\/2015\/12\/151204-potager-ambulant-960x716.jpg 960w\" sizes=\"(max-width: 640px) 100vw, 640px\" \/><\/a><p id=\"caption-attachment-372\" class=\"wp-caption-text\">Une camionnette de la ville qui voyage tous les jours \u00e0 travers les \u00e9coles grace \u00e0 l\u2019animateur en charge du projet. Il propose des bacs \u00e0 planter, et des l\u00e9gumes \u00e0 entretenir, \u00e0 r\u00e9colter, \u00e0 go\u00fbter. Le carnet de bord virtuel permet \u00e0 chaque classe de laisser une trace &#8211; \u00e9crite ou dessin\u00e9e &#8211; de leur intervention, en proposant un d\u00e9fi \u00e0 la prochaine classe de passage. Ainsi les connaissances acquises sont augment\u00e9es et mutualis\u00e9es.<\/p><\/div>\n\n            <\/div><\/div>\n\n","protected":false},"excerpt":{"rendered":"","protected":false},"author":1,"featured_media":437,"comment_status":"closed","ping_status":"closed","sticky":false,"template":"","format":"standard","meta":[],"categories":[16,8,5],"tags":[],"_links":{"self":[{"href":"https:\/\/www.lyceelecorbusier.eu\/les-outils-de-la-transmission\/index.php?rest_route=\/wp\/v2\/posts\/248"}],"collection":[{"href":"https:\/\/www.lyceelecorbusier.eu\/les-outils-de-la-transmission\/index.php?rest_route=\/wp\/v2\/posts"}],"about":[{"href":"https:\/\/www.lyceelecorbusier.eu\/les-outils-de-la-transmission\/index.php?rest_route=\/wp\/v2\/types\/post"}],"author":[{"embeddable":true,"href":"https:\/\/www.lyceelecorbusier.eu\/les-outils-de-la-transmission\/index.php?rest_route=\/wp\/v2\/users\/1"}],"replies":[{"embeddable":true,"href":"https:\/\/www.lyceelecorbusier.eu\/les-outils-de-la-transmission\/index.php?rest_route=%2Fwp%2Fv2%2Fcomments&post=248"}],"version-history":[{"count":22,"href":"https:\/\/www.lyceelecorbusier.eu\/les-outils-de-la-transmission\/index.php?rest_route=\/wp\/v2\/posts\/248\/revisions"}],"predecessor-version":[{"id":533,"href":"https:\/\/www.lyceelecorbusier.eu\/les-outils-de-la-transmission\/index.php?rest_route=\/wp\/v2\/posts\/248\/revisions\/533"}],"wp:featuredmedia":[{"embeddable":true,"href":"https:\/\/www.lyceelecorbusier.eu\/les-outils-de-la-transmission\/index.php?rest_route=\/wp\/v2\/media\/437"}],"wp:attachment":[{"href":"https:\/\/www.lyceelecorbusier.eu\/les-outils-de-la-transmission\/index.php?rest_route=%2Fwp%2Fv2%2Fmedia&parent=248"}],"wp:term":[{"taxonomy":"category","embeddable":true,"href":"https:\/\/www.lyceelecorbusier.eu\/les-outils-de-la-transmission\/index.php?rest_route=%2Fwp%2Fv2%2Fcategories&post=248"},{"taxonomy":"post_tag","embeddable":true,"href":"https:\/\/www.lyceelecorbusier.eu\/les-outils-de-la-transmission\/index.php?rest_route=%2Fwp%2Fv2%2Ftags&post=248"}],"curies":[{"name":"wp","href":"https:\/\/api.w.org\/{rel}","templated":true}]}}