{"id":229,"date":"2015-12-03T17:51:37","date_gmt":"2015-12-03T16:51:37","guid":{"rendered":"http:\/\/www.lyceelecorbusier.eu\/les-outils-de-la-transmission\/?p=229"},"modified":"2015-12-10T21:38:55","modified_gmt":"2015-12-10T20:38:55","slug":"229","status":"publish","type":"post","link":"https:\/\/www.lyceelecorbusier.eu\/les-outils-de-la-transmission\/?p=229","title":{"rendered":"Les journ\u00e9es de l&#8217;innovation publique"},"content":{"rendered":"<p>&nbsp;<\/p>\n<p><a href=\"http:\/\/www.lyceelecorbusier.eu\/les-outils-de-la-transmission\/wp-content\/uploads\/sites\/20\/2015\/12\/DSC1027.jpg\"><img loading=\"lazy\" class=\"aligncenter wp-image-232 size-full\" src=\"http:\/\/www.lyceelecorbusier.eu\/les-outils-de-la-transmission\/wp-content\/uploads\/sites\/20\/2015\/12\/DSC1027.jpg\" alt=\"micro chantier\" width=\"957\" height=\"683\" srcset=\"https:\/\/www.lyceelecorbusier.eu\/les-outils-de-la-transmission\/wp-content\/uploads\/sites\/20\/2015\/12\/DSC1027.jpg 957w, https:\/\/www.lyceelecorbusier.eu\/les-outils-de-la-transmission\/wp-content\/uploads\/sites\/20\/2015\/12\/DSC1027-300x214.jpg 300w\" sizes=\"(max-width: 957px) 100vw, 957px\" \/><\/a><\/p>\n<p>Dans le cadre des Journ\u00e9es de l\u2019Innovation Publique, je suis all\u00e9 dans les rues de Strasbourg \u00e0 la rencontre des gens pour tester les relations qu\u2019ils entretiennent avec les plantes urbaines.\u00a0 J\u2019ai donc d\u00e9cid\u00e9 de mettre en \u00e9vidence une plante dans l\u2019espace urbain par la d\u00e9limitation de son espace rendu visible par l\u2019implantation d\u2019un chantier miniature. Le but est d\u2019observer la r\u00e9action des gens, de leur poser quelques questions pr\u00e9alablement d\u00e9finies et de leur proposer de tester leur connaissance des plantes avec un jeu de carte.<\/p>\n<p><u>Voici un\u00a0extrait d&#8217;une discussion autour d&#8217;un micro-chantier\u00a0:<br \/>\n<\/u>[&#8230;]\nVous en pensez quoi des toute cette v\u00e9g\u00e9tation qui pousse entre les pav\u00e9s ? \u00e7a vous g\u00eane ou&#8230;<br \/>\n<em>_ Ah non pas du tout ! la v\u00e9g\u00e9tation c\u2019est la nature c\u2019est bien !<br \/>\n<\/em>Et vous aimeriez qu\u2019il y en ait plus ?<br \/>\n<em>_ \u00c7a d\u00e9pend o\u00f9 ! regardez l\u00e0 bas \u00e7a fait poubelle, faut couper, c\u2019est pas propre.<br \/>\n<\/em>Et par exemple cette plante que nous avons entour\u00e9e, est-ce que vous savez son nom ?<br \/>\n<em>_ Pinnabete ? Je sais pas en fran\u00e7ais, je suis italien.<br \/>\n<\/em>En fran\u00e7ais c\u2019est de l\u2019Achill\u00e9e mille-feuilles.<br \/>\n<em>_ Ah et \u00e7a se trouve o\u00f9 \u00e7a ? en for\u00eat non ?<br \/>\n<\/em>En ville aussi&#8230;<br \/>\n<em>_ Et il pousse comme \u00e7a&#8230; heu excusez-moi vous l\u2019avez achet\u00e9 ou vous avez fait \u00e7a vous ? Elle \u00e9tait d\u00e9j\u00e0 l\u00e0 ???<br \/>\n<\/em>Ah ben oui oui !<br \/>\n<em>_ Je passe devant tous les jours et je l\u2019avais\u00a0jamais remarqu\u00e9e !\u00a0Mais vous voyez l\u00e0 \u00e7a va pas ! \u00e7a pousse devant un restaurant&#8230;<br \/>\n<\/em>Pourquoi \u00e7a n\u2019irait pas ?<br \/>\n<em>_ Pour qu\u2019il pousse bien que \u00e7a devienne grand et que \u00e7a fait joli et la ville elle va arracher !<\/em><\/p>\n[&#8230;]\nPour en revenir \u00e0 l\u2019Achill\u00e9e mille-feuilles vous savez quelles sont ses propri\u00e9t\u00e9s ?<br \/>\n<em>_ Non.<br \/>\n<\/em>Si vous en cueillez vous pouvez vous faire une tisane chez vous. \u00c7a favorise la circulation des jambes&#8230;<br \/>\n<em>_ Ah ben moi j\u2019ai mal aux jambes !<br \/>\n<\/em>Vous avez mal aux jambes ?<br \/>\n<em>_ Oui, je fais du v\u00e9lo<br \/>\n<\/em>Eh bien vous pouvez l\u2019utiliser. C\u2019est aussi bon pour stimuler l\u2019app\u00e9tit et soulager les crampes intestinales<br \/>\n<em>_ Oh moi je n\u2019ai pas de probl\u00e8me avec l\u2019app\u00e9tit ! (rires)<br \/>\n<\/em>Et donc vous voyez sur ces cartes qu\u2019il existe une multitude de plantes qui poussent en ville et que l\u2019on peut utiliser.<br \/>\n<em>_ Oui ! mais il faut conna\u00eetre quand m\u00eame&#8230;<\/em><\/p>\n[&#8230;]\n<p>&nbsp;<\/p>\n<p>&nbsp;<\/p>\n","protected":false},"excerpt":{"rendered":"<p>&nbsp; Dans le cadre des Journ\u00e9es de l\u2019Innovation Publique, je suis all\u00e9 dans les rues de Strasbourg \u00e0 la rencontre des gens pour tester les relations qu\u2019ils entretiennent avec les plantes urbaines.\u00a0 J\u2019ai donc d\u00e9cid\u00e9 de mettre en&#8230; <a class=\"read-more\" href=\"https:\/\/www.lyceelecorbusier.eu\/les-outils-de-la-transmission\/?p=229\">Lire la suite&#8230;<\/a><\/p>\n","protected":false},"author":1,"featured_media":0,"comment_status":"closed","ping_status":"closed","sticky":false,"template":"","format":"standard","meta":[],"categories":[4],"tags":[],"_links":{"self":[{"href":"https:\/\/www.lyceelecorbusier.eu\/les-outils-de-la-transmission\/index.php?rest_route=\/wp\/v2\/posts\/229"}],"collection":[{"href":"https:\/\/www.lyceelecorbusier.eu\/les-outils-de-la-transmission\/index.php?rest_route=\/wp\/v2\/posts"}],"about":[{"href":"https:\/\/www.lyceelecorbusier.eu\/les-outils-de-la-transmission\/index.php?rest_route=\/wp\/v2\/types\/post"}],"author":[{"embeddable":true,"href":"https:\/\/www.lyceelecorbusier.eu\/les-outils-de-la-transmission\/index.php?rest_route=\/wp\/v2\/users\/1"}],"replies":[{"embeddable":true,"href":"https:\/\/www.lyceelecorbusier.eu\/les-outils-de-la-transmission\/index.php?rest_route=%2Fwp%2Fv2%2Fcomments&post=229"}],"version-history":[{"count":6,"href":"https:\/\/www.lyceelecorbusier.eu\/les-outils-de-la-transmission\/index.php?rest_route=\/wp\/v2\/posts\/229\/revisions"}],"predecessor-version":[{"id":263,"href":"https:\/\/www.lyceelecorbusier.eu\/les-outils-de-la-transmission\/index.php?rest_route=\/wp\/v2\/posts\/229\/revisions\/263"}],"wp:attachment":[{"href":"https:\/\/www.lyceelecorbusier.eu\/les-outils-de-la-transmission\/index.php?rest_route=%2Fwp%2Fv2%2Fmedia&parent=229"}],"wp:term":[{"taxonomy":"category","embeddable":true,"href":"https:\/\/www.lyceelecorbusier.eu\/les-outils-de-la-transmission\/index.php?rest_route=%2Fwp%2Fv2%2Fcategories&post=229"},{"taxonomy":"post_tag","embeddable":true,"href":"https:\/\/www.lyceelecorbusier.eu\/les-outils-de-la-transmission\/index.php?rest_route=%2Fwp%2Fv2%2Ftags&post=229"}],"curies":[{"name":"wp","href":"https:\/\/api.w.org\/{rel}","templated":true}]}}