{"id":318,"date":"2016-03-09T16:25:31","date_gmt":"2016-03-09T15:25:31","guid":{"rendered":"http:\/\/www.lyceelecorbusier.eu\/les-formes-de-la-ruralite\/?p=318"},"modified":"2016-03-09T16:41:18","modified_gmt":"2016-03-09T15:41:18","slug":"soutenance-de-memoire-dialogues-et-rencontres-journee-de-seminaire","status":"publish","type":"post","link":"https:\/\/www.lyceelecorbusier.eu\/les-formes-de-la-ruralite\/?p=318","title":{"rendered":"Soutenance de m\u00e9moire ? Dialogues et rencontres ! Journ\u00e9e de S\u00e9minaire"},"content":{"rendered":"<p>Mardi 1 Mars, deux s\u00e9minaires (deux groupes de travail autour des questionnements th\u00e9oriques constitutifs du m\u00e9moire) se sont r\u00e9unis : Design et Politique (Johan Viscuso, Anne R\u00e9gnault, R\u00e9mi Poupinet et \u00c9lora Vix) et Autonomis Locale (Louis Augereau, Pauline Cachera, Mathieu Vetese et Guillaume Salesse).<\/p>\n<p>Lors de cette journ\u00e9e, nous avions choisis de faire voyager le public, le jury et les intervenants professionnels que nous avions invit\u00e9s et qui participaient \u00e0 la construction de notre argumentation. Nous avions mis en place une sc\u00e9nographie &#8220;catastrophe&#8221; relatant un naufrage sur une \u00eele. De cette mani\u00e8re nous pouvions mettre en sc\u00e8ne &#8220;l&#8217;autonomie locale&#8221; et l&#8217;organisation soci\u00e9tale d&#8217;une communaut\u00e9 : &#8220;design de la politique&#8221;.<\/p>\n<p>Pour ma part (Guillaume Salesse), j&#8217;ai commenc\u00e9 mon intervention th\u00e9orique sans intervenants, puisque suite \u00e0 un changement de derni\u00e8re minute l&#8217;association IDeE, repr\u00e9sent\u00e9 par Claude SAOS, ne pouvait venir que l&#8217;apr\u00e8s-midi.<\/p>\n<p>J&#8217;ai alors parl\u00e9 de l&#8217;importance du patrimoine, en racontant une rencontre avec les peuples autochtones de l&#8217;\u00eele. J&#8217;ai vite abord\u00e9 la question des rituels, des codes des tribus qui perduraient car c&#8217;est un patrimoine qui se transmet. Ces tribus vivent gr\u00e2ce au patrimoine.<\/p>\n<p>Ensuite j&#8217;ai fait un parall\u00e8le avec l&#8217;histoire occidentale en parlant de l&#8217;artisanat qui fonctionne selon un cycle perp\u00e9tuel de transmission et d&#8217;adaptation permettant le d\u00e9veloppement de l&#8217;innovation (la d\u00e9mocratisation du placage). Puis j&#8217;ai exprim\u00e9 l&#8217;importance du patrimoine pour le d\u00e9veloppement des innovations en rapport avec leur \u00e9poques, avec l&#8217;industrialisation, et la chaise 14 de Michael Thonet. A ce propos j&#8217;ai mont\u00e9 la temporalit\u00e9 et les \u00e9tapes qui faisaient du patrimoine un \u00e9l\u00e9ment fondamental d&#8217;une soci\u00e9t\u00e9.<em> A partir d&#8217;un savoir appris, qu&#8217;on nous \u00e0 transmis, nous le pratiquons, nous\u00a0l\u2019exer\u00e7ons\u00a0jusqu&#8217;\u00e0 \u00eatre capable de l&#8217;adapter dans toutes situations et m\u00eame de le modifier et produire de\u00a0l&#8217;innovation, que l&#8217;on adapte ensuite \u00e0 la soci\u00e9t\u00e9, par une r\u00e9flexion sur les usages et les modes de vie des personnes, sur les possibilit\u00e9s pour faciliter la vie des gens.<\/em><\/p>\n<p>Ma seconde intervention traitait de l&#8217;\u00e9volution des statuts des personnes, ph\u00e9nom\u00e8ne que nous pouvons observer actuellement avec le d\u00e9veloppement des FabLabs, et le fait de rendre acteur (cr\u00e9ateur) l&#8217;usager. Ma r\u00e9flexion portait sur le r\u00f4le nouveau et important du DIY, permettant la valorisation de pratiques qui s&#8217;\u00e9teignent, la valorisation du patrimoine, par l&#8217;implication autonome de personnes, de nouveaux bricoleurs.<\/p>\n<p>Afin de rendre tangible mon propos, j&#8217;ai entam\u00e9 un dialogue avec Pauline Desgrandchamps, membre de l&#8217;association Horiz\u00f4me, et ayant travaill\u00e9 au Shadok de Strasbourg. Nous interrogions les r\u00e9alit\u00e9s qui concernent les espaces partag\u00e9s, comme les FabLab (AvLab qui travaille au c\u00f4t\u00e9 du Shadok). Comment et pourquoi ces lieux \u00e9mergent ? Quels sont les terrains propices \u00e0 ce genre de lieux, et quel rapport le projet FabLab de Neil Gershenfeld a-t-il avec les projets urbains et politiques d&#8217;une ville, d&#8217;une localit\u00e9 ?<\/p>\n\n\t\t<!-- MasterSlider -->\n\t\t<div id=\"P_MS69f2528227f95\" class=\"master-slider-parent msl ms-parent-id-11\" style=\"max-width:1000px;\">\n\n\t\t\t\n\t\t\t<!-- MasterSlider Main -->\n\t\t\t<div id=\"MS69f2528227f95\" class=\"master-slider ms-skin-default\" >\n\t\t\t\t \t\t\t\t \n\t\t\t\t<div  class=\"ms-slide\" data-delay=\"3\" data-fill-mode=\"fit\"  >\n\t\t\t\t\t<img src=\"https:\/\/www.lyceelecorbusier.eu\/les-formes-de-la-ruralite\/wp-content\/plugins\/master-slider\/public\/assets\/css\/blank.gif\" alt=\"\" title=\"\" data-src=\"https:\/\/www.lyceelecorbusier.eu\/les-formes-de-la-ruralite\/wp-content\/uploads\/sites\/21\/2016\/03\/IMG_0988.jpg\" \/>\n\n\n\t<div class=\"ms-thumb\" ><div class=\"ms-tab-context\"><div class=&quot;ms-tab-context&quot;><\/div><\/div>\n<\/div>\n\t\t\t\t<\/div>\n\t\t\t\t<div  class=\"ms-slide\" data-delay=\"3\" data-fill-mode=\"fit\"  >\n\t\t\t\t\t<img src=\"https:\/\/www.lyceelecorbusier.eu\/les-formes-de-la-ruralite\/wp-content\/plugins\/master-slider\/public\/assets\/css\/blank.gif\" alt=\"\" title=\"\" data-src=\"https:\/\/www.lyceelecorbusier.eu\/les-formes-de-la-ruralite\/wp-content\/uploads\/sites\/21\/2016\/03\/IMG_7318.jpg\" \/>\n\n\n\t<div class=\"ms-thumb\" ><div class=\"ms-tab-context\"><div class=&quot;ms-tab-context&quot;><\/div><\/div>\n<\/div>\n\t\t\t\t<\/div>\n\t\t\t\t<div  class=\"ms-slide\" data-delay=\"3\" data-fill-mode=\"fit\"  >\n\t\t\t\t\t<img src=\"https:\/\/www.lyceelecorbusier.eu\/les-formes-de-la-ruralite\/wp-content\/plugins\/master-slider\/public\/assets\/css\/blank.gif\" alt=\"\" title=\"\" data-src=\"https:\/\/www.lyceelecorbusier.eu\/les-formes-de-la-ruralite\/wp-content\/uploads\/sites\/21\/2016\/03\/DSC_0062.jpg\" \/>\n\n\n\t<div class=\"ms-thumb\" ><div class=\"ms-tab-context\"><div class=&quot;ms-tab-context&quot;><\/div><\/div>\n<\/div>\n\t\t\t\t<\/div>\n\t\t\t\t<div  class=\"ms-slide\" data-delay=\"3\" data-fill-mode=\"fit\"  >\n\t\t\t\t\t<img src=\"https:\/\/www.lyceelecorbusier.eu\/les-formes-de-la-ruralite\/wp-content\/plugins\/master-slider\/public\/assets\/css\/blank.gif\" alt=\"\" title=\"\" data-src=\"https:\/\/www.lyceelecorbusier.eu\/les-formes-de-la-ruralite\/wp-content\/uploads\/sites\/21\/2016\/03\/DSC_0064.jpg\" \/>\n\n\n\t<div class=\"ms-thumb\" ><div class=\"ms-tab-context\"><div class=&quot;ms-tab-context&quot;><\/div><\/div>\n<\/div>\n\t\t\t\t<\/div>\n\t\t\t\t<div  class=\"ms-slide\" data-delay=\"3\" data-fill-mode=\"fit\"  >\n\t\t\t\t\t<img src=\"https:\/\/www.lyceelecorbusier.eu\/les-formes-de-la-ruralite\/wp-content\/plugins\/master-slider\/public\/assets\/css\/blank.gif\" alt=\"\" title=\"\" data-src=\"https:\/\/www.lyceelecorbusier.eu\/les-formes-de-la-ruralite\/wp-content\/uploads\/sites\/21\/2016\/03\/DSC_0070.jpg\" \/>\n\n\n\t<div class=\"ms-thumb\" ><div class=\"ms-tab-context\"><div class=&quot;ms-tab-context&quot;><\/div><\/div>\n<\/div>\n\t\t\t\t<\/div>\n\t\t\t\t<div  class=\"ms-slide\" data-delay=\"3\" data-fill-mode=\"fit\"  >\n\t\t\t\t\t<img src=\"https:\/\/www.lyceelecorbusier.eu\/les-formes-de-la-ruralite\/wp-content\/plugins\/master-slider\/public\/assets\/css\/blank.gif\" alt=\"\" title=\"\" data-src=\"https:\/\/www.lyceelecorbusier.eu\/les-formes-de-la-ruralite\/wp-content\/uploads\/sites\/21\/2016\/03\/DSC_0074.jpg\" \/>\n\n\n\t<div class=\"ms-thumb\" ><div class=\"ms-tab-context\"><div class=&quot;ms-tab-context&quot;><\/div><\/div>\n<\/div>\n\t\t\t\t<\/div>\n\n\t\t\t<\/div>\n\t\t\t<!-- END MasterSlider Main -->\n\n\t\t\t \n\t\t<\/div>\n\t\t<!-- END MasterSlider -->\n\n\t\t<script>\n\t\t(function ( $ ) {\n\t\t\t\"use strict\";\n\n\t\t\t$(function () {\n\t\t\t\tvar masterslider_7f95 = new MasterSlider();\n\n\t\t\t\t\/\/ slider controls\n\t\t\t\tmasterslider_7f95.control('arrows'     ,{ autohide:true, overVideo:true  });\n\t\t\t\t\/\/ slider setup\n\t\t\t\tmasterslider_7f95.setup(\"MS69f2528227f95\", {\n\t\t\t\t\t\twidth           : 1000,\n\t\t\t\t\t\theight          : 500,\n\t\t\t\t\t\tminHeight       : 0,\n\t\t\t\t\t\tspace           : 0,\n\t\t\t\t\t\tstart           : 1,\n\t\t\t\t\t\tgrabCursor      : true,\n\t\t\t\t\t\tswipe           : true,\n\t\t\t\t\t\tmouse           : true,\n\t\t\t\t\t\tlayout          : \"boxed\",\n\t\t\t\t\t\twheel           : false,\n\t\t\t\t\t\tautoplay        : false,\n\t\t\t\t\t\tinstantStartLayers:false,\n\t\t\t\t\t\tloop            : false,\n\t\t\t\t\t\tshuffle         : false,\n\t\t\t\t\t\tpreload         : 0,\n\t\t\t\t\t\theightLimit     : true,\n\t\t\t\t\t\tautoHeight      : false,\n\t\t\t\t\t\tsmoothHeight    : true,\n\t\t\t\t\t\tendPause        : false,\n\t\t\t\t\t\toverPause       : true,\n\t\t\t\t\t\tfillMode        : \"fill\",\n\t\t\t\t\t\tcenterControls  : true,\n\t\t\t\t\t\tstartOnAppear   : false,\n\t\t\t\t\t\tlayersMode      : \"center\",\n\t\t\t\t\t\thideLayers      : false,\n\t\t\t\t\t\tfullscreenMargin: 0,\n\t\t\t\t\t\tspeed           : 20,\n\t\t\t\t\t\tdir             : \"h\",\n\t\t\t\t\t\tparallaxMode    : 'swipe',\n\t\t\t\t\t\tview            : \"basic\"\n\t\t\t\t});\n\n\t\t\t\t\n\t\t\t\twindow.masterslider_instances = window.masterslider_instances || [];\n\t\t\t\twindow.masterslider_instances.push( masterslider_7f95 );\n\t\t\t });\n\n\t\t})(jQuery);\n\t\t<\/script>\n\n\n","protected":false},"excerpt":{"rendered":"<p>Mardi 1 Mars, deux s\u00e9minaires (deux groupes de travail autour des questionnements th\u00e9oriques constitutifs du m\u00e9moire) se sont r\u00e9unis : Design et Politique (Johan Viscuso, Anne R\u00e9gnault, R\u00e9mi Poupinet et \u00c9lora Vix) et Autonomis Locale (Louis Augereau, Pauline&#8230; <a class=\"read-more\" href=\"https:\/\/www.lyceelecorbusier.eu\/les-formes-de-la-ruralite\/?p=318\">Lire la suite&#8230;<\/a><\/p>\n","protected":false},"author":1,"featured_media":345,"comment_status":"closed","ping_status":"closed","sticky":false,"template":"","format":"standard","meta":[],"categories":[2,7],"tags":[],"_links":{"self":[{"href":"https:\/\/www.lyceelecorbusier.eu\/les-formes-de-la-ruralite\/index.php?rest_route=\/wp\/v2\/posts\/318"}],"collection":[{"href":"https:\/\/www.lyceelecorbusier.eu\/les-formes-de-la-ruralite\/index.php?rest_route=\/wp\/v2\/posts"}],"about":[{"href":"https:\/\/www.lyceelecorbusier.eu\/les-formes-de-la-ruralite\/index.php?rest_route=\/wp\/v2\/types\/post"}],"author":[{"embeddable":true,"href":"https:\/\/www.lyceelecorbusier.eu\/les-formes-de-la-ruralite\/index.php?rest_route=\/wp\/v2\/users\/1"}],"replies":[{"embeddable":true,"href":"https:\/\/www.lyceelecorbusier.eu\/les-formes-de-la-ruralite\/index.php?rest_route=%2Fwp%2Fv2%2Fcomments&post=318"}],"version-history":[{"count":6,"href":"https:\/\/www.lyceelecorbusier.eu\/les-formes-de-la-ruralite\/index.php?rest_route=\/wp\/v2\/posts\/318\/revisions"}],"predecessor-version":[{"id":352,"href":"https:\/\/www.lyceelecorbusier.eu\/les-formes-de-la-ruralite\/index.php?rest_route=\/wp\/v2\/posts\/318\/revisions\/352"}],"wp:featuredmedia":[{"embeddable":true,"href":"https:\/\/www.lyceelecorbusier.eu\/les-formes-de-la-ruralite\/index.php?rest_route=\/wp\/v2\/media\/345"}],"wp:attachment":[{"href":"https:\/\/www.lyceelecorbusier.eu\/les-formes-de-la-ruralite\/index.php?rest_route=%2Fwp%2Fv2%2Fmedia&parent=318"}],"wp:term":[{"taxonomy":"category","embeddable":true,"href":"https:\/\/www.lyceelecorbusier.eu\/les-formes-de-la-ruralite\/index.php?rest_route=%2Fwp%2Fv2%2Fcategories&post=318"},{"taxonomy":"post_tag","embeddable":true,"href":"https:\/\/www.lyceelecorbusier.eu\/les-formes-de-la-ruralite\/index.php?rest_route=%2Fwp%2Fv2%2Ftags&post=318"}],"curies":[{"name":"wp","href":"https:\/\/api.w.org\/{rel}","templated":true}]}}