{"id":310,"date":"2016-03-09T14:51:18","date_gmt":"2016-03-09T13:51:18","guid":{"rendered":"http:\/\/www.lyceelecorbusier.eu\/les-formes-de-la-ruralite\/?p=310"},"modified":"2016-03-09T16:44:10","modified_gmt":"2016-03-09T15:44:10","slug":"intervenons-a-natzwiller","status":"publish","type":"post","link":"https:\/\/www.lyceelecorbusier.eu\/les-formes-de-la-ruralite\/?p=310","title":{"rendered":"Intervenons \u00e0 Natzwiller !"},"content":{"rendered":"<p>Ce dimanche 6 Mars, Anne, \u00c9lora, Guillaume Bonnet et Guillaume Salesse se sont rendu \u00e0 Natzwiller afin d&#8217;aminer un atelier-rencontre pendant l&#8217;apr\u00e8s-midi qui a \u00e9t\u00e9 pr\u00e9parer en amont.<\/p>\n<p>L\u2019atelier visait \u00e0 amener du monde \u00e0 nous rencontrer afin que nous puissions obtenir des informations venant de personnes que nous ne connaissons pas. Nous avions, pour ce faire, r\u00e9fl\u00e9chis \u00e0 des ateliers de balades, de dessin, et de composition du village, \u00e0 l\u2019aide d\u2019outils fabriqu\u00e9s au pr\u00e9alable. Nous esp\u00e9rions qu\u2019au moins une dizaine de personnes seraient curieuses et viendraient \u00e0 notre rencontre. Malheureusement, nous n\u2019avons pu compter que sur 2 venues ; 5 en tout, en comptant 2 adultes et 3 enfants.<br \/>\nDe fait, notre apr\u00e8s-midi ne fut pas riches en d\u00e9couvertes, et nos ateliers ainsi que nos outils n\u2019ont pas eu les effets escompt\u00e9s.<\/p>\n<p>Cependant, cela nous \u00e0 permis de r\u00e9fl\u00e9chir, de nous remettre en question sur le type d\u2019actions \u00e0 mener dans ce village. Ce n&#8217;est qu\u2019\u00e0 l\u2019issu de cet atelier qu&#8217;a \u00e9t\u00e9 per\u00e7u la diff\u00e9rence fondamentale qui est le rythme. \u00c9tant habitu\u00e9 \u00e0 la ville, et \u00e0 son dynamisme, Il fut difficile de\u00a0percevoir le changement de rythme qui s\u2019effectue en milieu rural. Tout est plus lent, les r\u00e9unions d\u2019associations n\u2019ont pas lieu toutes les semaines, mais 1 fois par mois, les personnes, ont toujours \u00e9t\u00e9 habitu\u00e9 \u00e0 se d\u00e9brouiller seule, ou en tr\u00e8s petit comit\u00e9. C\u2019est pourquoi il est difficile de programmer une rencontre sur un temps court amenant les personnes \u00e0 sortir de leur routine.<\/p>\n<p>Ainsi, nous estimons \u00e0 pr\u00e9sent, qu\u2019il faudrait qu\u2019ont mettent en place nos formats d\u2019interventions, non pas sur l\u2019action participative, mais le test imm\u00e9diat, comme ce fut le cas lors de la fabrication des<a href=\"http:\/\/bataville.over-blog.com\/2016\/02\/et-la-piscine-dsaa-insitulab.html\" target=\"_blank\"> chaises de surveillance baignade \u00e0 Bataville<\/a>, dans le cadre du projet de Pauline Cachera.<\/p>\n\n\t\t<!-- MasterSlider -->\n\t\t<div id=\"P_MS69f254b4d2860\" class=\"master-slider-parent msl ms-parent-id-8\" style=\"max-width:1000px;\">\n\n\t\t\t\n\t\t\t<!-- MasterSlider Main -->\n\t\t\t<div id=\"MS69f254b4d2860\" class=\"master-slider ms-skin-default\" >\n\t\t\t\t \t\t\t\t \n\t\t\t\t<div  class=\"ms-slide\" data-delay=\"3\" data-fill-mode=\"fill\"  >\n\t\t\t\t\t<img src=\"https:\/\/www.lyceelecorbusier.eu\/les-formes-de-la-ruralite\/wp-content\/plugins\/master-slider\/public\/assets\/css\/blank.gif\" alt=\"\" title=\"\" data-src=\"https:\/\/www.lyceelecorbusier.eu\/les-formes-de-la-ruralite\/wp-content\/uploads\/sites\/21\/2016\/03\/chaise-bata4.jpg\" \/>\n\n\n\t<div class=\"ms-thumb\" ><div class=\"ms-tab-context\"><div class=&quot;ms-tab-context&quot;><\/div><\/div>\n<\/div>\n\t\t\t\t<\/div>\n\t\t\t\t<div  class=\"ms-slide\" data-delay=\"3\" data-fill-mode=\"fill\"  >\n\t\t\t\t\t<img src=\"https:\/\/www.lyceelecorbusier.eu\/les-formes-de-la-ruralite\/wp-content\/plugins\/master-slider\/public\/assets\/css\/blank.gif\" alt=\"\" title=\"\" data-src=\"https:\/\/www.lyceelecorbusier.eu\/les-formes-de-la-ruralite\/wp-content\/uploads\/sites\/21\/2016\/03\/chaise-bata2.jpg\" \/>\n\n\n\t<div class=\"ms-thumb\" ><div class=\"ms-tab-context\"><div class=&quot;ms-tab-context&quot;><\/div><\/div>\n<\/div>\n\t\t\t\t<\/div>\n\t\t\t\t<div  class=\"ms-slide\" data-delay=\"3\" data-fill-mode=\"fill\"  >\n\t\t\t\t\t<img src=\"https:\/\/www.lyceelecorbusier.eu\/les-formes-de-la-ruralite\/wp-content\/plugins\/master-slider\/public\/assets\/css\/blank.gif\" alt=\"\" title=\"\" data-src=\"https:\/\/www.lyceelecorbusier.eu\/les-formes-de-la-ruralite\/wp-content\/uploads\/sites\/21\/2016\/03\/chaise-bata.jpg\" \/>\n\n\n\t<div class=\"ms-thumb\" ><div class=\"ms-tab-context\"><div class=&quot;ms-tab-context&quot;><\/div><\/div>\n<\/div>\n\t\t\t\t<\/div>\n\n\t\t\t<\/div>\n\t\t\t<!-- END MasterSlider Main -->\n\n\t\t\t \n\t\t<\/div>\n\t\t<!-- END MasterSlider -->\n\n\t\t<script>\n\t\t(function ( $ ) {\n\t\t\t\"use strict\";\n\n\t\t\t$(function () {\n\t\t\t\tvar masterslider_2860 = new MasterSlider();\n\n\t\t\t\t\/\/ slider controls\n\t\t\t\tmasterslider_2860.control('arrows'     ,{ autohide:true, overVideo:true  });\n\t\t\t\t\/\/ slider setup\n\t\t\t\tmasterslider_2860.setup(\"MS69f254b4d2860\", {\n\t\t\t\t\t\twidth           : 1000,\n\t\t\t\t\t\theight          : 500,\n\t\t\t\t\t\tminHeight       : 0,\n\t\t\t\t\t\tspace           : 0,\n\t\t\t\t\t\tstart           : 1,\n\t\t\t\t\t\tgrabCursor      : true,\n\t\t\t\t\t\tswipe           : true,\n\t\t\t\t\t\tmouse           : true,\n\t\t\t\t\t\tlayout          : \"boxed\",\n\t\t\t\t\t\twheel           : false,\n\t\t\t\t\t\tautoplay        : false,\n\t\t\t\t\t\tinstantStartLayers:false,\n\t\t\t\t\t\tloop            : false,\n\t\t\t\t\t\tshuffle         : false,\n\t\t\t\t\t\tpreload         : 0,\n\t\t\t\t\t\theightLimit     : true,\n\t\t\t\t\t\tautoHeight      : false,\n\t\t\t\t\t\tsmoothHeight    : true,\n\t\t\t\t\t\tendPause        : false,\n\t\t\t\t\t\toverPause       : true,\n\t\t\t\t\t\tfillMode        : \"fill\",\n\t\t\t\t\t\tcenterControls  : true,\n\t\t\t\t\t\tstartOnAppear   : false,\n\t\t\t\t\t\tlayersMode      : \"center\",\n\t\t\t\t\t\thideLayers      : false,\n\t\t\t\t\t\tfullscreenMargin: 0,\n\t\t\t\t\t\tspeed           : 20,\n\t\t\t\t\t\tdir             : \"h\",\n\t\t\t\t\t\tparallaxMode    : 'swipe',\n\t\t\t\t\t\tview            : \"basic\"\n\t\t\t\t});\n\n\t\t\t\t\n\t\t\t\twindow.masterslider_instances = window.masterslider_instances || [];\n\t\t\t\twindow.masterslider_instances.push( masterslider_2860 );\n\t\t\t });\n\n\t\t})(jQuery);\n\t\t<\/script>\n\n\n<p>Nous r\u00e9fl\u00e9chissons alors \u00e0 des projets \u00e0 installer, pour qu\u2019ensuite nous puissions recueillir les avis et ainsi rassembler du monde. De cette mani\u00e8re nous pourrons avancer dans nos projets respectifs.<\/p>\n","protected":false},"excerpt":{"rendered":"<p>Ce dimanche 6 Mars, Anne, \u00c9lora, Guillaume Bonnet et Guillaume Salesse se sont rendu \u00e0 Natzwiller afin d&#8217;aminer un atelier-rencontre pendant l&#8217;apr\u00e8s-midi qui a \u00e9t\u00e9 pr\u00e9parer en amont. L\u2019atelier visait \u00e0 amener du monde \u00e0 nous rencontrer afin&#8230; <a class=\"read-more\" href=\"https:\/\/www.lyceelecorbusier.eu\/les-formes-de-la-ruralite\/?p=310\">Lire la suite&#8230;<\/a><\/p>\n","protected":false},"author":1,"featured_media":192,"comment_status":"closed","ping_status":"closed","sticky":false,"template":"","format":"standard","meta":[],"categories":[2,7,3],"tags":[],"_links":{"self":[{"href":"https:\/\/www.lyceelecorbusier.eu\/les-formes-de-la-ruralite\/index.php?rest_route=\/wp\/v2\/posts\/310"}],"collection":[{"href":"https:\/\/www.lyceelecorbusier.eu\/les-formes-de-la-ruralite\/index.php?rest_route=\/wp\/v2\/posts"}],"about":[{"href":"https:\/\/www.lyceelecorbusier.eu\/les-formes-de-la-ruralite\/index.php?rest_route=\/wp\/v2\/types\/post"}],"author":[{"embeddable":true,"href":"https:\/\/www.lyceelecorbusier.eu\/les-formes-de-la-ruralite\/index.php?rest_route=\/wp\/v2\/users\/1"}],"replies":[{"embeddable":true,"href":"https:\/\/www.lyceelecorbusier.eu\/les-formes-de-la-ruralite\/index.php?rest_route=%2Fwp%2Fv2%2Fcomments&post=310"}],"version-history":[{"count":3,"href":"https:\/\/www.lyceelecorbusier.eu\/les-formes-de-la-ruralite\/index.php?rest_route=\/wp\/v2\/posts\/310\/revisions"}],"predecessor-version":[{"id":317,"href":"https:\/\/www.lyceelecorbusier.eu\/les-formes-de-la-ruralite\/index.php?rest_route=\/wp\/v2\/posts\/310\/revisions\/317"}],"wp:featuredmedia":[{"embeddable":true,"href":"https:\/\/www.lyceelecorbusier.eu\/les-formes-de-la-ruralite\/index.php?rest_route=\/wp\/v2\/media\/192"}],"wp:attachment":[{"href":"https:\/\/www.lyceelecorbusier.eu\/les-formes-de-la-ruralite\/index.php?rest_route=%2Fwp%2Fv2%2Fmedia&parent=310"}],"wp:term":[{"taxonomy":"category","embeddable":true,"href":"https:\/\/www.lyceelecorbusier.eu\/les-formes-de-la-ruralite\/index.php?rest_route=%2Fwp%2Fv2%2Fcategories&post=310"},{"taxonomy":"post_tag","embeddable":true,"href":"https:\/\/www.lyceelecorbusier.eu\/les-formes-de-la-ruralite\/index.php?rest_route=%2Fwp%2Fv2%2Ftags&post=310"}],"curies":[{"name":"wp","href":"https:\/\/api.w.org\/{rel}","templated":true}]}}