{"id":307,"date":"2016-03-09T14:43:43","date_gmt":"2016-03-09T13:43:43","guid":{"rendered":"http:\/\/www.lyceelecorbusier.eu\/les-formes-de-la-ruralite\/?p=307"},"modified":"2016-03-09T16:45:55","modified_gmt":"2016-03-09T15:45:55","slug":"experimentations-quels-peuvent-etre-les-outils-de-travail-du-fil","status":"publish","type":"post","link":"https:\/\/www.lyceelecorbusier.eu\/les-formes-de-la-ruralite\/?p=307","title":{"rendered":"Exp\u00e9rimentations, quels peuvent-\u00eatre les outils de travail du fil ?"},"content":{"rendered":"<p>Dans le cadre d&#8217;un travail plastique, Guillaume Salesse d\u00e9marre un travail de production d&#8217;outils multiples afin de r\u00e9fl\u00e9chir \u00e0 une typologie d&#8217;objets adapt\u00e9s \u00e0 l&#8217;habitant, \u00e0 l&#8217;amateur ou au bricoleur qui n&#8217;a pas pour objectif un quotas de production mensuel, mais qui cherche plut\u00f4t un objet adapt\u00e9 \u00e0 ses pratique personnelles, \u00e0 ses loisirs&#8230;<\/p>\n<p>Pour se faire, Guillaume est parti d&#8217;un objet simple et ancien : la Travailleuse. Cet outil des couturi\u00e8res qui est devenu populaire avec le temps retrace v\u00e9ritablement un pass\u00e9 artisanal et un savoir-faire transmis de g\u00e9n\u00e9rations en g\u00e9n\u00e9rations, et t\u00e9moigne aussi de l&#8217;acte volontaire de pratiques manifest\u00e9s par des personnes<em> lambda<\/em> afin d&#8217;\u00eatre capable de fabriquer et raccommoder ses bien textiles.<\/p>\n<p>Ainsi \u00e0 partir de cet objet, Guillaume \u00e9tabli un &#8220;pont&#8221; entre les \u00e9poques, en greffant des objets exp\u00e9rimentaux comme un tricotin, une table \u00e0 tisser, des m\u00e9tiers \u00e0 tisser, un m\u00e9tier \u00e0 tapisser (&#8230;) qui remettent en question les proc\u00e9d\u00e9s de confection.<\/p>\n<p>Ce travail de fabrication est aussi augment\u00e9 par un r\u00e9sultat photographique sur lequel le travail du fil est mis en valeur. C&#8217;est aussi une m\u00e9thode permettant d&#8217;illustrer, sans mode d&#8217;emploi, comment le fil devient tissu gr\u00e2ce \u00e0 ces outils.<\/p>\n<p>&nbsp;<\/p>\n\n\t\t<!-- MasterSlider -->\n\t\t<div id=\"P_MS69f260cecdbca\" class=\"master-slider-parent msl ms-parent-id-9\" style=\"max-width:1000px;\">\n\n\t\t\t\n\t\t\t<!-- MasterSlider Main -->\n\t\t\t<div id=\"MS69f260cecdbca\" class=\"master-slider ms-skin-default\" >\n\t\t\t\t \t\t\t\t \n\t\t\t\t<div  class=\"ms-slide\" data-delay=\"3\" data-fill-mode=\"fit\"  >\n\t\t\t\t\t<img src=\"https:\/\/www.lyceelecorbusier.eu\/les-formes-de-la-ruralite\/wp-content\/plugins\/master-slider\/public\/assets\/css\/blank.gif\" alt=\"\" title=\"\" data-src=\"https:\/\/www.lyceelecorbusier.eu\/les-formes-de-la-ruralite\/wp-content\/uploads\/sites\/21\/2016\/03\/vide-V1.jpg\" \/>\n\n\n\t<div class=\"ms-thumb\" ><div class=\"ms-tab-context\"><div class=&quot;ms-tab-context&quot;><\/div><\/div>\n<\/div>\n\t\t\t\t<\/div>\n\t\t\t\t<div  class=\"ms-slide\" data-delay=\"3\" data-fill-mode=\"fit\"  >\n\t\t\t\t\t<img src=\"https:\/\/www.lyceelecorbusier.eu\/les-formes-de-la-ruralite\/wp-content\/plugins\/master-slider\/public\/assets\/css\/blank.gif\" alt=\"\" title=\"\" data-src=\"https:\/\/www.lyceelecorbusier.eu\/les-formes-de-la-ruralite\/wp-content\/uploads\/sites\/21\/2016\/03\/Table-a-trous-V1.jpg\" \/>\n\n\n\t<div class=\"ms-thumb\" ><div class=\"ms-tab-context\"><div class=&quot;ms-tab-context&quot;><\/div><\/div>\n<\/div>\n\t\t\t\t<\/div>\n\t\t\t\t<div  class=\"ms-slide\" data-delay=\"3\" data-fill-mode=\"fit\"  >\n\t\t\t\t\t<img src=\"https:\/\/www.lyceelecorbusier.eu\/les-formes-de-la-ruralite\/wp-content\/plugins\/master-slider\/public\/assets\/css\/blank.gif\" alt=\"\" title=\"\" data-src=\"https:\/\/www.lyceelecorbusier.eu\/les-formes-de-la-ruralite\/wp-content\/uploads\/sites\/21\/2016\/03\/Blocs-V1.jpg\" \/>\n\n\n\t<div class=\"ms-thumb\" ><div class=\"ms-tab-context\"><div class=&quot;ms-tab-context&quot;><\/div><\/div>\n<\/div>\n\t\t\t\t<\/div>\n\t\t\t\t<div  class=\"ms-slide\" data-delay=\"3\" data-fill-mode=\"fit\"  >\n\t\t\t\t\t<img src=\"https:\/\/www.lyceelecorbusier.eu\/les-formes-de-la-ruralite\/wp-content\/plugins\/master-slider\/public\/assets\/css\/blank.gif\" alt=\"\" title=\"\" data-src=\"https:\/\/www.lyceelecorbusier.eu\/les-formes-de-la-ruralite\/wp-content\/uploads\/sites\/21\/2016\/03\/tricotins-V1.jpg\" \/>\n\n\n\t<div class=\"ms-thumb\" ><div class=\"ms-tab-context\"><div class=&quot;ms-tab-context&quot;><\/div><\/div>\n<\/div>\n\t\t\t\t<\/div>\n\t\t\t\t<div  class=\"ms-slide\" data-delay=\"3\" data-fill-mode=\"fit\"  >\n\t\t\t\t\t<img src=\"https:\/\/www.lyceelecorbusier.eu\/les-formes-de-la-ruralite\/wp-content\/plugins\/master-slider\/public\/assets\/css\/blank.gif\" alt=\"\" title=\"\" data-src=\"https:\/\/www.lyceelecorbusier.eu\/les-formes-de-la-ruralite\/wp-content\/uploads\/sites\/21\/2016\/03\/etablis-V1.jpg\" \/>\n\n\n\t<div class=\"ms-thumb\" ><div class=\"ms-tab-context\"><div class=&quot;ms-tab-context&quot;><\/div><\/div>\n<\/div>\n\t\t\t\t<\/div>\n\t\t\t\t<div  class=\"ms-slide\" data-delay=\"3\" data-fill-mode=\"fit\"  >\n\t\t\t\t\t<img src=\"https:\/\/www.lyceelecorbusier.eu\/les-formes-de-la-ruralite\/wp-content\/plugins\/master-slider\/public\/assets\/css\/blank.gif\" alt=\"\" title=\"\" data-src=\"https:\/\/www.lyceelecorbusier.eu\/les-formes-de-la-ruralite\/wp-content\/uploads\/sites\/21\/2016\/03\/MAT2-V1.jpg\" \/>\n\n\n\t<div class=\"ms-thumb\" ><div class=\"ms-tab-context\"><div class=&quot;ms-tab-context&quot;><\/div><\/div>\n<\/div>\n\t\t\t\t<\/div>\n\t\t\t\t<div  class=\"ms-slide\" data-delay=\"3\" data-fill-mode=\"fit\"  >\n\t\t\t\t\t<img src=\"https:\/\/www.lyceelecorbusier.eu\/les-formes-de-la-ruralite\/wp-content\/plugins\/master-slider\/public\/assets\/css\/blank.gif\" alt=\"\" title=\"\" data-src=\"https:\/\/www.lyceelecorbusier.eu\/les-formes-de-la-ruralite\/wp-content\/uploads\/sites\/21\/2016\/03\/MAT1-V1.jpg\" \/>\n\n\n\t<div class=\"ms-thumb\" ><div class=\"ms-tab-context\"><div class=&quot;ms-tab-context&quot;><\/div><\/div>\n<\/div>\n\t\t\t\t<\/div>\n\t\t\t\t<div  class=\"ms-slide\" data-delay=\"3\" data-fill-mode=\"fit\"  >\n\t\t\t\t\t<img src=\"https:\/\/www.lyceelecorbusier.eu\/les-formes-de-la-ruralite\/wp-content\/plugins\/master-slider\/public\/assets\/css\/blank.gif\" alt=\"\" title=\"\" data-src=\"https:\/\/www.lyceelecorbusier.eu\/les-formes-de-la-ruralite\/wp-content\/uploads\/sites\/21\/2016\/03\/table-a-tisser2-V1.jpg\" \/>\n\n\n\t<div class=\"ms-thumb\" ><div class=\"ms-tab-context\"><div class=&quot;ms-tab-context&quot;><\/div><\/div>\n<\/div>\n\t\t\t\t<\/div>\n\t\t\t\t<div  class=\"ms-slide\" data-delay=\"3\" data-fill-mode=\"fit\"  >\n\t\t\t\t\t<img src=\"https:\/\/www.lyceelecorbusier.eu\/les-formes-de-la-ruralite\/wp-content\/plugins\/master-slider\/public\/assets\/css\/blank.gif\" alt=\"\" title=\"\" data-src=\"https:\/\/www.lyceelecorbusier.eu\/les-formes-de-la-ruralite\/wp-content\/uploads\/sites\/21\/2016\/03\/MATAPIE-2-V1.jpg\" \/>\n\n\n\t<div class=\"ms-thumb\" ><div class=\"ms-tab-context\"><div class=&quot;ms-tab-context&quot;><\/div><\/div>\n<\/div>\n\t\t\t\t<\/div>\n\n\t\t\t<\/div>\n\t\t\t<!-- END MasterSlider Main -->\n\n\t\t\t \n\t\t<\/div>\n\t\t<!-- END MasterSlider -->\n\n\t\t<script>\n\t\t(function ( $ ) {\n\t\t\t\"use strict\";\n\n\t\t\t$(function () {\n\t\t\t\tvar masterslider_dbca = new MasterSlider();\n\n\t\t\t\t\/\/ slider controls\n\t\t\t\tmasterslider_dbca.control('arrows'     ,{ autohide:true, overVideo:true  });\n\t\t\t\t\/\/ slider setup\n\t\t\t\tmasterslider_dbca.setup(\"MS69f260cecdbca\", {\n\t\t\t\t\t\twidth           : 1000,\n\t\t\t\t\t\theight          : 500,\n\t\t\t\t\t\tminHeight       : 0,\n\t\t\t\t\t\tspace           : 0,\n\t\t\t\t\t\tstart           : 1,\n\t\t\t\t\t\tgrabCursor      : true,\n\t\t\t\t\t\tswipe           : true,\n\t\t\t\t\t\tmouse           : true,\n\t\t\t\t\t\tlayout          : \"boxed\",\n\t\t\t\t\t\twheel           : false,\n\t\t\t\t\t\tautoplay        : false,\n\t\t\t\t\t\tinstantStartLayers:false,\n\t\t\t\t\t\tloop            : false,\n\t\t\t\t\t\tshuffle         : false,\n\t\t\t\t\t\tpreload         : 0,\n\t\t\t\t\t\theightLimit     : true,\n\t\t\t\t\t\tautoHeight      : false,\n\t\t\t\t\t\tsmoothHeight    : true,\n\t\t\t\t\t\tendPause        : false,\n\t\t\t\t\t\toverPause       : true,\n\t\t\t\t\t\tfillMode        : \"fill\",\n\t\t\t\t\t\tcenterControls  : true,\n\t\t\t\t\t\tstartOnAppear   : false,\n\t\t\t\t\t\tlayersMode      : \"center\",\n\t\t\t\t\t\thideLayers      : false,\n\t\t\t\t\t\tfullscreenMargin: 0,\n\t\t\t\t\t\tspeed           : 20,\n\t\t\t\t\t\tdir             : \"h\",\n\t\t\t\t\t\tparallaxMode    : 'swipe',\n\t\t\t\t\t\tview            : \"basic\"\n\t\t\t\t});\n\n\t\t\t\t\n\t\t\t\twindow.masterslider_instances = window.masterslider_instances || [];\n\t\t\t\twindow.masterslider_instances.push( masterslider_dbca );\n\t\t\t });\n\n\t\t})(jQuery);\n\t\t<\/script>\n\n\n","protected":false},"excerpt":{"rendered":"<p>Dans le cadre d&#8217;un travail plastique, Guillaume Salesse d\u00e9marre un travail de production d&#8217;outils multiples afin de r\u00e9fl\u00e9chir \u00e0 une typologie d&#8217;objets adapt\u00e9s \u00e0 l&#8217;habitant, \u00e0 l&#8217;amateur ou au bricoleur qui n&#8217;a pas pour objectif un quotas de&#8230; <a class=\"read-more\" href=\"https:\/\/www.lyceelecorbusier.eu\/les-formes-de-la-ruralite\/?p=307\">Lire la suite&#8230;<\/a><\/p>\n","protected":false},"author":1,"featured_media":324,"comment_status":"closed","ping_status":"closed","sticky":false,"template":"","format":"standard","meta":[],"categories":[2,7],"tags":[],"_links":{"self":[{"href":"https:\/\/www.lyceelecorbusier.eu\/les-formes-de-la-ruralite\/index.php?rest_route=\/wp\/v2\/posts\/307"}],"collection":[{"href":"https:\/\/www.lyceelecorbusier.eu\/les-formes-de-la-ruralite\/index.php?rest_route=\/wp\/v2\/posts"}],"about":[{"href":"https:\/\/www.lyceelecorbusier.eu\/les-formes-de-la-ruralite\/index.php?rest_route=\/wp\/v2\/types\/post"}],"author":[{"embeddable":true,"href":"https:\/\/www.lyceelecorbusier.eu\/les-formes-de-la-ruralite\/index.php?rest_route=\/wp\/v2\/users\/1"}],"replies":[{"embeddable":true,"href":"https:\/\/www.lyceelecorbusier.eu\/les-formes-de-la-ruralite\/index.php?rest_route=%2Fwp%2Fv2%2Fcomments&post=307"}],"version-history":[{"count":3,"href":"https:\/\/www.lyceelecorbusier.eu\/les-formes-de-la-ruralite\/index.php?rest_route=\/wp\/v2\/posts\/307\/revisions"}],"predecessor-version":[{"id":331,"href":"https:\/\/www.lyceelecorbusier.eu\/les-formes-de-la-ruralite\/index.php?rest_route=\/wp\/v2\/posts\/307\/revisions\/331"}],"wp:featuredmedia":[{"embeddable":true,"href":"https:\/\/www.lyceelecorbusier.eu\/les-formes-de-la-ruralite\/index.php?rest_route=\/wp\/v2\/media\/324"}],"wp:attachment":[{"href":"https:\/\/www.lyceelecorbusier.eu\/les-formes-de-la-ruralite\/index.php?rest_route=%2Fwp%2Fv2%2Fmedia&parent=307"}],"wp:term":[{"taxonomy":"category","embeddable":true,"href":"https:\/\/www.lyceelecorbusier.eu\/les-formes-de-la-ruralite\/index.php?rest_route=%2Fwp%2Fv2%2Fcategories&post=307"},{"taxonomy":"post_tag","embeddable":true,"href":"https:\/\/www.lyceelecorbusier.eu\/les-formes-de-la-ruralite\/index.php?rest_route=%2Fwp%2Fv2%2Ftags&post=307"}],"curies":[{"name":"wp","href":"https:\/\/api.w.org\/{rel}","templated":true}]}}