{"id":304,"date":"2016-03-09T15:11:45","date_gmt":"2016-03-09T14:11:45","guid":{"rendered":"http:\/\/www.lyceelecorbusier.eu\/les-formes-de-la-ruralite\/?p=304"},"modified":"2016-03-09T16:43:26","modified_gmt":"2016-03-09T15:43:26","slug":"les-agences-comment-traiter-le-fil","status":"publish","type":"post","link":"https:\/\/www.lyceelecorbusier.eu\/les-formes-de-la-ruralite\/?p=304","title":{"rendered":"Les agences &#8211; Comment traiter le fil ?"},"content":{"rendered":"<p>Durant 4h, 8 \u00e9tudiants m\u00e9lang\u00e9s entre DSAA1 et DSAA2 ont travaill\u00e9s \u00e0 propos du projet de Guillaume Salesse.<\/p>\n<p>Chacun avait une casquette particuli\u00e8re allant du directeur artistique au reporter, du maquettiste au directeur technique, en passant par le chercheur, l&#8217;\u00e9conomiste et le designer.<\/p>\n<p>Afin de leur permettre de mieux comprendre vers quoi tend mon projet, c&#8217;est \u00e0 dire questionner le fil et la mani\u00e8re de le travailler avec les habitants de Natzwiller ; en raison du patrimoine technique local, je leur ai propos\u00e9 un travail d\u2019exp\u00e9rimentation autour du travail du fil, afin de dessiner des motifs, r\u00e9fl\u00e9chir \u00e0 des m\u00e9thodes alternatives pour tisser, coudre, filer&#8230;<\/p>\n<p>Durant une demi-heure des objets ont pris formes, et surtout des ph\u00e9nom\u00e8nes ont \u00e9merg\u00e9s, \u00e0 propos des outils permettant de tisser (&#8230;) diff\u00e9remment (tisser \u00e0 partir d&#8217;un ch\u00e2ssis hexagonal, utiliser un peigne pour r\u00e9duire l&#8217;espace et la taille de l&#8217;outil de travail du fil).<\/p>\n<p>Durant le temps restant, des maquettes allant plus loin dans les id\u00e9es qui ont \u00e9merg\u00e9e ont \u00e9t\u00e9 faite, ainsi qu&#8217;une \u00e9dition retra\u00e7ant le travail de la demi-journ\u00e9e et des r\u00e9f\u00e9rences cit\u00e9e et une cartographie cyclique traitant du cycle de vie des outils.<\/p>\n<p>&nbsp;<\/p>\n\n\t\t<!-- MasterSlider -->\n\t\t<div id=\"P_MS69f25575b4ec0\" class=\"master-slider-parent msl ms-parent-id-10\" style=\"max-width:1000px;\">\n\n\t\t\t\n\t\t\t<!-- MasterSlider Main -->\n\t\t\t<div id=\"MS69f25575b4ec0\" class=\"master-slider ms-skin-default\" >\n\t\t\t\t \t\t\t\t \n\t\t\t\t<div  class=\"ms-slide\" data-delay=\"3\" data-fill-mode=\"fit\"  >\n\t\t\t\t\t<img src=\"https:\/\/www.lyceelecorbusier.eu\/les-formes-de-la-ruralite\/wp-content\/plugins\/master-slider\/public\/assets\/css\/blank.gif\" alt=\"\" title=\"\" data-src=\"https:\/\/www.lyceelecorbusier.eu\/les-formes-de-la-ruralite\/wp-content\/uploads\/sites\/21\/2016\/03\/IMG_7180.jpg\" \/>\n\n\n\t<div class=\"ms-thumb\" ><div class=\"ms-tab-context\"><div class=&quot;ms-tab-context&quot;><\/div><\/div>\n<\/div>\n\t\t\t\t<\/div>\n\t\t\t\t<div  class=\"ms-slide\" data-delay=\"3\" data-fill-mode=\"fit\"  >\n\t\t\t\t\t<img src=\"https:\/\/www.lyceelecorbusier.eu\/les-formes-de-la-ruralite\/wp-content\/plugins\/master-slider\/public\/assets\/css\/blank.gif\" alt=\"\" title=\"\" data-src=\"https:\/\/www.lyceelecorbusier.eu\/les-formes-de-la-ruralite\/wp-content\/uploads\/sites\/21\/2016\/03\/IMG_7179.jpg\" \/>\n\n\n\t<div class=\"ms-thumb\" ><div class=\"ms-tab-context\"><div class=&quot;ms-tab-context&quot;><\/div><\/div>\n<\/div>\n\t\t\t\t<\/div>\n\t\t\t\t<div  class=\"ms-slide\" data-delay=\"3\" data-fill-mode=\"fit\"  >\n\t\t\t\t\t<img src=\"https:\/\/www.lyceelecorbusier.eu\/les-formes-de-la-ruralite\/wp-content\/plugins\/master-slider\/public\/assets\/css\/blank.gif\" alt=\"\" title=\"\" data-src=\"https:\/\/www.lyceelecorbusier.eu\/les-formes-de-la-ruralite\/wp-content\/uploads\/sites\/21\/2016\/03\/IMG_7177.jpg\" \/>\n\n\n\t<div class=\"ms-thumb\" ><div class=\"ms-tab-context\"><div class=&quot;ms-tab-context&quot;><\/div><\/div>\n<\/div>\n\t\t\t\t<\/div>\n\t\t\t\t<div  class=\"ms-slide\" data-delay=\"3\" data-fill-mode=\"fit\"  >\n\t\t\t\t\t<img src=\"https:\/\/www.lyceelecorbusier.eu\/les-formes-de-la-ruralite\/wp-content\/plugins\/master-slider\/public\/assets\/css\/blank.gif\" alt=\"\" title=\"\" data-src=\"https:\/\/www.lyceelecorbusier.eu\/les-formes-de-la-ruralite\/wp-content\/uploads\/sites\/21\/2016\/03\/IMG_7174.jpg\" \/>\n\n\n\t<div class=\"ms-thumb\" ><div class=\"ms-tab-context\"><div class=&quot;ms-tab-context&quot;><\/div><\/div>\n<\/div>\n\t\t\t\t<\/div>\n\t\t\t\t<div  class=\"ms-slide\" data-delay=\"3\" data-fill-mode=\"fit\"  >\n\t\t\t\t\t<img src=\"https:\/\/www.lyceelecorbusier.eu\/les-formes-de-la-ruralite\/wp-content\/plugins\/master-slider\/public\/assets\/css\/blank.gif\" alt=\"\" title=\"\" data-src=\"https:\/\/www.lyceelecorbusier.eu\/les-formes-de-la-ruralite\/wp-content\/uploads\/sites\/21\/2016\/03\/IMG_7172.jpg\" \/>\n\n\n\t<div class=\"ms-thumb\" ><div class=\"ms-tab-context\"><div class=&quot;ms-tab-context&quot;><\/div><\/div>\n<\/div>\n\t\t\t\t<\/div>\n\t\t\t\t<div  class=\"ms-slide\" data-delay=\"3\" data-fill-mode=\"fit\"  >\n\t\t\t\t\t<img src=\"https:\/\/www.lyceelecorbusier.eu\/les-formes-de-la-ruralite\/wp-content\/plugins\/master-slider\/public\/assets\/css\/blank.gif\" alt=\"\" title=\"\" data-src=\"https:\/\/www.lyceelecorbusier.eu\/les-formes-de-la-ruralite\/wp-content\/uploads\/sites\/21\/2016\/03\/IMG_7171.jpg\" \/>\n\n\n\t<div class=\"ms-thumb\" ><div class=\"ms-tab-context\"><div class=&quot;ms-tab-context&quot;><\/div><\/div>\n<\/div>\n\t\t\t\t<\/div>\n\t\t\t\t<div  class=\"ms-slide\" data-delay=\"3\" data-fill-mode=\"fit\"  >\n\t\t\t\t\t<img src=\"https:\/\/www.lyceelecorbusier.eu\/les-formes-de-la-ruralite\/wp-content\/plugins\/master-slider\/public\/assets\/css\/blank.gif\" alt=\"\" title=\"\" data-src=\"https:\/\/www.lyceelecorbusier.eu\/les-formes-de-la-ruralite\/wp-content\/uploads\/sites\/21\/2016\/03\/IMG_7167.jpg\" \/>\n\n\n\t<div class=\"ms-thumb\" ><div class=\"ms-tab-context\"><div class=&quot;ms-tab-context&quot;><\/div><\/div>\n<\/div>\n\t\t\t\t<\/div>\n\t\t\t\t<div  class=\"ms-slide\" data-delay=\"3\" data-fill-mode=\"fit\"  >\n\t\t\t\t\t<img src=\"https:\/\/www.lyceelecorbusier.eu\/les-formes-de-la-ruralite\/wp-content\/plugins\/master-slider\/public\/assets\/css\/blank.gif\" alt=\"\" title=\"\" data-src=\"https:\/\/www.lyceelecorbusier.eu\/les-formes-de-la-ruralite\/wp-content\/uploads\/sites\/21\/2016\/03\/IMG_7166.jpg\" \/>\n\n\n\t<div class=\"ms-thumb\" ><div class=\"ms-tab-context\"><div class=&quot;ms-tab-context&quot;><\/div><\/div>\n<\/div>\n\t\t\t\t<\/div>\n\t\t\t\t<div  class=\"ms-slide\" data-delay=\"3\" data-fill-mode=\"fit\"  >\n\t\t\t\t\t<img src=\"https:\/\/www.lyceelecorbusier.eu\/les-formes-de-la-ruralite\/wp-content\/plugins\/master-slider\/public\/assets\/css\/blank.gif\" alt=\"\" title=\"\" data-src=\"https:\/\/www.lyceelecorbusier.eu\/les-formes-de-la-ruralite\/wp-content\/uploads\/sites\/21\/2016\/03\/IMG_7165.jpg\" \/>\n\n\n\t<div class=\"ms-thumb\" ><div class=\"ms-tab-context\"><div class=&quot;ms-tab-context&quot;><\/div><\/div>\n<\/div>\n\t\t\t\t<\/div>\n\t\t\t\t<div  class=\"ms-slide\" data-delay=\"3\" data-fill-mode=\"fit\"  >\n\t\t\t\t\t<img src=\"https:\/\/www.lyceelecorbusier.eu\/les-formes-de-la-ruralite\/wp-content\/plugins\/master-slider\/public\/assets\/css\/blank.gif\" alt=\"\" title=\"\" data-src=\"https:\/\/www.lyceelecorbusier.eu\/les-formes-de-la-ruralite\/wp-content\/uploads\/sites\/21\/2016\/03\/IMG_7164.jpg\" \/>\n\n\n\t<div class=\"ms-thumb\" ><div class=\"ms-tab-context\"><div class=&quot;ms-tab-context&quot;><\/div><\/div>\n<\/div>\n\t\t\t\t<\/div>\n\t\t\t\t<div  class=\"ms-slide\" data-delay=\"3\" data-fill-mode=\"fit\"  >\n\t\t\t\t\t<img src=\"https:\/\/www.lyceelecorbusier.eu\/les-formes-de-la-ruralite\/wp-content\/plugins\/master-slider\/public\/assets\/css\/blank.gif\" alt=\"\" title=\"\" data-src=\"https:\/\/www.lyceelecorbusier.eu\/les-formes-de-la-ruralite\/wp-content\/uploads\/sites\/21\/2016\/03\/IMG_7163.jpg\" \/>\n\n\n\t<div class=\"ms-thumb\" ><div class=\"ms-tab-context\"><div class=&quot;ms-tab-context&quot;><\/div><\/div>\n<\/div>\n\t\t\t\t<\/div>\n\t\t\t\t<div  class=\"ms-slide\" data-delay=\"3\" data-fill-mode=\"fit\"  >\n\t\t\t\t\t<img src=\"https:\/\/www.lyceelecorbusier.eu\/les-formes-de-la-ruralite\/wp-content\/plugins\/master-slider\/public\/assets\/css\/blank.gif\" alt=\"\" title=\"\" data-src=\"https:\/\/www.lyceelecorbusier.eu\/les-formes-de-la-ruralite\/wp-content\/uploads\/sites\/21\/2016\/03\/IMG_7162.jpg\" \/>\n\n\n\t<div class=\"ms-thumb\" ><div class=\"ms-tab-context\"><div class=&quot;ms-tab-context&quot;><\/div><\/div>\n<\/div>\n\t\t\t\t<\/div>\n\n\t\t\t<\/div>\n\t\t\t<!-- END MasterSlider Main -->\n\n\t\t\t \n\t\t<\/div>\n\t\t<!-- END MasterSlider -->\n\n\t\t<script>\n\t\t(function ( $ ) {\n\t\t\t\"use strict\";\n\n\t\t\t$(function () {\n\t\t\t\tvar masterslider_4ec0 = new MasterSlider();\n\n\t\t\t\t\/\/ slider controls\n\t\t\t\tmasterslider_4ec0.control('arrows'     ,{ autohide:true, overVideo:true  });\n\t\t\t\t\/\/ slider setup\n\t\t\t\tmasterslider_4ec0.setup(\"MS69f25575b4ec0\", {\n\t\t\t\t\t\twidth           : 1000,\n\t\t\t\t\t\theight          : 500,\n\t\t\t\t\t\tminHeight       : 0,\n\t\t\t\t\t\tspace           : 0,\n\t\t\t\t\t\tstart           : 1,\n\t\t\t\t\t\tgrabCursor      : true,\n\t\t\t\t\t\tswipe           : true,\n\t\t\t\t\t\tmouse           : true,\n\t\t\t\t\t\tlayout          : \"boxed\",\n\t\t\t\t\t\twheel           : false,\n\t\t\t\t\t\tautoplay        : false,\n\t\t\t\t\t\tinstantStartLayers:false,\n\t\t\t\t\t\tloop            : false,\n\t\t\t\t\t\tshuffle         : false,\n\t\t\t\t\t\tpreload         : 0,\n\t\t\t\t\t\theightLimit     : true,\n\t\t\t\t\t\tautoHeight      : false,\n\t\t\t\t\t\tsmoothHeight    : true,\n\t\t\t\t\t\tendPause        : false,\n\t\t\t\t\t\toverPause       : true,\n\t\t\t\t\t\tfillMode        : \"fill\",\n\t\t\t\t\t\tcenterControls  : true,\n\t\t\t\t\t\tstartOnAppear   : false,\n\t\t\t\t\t\tlayersMode      : \"center\",\n\t\t\t\t\t\thideLayers      : false,\n\t\t\t\t\t\tfullscreenMargin: 0,\n\t\t\t\t\t\tspeed           : 20,\n\t\t\t\t\t\tdir             : \"h\",\n\t\t\t\t\t\tparallaxMode    : 'swipe',\n\t\t\t\t\t\tview            : \"basic\"\n\t\t\t\t});\n\n\t\t\t\t\n\t\t\t\twindow.masterslider_instances = window.masterslider_instances || [];\n\t\t\t\twindow.masterslider_instances.push( masterslider_4ec0 );\n\t\t\t });\n\n\t\t})(jQuery);\n\t\t<\/script>\n\n\n","protected":false},"excerpt":{"rendered":"<p>Durant 4h, 8 \u00e9tudiants m\u00e9lang\u00e9s entre DSAA1 et DSAA2 ont travaill\u00e9s \u00e0 propos du projet de Guillaume Salesse. Chacun avait une casquette particuli\u00e8re allant du directeur artistique au reporter, du maquettiste au directeur technique, en passant par le&#8230; <a class=\"read-more\" href=\"https:\/\/www.lyceelecorbusier.eu\/les-formes-de-la-ruralite\/?p=304\">Lire la suite&#8230;<\/a><\/p>\n","protected":false},"author":1,"featured_media":339,"comment_status":"closed","ping_status":"closed","sticky":false,"template":"","format":"standard","meta":[],"categories":[2,7],"tags":[],"_links":{"self":[{"href":"https:\/\/www.lyceelecorbusier.eu\/les-formes-de-la-ruralite\/index.php?rest_route=\/wp\/v2\/posts\/304"}],"collection":[{"href":"https:\/\/www.lyceelecorbusier.eu\/les-formes-de-la-ruralite\/index.php?rest_route=\/wp\/v2\/posts"}],"about":[{"href":"https:\/\/www.lyceelecorbusier.eu\/les-formes-de-la-ruralite\/index.php?rest_route=\/wp\/v2\/types\/post"}],"author":[{"embeddable":true,"href":"https:\/\/www.lyceelecorbusier.eu\/les-formes-de-la-ruralite\/index.php?rest_route=\/wp\/v2\/users\/1"}],"replies":[{"embeddable":true,"href":"https:\/\/www.lyceelecorbusier.eu\/les-formes-de-la-ruralite\/index.php?rest_route=%2Fwp%2Fv2%2Fcomments&post=304"}],"version-history":[{"count":4,"href":"https:\/\/www.lyceelecorbusier.eu\/les-formes-de-la-ruralite\/index.php?rest_route=\/wp\/v2\/posts\/304\/revisions"}],"predecessor-version":[{"id":354,"href":"https:\/\/www.lyceelecorbusier.eu\/les-formes-de-la-ruralite\/index.php?rest_route=\/wp\/v2\/posts\/304\/revisions\/354"}],"wp:featuredmedia":[{"embeddable":true,"href":"https:\/\/www.lyceelecorbusier.eu\/les-formes-de-la-ruralite\/index.php?rest_route=\/wp\/v2\/media\/339"}],"wp:attachment":[{"href":"https:\/\/www.lyceelecorbusier.eu\/les-formes-de-la-ruralite\/index.php?rest_route=%2Fwp%2Fv2%2Fmedia&parent=304"}],"wp:term":[{"taxonomy":"category","embeddable":true,"href":"https:\/\/www.lyceelecorbusier.eu\/les-formes-de-la-ruralite\/index.php?rest_route=%2Fwp%2Fv2%2Fcategories&post=304"},{"taxonomy":"post_tag","embeddable":true,"href":"https:\/\/www.lyceelecorbusier.eu\/les-formes-de-la-ruralite\/index.php?rest_route=%2Fwp%2Fv2%2Ftags&post=304"}],"curies":[{"name":"wp","href":"https:\/\/api.w.org\/{rel}","templated":true}]}}