{"id":293,"date":"2016-03-02T20:02:46","date_gmt":"2016-03-02T19:02:46","guid":{"rendered":"http:\/\/www.lyceelecorbusier.eu\/les-formes-de-la-ruralite\/?p=293"},"modified":"2016-03-02T20:02:46","modified_gmt":"2016-03-02T19:02:46","slug":"janvier-le-gr-bata","status":"publish","type":"post","link":"https:\/\/www.lyceelecorbusier.eu\/les-formes-de-la-ruralite\/?p=293","title":{"rendered":"Janvier. Le GR Bata"},"content":{"rendered":"<p>Bataville, comme Natzwiller, est une ancienne ville industrielle. \u00c0 Bataville,\u00a0 Thomas Bata a construit une ville-entreprise fabriquant des chaussures, bas\u00e9e sur une utopie. La vie des employ\u00e9s \u00e9tait g\u00e9r\u00e9e par l&#8217;entreprise. Les salaires \u00e9taient plut\u00f4t hauts pour la r\u00e9gion, mais l&#8217;entreprise en r\u00e9cup\u00e9rait une partie car elle poss\u00e9dait les logements de la ville et fournissait, via une ferme, l&#8217;\u00e9picerie du village, ce dernier vivant presque en autosuffisance. L&#8217;entreprise a aussi construit une piscine et un terrain de foot et il \u00e9tait bien vu d&#8217;\u00eatre sportif pour d\u00e9crocher une promotion dans la vie professionnelle. Aujourd&#8217;hui ferm\u00e9e, l&#8217;usine, qui avant organisait la vie du village, est devenue un lieu rappelant un souvenir douloureux.<br \/>\nAujourd&#8217;hui l&#8217;Universit\u00e9 foraine (initi\u00e9 par l&#8217;atelier Construire) a investi ce lieu sur la demande du propri\u00e9taire actuel de l&#8217;usine pour y pr\u00e9figurer des projets orient\u00e9s vers l&#8217;avenir.<\/p>\n<p>Le Laboratoire du Dehors est intervenu dans le cadre de cette r\u00e9sidence. Je les ai aid\u00e9 le temps de quelques jours \u00e0 cr\u00e9er un &#8220;GR Bata&#8221;. Le constat de Th\u00e9o Sacchi, membre de l&#8217;Universit\u00e9 foraine est qu&#8217;il n&#8217;existe pas de promenade digne de ce nom pour les habitants de Bataville. Aujourd&#8217;hui la promenade du dimanche est de faire l&#8217;aller-retour vers l&#8217;usine, un chemin sur du b\u00e9ton dans une zone industrielle.<\/p>\n<p>Le &#8220;GR Bata&#8221; aura donc vocation \u00e0 proposer un autre regard sur la ville et \u00e0 valoriser le territoire. Ainsi la premi\u00e8re version de ce sentier passe par la for\u00eat, par l&#8217;usine puis par les &#8220;terre pollu\u00e9es&#8221;. Cette derni\u00e8re expression d\u00e9signe l&#8217;endroit o\u00f9 l&#8217;usine rejetait ses d\u00e9chets polluants. Liliana Motta et Camille Fr\u00e9chou , du Laboratoire du dehors ont la volont\u00e9 de travailler sur ces &#8220;terres pollu\u00e9es&#8221; pour les traiter gr\u00e2ce aux plantes et ainsi revaloriser cette partie de la ville dans laquelle personne ne va.<\/p>\n<p>Le parcours fait rentrer dans l&#8217;intimit\u00e9 de la ville,\u00a0 fait (re)d\u00e9couvrir aux habitants de nouveaux endroits. Le chemin a cette capacit\u00e9 de cr\u00e9er un rythme qui raconte la ville : usine\/for\u00eat\/ville. Il cr\u00e9\u00e9 du lien entre ses espaces si diff\u00e9rents et les fait exister ensemble au sein de la m\u00eame partition.\u00a0Le fait de se promener nous fait regarder les choses autrement, cela permet de regarder et d&#8217;appr\u00e9cier le monde tel qui l&#8217;est. Dans le cadre de l&#8217;universit\u00e9 foraine, du lieu, cela redonne des perspectives, cela permet de comprendre o\u00f9 l&#8217;on est &#8230;. pour lieux cerner l&#8217;endroit ou l&#8217;on voudrait aller.<\/p>\n<p>La promenade peut se voir comme un outil pour \u00e9changer, parler, raconter sur ce pass\u00e9 tr\u00e8s pr\u00e9sent \u00e0 Bataville. D&#8217;ailleurs, le but de ce sentier est aussi de diss\u00e9miner des lieux de rencontre, pour l&#8217;instant un vaste carr\u00e9 a \u00e9t\u00e9 d\u00e9blay\u00e9 pour pouvoir imaginer ce que pourrait donner cet espace si les travaux se prolongeaient. La volont\u00e9 des paysagistes est d&#8217;en faire un endroit de rencontre et de plaisir, avec des arbres fruitiers et des tables pour go\u00fbter ou pique-niquer. Les lieux de discussions informels sont tr\u00e8s importants dans la vie d&#8217;une ville car ils permettent aux gens de se croiser.<\/p>\n\n\t\t<!-- MasterSlider -->\n\t\t<div id=\"P_MS69f25479d11a3\" class=\"master-slider-parent msl ms-parent-id-5\" style=\"max-width:1000px;\">\n\n\t\t\t\n\t\t\t<!-- MasterSlider Main -->\n\t\t\t<div id=\"MS69f25479d11a3\" class=\"master-slider ms-skin-default\" >\n\t\t\t\t \t\t\t\t \n\t\t\t\t<div  class=\"ms-slide\" data-delay=\"3\" data-fill-mode=\"fit\"  >\n\t\t\t\t\t<img src=\"https:\/\/www.lyceelecorbusier.eu\/les-formes-de-la-ruralite\/wp-content\/plugins\/master-slider\/public\/assets\/css\/blank.gif\" alt=\"\" title=\"\" data-src=\"https:\/\/www.lyceelecorbusier.eu\/les-formes-de-la-ruralite\/wp-content\/uploads\/sites\/21\/2016\/03\/petit04.jpg\" \/>\n\n\n\t<div class=\"ms-thumb\" ><div class=\"ms-tab-context\"><div class=&quot;ms-tab-context&quot;><\/div><\/div>\n<\/div>\n\t\t\t\t<\/div>\n\t\t\t\t<div  class=\"ms-slide\" data-delay=\"3\" data-fill-mode=\"fit\"  >\n\t\t\t\t\t<img src=\"https:\/\/www.lyceelecorbusier.eu\/les-formes-de-la-ruralite\/wp-content\/plugins\/master-slider\/public\/assets\/css\/blank.gif\" alt=\"\" title=\"\" data-src=\"https:\/\/www.lyceelecorbusier.eu\/les-formes-de-la-ruralite\/wp-content\/uploads\/sites\/21\/2016\/03\/petit03.jpg\" \/>\n\n\n\t<div class=\"ms-thumb\" ><div class=\"ms-tab-context\"><div class=&quot;ms-tab-context&quot;><\/div><\/div>\n<\/div>\n\t\t\t\t<\/div>\n\t\t\t\t<div  class=\"ms-slide\" data-delay=\"3\" data-fill-mode=\"fit\"  >\n\t\t\t\t\t<img src=\"https:\/\/www.lyceelecorbusier.eu\/les-formes-de-la-ruralite\/wp-content\/plugins\/master-slider\/public\/assets\/css\/blank.gif\" alt=\"\" title=\"\" data-src=\"https:\/\/www.lyceelecorbusier.eu\/les-formes-de-la-ruralite\/wp-content\/uploads\/sites\/21\/2016\/03\/petti02.jpg\" \/>\n\n\n\t<div class=\"ms-thumb\" ><div class=\"ms-tab-context\"><div class=&quot;ms-tab-context&quot;><\/div><\/div>\n<\/div>\n\t\t\t\t<\/div>\n\t\t\t\t<div  class=\"ms-slide\" data-delay=\"3\" data-fill-mode=\"fit\"  >\n\t\t\t\t\t<img src=\"https:\/\/www.lyceelecorbusier.eu\/les-formes-de-la-ruralite\/wp-content\/plugins\/master-slider\/public\/assets\/css\/blank.gif\" alt=\"\" title=\"\" data-src=\"https:\/\/www.lyceelecorbusier.eu\/les-formes-de-la-ruralite\/wp-content\/uploads\/sites\/21\/2016\/03\/petit05.jpg\" \/>\n\n\n\t<div class=\"ms-thumb\" ><div class=\"ms-tab-context\"><div class=&quot;ms-tab-context&quot;><\/div><\/div>\n<\/div>\n\t\t\t\t<\/div>\n\n\t\t\t<\/div>\n\t\t\t<!-- END MasterSlider Main -->\n\n\t\t\t \n\t\t<\/div>\n\t\t<!-- END MasterSlider -->\n\n\t\t<script>\n\t\t(function ( $ ) {\n\t\t\t\"use strict\";\n\n\t\t\t$(function () {\n\t\t\t\tvar masterslider_11a3 = new MasterSlider();\n\n\t\t\t\t\/\/ slider controls\n\t\t\t\tmasterslider_11a3.control('arrows'     ,{ autohide:true, overVideo:true  });\n\t\t\t\tmasterslider_11a3.control('timebar'    ,{ autohide:true, overVideo:true, align:'bottom', color:'#FFFFFF'  , width:4 });\n\t\t\t\t\/\/ slider setup\n\t\t\t\tmasterslider_11a3.setup(\"MS69f25479d11a3\", {\n\t\t\t\t\t\twidth           : 1000,\n\t\t\t\t\t\theight          : 1000,\n\t\t\t\t\t\tminHeight       : 0,\n\t\t\t\t\t\tspace           : 0,\n\t\t\t\t\t\tstart           : 1,\n\t\t\t\t\t\tgrabCursor      : true,\n\t\t\t\t\t\tswipe           : true,\n\t\t\t\t\t\tmouse           : true,\n\t\t\t\t\t\tlayout          : \"boxed\",\n\t\t\t\t\t\twheel           : false,\n\t\t\t\t\t\tautoplay        : true,\n\t\t\t\t\t\tinstantStartLayers:false,\n\t\t\t\t\t\tloop            : false,\n\t\t\t\t\t\tshuffle         : false,\n\t\t\t\t\t\tpreload         : 0,\n\t\t\t\t\t\theightLimit     : true,\n\t\t\t\t\t\tautoHeight      : false,\n\t\t\t\t\t\tsmoothHeight    : true,\n\t\t\t\t\t\tendPause        : false,\n\t\t\t\t\t\toverPause       : false,\n\t\t\t\t\t\tfillMode        : \"fill\",\n\t\t\t\t\t\tcenterControls  : true,\n\t\t\t\t\t\tstartOnAppear   : false,\n\t\t\t\t\t\tlayersMode      : \"center\",\n\t\t\t\t\t\thideLayers      : false,\n\t\t\t\t\t\tfullscreenMargin: 0,\n\t\t\t\t\t\tspeed           : 20,\n\t\t\t\t\t\tdir             : \"h\",\n\t\t\t\t\t\tparallaxMode    : 'swipe',\n\t\t\t\t\t\tview            : \"fade\"\n\t\t\t\t});\n\n\t\t\t\t\n\t\t\t\twindow.masterslider_instances = window.masterslider_instances || [];\n\t\t\t\twindow.masterslider_instances.push( masterslider_11a3 );\n\t\t\t });\n\n\t\t})(jQuery);\n\t\t<\/script>\n\n\n","protected":false},"excerpt":{"rendered":"<p>Bataville, comme Natzwiller, est une ancienne ville industrielle. \u00c0 Bataville,\u00a0 Thomas Bata a construit une ville-entreprise fabriquant des chaussures, bas\u00e9e sur une utopie. La vie des employ\u00e9s \u00e9tait g\u00e9r\u00e9e par l&#8217;entreprise. Les salaires \u00e9taient plut\u00f4t hauts pour la&#8230; <a class=\"read-more\" href=\"https:\/\/www.lyceelecorbusier.eu\/les-formes-de-la-ruralite\/?p=293\">Lire la suite&#8230;<\/a><\/p>\n","protected":false},"author":1,"featured_media":0,"comment_status":"closed","ping_status":"closed","sticky":false,"template":"","format":"standard","meta":[],"categories":[2,5],"tags":[],"_links":{"self":[{"href":"https:\/\/www.lyceelecorbusier.eu\/les-formes-de-la-ruralite\/index.php?rest_route=\/wp\/v2\/posts\/293"}],"collection":[{"href":"https:\/\/www.lyceelecorbusier.eu\/les-formes-de-la-ruralite\/index.php?rest_route=\/wp\/v2\/posts"}],"about":[{"href":"https:\/\/www.lyceelecorbusier.eu\/les-formes-de-la-ruralite\/index.php?rest_route=\/wp\/v2\/types\/post"}],"author":[{"embeddable":true,"href":"https:\/\/www.lyceelecorbusier.eu\/les-formes-de-la-ruralite\/index.php?rest_route=\/wp\/v2\/users\/1"}],"replies":[{"embeddable":true,"href":"https:\/\/www.lyceelecorbusier.eu\/les-formes-de-la-ruralite\/index.php?rest_route=%2Fwp%2Fv2%2Fcomments&post=293"}],"version-history":[{"count":2,"href":"https:\/\/www.lyceelecorbusier.eu\/les-formes-de-la-ruralite\/index.php?rest_route=\/wp\/v2\/posts\/293\/revisions"}],"predecessor-version":[{"id":295,"href":"https:\/\/www.lyceelecorbusier.eu\/les-formes-de-la-ruralite\/index.php?rest_route=\/wp\/v2\/posts\/293\/revisions\/295"}],"wp:attachment":[{"href":"https:\/\/www.lyceelecorbusier.eu\/les-formes-de-la-ruralite\/index.php?rest_route=%2Fwp%2Fv2%2Fmedia&parent=293"}],"wp:term":[{"taxonomy":"category","embeddable":true,"href":"https:\/\/www.lyceelecorbusier.eu\/les-formes-de-la-ruralite\/index.php?rest_route=%2Fwp%2Fv2%2Fcategories&post=293"},{"taxonomy":"post_tag","embeddable":true,"href":"https:\/\/www.lyceelecorbusier.eu\/les-formes-de-la-ruralite\/index.php?rest_route=%2Fwp%2Fv2%2Ftags&post=293"}],"curies":[{"name":"wp","href":"https:\/\/api.w.org\/{rel}","templated":true}]}}