{"id":103,"date":"2015-10-03T13:35:26","date_gmt":"2015-10-03T12:35:26","guid":{"rendered":"http:\/\/www.lyceelecorbusier.eu\/les-formes-de-la-ruralite\/?p=103"},"modified":"2015-12-07T17:35:42","modified_gmt":"2015-12-07T16:35:42","slug":"presentation-john","status":"publish","type":"post","link":"https:\/\/www.lyceelecorbusier.eu\/les-formes-de-la-ruralite\/?p=103","title":{"rendered":"Guillaume Salesse"},"content":{"rendered":"<p><img loading=\"lazy\" class=\"aligncenter wp-image-120 size-thumbnail\" src=\"http:\/\/www.lyceelecorbusier.eu\/les-formes-de-la-ruralite\/wp-content\/uploads\/sites\/21\/2015\/10\/GuillaumeS-150x150.jpg\" alt=\"GuillaumeS\" width=\"150\" height=\"150\" srcset=\"https:\/\/www.lyceelecorbusier.eu\/les-formes-de-la-ruralite\/wp-content\/uploads\/sites\/21\/2015\/10\/GuillaumeS-150x150.jpg 150w, https:\/\/www.lyceelecorbusier.eu\/les-formes-de-la-ruralite\/wp-content\/uploads\/sites\/21\/2015\/10\/GuillaumeS-720x720.jpg 720w\" sizes=\"(max-width: 150px) 100vw, 150px\" \/><\/p>\n<p>\u00c9b\u00e9niste de formation, je poursuis mon cursus dans le domaine du design, au sein du DSAA In Situ Lab de Strasbourg. Afin d\u2019approfondir mes comp\u00e9tences cr\u00e9atives, j\u2019ai opt\u00e9 pour cette voie, qui correspond \u00e0 mon d\u00e9sir de travailler en groupe dans une d\u00e9marche pluridisciplinaire et globale. Il me semble primordial de questionner des ph\u00e9nom\u00e8nes existants par la mutualisation des comp\u00e9tences et en se confrontant aux r\u00e9alit\u00e9s des terrains.<\/p>\n","protected":false},"excerpt":{"rendered":"<p>\u00c9b\u00e9niste de formation, je poursuis mon cursus dans le domaine du design, au sein du DSAA In Situ Lab de Strasbourg. Afin d\u2019approfondir mes comp\u00e9tences cr\u00e9atives, j\u2019ai opt\u00e9 pour cette voie, qui correspond \u00e0 mon d\u00e9sir de travailler&#8230; <a class=\"read-more\" href=\"https:\/\/www.lyceelecorbusier.eu\/les-formes-de-la-ruralite\/?p=103\">Lire la suite&#8230;<\/a><\/p>\n","protected":false},"author":1,"featured_media":0,"comment_status":"closed","ping_status":"closed","sticky":false,"template":"","format":"standard","meta":[],"categories":[9],"tags":[],"_links":{"self":[{"href":"https:\/\/www.lyceelecorbusier.eu\/les-formes-de-la-ruralite\/index.php?rest_route=\/wp\/v2\/posts\/103"}],"collection":[{"href":"https:\/\/www.lyceelecorbusier.eu\/les-formes-de-la-ruralite\/index.php?rest_route=\/wp\/v2\/posts"}],"about":[{"href":"https:\/\/www.lyceelecorbusier.eu\/les-formes-de-la-ruralite\/index.php?rest_route=\/wp\/v2\/types\/post"}],"author":[{"embeddable":true,"href":"https:\/\/www.lyceelecorbusier.eu\/les-formes-de-la-ruralite\/index.php?rest_route=\/wp\/v2\/users\/1"}],"replies":[{"embeddable":true,"href":"https:\/\/www.lyceelecorbusier.eu\/les-formes-de-la-ruralite\/index.php?rest_route=%2Fwp%2Fv2%2Fcomments&post=103"}],"version-history":[{"count":4,"href":"https:\/\/www.lyceelecorbusier.eu\/les-formes-de-la-ruralite\/index.php?rest_route=\/wp\/v2\/posts\/103\/revisions"}],"predecessor-version":[{"id":184,"href":"https:\/\/www.lyceelecorbusier.eu\/les-formes-de-la-ruralite\/index.php?rest_route=\/wp\/v2\/posts\/103\/revisions\/184"}],"wp:attachment":[{"href":"https:\/\/www.lyceelecorbusier.eu\/les-formes-de-la-ruralite\/index.php?rest_route=%2Fwp%2Fv2%2Fmedia&parent=103"}],"wp:term":[{"taxonomy":"category","embeddable":true,"href":"https:\/\/www.lyceelecorbusier.eu\/les-formes-de-la-ruralite\/index.php?rest_route=%2Fwp%2Fv2%2Fcategories&post=103"},{"taxonomy":"post_tag","embeddable":true,"href":"https:\/\/www.lyceelecorbusier.eu\/les-formes-de-la-ruralite\/index.php?rest_route=%2Fwp%2Fv2%2Ftags&post=103"}],"curies":[{"name":"wp","href":"https:\/\/api.w.org\/{rel}","templated":true}]}}