{"id":315,"date":"2015-11-29T22:17:31","date_gmt":"2015-11-29T21:17:31","guid":{"rendered":"http:\/\/www.lyceelecorbusier.eu\/lectureslocales2\/?p=315"},"modified":"2015-11-29T22:17:31","modified_gmt":"2015-11-29T21:17:31","slug":"poulpypotheses","status":"publish","type":"post","link":"https:\/\/www.lyceelecorbusier.eu\/lectureslocales2\/?p=315","title":{"rendered":"Poulpypoth\u00e8ses"},"content":{"rendered":"<p><!--more--><\/p>\n<p>Le Poulp&#8217; est retourn\u00e9 sur le terrain vendredi matin (13\/11), avec l&#8217;intention de mieux cerner les besoins des habitants et des employ\u00e9s du centre culturel. A l&#8217;\u00e9chelle de la ville, et du b\u00e2timent en lui-m\u00eame, que mettre en place pour la communication du site ? Comment faire transpara\u00eetre les fonctions de ce centre\u00a0? Comment am\u00e9liorer l&#8217;ergonomie des espaces ?<\/p>\n<p>Pour y r\u00e9pondre, Le poulp&#8217; a men\u00e9 l&#8217;enqu\u00eate au march\u00e9 et dans les rues du centre, puis dans le ch\u00e2teau. Au menu, une carte de la ville permettant aux interrog\u00e9s d&#8217;indiquer leur cheminement habituel dans la ville, et s&#8217;ils connaissent le centre culturel, quelles voient ils ont l&#8217;habitude d&#8217;emprunter. Le poulp&#8217; vise en fait \u00e0 trouver les points de croisement les plus fr\u00e9quents, l\u00e0 o\u00f9 le plus de chemins se superposent, pour \u00e9tablir une strat\u00e9gie de communication dans la ville. En effet, mise \u00e0 part un panneau d&#8217;information g\u00e9n\u00e9rale, aucune com du ch\u00e2teau n&#8217;existe et c&#8217;est \u00e0 peine si l&#8217;on trouve le chemin y menant.<\/p>\n<p>Dans un m\u00eame temps, \u00e0 l&#8217;aide d&#8217;un marker et d&#8217;un tableau comportant un nouveau logo repr\u00e9sentant le ch\u00e2teau, le poulp&#8217; a demand\u00e9 aux personnes qu&#8217;il a rencontr\u00e9 de qualifier le centre culturel de mani\u00e8re spontan\u00e9e. Plusieurs de nos hypoth\u00e8ses ont \u00e9t\u00e9 confirm\u00e9es\u00a0: celle du manque d&#8217;accueil et de signal\u00e9tique au sein du\u00a0ch\u00e2teau, celle du manque de communication dans le centre-ville sur l&#8217;emplacement et sur les activit\u00e9s du site, et le sentiment de distance vis-\u00e0-vis de la programmation du cin\u00e9ma. Le poulp&#8217; rel\u00e8ve aussi les interrogations au sujet de l&#8217;utilit\u00e9 du mus\u00e9e.<\/p>\n<p><a href=\"http:\/\/www.lyceelecorbusier.eu\/lectureslocales2\/wp-content\/uploads\/sites\/24\/2015\/11\/IMG_0170.jpg\"><img loading=\"lazy\" class=\"aligncenter wp-image-930 size-full\" src=\"http:\/\/www.lyceelecorbusier.eu\/lectureslocales2\/wp-content\/uploads\/sites\/24\/2015\/11\/IMG_0170.jpg\" alt=\"IMG_0170\" width=\"1000\" height=\"750\" srcset=\"https:\/\/www.lyceelecorbusier.eu\/lectureslocales2\/wp-content\/uploads\/sites\/24\/2015\/11\/IMG_0170.jpg 1000w, https:\/\/www.lyceelecorbusier.eu\/lectureslocales2\/wp-content\/uploads\/sites\/24\/2015\/11\/IMG_0170-300x225.jpg 300w, https:\/\/www.lyceelecorbusier.eu\/lectureslocales2\/wp-content\/uploads\/sites\/24\/2015\/11\/IMG_0170-960x720.jpg 960w\" sizes=\"(max-width: 1000px) 100vw, 1000px\" \/><\/a> <a href=\"http:\/\/www.lyceelecorbusier.eu\/lectureslocales2\/wp-content\/uploads\/sites\/24\/2015\/11\/IMG_0177.jpg\"><img loading=\"lazy\" class=\"aligncenter wp-image-931 size-full\" src=\"http:\/\/www.lyceelecorbusier.eu\/lectureslocales2\/wp-content\/uploads\/sites\/24\/2015\/11\/IMG_0177.jpg\" alt=\"IMG_0177\" width=\"1000\" height=\"750\" srcset=\"https:\/\/www.lyceelecorbusier.eu\/lectureslocales2\/wp-content\/uploads\/sites\/24\/2015\/11\/IMG_0177.jpg 1000w, https:\/\/www.lyceelecorbusier.eu\/lectureslocales2\/wp-content\/uploads\/sites\/24\/2015\/11\/IMG_0177-300x225.jpg 300w, https:\/\/www.lyceelecorbusier.eu\/lectureslocales2\/wp-content\/uploads\/sites\/24\/2015\/11\/IMG_0177-960x720.jpg 960w\" sizes=\"(max-width: 1000px) 100vw, 1000px\" \/><\/a> <a href=\"http:\/\/www.lyceelecorbusier.eu\/lectureslocales2\/wp-content\/uploads\/sites\/24\/2015\/11\/IMG_0179.jpg\"><img loading=\"lazy\" class=\"aligncenter wp-image-932 size-full\" src=\"http:\/\/www.lyceelecorbusier.eu\/lectureslocales2\/wp-content\/uploads\/sites\/24\/2015\/11\/IMG_0179.jpg\" alt=\"IMG_0179\" width=\"1000\" height=\"750\" srcset=\"https:\/\/www.lyceelecorbusier.eu\/lectureslocales2\/wp-content\/uploads\/sites\/24\/2015\/11\/IMG_0179.jpg 1000w, https:\/\/www.lyceelecorbusier.eu\/lectureslocales2\/wp-content\/uploads\/sites\/24\/2015\/11\/IMG_0179-300x225.jpg 300w, https:\/\/www.lyceelecorbusier.eu\/lectureslocales2\/wp-content\/uploads\/sites\/24\/2015\/11\/IMG_0179-960x720.jpg 960w\" sizes=\"(max-width: 1000px) 100vw, 1000px\" \/><\/a><\/p>\n<p>Est venu le temps de se concerter avec Eric Giessenhoffer sur les r\u00e9sultats de l&#8217;enqu\u00eate. Le poulp&#8217; vise juste\u00a0: Eric donne l&#8217;opportunit\u00e9 de concr\u00e9tiser une demande possible du centre culturel envers la mairie. Il s&#8217;ag\u00eet, dans un premier temps de mettre en place deux \u00e0 trois \u00ab\u00a0sucettes\u00a0\u00bb (dispositifs de pub\/com) en ville, et ainsi de propager l&#8217;identit\u00e9 et les informations propres au ch\u00e2teau, dans Mutzig et aux endroits strat\u00e9giquement d\u00e9finis par le poulp&#8217;. Dans un second temps, des calico (ou grands formats verticaux) peuvent \u00eatre r\u00e9alis\u00e9s\u00a0: c&#8217;est une hypoth\u00e8se cr\u00e9dible et coh\u00e9rente avec le budget. Ils seraient soit de format lampadaire et diss\u00e9min\u00e9s en ville, soit un grand, qui est l&#8217;id\u00e9e la plus soutenue, qui serait d\u00e9roul\u00e9 le long de la fa\u00e7ade aveugle de la tour Nord-Ouest. Par ailleurs l&#8217;id\u00e9e d&#8217;un espace d&#8217;accueil signal\u00e9tique, peut-\u00eatre ne consistant qu&#8217;en un panneau, des directions et des pr\u00e9sentoirs, est aussi valid\u00e9e. Pour r\u00e9aliser toutes ces interventions, le poulp&#8217; n&#8217;a pas le choix, il doit cr\u00e9er une vraie charte graphique au lieu, pour pouvoir la d\u00e9cliner et faire changer de dimension ce lieu plein de potentiel.<\/p>\n<p>Avant de partir, le poulp&#8217; rel\u00e8ve de nouveau des d\u00e9tails de mat\u00e9riaux et de graphismes, les couleurs,etc pr\u00e9sents sur place&#8230; \u00a0et s&#8217;interroge sur l&#8217;am\u00e9nagement du rez-de-chauss\u00e9e de la biblioth\u00e8que : les 38 \u00e9tag\u00e8res sont du c\u00f4t\u00e9 de l&#8217;escalier le moins accessible, alors que l&#8217;autre c\u00f4t\u00e9 est uniquement parsem\u00e9 de canap\u00e9s comme dans une salle d&#8217;attente. Peut mieux faire ?<\/p>\n","protected":false},"excerpt":{"rendered":"","protected":false},"author":1,"featured_media":933,"comment_status":"closed","ping_status":"closed","sticky":false,"template":"","format":"standard","meta":[],"categories":[5],"tags":[],"_links":{"self":[{"href":"https:\/\/www.lyceelecorbusier.eu\/lectureslocales2\/index.php?rest_route=\/wp\/v2\/posts\/315"}],"collection":[{"href":"https:\/\/www.lyceelecorbusier.eu\/lectureslocales2\/index.php?rest_route=\/wp\/v2\/posts"}],"about":[{"href":"https:\/\/www.lyceelecorbusier.eu\/lectureslocales2\/index.php?rest_route=\/wp\/v2\/types\/post"}],"author":[{"embeddable":true,"href":"https:\/\/www.lyceelecorbusier.eu\/lectureslocales2\/index.php?rest_route=\/wp\/v2\/users\/1"}],"replies":[{"embeddable":true,"href":"https:\/\/www.lyceelecorbusier.eu\/lectureslocales2\/index.php?rest_route=%2Fwp%2Fv2%2Fcomments&post=315"}],"version-history":[{"count":7,"href":"https:\/\/www.lyceelecorbusier.eu\/lectureslocales2\/index.php?rest_route=\/wp\/v2\/posts\/315\/revisions"}],"predecessor-version":[{"id":934,"href":"https:\/\/www.lyceelecorbusier.eu\/lectureslocales2\/index.php?rest_route=\/wp\/v2\/posts\/315\/revisions\/934"}],"wp:featuredmedia":[{"embeddable":true,"href":"https:\/\/www.lyceelecorbusier.eu\/lectureslocales2\/index.php?rest_route=\/wp\/v2\/media\/933"}],"wp:attachment":[{"href":"https:\/\/www.lyceelecorbusier.eu\/lectureslocales2\/index.php?rest_route=%2Fwp%2Fv2%2Fmedia&parent=315"}],"wp:term":[{"taxonomy":"category","embeddable":true,"href":"https:\/\/www.lyceelecorbusier.eu\/lectureslocales2\/index.php?rest_route=%2Fwp%2Fv2%2Fcategories&post=315"},{"taxonomy":"post_tag","embeddable":true,"href":"https:\/\/www.lyceelecorbusier.eu\/lectureslocales2\/index.php?rest_route=%2Fwp%2Fv2%2Ftags&post=315"}],"curies":[{"name":"wp","href":"https:\/\/api.w.org\/{rel}","templated":true}]}}