{"id":208,"date":"2015-11-17T23:01:45","date_gmt":"2015-11-17T22:01:45","guid":{"rendered":"http:\/\/www.lyceelecorbusier.eu\/lectureslocales2\/?p=208"},"modified":"2015-12-17T14:27:01","modified_gmt":"2015-12-17T13:27:01","slug":"vendredi-6-novembre-decouverte-de-donnenheim","status":"publish","type":"post","link":"https:\/\/www.lyceelecorbusier.eu\/lectureslocales2\/?p=208","title":{"rendered":"#Vendredi 6 novembre"},"content":{"rendered":"\n\n\t\t<div class=\"organic-tabs\">\n\t\t\t<ul><li><a href=\"#tabs-1\">D\u00e9couverte de Donnenheim<\/a><\/li>\n<li><a href=\"#tabs-2\">visite de la biblioth\u00e8que de Brumath<\/a><\/li><\/ul>\n\t\t\t\n \n\t\t\t<div id=\"tabs-1\">\n\t\t\t\t<h3>D\u00e9couverte de Donnenheim<\/h3>\n\t\t\t\tLa BDBR confie \u00e0 \u00ab murmure design \u00bb la commune de Donnenheim. C\u2019est un petit village en expansion d\u2019environ 300 habitants au nord de Strasbourg. Il poss\u00e8de depuis la rentr\u00e9e de septembre une \u00e9cole maternelle et primaire intercommunale : la rose des vents, regroupant les enfants de quatre villages environnant. La municipalit\u00e9 fait parti d\u2019un r\u00e9seau de lecture intercommunal avec trois autres entit\u00e9s ( Biblioth\u00e8que de Mommenheim, Point lecture de Donnenheim, et Biblioth\u00e8que de Brumath) g\u00e9r\u00e9s par la biblioth\u00e8que de Brumath. Ce r\u00e9seau a pour but de cr\u00e9er une nouvelle structure, d\u2019\u00e9largir l\u2019offre culturelle de proximit\u00e9 et de mutualiser les services pour que les communes se sentent moins isol\u00e9es.<\/p>\n<p><a href=\"http:\/\/www.lyceelecorbusier.eu\/lectureslocales2\/wp-content\/uploads\/sites\/24\/2015\/11\/IMG_6283.jpg\"><img loading=\"lazy\" class=\"alignnone wp-image-427\" src=\"http:\/\/www.lyceelecorbusier.eu\/lectureslocales2\/wp-content\/uploads\/sites\/24\/2015\/11\/IMG_6283-150x150.jpg\" alt=\"IMG_6283\" width=\"170\" height=\"113\" srcset=\"https:\/\/www.lyceelecorbusier.eu\/lectureslocales2\/wp-content\/uploads\/sites\/24\/2015\/11\/IMG_6283-300x200.jpg 300w, https:\/\/www.lyceelecorbusier.eu\/lectureslocales2\/wp-content\/uploads\/sites\/24\/2015\/11\/IMG_6283-1024x683.jpg 1024w, https:\/\/www.lyceelecorbusier.eu\/lectureslocales2\/wp-content\/uploads\/sites\/24\/2015\/11\/IMG_6283-960x640.jpg 960w, https:\/\/www.lyceelecorbusier.eu\/lectureslocales2\/wp-content\/uploads\/sites\/24\/2015\/11\/IMG_6283.jpg 1500w\" sizes=\"(max-width: 170px) 100vw, 170px\" \/><\/a> <a href=\"http:\/\/www.lyceelecorbusier.eu\/lectureslocales2\/wp-content\/uploads\/sites\/24\/2015\/11\/IMG_6345.jpg\"><img loading=\"lazy\" class=\"alignnone wp-image-425\" src=\"http:\/\/www.lyceelecorbusier.eu\/lectureslocales2\/wp-content\/uploads\/sites\/24\/2015\/11\/IMG_6345-150x150.jpg\" alt=\"IMG_6345\" width=\"170\" height=\"113\" srcset=\"https:\/\/www.lyceelecorbusier.eu\/lectureslocales2\/wp-content\/uploads\/sites\/24\/2015\/11\/IMG_6345-300x200.jpg 300w, https:\/\/www.lyceelecorbusier.eu\/lectureslocales2\/wp-content\/uploads\/sites\/24\/2015\/11\/IMG_6345-1024x683.jpg 1024w, https:\/\/www.lyceelecorbusier.eu\/lectureslocales2\/wp-content\/uploads\/sites\/24\/2015\/11\/IMG_6345-960x640.jpg 960w, https:\/\/www.lyceelecorbusier.eu\/lectureslocales2\/wp-content\/uploads\/sites\/24\/2015\/11\/IMG_6345.jpg 1500w\" sizes=\"(max-width: 170px) 100vw, 170px\" \/><\/a> <a href=\"http:\/\/www.lyceelecorbusier.eu\/lectureslocales2\/wp-content\/uploads\/sites\/24\/2015\/11\/IMG_6339.jpg\"><img loading=\"lazy\" class=\"alignnone wp-image-424\" src=\"http:\/\/www.lyceelecorbusier.eu\/lectureslocales2\/wp-content\/uploads\/sites\/24\/2015\/11\/IMG_6339-150x150.jpg\" alt=\"IMG_6339\" width=\"170\" height=\"113\" srcset=\"https:\/\/www.lyceelecorbusier.eu\/lectureslocales2\/wp-content\/uploads\/sites\/24\/2015\/11\/IMG_6339-300x200.jpg 300w, https:\/\/www.lyceelecorbusier.eu\/lectureslocales2\/wp-content\/uploads\/sites\/24\/2015\/11\/IMG_6339-1024x683.jpg 1024w, https:\/\/www.lyceelecorbusier.eu\/lectureslocales2\/wp-content\/uploads\/sites\/24\/2015\/11\/IMG_6339-960x640.jpg 960w, https:\/\/www.lyceelecorbusier.eu\/lectureslocales2\/wp-content\/uploads\/sites\/24\/2015\/11\/IMG_6339.jpg 1500w\" sizes=\"(max-width: 170px) 100vw, 170px\" \/><\/a> <a href=\"http:\/\/www.lyceelecorbusier.eu\/lectureslocales2\/wp-content\/uploads\/sites\/24\/2015\/11\/IMG_6294.jpg\"><img loading=\"lazy\" class=\"alignnone wp-image-422\" src=\"http:\/\/www.lyceelecorbusier.eu\/lectureslocales2\/wp-content\/uploads\/sites\/24\/2015\/11\/IMG_6294-150x150.jpg\" alt=\"IMG_6294\" width=\"170\" height=\"255\" srcset=\"https:\/\/www.lyceelecorbusier.eu\/lectureslocales2\/wp-content\/uploads\/sites\/24\/2015\/11\/IMG_6294-200x300.jpg 200w, https:\/\/www.lyceelecorbusier.eu\/lectureslocales2\/wp-content\/uploads\/sites\/24\/2015\/11\/IMG_6294-640x960.jpg 640w, https:\/\/www.lyceelecorbusier.eu\/lectureslocales2\/wp-content\/uploads\/sites\/24\/2015\/11\/IMG_6294.jpg 667w\" sizes=\"(max-width: 170px) 100vw, 170px\" \/><\/a> <a href=\"http:\/\/www.lyceelecorbusier.eu\/lectureslocales2\/wp-content\/uploads\/sites\/24\/2015\/11\/IMG_6303.jpg\"><img loading=\"lazy\" class=\"alignnone wp-image-423\" src=\"http:\/\/www.lyceelecorbusier.eu\/lectureslocales2\/wp-content\/uploads\/sites\/24\/2015\/11\/IMG_6303-150x150.jpg\" alt=\"IMG_6303\" width=\"170\" height=\"113\" srcset=\"https:\/\/www.lyceelecorbusier.eu\/lectureslocales2\/wp-content\/uploads\/sites\/24\/2015\/11\/IMG_6303-300x200.jpg 300w, https:\/\/www.lyceelecorbusier.eu\/lectureslocales2\/wp-content\/uploads\/sites\/24\/2015\/11\/IMG_6303-1024x683.jpg 1024w, https:\/\/www.lyceelecorbusier.eu\/lectureslocales2\/wp-content\/uploads\/sites\/24\/2015\/11\/IMG_6303-960x640.jpg 960w, https:\/\/www.lyceelecorbusier.eu\/lectureslocales2\/wp-content\/uploads\/sites\/24\/2015\/11\/IMG_6303.jpg 1500w\" sizes=\"(max-width: 170px) 100vw, 170px\" \/><\/a> <a href=\"http:\/\/www.lyceelecorbusier.eu\/lectureslocales2\/wp-content\/uploads\/sites\/24\/2015\/11\/IMG_6288-1.jpg\"><img loading=\"lazy\" class=\"alignnone wp-image-421\" src=\"http:\/\/www.lyceelecorbusier.eu\/lectureslocales2\/wp-content\/uploads\/sites\/24\/2015\/11\/IMG_6288-1-150x150.jpg\" alt=\"IMG_6288 (1)\" width=\"170\" height=\"255\" srcset=\"https:\/\/www.lyceelecorbusier.eu\/lectureslocales2\/wp-content\/uploads\/sites\/24\/2015\/11\/IMG_6288-1-200x300.jpg 200w, https:\/\/www.lyceelecorbusier.eu\/lectureslocales2\/wp-content\/uploads\/sites\/24\/2015\/11\/IMG_6288-1-640x960.jpg 640w, https:\/\/www.lyceelecorbusier.eu\/lectureslocales2\/wp-content\/uploads\/sites\/24\/2015\/11\/IMG_6288-1.jpg 667w\" sizes=\"(max-width: 170px) 100vw, 170px\" \/><\/a> <a href=\"http:\/\/www.lyceelecorbusier.eu\/lectureslocales2\/wp-content\/uploads\/sites\/24\/2015\/11\/IMG_6257.jpg\"><img loading=\"lazy\" class=\"alignnone wp-image-418\" src=\"http:\/\/www.lyceelecorbusier.eu\/lectureslocales2\/wp-content\/uploads\/sites\/24\/2015\/11\/IMG_6257-150x150.jpg\" alt=\"IMG_6257\" width=\"170\" height=\"113\" srcset=\"https:\/\/www.lyceelecorbusier.eu\/lectureslocales2\/wp-content\/uploads\/sites\/24\/2015\/11\/IMG_6257-300x200.jpg 300w, https:\/\/www.lyceelecorbusier.eu\/lectureslocales2\/wp-content\/uploads\/sites\/24\/2015\/11\/IMG_6257-1024x683.jpg 1024w, https:\/\/www.lyceelecorbusier.eu\/lectureslocales2\/wp-content\/uploads\/sites\/24\/2015\/11\/IMG_6257-960x640.jpg 960w, https:\/\/www.lyceelecorbusier.eu\/lectureslocales2\/wp-content\/uploads\/sites\/24\/2015\/11\/IMG_6257.jpg 1500w\" sizes=\"(max-width: 170px) 100vw, 170px\" \/><\/a> <a href=\"http:\/\/www.lyceelecorbusier.eu\/lectureslocales2\/wp-content\/uploads\/sites\/24\/2015\/11\/IMG_6249.jpg\"><img loading=\"lazy\" class=\"alignnone wp-image-417\" src=\"http:\/\/www.lyceelecorbusier.eu\/lectureslocales2\/wp-content\/uploads\/sites\/24\/2015\/11\/IMG_6249-150x150.jpg\" alt=\"IMG_6249\" width=\"170\" height=\"113\" srcset=\"https:\/\/www.lyceelecorbusier.eu\/lectureslocales2\/wp-content\/uploads\/sites\/24\/2015\/11\/IMG_6249-300x200.jpg 300w, https:\/\/www.lyceelecorbusier.eu\/lectureslocales2\/wp-content\/uploads\/sites\/24\/2015\/11\/IMG_6249-1024x683.jpg 1024w, https:\/\/www.lyceelecorbusier.eu\/lectureslocales2\/wp-content\/uploads\/sites\/24\/2015\/11\/IMG_6249-960x640.jpg 960w, https:\/\/www.lyceelecorbusier.eu\/lectureslocales2\/wp-content\/uploads\/sites\/24\/2015\/11\/IMG_6249.jpg 1500w\" sizes=\"(max-width: 170px) 100vw, 170px\" \/><\/a><\/p>\n<p>Le point lecture de Donnenheim est anim\u00e9 gr\u00e2ce \u00e0 une \u00e9quipe de 8 b\u00e9n\u00e9voles, 8 villageoises de Donneheim motiv\u00e9es \u00e0 faire venir\/revenir le public dans leur structure, qui s\u2019est tourn\u00e9 depuis peu vers la nouvelle et consid\u00e9rable biblioth\u00e8que de Brumath.<br \/>\nLe point lecture se situe au premier \u00e9tage d\u2019un b\u00e2timent se situant au centre du village et regroupant la salle polyvalente et la mairie. C\u2019est le lieu principal d\u2019activit\u00e9s, comme nous l\u2019explique les b\u00e9n\u00e9voles mais le premier \u00e9tage n\u2019est pas accessible \u00e0 tous et les activit\u00e9s peuvent parfois cr\u00e9er une g\u00e8ne suppl\u00e9mentaire quand \u00e0 l\u2019acc\u00e8s.<\/p>\n<p><a href=\"http:\/\/www.lyceelecorbusier.eu\/lectureslocales2\/wp-content\/uploads\/sites\/24\/2015\/11\/IMG_62631.jpg\"><img loading=\"lazy\" class=\"alignnone wp-image-428\" src=\"http:\/\/www.lyceelecorbusier.eu\/lectureslocales2\/wp-content\/uploads\/sites\/24\/2015\/11\/IMG_62631-300x200.jpg\" alt=\"IMG_6263\" width=\"350\" height=\"233\" srcset=\"https:\/\/www.lyceelecorbusier.eu\/lectureslocales2\/wp-content\/uploads\/sites\/24\/2015\/11\/IMG_62631-300x200.jpg 300w, https:\/\/www.lyceelecorbusier.eu\/lectureslocales2\/wp-content\/uploads\/sites\/24\/2015\/11\/IMG_62631-1024x683.jpg 1024w, https:\/\/www.lyceelecorbusier.eu\/lectureslocales2\/wp-content\/uploads\/sites\/24\/2015\/11\/IMG_62631-960x640.jpg 960w, https:\/\/www.lyceelecorbusier.eu\/lectureslocales2\/wp-content\/uploads\/sites\/24\/2015\/11\/IMG_62631.jpg 1500w\" sizes=\"(max-width: 350px) 100vw, 350px\" \/><\/a> <a href=\"http:\/\/www.lyceelecorbusier.eu\/lectureslocales2\/wp-content\/uploads\/sites\/24\/2015\/11\/IMG_62661.jpg\"><img loading=\"lazy\" class=\"alignnone wp-image-429\" src=\"http:\/\/www.lyceelecorbusier.eu\/lectureslocales2\/wp-content\/uploads\/sites\/24\/2015\/11\/IMG_62661-300x200.jpg\" alt=\"IMG_6266\" width=\"350\" height=\"233\" srcset=\"https:\/\/www.lyceelecorbusier.eu\/lectureslocales2\/wp-content\/uploads\/sites\/24\/2015\/11\/IMG_62661-300x200.jpg 300w, https:\/\/www.lyceelecorbusier.eu\/lectureslocales2\/wp-content\/uploads\/sites\/24\/2015\/11\/IMG_62661-1024x683.jpg 1024w, https:\/\/www.lyceelecorbusier.eu\/lectureslocales2\/wp-content\/uploads\/sites\/24\/2015\/11\/IMG_62661-960x640.jpg 960w, https:\/\/www.lyceelecorbusier.eu\/lectureslocales2\/wp-content\/uploads\/sites\/24\/2015\/11\/IMG_62661.jpg 1500w\" sizes=\"(max-width: 350px) 100vw, 350px\" \/><\/a> <a href=\"http:\/\/www.lyceelecorbusier.eu\/lectureslocales2\/wp-content\/uploads\/sites\/24\/2015\/11\/IMG_6274.jpg\"><img loading=\"lazy\" class=\"alignnone wp-image-430\" src=\"http:\/\/www.lyceelecorbusier.eu\/lectureslocales2\/wp-content\/uploads\/sites\/24\/2015\/11\/IMG_6274.jpg\" alt=\"IMG_6274\" width=\"700\" height=\"1049\" srcset=\"https:\/\/www.lyceelecorbusier.eu\/lectureslocales2\/wp-content\/uploads\/sites\/24\/2015\/11\/IMG_6274.jpg 667w, https:\/\/www.lyceelecorbusier.eu\/lectureslocales2\/wp-content\/uploads\/sites\/24\/2015\/11\/IMG_6274-200x300.jpg 200w, https:\/\/www.lyceelecorbusier.eu\/lectureslocales2\/wp-content\/uploads\/sites\/24\/2015\/11\/IMG_6274-640x960.jpg 640w\" sizes=\"(max-width: 700px) 100vw, 700px\" \/><\/a><\/p>\n<p>Pour\u00a0les ouvrages qui meublent le lieu, le point lecture a re\u00e7u de nombreux livres provenant du point lecture d\u2019Olwisheim qui a r\u00e9cemment ferm\u00e9, la salle a alors \u00e9t\u00e9 r\u00e9am\u00e9nag\u00e9 pour accueillir ces nouveaux documents dont la place rend l\u2019espace encore plus confin\u00e9.<br \/>\nDeux matins par mois : le jeudi, le point lecture accueil deux classe de l\u2019\u00e9cole. Ce sont une vingtaine d\u2019enfants qui d\u00e9ambule dans un lieu restreint, il n\u2019y a pas vraiment de lieu d\u2019accueil, ou de lieu de pause pour raconter des histoires ou anim\u00e9s d\u2019autres types d\u2019activit\u00e9s.<\/p>\n<p><a href=\"http:\/\/www.lyceelecorbusier.eu\/lectureslocales2\/wp-content\/uploads\/sites\/24\/2015\/11\/IMG_6349.jpg\"><img loading=\"lazy\" class=\"alignnone wp-image-435\" src=\"http:\/\/www.lyceelecorbusier.eu\/lectureslocales2\/wp-content\/uploads\/sites\/24\/2015\/11\/IMG_6351-150x150.jpg\" alt=\"IMG_6351\" width=\"170\" height=\"113\" srcset=\"https:\/\/www.lyceelecorbusier.eu\/lectureslocales2\/wp-content\/uploads\/sites\/24\/2015\/11\/IMG_6351-300x200.jpg 300w, https:\/\/www.lyceelecorbusier.eu\/lectureslocales2\/wp-content\/uploads\/sites\/24\/2015\/11\/IMG_6351-1024x683.jpg 1024w, https:\/\/www.lyceelecorbusier.eu\/lectureslocales2\/wp-content\/uploads\/sites\/24\/2015\/11\/IMG_6351-960x640.jpg 960w, https:\/\/www.lyceelecorbusier.eu\/lectureslocales2\/wp-content\/uploads\/sites\/24\/2015\/11\/IMG_6351.jpg 1500w\" sizes=\"(max-width: 170px) 100vw, 170px\" \/><img loading=\"lazy\" class=\"alignnone wp-image-434\" src=\"http:\/\/www.lyceelecorbusier.eu\/lectureslocales2\/wp-content\/uploads\/sites\/24\/2015\/11\/IMG_6349-150x150.jpg\" alt=\"IMG_6349\" width=\"170\" height=\"255\" srcset=\"https:\/\/www.lyceelecorbusier.eu\/lectureslocales2\/wp-content\/uploads\/sites\/24\/2015\/11\/IMG_6349-200x300.jpg 200w, https:\/\/www.lyceelecorbusier.eu\/lectureslocales2\/wp-content\/uploads\/sites\/24\/2015\/11\/IMG_6349-640x960.jpg 640w, https:\/\/www.lyceelecorbusier.eu\/lectureslocales2\/wp-content\/uploads\/sites\/24\/2015\/11\/IMG_6349.jpg 667w\" sizes=\"(max-width: 170px) 100vw, 170px\" \/><\/a> \u00a0<a href=\"http:\/\/www.lyceelecorbusier.eu\/lectureslocales2\/wp-content\/uploads\/sites\/24\/2015\/11\/IMG_6359.jpg\"><img loading=\"lazy\" class=\"alignnone wp-image-439\" src=\"http:\/\/www.lyceelecorbusier.eu\/lectureslocales2\/wp-content\/uploads\/sites\/24\/2015\/11\/IMG_6359-150x150.jpg\" alt=\"IMG_6359\" width=\"170\" height=\"113\" srcset=\"https:\/\/www.lyceelecorbusier.eu\/lectureslocales2\/wp-content\/uploads\/sites\/24\/2015\/11\/IMG_6359-300x200.jpg 300w, https:\/\/www.lyceelecorbusier.eu\/lectureslocales2\/wp-content\/uploads\/sites\/24\/2015\/11\/IMG_6359-1024x683.jpg 1024w, https:\/\/www.lyceelecorbusier.eu\/lectureslocales2\/wp-content\/uploads\/sites\/24\/2015\/11\/IMG_6359-960x640.jpg 960w, https:\/\/www.lyceelecorbusier.eu\/lectureslocales2\/wp-content\/uploads\/sites\/24\/2015\/11\/IMG_6359.jpg 1500w\" sizes=\"(max-width: 170px) 100vw, 170px\" \/><\/a> <a href=\"http:\/\/www.lyceelecorbusier.eu\/lectureslocales2\/wp-content\/uploads\/sites\/24\/2015\/11\/IMG_6362.jpg\"><img loading=\"lazy\" class=\"alignnone wp-image-441\" src=\"http:\/\/www.lyceelecorbusier.eu\/lectureslocales2\/wp-content\/uploads\/sites\/24\/2015\/11\/IMG_6362-150x150.jpg\" alt=\"IMG_6362\" width=\"170\" height=\"255\" srcset=\"https:\/\/www.lyceelecorbusier.eu\/lectureslocales2\/wp-content\/uploads\/sites\/24\/2015\/11\/IMG_6362-200x300.jpg 200w, https:\/\/www.lyceelecorbusier.eu\/lectureslocales2\/wp-content\/uploads\/sites\/24\/2015\/11\/IMG_6362-640x960.jpg 640w, https:\/\/www.lyceelecorbusier.eu\/lectureslocales2\/wp-content\/uploads\/sites\/24\/2015\/11\/IMG_6362.jpg 667w\" sizes=\"(max-width: 170px) 100vw, 170px\" \/><\/a> <a href=\"http:\/\/www.lyceelecorbusier.eu\/lectureslocales2\/wp-content\/uploads\/sites\/24\/2015\/11\/IMG_6372.jpg\"><img loading=\"lazy\" class=\"alignnone wp-image-442\" src=\"http:\/\/www.lyceelecorbusier.eu\/lectureslocales2\/wp-content\/uploads\/sites\/24\/2015\/11\/IMG_6372-150x150.jpg\" alt=\"IMG_6372\" width=\"170\" height=\"255\" srcset=\"https:\/\/www.lyceelecorbusier.eu\/lectureslocales2\/wp-content\/uploads\/sites\/24\/2015\/11\/IMG_6372-200x300.jpg 200w, https:\/\/www.lyceelecorbusier.eu\/lectureslocales2\/wp-content\/uploads\/sites\/24\/2015\/11\/IMG_6372-640x960.jpg 640w, https:\/\/www.lyceelecorbusier.eu\/lectureslocales2\/wp-content\/uploads\/sites\/24\/2015\/11\/IMG_6372.jpg 667w\" sizes=\"(max-width: 170px) 100vw, 170px\" \/><\/a> <a href=\"http:\/\/www.lyceelecorbusier.eu\/lectureslocales2\/wp-content\/uploads\/sites\/24\/2015\/11\/IMG_6374.jpg\"><img loading=\"lazy\" class=\"alignnone wp-image-444\" src=\"http:\/\/www.lyceelecorbusier.eu\/lectureslocales2\/wp-content\/uploads\/sites\/24\/2015\/11\/IMG_6374-150x150.jpg\" alt=\"IMG_6374\" width=\"170\" height=\"113\" srcset=\"https:\/\/www.lyceelecorbusier.eu\/lectureslocales2\/wp-content\/uploads\/sites\/24\/2015\/11\/IMG_6374-300x200.jpg 300w, https:\/\/www.lyceelecorbusier.eu\/lectureslocales2\/wp-content\/uploads\/sites\/24\/2015\/11\/IMG_6374-1024x683.jpg 1024w, https:\/\/www.lyceelecorbusier.eu\/lectureslocales2\/wp-content\/uploads\/sites\/24\/2015\/11\/IMG_6374-960x640.jpg 960w, https:\/\/www.lyceelecorbusier.eu\/lectureslocales2\/wp-content\/uploads\/sites\/24\/2015\/11\/IMG_6374.jpg 1500w\" sizes=\"(max-width: 170px) 100vw, 170px\" \/><\/a> <a href=\"http:\/\/www.lyceelecorbusier.eu\/lectureslocales2\/wp-content\/uploads\/sites\/24\/2015\/11\/IMG_6376.jpg\"><img loading=\"lazy\" class=\"alignnone wp-image-445\" src=\"http:\/\/www.lyceelecorbusier.eu\/lectureslocales2\/wp-content\/uploads\/sites\/24\/2015\/11\/IMG_6376-150x150.jpg\" alt=\"IMG_6376\" width=\"170\" height=\"113\" srcset=\"https:\/\/www.lyceelecorbusier.eu\/lectureslocales2\/wp-content\/uploads\/sites\/24\/2015\/11\/IMG_6376-300x200.jpg 300w, https:\/\/www.lyceelecorbusier.eu\/lectureslocales2\/wp-content\/uploads\/sites\/24\/2015\/11\/IMG_6376-1024x683.jpg 1024w, https:\/\/www.lyceelecorbusier.eu\/lectureslocales2\/wp-content\/uploads\/sites\/24\/2015\/11\/IMG_6376-960x640.jpg 960w, https:\/\/www.lyceelecorbusier.eu\/lectureslocales2\/wp-content\/uploads\/sites\/24\/2015\/11\/IMG_6376.jpg 1500w\" sizes=\"(max-width: 170px) 100vw, 170px\" \/><\/a> <a href=\"http:\/\/www.lyceelecorbusier.eu\/lectureslocales2\/wp-content\/uploads\/sites\/24\/2015\/11\/IMG_6377.jpg\"><img loading=\"lazy\" class=\"alignnone wp-image-446\" src=\"http:\/\/www.lyceelecorbusier.eu\/lectureslocales2\/wp-content\/uploads\/sites\/24\/2015\/11\/IMG_6377-150x150.jpg\" alt=\"IMG_6377\" width=\"170\" height=\"255\" srcset=\"https:\/\/www.lyceelecorbusier.eu\/lectureslocales2\/wp-content\/uploads\/sites\/24\/2015\/11\/IMG_6377-200x300.jpg 200w, https:\/\/www.lyceelecorbusier.eu\/lectureslocales2\/wp-content\/uploads\/sites\/24\/2015\/11\/IMG_6377-640x960.jpg 640w, https:\/\/www.lyceelecorbusier.eu\/lectureslocales2\/wp-content\/uploads\/sites\/24\/2015\/11\/IMG_6377.jpg 667w\" sizes=\"(max-width: 170px) 100vw, 170px\" \/><\/a><\/p>\n<p>En ce qui concerne l\u2019ouverture au public du point lecture, il n\u2019a lieu qu\u2019une fois par semaine pendant une heure et demie, le samedi apr\u00e8s-midi. Ce temps d\u2019ouverture tr\u00e8s condens\u00e9 ne peux pas convenir \u00e0 tous le monde et ne permet pas d\u2019insuffler de la vie au point lecture.\n\t\t\t<\/div>\n\n\t\t\t<div id=\"tabs-2\">\n\t\t\t\t<h3>visite de la biblioth\u00e8que de Brumath<\/h3>\n\t\t\t\t\n<p><a href=\"http:\/\/www.lyceelecorbusier.eu\/lectureslocales2\/wp-content\/uploads\/sites\/24\/2015\/11\/IMG_6382.jpg\"><img loading=\"lazy\" class=\"alignnone wp-image-406\" src=\"http:\/\/www.lyceelecorbusier.eu\/lectureslocales2\/wp-content\/uploads\/sites\/24\/2015\/11\/IMG_6382-300x200.jpg\" alt=\"IMG_6382\" width=\"760\" height=\"507\" srcset=\"https:\/\/www.lyceelecorbusier.eu\/lectureslocales2\/wp-content\/uploads\/sites\/24\/2015\/11\/IMG_6382-300x200.jpg 300w, https:\/\/www.lyceelecorbusier.eu\/lectureslocales2\/wp-content\/uploads\/sites\/24\/2015\/11\/IMG_6382-1024x683.jpg 1024w, https:\/\/www.lyceelecorbusier.eu\/lectureslocales2\/wp-content\/uploads\/sites\/24\/2015\/11\/IMG_6382-960x640.jpg 960w, https:\/\/www.lyceelecorbusier.eu\/lectureslocales2\/wp-content\/uploads\/sites\/24\/2015\/11\/IMG_6382.jpg 1500w\" sizes=\"(max-width: 760px) 100vw, 760px\" \/><\/a><\/p>\n<p>Traversant la campagne, nous nous sommes ensuite rendu \u00e0 la biblioth\u00e8que de Brumath, le chef lieu du r\u00e9seau des biblioth\u00e8ques de la communaut\u00e9 de commune. Cette visite \u00e9tait n\u00e9cessaire pour comprendre les relations entre les biblioth\u00e8ques du r\u00e9seau intercommunale. En effet, cette biblioth\u00e8que et ses employ\u00e9s influent beaucoup sur l\u2019organisation du point lecture de Donnenheim. Ils organisent par exemple des \u00e9v\u00e9nements dans le village ou assurent la navette des livres entre les deux villes.<\/p>\n<p><a href=\"http:\/\/www.lyceelecorbusier.eu\/lectureslocales2\/wp-content\/uploads\/sites\/24\/2015\/11\/IMG_6398.jpg\"><img loading=\"lazy\" class=\"alignnone wp-image-408\" src=\"http:\/\/www.lyceelecorbusier.eu\/lectureslocales2\/wp-content\/uploads\/sites\/24\/2015\/11\/IMG_6398.jpg\" alt=\"IMG_6398\" width=\"220\" height=\"330\" srcset=\"https:\/\/www.lyceelecorbusier.eu\/lectureslocales2\/wp-content\/uploads\/sites\/24\/2015\/11\/IMG_6398.jpg 667w, https:\/\/www.lyceelecorbusier.eu\/lectureslocales2\/wp-content\/uploads\/sites\/24\/2015\/11\/IMG_6398-200x300.jpg 200w, https:\/\/www.lyceelecorbusier.eu\/lectureslocales2\/wp-content\/uploads\/sites\/24\/2015\/11\/IMG_6398-640x960.jpg 640w\" sizes=\"(max-width: 220px) 100vw, 220px\" \/><\/a> <a href=\"http:\/\/www.lyceelecorbusier.eu\/lectureslocales2\/wp-content\/uploads\/sites\/24\/2015\/11\/IMG_6384.jpg\"><img loading=\"lazy\" class=\"alignnone wp-image-407\" src=\"http:\/\/www.lyceelecorbusier.eu\/lectureslocales2\/wp-content\/uploads\/sites\/24\/2015\/11\/IMG_6384-1024x683.jpg\" alt=\"IMG_6384\" width=\"495\" height=\"330\" srcset=\"https:\/\/www.lyceelecorbusier.eu\/lectureslocales2\/wp-content\/uploads\/sites\/24\/2015\/11\/IMG_6384-1024x683.jpg 1024w, https:\/\/www.lyceelecorbusier.eu\/lectureslocales2\/wp-content\/uploads\/sites\/24\/2015\/11\/IMG_6384-300x200.jpg 300w, https:\/\/www.lyceelecorbusier.eu\/lectureslocales2\/wp-content\/uploads\/sites\/24\/2015\/11\/IMG_6384-960x640.jpg 960w, https:\/\/www.lyceelecorbusier.eu\/lectureslocales2\/wp-content\/uploads\/sites\/24\/2015\/11\/IMG_6384.jpg 1500w\" sizes=\"(max-width: 495px) 100vw, 495px\" \/><\/a><\/p>\n<p>Notre premier contact avec la biblioth\u00e8que nous a donn\u00e9 une impression tr\u00e8s positive. Ce b\u00e2timent dont la construction s\u2019est achev\u00e9e en 2013, propose effectivement une architecture et une premi\u00e8re impression ext\u00e9rieur tr\u00e8s contemporaine. De plus, sa position dans la ville est id\u00e9ale. Elle s\u2019entoure de lieux culturels et \u00e9ducatifs importants, comme la mosqu\u00e9e protestante, le mus\u00e9e des archeologies ou encore une cr\u00e8che .<\/p>\n<p><a href=\"http:\/\/www.lyceelecorbusier.eu\/lectureslocales2\/wp-content\/uploads\/sites\/24\/2015\/11\/IMG_6397.jpg\"><img loading=\"lazy\" class=\"alignnone wp-image-413\" src=\"http:\/\/www.lyceelecorbusier.eu\/lectureslocales2\/wp-content\/uploads\/sites\/24\/2015\/11\/IMG_6397-150x150.jpg\" alt=\"IMG_6397\" width=\"140\" height=\"93\" srcset=\"https:\/\/www.lyceelecorbusier.eu\/lectureslocales2\/wp-content\/uploads\/sites\/24\/2015\/11\/IMG_6397-300x200.jpg 300w, https:\/\/www.lyceelecorbusier.eu\/lectureslocales2\/wp-content\/uploads\/sites\/24\/2015\/11\/IMG_6397-1024x683.jpg 1024w, https:\/\/www.lyceelecorbusier.eu\/lectureslocales2\/wp-content\/uploads\/sites\/24\/2015\/11\/IMG_6397-960x640.jpg 960w, https:\/\/www.lyceelecorbusier.eu\/lectureslocales2\/wp-content\/uploads\/sites\/24\/2015\/11\/IMG_6397.jpg 1500w\" sizes=\"(max-width: 140px) 100vw, 140px\" \/><\/a> <a href=\"http:\/\/www.lyceelecorbusier.eu\/lectureslocales2\/wp-content\/uploads\/sites\/24\/2015\/11\/IMG_63961.jpg\"><img loading=\"lazy\" class=\"alignnone wp-image-412\" src=\"http:\/\/www.lyceelecorbusier.eu\/lectureslocales2\/wp-content\/uploads\/sites\/24\/2015\/11\/IMG_63961-150x150.jpg\" alt=\"IMG_6396\" width=\"140\" height=\"93\" srcset=\"https:\/\/www.lyceelecorbusier.eu\/lectureslocales2\/wp-content\/uploads\/sites\/24\/2015\/11\/IMG_63961-300x200.jpg 300w, https:\/\/www.lyceelecorbusier.eu\/lectureslocales2\/wp-content\/uploads\/sites\/24\/2015\/11\/IMG_63961-1024x683.jpg 1024w, https:\/\/www.lyceelecorbusier.eu\/lectureslocales2\/wp-content\/uploads\/sites\/24\/2015\/11\/IMG_63961-960x640.jpg 960w, https:\/\/www.lyceelecorbusier.eu\/lectureslocales2\/wp-content\/uploads\/sites\/24\/2015\/11\/IMG_63961.jpg 1500w\" sizes=\"(max-width: 140px) 100vw, 140px\" \/><\/a> <a href=\"http:\/\/www.lyceelecorbusier.eu\/lectureslocales2\/wp-content\/uploads\/sites\/24\/2015\/11\/IMG_6394.jpg\"><img loading=\"lazy\" class=\"alignnone wp-image-411\" src=\"http:\/\/www.lyceelecorbusier.eu\/lectureslocales2\/wp-content\/uploads\/sites\/24\/2015\/11\/IMG_6394-150x150.jpg\" alt=\"IMG_6394\" width=\"140\" height=\"93\" srcset=\"https:\/\/www.lyceelecorbusier.eu\/lectureslocales2\/wp-content\/uploads\/sites\/24\/2015\/11\/IMG_6394-300x200.jpg 300w, https:\/\/www.lyceelecorbusier.eu\/lectureslocales2\/wp-content\/uploads\/sites\/24\/2015\/11\/IMG_6394-1024x683.jpg 1024w, https:\/\/www.lyceelecorbusier.eu\/lectureslocales2\/wp-content\/uploads\/sites\/24\/2015\/11\/IMG_6394-960x640.jpg 960w, https:\/\/www.lyceelecorbusier.eu\/lectureslocales2\/wp-content\/uploads\/sites\/24\/2015\/11\/IMG_6394.jpg 1500w\" sizes=\"(max-width: 140px) 100vw, 140px\" \/><\/a> <a href=\"http:\/\/www.lyceelecorbusier.eu\/lectureslocales2\/wp-content\/uploads\/sites\/24\/2015\/11\/IMG_6390.jpg\"><img loading=\"lazy\" class=\"alignnone wp-image-410\" src=\"http:\/\/www.lyceelecorbusier.eu\/lectureslocales2\/wp-content\/uploads\/sites\/24\/2015\/11\/IMG_6390-150x150.jpg\" alt=\"IMG_6390\" width=\"140\" height=\"93\" srcset=\"https:\/\/www.lyceelecorbusier.eu\/lectureslocales2\/wp-content\/uploads\/sites\/24\/2015\/11\/IMG_6390-300x200.jpg 300w, https:\/\/www.lyceelecorbusier.eu\/lectureslocales2\/wp-content\/uploads\/sites\/24\/2015\/11\/IMG_6390-1024x683.jpg 1024w, https:\/\/www.lyceelecorbusier.eu\/lectureslocales2\/wp-content\/uploads\/sites\/24\/2015\/11\/IMG_6390-960x640.jpg 960w, https:\/\/www.lyceelecorbusier.eu\/lectureslocales2\/wp-content\/uploads\/sites\/24\/2015\/11\/IMG_6390.jpg 1500w\" sizes=\"(max-width: 140px) 100vw, 140px\" \/><\/a> <a href=\"http:\/\/www.lyceelecorbusier.eu\/lectureslocales2\/wp-content\/uploads\/sites\/24\/2015\/11\/IMG_6387.jpg\"><img loading=\"lazy\" class=\"alignnone wp-image-409\" src=\"http:\/\/www.lyceelecorbusier.eu\/lectureslocales2\/wp-content\/uploads\/sites\/24\/2015\/11\/IMG_6387-150x150.jpg\" alt=\"IMG_6387\" width=\"140\" height=\"210\" srcset=\"https:\/\/www.lyceelecorbusier.eu\/lectureslocales2\/wp-content\/uploads\/sites\/24\/2015\/11\/IMG_6387-200x300.jpg 200w, https:\/\/www.lyceelecorbusier.eu\/lectureslocales2\/wp-content\/uploads\/sites\/24\/2015\/11\/IMG_6387-640x960.jpg 640w, https:\/\/www.lyceelecorbusier.eu\/lectureslocales2\/wp-content\/uploads\/sites\/24\/2015\/11\/IMG_6387.jpg 667w\" sizes=\"(max-width: 140px) 100vw, 140px\" \/><\/a><\/p>\n<p>L\u2019int\u00e9rieur est lui aussi penser pour nous offrir des espaces ouverts et hi\u00e9rarchis\u00e9s. Par exemple, nous pouvons y trouver des compartiments consacr\u00e9s aux exposition, \u00e0 l\u2019informatique ou aux ateliers. Chacun peut y trouver son compte : il existe des espaces particuliers consacr\u00e9s aux adolescents et aux enfants. Le contenu de la biblioth\u00e8que est aussi tr\u00e8s riche, nous y trouvons toutes sortes de documents, imprim\u00e9s ou multim\u00e9dias. Ce cadre semble id\u00e9al au repos ou \u00e0 la d\u00e9gustation culturelle.<\/p>\n<p>Finalement, cette visite nous a permis de mettre le doigt sur un probl\u00e8me. Bien que fonctionnant en r\u00e9seau, la grande m\u00e9diath\u00e8que de Brumath, par son contenue vari\u00e9, son espace et ses activit\u00e9s, retire les quelques raisons de se rendre au point lecture de Donnenheim afin d\u2019y emprunter des ouvrages. Il nous faut alors prendre en compte l\u2019existence de cette m\u00e9diath\u00e8que pour apporter une identit\u00e9 nouvelle et propre et ainsi redonner un souffle nouveau au point lecture de Donnenheim<\/p>\n\n\t\t\t<\/div>\n\t\t<\/div>\n\n<p>&nbsp;<\/p>\n","protected":false},"excerpt":{"rendered":"<p>&nbsp;<\/p>\n","protected":false},"author":1,"featured_media":312,"comment_status":"closed","ping_status":"closed","sticky":false,"template":"","format":"standard","meta":[],"categories":[6],"tags":[],"_links":{"self":[{"href":"https:\/\/www.lyceelecorbusier.eu\/lectureslocales2\/index.php?rest_route=\/wp\/v2\/posts\/208"}],"collection":[{"href":"https:\/\/www.lyceelecorbusier.eu\/lectureslocales2\/index.php?rest_route=\/wp\/v2\/posts"}],"about":[{"href":"https:\/\/www.lyceelecorbusier.eu\/lectureslocales2\/index.php?rest_route=\/wp\/v2\/types\/post"}],"author":[{"embeddable":true,"href":"https:\/\/www.lyceelecorbusier.eu\/lectureslocales2\/index.php?rest_route=\/wp\/v2\/users\/1"}],"replies":[{"embeddable":true,"href":"https:\/\/www.lyceelecorbusier.eu\/lectureslocales2\/index.php?rest_route=%2Fwp%2Fv2%2Fcomments&post=208"}],"version-history":[{"count":12,"href":"https:\/\/www.lyceelecorbusier.eu\/lectureslocales2\/index.php?rest_route=\/wp\/v2\/posts\/208\/revisions"}],"predecessor-version":[{"id":1226,"href":"https:\/\/www.lyceelecorbusier.eu\/lectureslocales2\/index.php?rest_route=\/wp\/v2\/posts\/208\/revisions\/1226"}],"wp:featuredmedia":[{"embeddable":true,"href":"https:\/\/www.lyceelecorbusier.eu\/lectureslocales2\/index.php?rest_route=\/wp\/v2\/media\/312"}],"wp:attachment":[{"href":"https:\/\/www.lyceelecorbusier.eu\/lectureslocales2\/index.php?rest_route=%2Fwp%2Fv2%2Fmedia&parent=208"}],"wp:term":[{"taxonomy":"category","embeddable":true,"href":"https:\/\/www.lyceelecorbusier.eu\/lectureslocales2\/index.php?rest_route=%2Fwp%2Fv2%2Fcategories&post=208"},{"taxonomy":"post_tag","embeddable":true,"href":"https:\/\/www.lyceelecorbusier.eu\/lectureslocales2\/index.php?rest_route=%2Fwp%2Fv2%2Ftags&post=208"}],"curies":[{"name":"wp","href":"https:\/\/api.w.org\/{rel}","templated":true}]}}