{"id":120,"date":"2015-11-18T15:17:06","date_gmt":"2015-11-18T14:17:06","guid":{"rendered":"http:\/\/www.lyceelecorbusier.eu\/lectureslocales2\/?p=120"},"modified":"2015-11-30T20:55:10","modified_gmt":"2015-11-30T19:55:10","slug":"que-la-decouverte-commence-a-neuwiller","status":"publish","type":"post","link":"https:\/\/www.lyceelecorbusier.eu\/lectureslocales2\/?p=120","title":{"rendered":"Que la d\u00e9couverte commence&#8230;\u00e0 Neuwiller!"},"content":{"rendered":"<p>&nbsp;<\/p>\n<p><!--more--><\/p>\n<p style=\"text-align: left\"><span style=\"font-weight: 400\">Lors de notre premi\u00e8re visite\u00a0<\/span><span style=\"font-weight: 400\">\u00e0<\/span><span style=\"font-weight: 400\">\u00a0Neuwiller, on\u00a0<\/span><span style=\"font-weight: 400\">d\u00e9couvre<\/span>\u00a0<span style=\"font-weight: 400\">une commune<\/span><span style=\"font-weight: 400\">\u00a0tr\u00e8s calme. Village\u00a0<\/span><span style=\"font-weight: 400\">assez<\/span><span style=\"font-weight: 400\">\u00a0sympathique et agr\u00e9able avec des ruelles pittoresques. Il y a quelques commerces qui \u00e0 notre sens suffisent au village (boulangerie-poste-<\/span><span style=\"font-weight: 400\">salon de th\u00e9<\/span><span style=\"font-weight: 400\">,\u00a0<\/span><span style=\"font-weight: 400\">superette<\/span><span style=\"font-weight: 400\">, restaurants et m\u00eame banque). <\/span><\/p>\n<p style=\"text-align: left\"><span style=\"font-weight: 400\">Pour commencer, on doit se rendre \u00e0 la Mairie du village pour y visiter la Biblioth\u00e8que municipale.\u00a0<\/span><span style=\"font-weight: 400\">Le village n&#8217;est pas tr\u00e8s grand mais il est difficile de s\u2019orienter.<\/span>\u00a0<span style=\"font-weight: 400\">En effet, rien ne nous permet de trouver la Mairie<\/span>\u00a0<span style=\"font-weight: 400\">ni<\/span><span style=\"font-weight: 400\">\u00a0la Biblioth\u00e8que du village. Pour acc\u00e9der \u00e0 la Biblioth\u00e8que, il faut entrer par le c\u00f4t\u00e9 de la Mairie o\u00f9 un portail s\u00e9pare l&#8217;entr\u00e9e et le trottoir. On a l&#8217;impression que ce portail marque une barri\u00e8re r\u00e9elle entre le lieu et les usagers. Surtout, on ne\u00a0<\/span><span style=\"font-weight: 400\">devine\u00a0<\/span><span style=\"font-weight: 400\">pas qu&#8217;un espace de lecture s&#8217;y trouve pour accueillir les habitants. <\/span><\/p>\n<p style=\"text-align: left\"><span style=\"font-weight: 400\">L&#8217;int\u00e9rieur de la Mairie est assez accueillant. On se dirige \u00e0 l&#8217;\u00e9tage et on d\u00e9couvre cet espace de lecture. On est agr\u00e9ablement surpris.\u00a0<\/span><span style=\"font-weight: 400\">Quand Lina Mantz et James Manship nous avaient d\u00e9crit la Biblioth\u00e8que, on imaginait un lieu plus \u00e9triqu\u00e9 et moins chaleureux. N\u00e9anmoins,<\/span><span style=\"font-weight: 400\">\u00a0le probl\u00e8me est qu&#8217;on a l&#8217;impression de p\u00e9n\u00e9trer dans une partie r\u00e9serv\u00e9e au personnel de la mairie. Il y a une s\u00e9paration entre l&#8217;accueil de la Mairie et l&#8217;escalier qui m\u00e8ne \u00e0 l&#8217;\u00e9tage. <\/span><\/p>\n<p style=\"text-align: left\"><span style=\"font-weight: 400\">L&#8217;espace de lecture est assez bien am\u00e9nag\u00e9 et bien fourni en documents. Par contre, l<\/span><span style=\"font-weight: 400\">\u2019espace d\u00e9di\u00e9\u00a0aux adultes est plut\u00f4t restreint. Il y a une table et quatres chaises. Cela ne donne peut-\u00eatre pas envie aux usagers de rester sur place.\u00a0<\/span><span style=\"font-weight: 400\">Pas de mobilier confortable qui les inciterait \u00e0 &#8220;perdre&#8221; le temps dans la Biblioth\u00e8que.\u00a0<\/span><span style=\"font-weight: 400\">Pour les plus petits, un autre espace est am\u00e9nag\u00e9 avec une table et des poufs.\u00a0<\/span><span style=\"font-weight: 400\">L&#8217;espace est petit mais on ne s&#8217;y sens pas oppress\u00e9.<\/span><\/p>\n<p style=\"text-align: right\">Aur\u00e9lie, Juliette, Ma\u00ebva, Ibrahim<\/p>\n<p style=\"text-align: left\">\n\t\t<!-- MasterSlider -->\n\t\t<div id=\"P_MS69f5ba7516f8d\" class=\"master-slider-parent msl ms-parent-id-36\" style=\"max-width:1000px;\">\n\n\t\t\t\n\t\t\t<!-- MasterSlider Main -->\n\t\t\t<div id=\"MS69f5ba7516f8d\" class=\"master-slider ms-skin-default\" >\n\t\t\t\t \t\t\t\t \n\t\t\t\t<div  class=\"ms-slide\" data-delay=\"3\" data-fill-mode=\"fit\"  >\n\t\t\t\t\t<img src=\"https:\/\/www.lyceelecorbusier.eu\/lectureslocales2\/wp-content\/plugins\/master-slider\/public\/assets\/css\/blank.gif\" alt=\"\" title=\"\" data-src=\"https:\/\/www.lyceelecorbusier.eu\/lectureslocales2\/wp-content\/uploads\/sites\/24\/2015\/11\/IMG_4241-1000x700.jpg\" \/>\n\n\n\t<div class=\"ms-thumb\" ><div class=\"ms-tab-context\"><div class=&quot;ms-tab-context&quot;><\/div><\/div>\n<\/div>\n\t\t\t\t<\/div>\n\t\t\t\t<div  class=\"ms-slide\" data-delay=\"3\" data-fill-mode=\"fill\"  >\n\t\t\t\t\t<img src=\"https:\/\/www.lyceelecorbusier.eu\/lectureslocales2\/wp-content\/plugins\/master-slider\/public\/assets\/css\/blank.gif\" alt=\"\" title=\"\" data-src=\"https:\/\/www.lyceelecorbusier.eu\/lectureslocales2\/wp-content\/uploads\/sites\/24\/2015\/11\/IMG_42471.jpg\" \/>\n\n\n\t<div class=\"ms-thumb\" ><div class=\"ms-tab-context\"><div class=&quot;ms-tab-context&quot;><\/div><\/div>\n<\/div>\n\t\t\t\t<\/div>\n\t\t\t\t<div  class=\"ms-slide\" data-delay=\"3\" data-fill-mode=\"fill\"  >\n\t\t\t\t\t<img src=\"https:\/\/www.lyceelecorbusier.eu\/lectureslocales2\/wp-content\/plugins\/master-slider\/public\/assets\/css\/blank.gif\" alt=\"\" title=\"\" data-src=\"https:\/\/www.lyceelecorbusier.eu\/lectureslocales2\/wp-content\/uploads\/sites\/24\/2015\/11\/IMG_4256-1000x700.jpg\" \/>\n\n\n\t<div class=\"ms-thumb\" ><div class=\"ms-tab-context\"><div class=&quot;ms-tab-context&quot;><\/div><\/div>\n<\/div>\n\t\t\t\t<\/div>\n\t\t\t\t<div  class=\"ms-slide\" data-delay=\"3\" data-fill-mode=\"fill\"  >\n\t\t\t\t\t<img src=\"https:\/\/www.lyceelecorbusier.eu\/lectureslocales2\/wp-content\/plugins\/master-slider\/public\/assets\/css\/blank.gif\" alt=\"\" title=\"\" data-src=\"https:\/\/www.lyceelecorbusier.eu\/lectureslocales2\/wp-content\/uploads\/sites\/24\/2015\/11\/P12505601-1000x700.jpg\" \/>\n\n\n\t<div class=\"ms-thumb\" ><div class=\"ms-tab-context\"><div class=&quot;ms-tab-context&quot;><\/div><\/div>\n<\/div>\n\t\t\t\t<\/div>\n\t\t\t\t<div  class=\"ms-slide\" data-delay=\"3\" data-fill-mode=\"fill\"  >\n\t\t\t\t\t<img src=\"https:\/\/www.lyceelecorbusier.eu\/lectureslocales2\/wp-content\/plugins\/master-slider\/public\/assets\/css\/blank.gif\" alt=\"\" title=\"\" data-src=\"https:\/\/www.lyceelecorbusier.eu\/lectureslocales2\/wp-content\/uploads\/sites\/24\/2015\/11\/P12505681-1000x700.jpg\" \/>\n\n\n\t<div class=\"ms-thumb\" ><div class=\"ms-tab-context\"><div class=&quot;ms-tab-context&quot;><\/div><\/div>\n<\/div>\n\t\t\t\t<\/div>\n\t\t\t\t<div  class=\"ms-slide\" data-delay=\"3\" data-fill-mode=\"fill\"  >\n\t\t\t\t\t<img src=\"https:\/\/www.lyceelecorbusier.eu\/lectureslocales2\/wp-content\/plugins\/master-slider\/public\/assets\/css\/blank.gif\" alt=\"\" title=\"\" data-src=\"https:\/\/www.lyceelecorbusier.eu\/lectureslocales2\/wp-content\/uploads\/sites\/24\/2015\/11\/P12505591-1000x700.jpg\" \/>\n\n\n\t<div class=\"ms-thumb\" ><div class=\"ms-tab-context\"><div class=&quot;ms-tab-context&quot;><\/div><\/div>\n<\/div>\n\t\t\t\t<\/div>\n\t\t\t\t<div  class=\"ms-slide\" data-delay=\"3\" data-fill-mode=\"fill\"  >\n\t\t\t\t\t<img src=\"https:\/\/www.lyceelecorbusier.eu\/lectureslocales2\/wp-content\/plugins\/master-slider\/public\/assets\/css\/blank.gif\" alt=\"\" title=\"\" data-src=\"https:\/\/www.lyceelecorbusier.eu\/lectureslocales2\/wp-content\/uploads\/sites\/24\/2015\/11\/P1250569-copie.jpg\" \/>\n\n\n\t<div class=\"ms-thumb\" ><div class=\"ms-tab-context\"><div class=&quot;ms-tab-context&quot;><\/div><\/div>\n<\/div>\n\t\t\t\t<\/div>\n\n\t\t\t<\/div>\n\t\t\t<!-- END MasterSlider Main -->\n\n\t\t\t \n\t\t<\/div>\n\t\t<!-- END MasterSlider -->\n\n\t\t<script>\n\t\t(function ( $ ) {\n\t\t\t\"use strict\";\n\n\t\t\t$(function () {\n\t\t\t\tvar masterslider_6f8d = new MasterSlider();\n\n\t\t\t\t\/\/ slider controls\n\t\t\t\tmasterslider_6f8d.control('arrows'     ,{ autohide:true, overVideo:true  });\n\t\t\t\t\/\/ slider setup\n\t\t\t\tmasterslider_6f8d.setup(\"MS69f5ba7516f8d\", {\n\t\t\t\t\t\twidth           : 1000,\n\t\t\t\t\t\theight          : 700,\n\t\t\t\t\t\tminHeight       : 0,\n\t\t\t\t\t\tspace           : 0,\n\t\t\t\t\t\tstart           : 1,\n\t\t\t\t\t\tgrabCursor      : true,\n\t\t\t\t\t\tswipe           : true,\n\t\t\t\t\t\tmouse           : true,\n\t\t\t\t\t\tlayout          : \"boxed\",\n\t\t\t\t\t\twheel           : true,\n\t\t\t\t\t\tautoplay        : true,\n\t\t\t\t\t\tinstantStartLayers:false,\n\t\t\t\t\t\tloop            : true,\n\t\t\t\t\t\tshuffle         : false,\n\t\t\t\t\t\tpreload         : 0,\n\t\t\t\t\t\theightLimit     : true,\n\t\t\t\t\t\tautoHeight      : false,\n\t\t\t\t\t\tsmoothHeight    : true,\n\t\t\t\t\t\tendPause        : false,\n\t\t\t\t\t\toverPause       : true,\n\t\t\t\t\t\tfillMode        : \"fill\",\n\t\t\t\t\t\tcenterControls  : true,\n\t\t\t\t\t\tstartOnAppear   : false,\n\t\t\t\t\t\tlayersMode      : \"center\",\n\t\t\t\t\t\thideLayers      : false,\n\t\t\t\t\t\tfullscreenMargin: 0,\n\t\t\t\t\t\tspeed           : 20,\n\t\t\t\t\t\tdir             : \"h\",\n\t\t\t\t\t\tparallaxMode    : 'swipe',\n\t\t\t\t\t\tview            : \"basic\"\n\t\t\t\t});\n\n\t\t\t\t\n\t\t\t\twindow.masterslider_instances = window.masterslider_instances || [];\n\t\t\t\twindow.masterslider_instances.push( masterslider_6f8d );\n\t\t\t });\n\n\t\t})(jQuery);\n\t\t<\/script>\n\n\n","protected":false},"excerpt":{"rendered":"<p>&nbsp;<\/p>\n","protected":false},"author":1,"featured_media":1011,"comment_status":"closed","ping_status":"closed","sticky":false,"template":"","format":"standard","meta":[],"categories":[1,7],"tags":[],"_links":{"self":[{"href":"https:\/\/www.lyceelecorbusier.eu\/lectureslocales2\/index.php?rest_route=\/wp\/v2\/posts\/120"}],"collection":[{"href":"https:\/\/www.lyceelecorbusier.eu\/lectureslocales2\/index.php?rest_route=\/wp\/v2\/posts"}],"about":[{"href":"https:\/\/www.lyceelecorbusier.eu\/lectureslocales2\/index.php?rest_route=\/wp\/v2\/types\/post"}],"author":[{"embeddable":true,"href":"https:\/\/www.lyceelecorbusier.eu\/lectureslocales2\/index.php?rest_route=\/wp\/v2\/users\/1"}],"replies":[{"embeddable":true,"href":"https:\/\/www.lyceelecorbusier.eu\/lectureslocales2\/index.php?rest_route=%2Fwp%2Fv2%2Fcomments&post=120"}],"version-history":[{"count":12,"href":"https:\/\/www.lyceelecorbusier.eu\/lectureslocales2\/index.php?rest_route=\/wp\/v2\/posts\/120\/revisions"}],"predecessor-version":[{"id":1089,"href":"https:\/\/www.lyceelecorbusier.eu\/lectureslocales2\/index.php?rest_route=\/wp\/v2\/posts\/120\/revisions\/1089"}],"wp:featuredmedia":[{"embeddable":true,"href":"https:\/\/www.lyceelecorbusier.eu\/lectureslocales2\/index.php?rest_route=\/wp\/v2\/media\/1011"}],"wp:attachment":[{"href":"https:\/\/www.lyceelecorbusier.eu\/lectureslocales2\/index.php?rest_route=%2Fwp%2Fv2%2Fmedia&parent=120"}],"wp:term":[{"taxonomy":"category","embeddable":true,"href":"https:\/\/www.lyceelecorbusier.eu\/lectureslocales2\/index.php?rest_route=%2Fwp%2Fv2%2Fcategories&post=120"},{"taxonomy":"post_tag","embeddable":true,"href":"https:\/\/www.lyceelecorbusier.eu\/lectureslocales2\/index.php?rest_route=%2Fwp%2Fv2%2Ftags&post=120"}],"curies":[{"name":"wp","href":"https:\/\/api.w.org\/{rel}","templated":true}]}}