{"id":1139,"date":"2019-11-26T13:52:15","date_gmt":"2019-11-26T12:52:15","guid":{"rendered":"http:\/\/www.lyceelecorbusier.eu\/labos2019-2020\/?p=1139"},"modified":"2020-01-24T15:00:19","modified_gmt":"2020-01-24T14:00:19","slug":"ramener-le-terrain","status":"publish","type":"post","link":"https:\/\/www.lyceelecorbusier.eu\/labos2019-2020\/?p=1139","title":{"rendered":"Ramener le terrain"},"content":{"rendered":"<h2 style=\"text-align: center\"><span style=\"font-family: tahoma, arial, helvetica, sans-serif;font-size: 14pt;color: #ffcc00\">Expression plastique<\/span><\/h2>\n<p style=\"text-align: center\"><span style=\"font-family: tahoma, arial, helvetica, sans-serif;font-size: 14pt;color: #000080\"><span style=\"font-family: trebuchet ms, geneva, sans-serif;font-size: 10pt\">22 Novembre 2019<\/span><br \/>\n<\/span><\/p>\n<p><!--more--><\/p>\n<p><span style=\"font-family: trebuchet ms, geneva, sans-serif;font-size: 10pt;color: #000080\">Collecter, ramasser, identifier, compter, visualiser, cat\u00e9goriser,trier&#8230; Proposer une approche sensible et po\u00e9tique du terrain \u00e0 travers un travail plastique.<br \/>\n<\/span><\/p>\n<p><span style=\"font-family: trebuchet ms, geneva, sans-serif;font-size: 10pt;color: #000080\">Valentine: <strong><span style=\"font-size: 12pt\">Terre et faire parler<\/span><\/strong>\u00a0<\/span><\/p>\n<p><span style=\"font-family: trebuchet ms, geneva, sans-serif;font-size: 10pt;color: #000080\">J\u2019ai r\u00e9alis\u00e9 une collecte de sols naturels d\u2019une partie du Neuhof (zone que j\u2019ai d\u00e9finie pr\u00e9alablement selon un protocole) afin de cr\u00e9er une archive color\u00e9e et textur\u00e9e class\u00e9e en nuancier et ainsi donner mot \u00e0 un \u00e9l\u00e9ment omnipr\u00e9sent mais inerte qui est le t\u00e9moin des histoires et de l\u2019\u00e9volution du quartier. A travers cette installation je propose de cohabiter autrement avec la mati\u00e8re afin de prendre le temps de la ressentir, d\u2019\u00e9couter ce qu\u2019elle communique et de la valoriser.\u00a0<\/span><br \/>\n<span style=\"font-family: trebuchet ms, geneva, sans-serif;font-size: 10pt;color: #000080\">Le lieu d\u2019extraction est signifi\u00e9 par les coordonn\u00e9es GPS en degr\u00e9s d\u00e9cimaux.<\/span><\/p>\n<p><img loading=\"lazy\" width=\"300\" height=\"225\" class=\"alignleft size-medium wp-image-1140\" src=\"http:\/\/www.lyceelecorbusier.eu\/labos2019-2020\/wp-content\/uploads\/sites\/48\/2019\/11\/V1-300x225.jpg\" alt=\"\" srcset=\"https:\/\/www.lyceelecorbusier.eu\/labos2019-2020\/wp-content\/uploads\/sites\/48\/2019\/11\/V1-300x225.jpg 300w, https:\/\/www.lyceelecorbusier.eu\/labos2019-2020\/wp-content\/uploads\/sites\/48\/2019\/11\/V1-1024x768.jpg 1024w, https:\/\/www.lyceelecorbusier.eu\/labos2019-2020\/wp-content\/uploads\/sites\/48\/2019\/11\/V1-768x576.jpg 768w, https:\/\/www.lyceelecorbusier.eu\/labos2019-2020\/wp-content\/uploads\/sites\/48\/2019\/11\/V1-1536x1152.jpg 1536w, https:\/\/www.lyceelecorbusier.eu\/labos2019-2020\/wp-content\/uploads\/sites\/48\/2019\/11\/V1-1600x1200.jpg 1600w, https:\/\/www.lyceelecorbusier.eu\/labos2019-2020\/wp-content\/uploads\/sites\/48\/2019\/11\/V1-960x720.jpg 960w, https:\/\/www.lyceelecorbusier.eu\/labos2019-2020\/wp-content\/uploads\/sites\/48\/2019\/11\/V1.jpg 2048w\" sizes=\"(max-width: 300px) 100vw, 300px\" \/> <img loading=\"lazy\" width=\"300\" height=\"225\" class=\"alignleft size-medium wp-image-1141\" src=\"http:\/\/www.lyceelecorbusier.eu\/labos2019-2020\/wp-content\/uploads\/sites\/48\/2019\/11\/V2-300x225.jpg\" alt=\"\" srcset=\"https:\/\/www.lyceelecorbusier.eu\/labos2019-2020\/wp-content\/uploads\/sites\/48\/2019\/11\/V2-300x225.jpg 300w, https:\/\/www.lyceelecorbusier.eu\/labos2019-2020\/wp-content\/uploads\/sites\/48\/2019\/11\/V2-1024x768.jpg 1024w, https:\/\/www.lyceelecorbusier.eu\/labos2019-2020\/wp-content\/uploads\/sites\/48\/2019\/11\/V2-768x576.jpg 768w, https:\/\/www.lyceelecorbusier.eu\/labos2019-2020\/wp-content\/uploads\/sites\/48\/2019\/11\/V2-1536x1152.jpg 1536w, https:\/\/www.lyceelecorbusier.eu\/labos2019-2020\/wp-content\/uploads\/sites\/48\/2019\/11\/V2-1600x1200.jpg 1600w, https:\/\/www.lyceelecorbusier.eu\/labos2019-2020\/wp-content\/uploads\/sites\/48\/2019\/11\/V2-960x720.jpg 960w, https:\/\/www.lyceelecorbusier.eu\/labos2019-2020\/wp-content\/uploads\/sites\/48\/2019\/11\/V2.jpg 2048w\" sizes=\"(max-width: 300px) 100vw, 300px\" \/><\/p>\n<p>&nbsp;<\/p>\n<p>&nbsp;<\/p>\n<p>&nbsp;<\/p>\n<p>&nbsp;<\/p>\n<p>&nbsp;<\/p>\n<p><span style=\"color: #000080;font-family: tahoma, arial, helvetica, sans-serif;font-size: 10pt\">Camille: <span style=\"font-size: 12pt\"><strong>Empreintes urbaines<\/strong><\/span><\/span><\/p>\n<p><span style=\"color: #000080;font-family: trebuchet ms, geneva, sans-serif;font-size: 10pt\">A la qu\u00eate de sensible dans le quartier du Neuhof, je souhaite r\u00e9v\u00e9ler et t\u00e9moigner de l\u2019invisible. Pour ce fait, j\u2019ai choisi de r\u00e9aliser des relev\u00e9s d\u2019empreintes de mati\u00e8re dans le coll\u00e8ge Solignac et \u00e0 proximit\u00e9 de celui-ci. La mati\u00e8re est une substance qui constitue le monde sensible, elle est ainsi reconnaissable par les sens qu\u2019elle prenne ou non une forme d\u00e9termin\u00e9e. Le travail d\u2019impression que j\u2019ai r\u00e9alis\u00e9, et qui se rapproche du monotype, consiste \u00e0 plaquer une feuille blanche sur de la mati\u00e8re. Peinture noire et rouleau, je laisse glisser mon bras et capture la trame de l\u2019existant. Travail exp\u00e9rimental, on ignore la forme graphique que va prendre le sujet. Les feuilles s\u2019accumulent, elles s\u00e8chent et r\u00e9v\u00e8lent ce qui nous entoure sous forme de motifs. <\/span><\/p>\n<p><img loading=\"lazy\" width=\"300\" height=\"225\" class=\"alignnone size-medium wp-image-1696\" src=\"http:\/\/www.lyceelecorbusier.eu\/labos2019-2020\/wp-content\/uploads\/sites\/48\/2019\/12\/81798234_514032889227034_5839539244762136576_n-300x225.jpg\" alt=\"\" srcset=\"https:\/\/www.lyceelecorbusier.eu\/labos2019-2020\/wp-content\/uploads\/sites\/48\/2019\/12\/81798234_514032889227034_5839539244762136576_n-300x225.jpg 300w, https:\/\/www.lyceelecorbusier.eu\/labos2019-2020\/wp-content\/uploads\/sites\/48\/2019\/12\/81798234_514032889227034_5839539244762136576_n-1024x768.jpg 1024w, https:\/\/www.lyceelecorbusier.eu\/labos2019-2020\/wp-content\/uploads\/sites\/48\/2019\/12\/81798234_514032889227034_5839539244762136576_n-768x576.jpg 768w, https:\/\/www.lyceelecorbusier.eu\/labos2019-2020\/wp-content\/uploads\/sites\/48\/2019\/12\/81798234_514032889227034_5839539244762136576_n-1536x1152.jpg 1536w, https:\/\/www.lyceelecorbusier.eu\/labos2019-2020\/wp-content\/uploads\/sites\/48\/2019\/12\/81798234_514032889227034_5839539244762136576_n-1600x1200.jpg 1600w, https:\/\/www.lyceelecorbusier.eu\/labos2019-2020\/wp-content\/uploads\/sites\/48\/2019\/12\/81798234_514032889227034_5839539244762136576_n-960x720.jpg 960w, https:\/\/www.lyceelecorbusier.eu\/labos2019-2020\/wp-content\/uploads\/sites\/48\/2019\/12\/81798234_514032889227034_5839539244762136576_n.jpg 2048w\" sizes=\"(max-width: 300px) 100vw, 300px\" \/><img loading=\"lazy\" width=\"247\" height=\"300\" class=\"alignleft size-medium wp-image-1143\" src=\"http:\/\/www.lyceelecorbusier.eu\/labos2019-2020\/wp-content\/uploads\/sites\/48\/2019\/11\/C2-247x300.jpg\" alt=\"\" srcset=\"https:\/\/www.lyceelecorbusier.eu\/labos2019-2020\/wp-content\/uploads\/sites\/48\/2019\/11\/C2-247x300.jpg 247w, https:\/\/www.lyceelecorbusier.eu\/labos2019-2020\/wp-content\/uploads\/sites\/48\/2019\/11\/C2.jpg 710w\" sizes=\"(max-width: 247px) 100vw, 247px\" \/><\/p>\n<p>&nbsp;<\/p>\n<p>&nbsp;<\/p>\n<p><span style=\"font-family: trebuchet ms, geneva, sans-serif;font-size: 10pt;color: #000080\">Audrey: <span style=\"font-size: 12pt\"><strong>Chou fleur<\/strong><\/span><i><br \/>\n<\/i><\/span><br \/>\n<span style=\"font-family: trebuchet ms, geneva, sans-serif;font-size: 10pt;color: #000080\">Sur le chemin qui m\u00e8ne au coll\u00e8ge se trouve un parc. Dans ce parc on d\u00e9couvre un plan d\u2019eau, des arbres, des petits ponts, des chemins qui se croisent et des plantes sauvages dont j\u2019ignore les noms. <\/span><br \/>\n<span style=\"font-family: trebuchet ms, geneva, sans-serif;font-size: 10pt;color: #000080\">Comme une enfant j\u2019ai laiss\u00e9 les pas de \u201cchou fleur\u201d me guider de plante en plante, comme ils d\u00e9terminaient qui \u00e9tait le chat du jeu chat perch\u00e9.<\/span><br \/>\n<span style=\"font-family: trebuchet ms, geneva, sans-serif;font-size: 10pt;color: #000080\">Chou\u2026 Fleur\u2026 Chou\u2026 Fleur\u2026 Ne connaissant par leurs noms je leur ai trouv\u00e9 des petits noms comme quand je nommais mes poissons rouges.<\/span><br \/>\n<span style=\"font-family: trebuchet ms, geneva, sans-serif;font-size: 10pt;color: #000080\">Collection de plantes conserv\u00e9es dans de l\u2019huile, dans des bocaux en verre.\u00a0<\/span><\/p>\n<p><img loading=\"lazy\" width=\"300\" height=\"225\" class=\"alignleft size-medium wp-image-1144\" src=\"http:\/\/www.lyceelecorbusier.eu\/labos2019-2020\/wp-content\/uploads\/sites\/48\/2019\/11\/A1-300x225.jpg\" alt=\"\" srcset=\"https:\/\/www.lyceelecorbusier.eu\/labos2019-2020\/wp-content\/uploads\/sites\/48\/2019\/11\/A1-300x225.jpg 300w, https:\/\/www.lyceelecorbusier.eu\/labos2019-2020\/wp-content\/uploads\/sites\/48\/2019\/11\/A1.jpg 639w\" sizes=\"(max-width: 300px) 100vw, 300px\" \/> <img loading=\"lazy\" width=\"225\" height=\"300\" class=\"alignleft size-medium wp-image-1145\" src=\"http:\/\/www.lyceelecorbusier.eu\/labos2019-2020\/wp-content\/uploads\/sites\/48\/2019\/11\/A2-225x300.jpg\" alt=\"\" srcset=\"https:\/\/www.lyceelecorbusier.eu\/labos2019-2020\/wp-content\/uploads\/sites\/48\/2019\/11\/A2-225x300.jpg 225w, https:\/\/www.lyceelecorbusier.eu\/labos2019-2020\/wp-content\/uploads\/sites\/48\/2019\/11\/A2.jpg 480w\" sizes=\"(max-width: 225px) 100vw, 225px\" \/><\/p>\n<p>&nbsp;<\/p>\n<p>&nbsp;<\/p>\n<p>&nbsp;<\/p>\n<p>&nbsp;<\/p>\n<p>&nbsp;<\/p>\n<p>&nbsp;<\/p>\n<p><span style=\"color: #000080;font-size: 10pt;font-family: trebuchet ms, geneva, sans-serif\">Morgane: <span style=\"font-size: 12pt\"><strong>Entre deux<\/strong><\/span><\/span><\/p>\n<p><span style=\"color: #000080;font-size: 10pt;font-family: trebuchet ms, geneva, sans-serif\">Amener le terrain en mat\u00e9rialisant les vides, en relevant les entre-deux des b\u00e2timents du Neuhof. Rendre compte des diff\u00e9rences de b\u00e2ti selon les rues, souligner la diversit\u00e9 architecturale du quartier, sans l\u2019architecture.\u00a0<\/span><\/p>\n<p>&nbsp;<\/p>\n<p><span style=\"color: #000080;font-size: 10pt;font-family: trebuchet ms, geneva, sans-serif\">Nathan: <span style=\"font-size: 12pt\"><strong>Derri\u00e8re le mur<\/strong><\/span><\/span><\/p>\n<p><span style=\"color: #000080;font-size: 10pt;font-family: trebuchet ms, geneva, sans-serif\">Une caserne militaire est construite depuis plus de trente ans au sein du quartier du Neuhof. Les photos sont prises dos coll\u00e9 au mur de la caserne. Il s\u2019agit de montrer la vue du quartier depuis le mur derri\u00e8re l\u2019enceinte. C\u2019est une vision imagin\u00e9e lorsque l\u2019on passe pr\u00e8s de ce mur, mais cette vision est impossible depuis la fermeture au public de cette caserne.<\/span><\/p>\n<p><img loading=\"lazy\" width=\"300\" height=\"278\" class=\"alignleft size-medium wp-image-1146\" src=\"http:\/\/www.lyceelecorbusier.eu\/labos2019-2020\/wp-content\/uploads\/sites\/48\/2019\/11\/N1-300x278.png\" alt=\"\" srcset=\"https:\/\/www.lyceelecorbusier.eu\/labos2019-2020\/wp-content\/uploads\/sites\/48\/2019\/11\/N1-300x278.png 300w, https:\/\/www.lyceelecorbusier.eu\/labos2019-2020\/wp-content\/uploads\/sites\/48\/2019\/11\/N1.png 467w\" sizes=\"(max-width: 300px) 100vw, 300px\" \/> <img loading=\"lazy\" width=\"211\" height=\"300\" class=\"alignleft size-medium wp-image-1147\" src=\"http:\/\/www.lyceelecorbusier.eu\/labos2019-2020\/wp-content\/uploads\/sites\/48\/2019\/11\/N2-211x300.png\" alt=\"\" srcset=\"https:\/\/www.lyceelecorbusier.eu\/labos2019-2020\/wp-content\/uploads\/sites\/48\/2019\/11\/N2-211x300.png 211w, https:\/\/www.lyceelecorbusier.eu\/labos2019-2020\/wp-content\/uploads\/sites\/48\/2019\/11\/N2.png 477w\" sizes=\"(max-width: 211px) 100vw, 211px\" \/><\/p>\n","protected":false},"excerpt":{"rendered":"<p>Expression plastique 22 Novembre 2019<\/p>\n","protected":false},"author":200,"featured_media":1142,"comment_status":"closed","ping_status":"closed","sticky":false,"template":"","format":"standard","meta":[],"categories":[2],"tags":[],"_links":{"self":[{"href":"https:\/\/www.lyceelecorbusier.eu\/labos2019-2020\/index.php?rest_route=\/wp\/v2\/posts\/1139"}],"collection":[{"href":"https:\/\/www.lyceelecorbusier.eu\/labos2019-2020\/index.php?rest_route=\/wp\/v2\/posts"}],"about":[{"href":"https:\/\/www.lyceelecorbusier.eu\/labos2019-2020\/index.php?rest_route=\/wp\/v2\/types\/post"}],"author":[{"embeddable":true,"href":"https:\/\/www.lyceelecorbusier.eu\/labos2019-2020\/index.php?rest_route=\/wp\/v2\/users\/200"}],"replies":[{"embeddable":true,"href":"https:\/\/www.lyceelecorbusier.eu\/labos2019-2020\/index.php?rest_route=%2Fwp%2Fv2%2Fcomments&post=1139"}],"version-history":[{"count":8,"href":"https:\/\/www.lyceelecorbusier.eu\/labos2019-2020\/index.php?rest_route=\/wp\/v2\/posts\/1139\/revisions"}],"predecessor-version":[{"id":1797,"href":"https:\/\/www.lyceelecorbusier.eu\/labos2019-2020\/index.php?rest_route=\/wp\/v2\/posts\/1139\/revisions\/1797"}],"wp:featuredmedia":[{"embeddable":true,"href":"https:\/\/www.lyceelecorbusier.eu\/labos2019-2020\/index.php?rest_route=\/wp\/v2\/media\/1142"}],"wp:attachment":[{"href":"https:\/\/www.lyceelecorbusier.eu\/labos2019-2020\/index.php?rest_route=%2Fwp%2Fv2%2Fmedia&parent=1139"}],"wp:term":[{"taxonomy":"category","embeddable":true,"href":"https:\/\/www.lyceelecorbusier.eu\/labos2019-2020\/index.php?rest_route=%2Fwp%2Fv2%2Fcategories&post=1139"},{"taxonomy":"post_tag","embeddable":true,"href":"https:\/\/www.lyceelecorbusier.eu\/labos2019-2020\/index.php?rest_route=%2Fwp%2Fv2%2Ftags&post=1139"}],"curies":[{"name":"wp","href":"https:\/\/api.w.org\/{rel}","templated":true}]}}