{"id":1096,"date":"2019-11-26T09:34:28","date_gmt":"2019-11-26T08:34:28","guid":{"rendered":"http:\/\/www.lyceelecorbusier.eu\/labos2019-2020\/?p=1096"},"modified":"2019-11-27T13:06:53","modified_gmt":"2019-11-27T12:06:53","slug":"1096","status":"publish","type":"post","link":"https:\/\/www.lyceelecorbusier.eu\/labos2019-2020\/?p=1096","title":{"rendered":""},"content":{"rendered":"<p style=\"text-align: center\"><strong style=\"font-size: 1em;color: #d9b26a\"><span style=\"font-family: book antiqua, palatino, serif;font-size: 24pt\">R\u00e9flexion et mise \u00e0 plat<\/span><\/strong><em><strong><span style=\"font-size: 8pt\"><br \/>\n&#8211; Jeudi 21 novembre 2019 &#8211;<\/span><\/strong><\/em><!--more--><\/p>\n<p><img loading=\"lazy\" class=\"alignnone wp-image-1154\" src=\"http:\/\/www.lyceelecorbusier.eu\/labos2019-2020\/wp-content\/uploads\/sites\/48\/2019\/11\/78425196_3115108531896581_6743518208600309760_n-300x214.jpg\" alt=\"\" width=\"355\" height=\"253\" srcset=\"https:\/\/www.lyceelecorbusier.eu\/labos2019-2020\/wp-content\/uploads\/sites\/48\/2019\/11\/78425196_3115108531896581_6743518208600309760_n-300x214.jpg 300w, https:\/\/www.lyceelecorbusier.eu\/labos2019-2020\/wp-content\/uploads\/sites\/48\/2019\/11\/78425196_3115108531896581_6743518208600309760_n-1024x730.jpg 1024w, https:\/\/www.lyceelecorbusier.eu\/labos2019-2020\/wp-content\/uploads\/sites\/48\/2019\/11\/78425196_3115108531896581_6743518208600309760_n-768x548.jpg 768w, https:\/\/www.lyceelecorbusier.eu\/labos2019-2020\/wp-content\/uploads\/sites\/48\/2019\/11\/78425196_3115108531896581_6743518208600309760_n-1536x1095.jpg 1536w, https:\/\/www.lyceelecorbusier.eu\/labos2019-2020\/wp-content\/uploads\/sites\/48\/2019\/11\/78425196_3115108531896581_6743518208600309760_n-1683x1200.jpg 1683w, https:\/\/www.lyceelecorbusier.eu\/labos2019-2020\/wp-content\/uploads\/sites\/48\/2019\/11\/78425196_3115108531896581_6743518208600309760_n-960x684.jpg 960w, https:\/\/www.lyceelecorbusier.eu\/labos2019-2020\/wp-content\/uploads\/sites\/48\/2019\/11\/78425196_3115108531896581_6743518208600309760_n.jpg 2048w\" sizes=\"(max-width: 355px) 100vw, 355px\" \/><img loading=\"lazy\" class=\"alignnone wp-image-1153\" src=\"http:\/\/www.lyceelecorbusier.eu\/labos2019-2020\/wp-content\/uploads\/sites\/48\/2019\/11\/78456033_565249807602550_7918934690319302656_n-300x225.jpg\" alt=\"\" width=\"339\" height=\"255\" srcset=\"https:\/\/www.lyceelecorbusier.eu\/labos2019-2020\/wp-content\/uploads\/sites\/48\/2019\/11\/78456033_565249807602550_7918934690319302656_n-300x225.jpg 300w, https:\/\/www.lyceelecorbusier.eu\/labos2019-2020\/wp-content\/uploads\/sites\/48\/2019\/11\/78456033_565249807602550_7918934690319302656_n-1024x768.jpg 1024w, https:\/\/www.lyceelecorbusier.eu\/labos2019-2020\/wp-content\/uploads\/sites\/48\/2019\/11\/78456033_565249807602550_7918934690319302656_n-768x576.jpg 768w, https:\/\/www.lyceelecorbusier.eu\/labos2019-2020\/wp-content\/uploads\/sites\/48\/2019\/11\/78456033_565249807602550_7918934690319302656_n-1536x1152.jpg 1536w, https:\/\/www.lyceelecorbusier.eu\/labos2019-2020\/wp-content\/uploads\/sites\/48\/2019\/11\/78456033_565249807602550_7918934690319302656_n-1600x1200.jpg 1600w, https:\/\/www.lyceelecorbusier.eu\/labos2019-2020\/wp-content\/uploads\/sites\/48\/2019\/11\/78456033_565249807602550_7918934690319302656_n-960x720.jpg 960w, https:\/\/www.lyceelecorbusier.eu\/labos2019-2020\/wp-content\/uploads\/sites\/48\/2019\/11\/78456033_565249807602550_7918934690319302656_n.jpg 2048w\" sizes=\"(max-width: 339px) 100vw, 339px\" \/><span style=\"font-weight: 400;font-size: 10pt\">L\u2019ensemble du labo se r\u00e9unit apr\u00e8s avoir men\u00e9 des recherches et des tests sur le terrain pour leurs premi\u00e8res exp\u00e9rimentations. <\/span><span style=\"font-weight: 400;font-size: 10pt\">Nous r\u00e9alisons donc une mise \u00e0 plat de nos intentions et de nos questionnements afin que chacun puisse \u00e9changer sur les diff\u00e9rentes probl\u00e9matiques et intentions de projets. <\/span><span style=\"font-weight: 400;font-size: 10pt\">Ensuite, chacun propose des initiatives de projet pour la restitution du 19 d\u00e9cembre, lors de laquelle nous souhaitons investir l\u2019aula du palais universitaire ainsi que l\u2019atelier des sciences pour pr\u00e9senter une balade anim\u00e9e par diverses ateliers\/productions afin de transmettre \u00e0 nos interlocuteurs notre recherche et nos pens\u00e9es \u00e0 venir. <\/span><span style=\"font-weight: 400;font-size: 10pt\">Chaque bin\u00f4me r\u00e9alise donc des intentions de productions qui viendront \u00e0 \u00eatre interrog\u00e9es sur le terrain les prochains jours afin d\u2019animer cette restitution. <\/span><span style=\"font-weight: 400;font-size: 10pt\">En parall\u00e8le, nous r\u00e9alisons un r\u00e9troplanning pour bien mettre en place chaque jour \u00e0 venir ainsi que nos interventions et nos r\u00e9alisations. <\/span><span style=\"font-weight: 400;font-size: 10pt\">Dans les jours qui suivent, nous commencerons \u00e0 envoyer les invitations pour cet \u00e9v\u00e9nement.<\/span><\/p>\n","protected":false},"excerpt":{"rendered":"<p>R\u00e9flexion et mise \u00e0 plat &#8211; Jeudi 21 novembre 2019 &#8211;<\/p>\n","protected":false},"author":1,"featured_media":1152,"comment_status":"closed","ping_status":"closed","sticky":false,"template":"","format":"standard","meta":[],"categories":[3],"tags":[],"_links":{"self":[{"href":"https:\/\/www.lyceelecorbusier.eu\/labos2019-2020\/index.php?rest_route=\/wp\/v2\/posts\/1096"}],"collection":[{"href":"https:\/\/www.lyceelecorbusier.eu\/labos2019-2020\/index.php?rest_route=\/wp\/v2\/posts"}],"about":[{"href":"https:\/\/www.lyceelecorbusier.eu\/labos2019-2020\/index.php?rest_route=\/wp\/v2\/types\/post"}],"author":[{"embeddable":true,"href":"https:\/\/www.lyceelecorbusier.eu\/labos2019-2020\/index.php?rest_route=\/wp\/v2\/users\/1"}],"replies":[{"embeddable":true,"href":"https:\/\/www.lyceelecorbusier.eu\/labos2019-2020\/index.php?rest_route=%2Fwp%2Fv2%2Fcomments&post=1096"}],"version-history":[{"count":8,"href":"https:\/\/www.lyceelecorbusier.eu\/labos2019-2020\/index.php?rest_route=\/wp\/v2\/posts\/1096\/revisions"}],"predecessor-version":[{"id":1156,"href":"https:\/\/www.lyceelecorbusier.eu\/labos2019-2020\/index.php?rest_route=\/wp\/v2\/posts\/1096\/revisions\/1156"}],"wp:featuredmedia":[{"embeddable":true,"href":"https:\/\/www.lyceelecorbusier.eu\/labos2019-2020\/index.php?rest_route=\/wp\/v2\/media\/1152"}],"wp:attachment":[{"href":"https:\/\/www.lyceelecorbusier.eu\/labos2019-2020\/index.php?rest_route=%2Fwp%2Fv2%2Fmedia&parent=1096"}],"wp:term":[{"taxonomy":"category","embeddable":true,"href":"https:\/\/www.lyceelecorbusier.eu\/labos2019-2020\/index.php?rest_route=%2Fwp%2Fv2%2Fcategories&post=1096"},{"taxonomy":"post_tag","embeddable":true,"href":"https:\/\/www.lyceelecorbusier.eu\/labos2019-2020\/index.php?rest_route=%2Fwp%2Fv2%2Ftags&post=1096"}],"curies":[{"name":"wp","href":"https:\/\/api.w.org\/{rel}","templated":true}]}}