{"id":23,"date":"2014-07-21T18:34:11","date_gmt":"2014-07-21T17:34:11","guid":{"rendered":"http:\/\/www.lyceelecorbusier.eu\/?p=23"},"modified":"2020-02-03T17:17:56","modified_gmt":"2020-02-03T16:17:56","slug":"erasmus","status":"publish","type":"post","link":"https:\/\/www.lyceelecorbusier.eu\/?p=23","title":{"rendered":""},"content":{"rendered":"<h2>Le programme international du lyc\u00e9e<\/h2>\n<table border=\"0\" width=\"100%\" cellspacing=\"5\" cellpadding=\"0\">\n<tbody>\n<tr>\n<td><strong>La Charte Erasmus sign\u00e9e par le lyc\u00e9e Le Corbusier<\/strong><\/td>\n<td><a href=\"http:\/\/www.lyceelecorbusier.eu\/wp-content\/uploads\/2014\/07\/charte_signee.pdf\" target=\"_blank\" rel=\"noopener noreferrer\"><img loading=\"lazy\" class=\"alignnone wp-image-27 size-full\" src=\"http:\/\/www.lyceelecorbusier.eu\/wp-content\/uploads\/2014\/07\/pdf3.png\" alt=\"\" width=\"36\" height=\"36\" \/><\/a><\/td>\n<\/tr>\n<tr>\n<td>Strat\u00e9gie ERASMUS du Lyc\u00e9e Le Corbusier<\/td>\n<td><a href=\"http:\/\/www.lyceelecorbusier.eu\/wp-content\/uploads\/2014\/07\/Strategie-erasmus.pdf\" target=\"_blank\" rel=\"noopener noreferrer\"><img loading=\"lazy\" class=\"alignnone wp-image-27 size-full\" src=\"http:\/\/www.lyceelecorbusier.eu\/wp-content\/uploads\/2014\/07\/pdf3.png\" alt=\"\" width=\"36\" height=\"36\" \/><\/a><\/td>\n<\/tr>\n<tr>\n<td>Consulter la politique linguistique mise en \u0153uvre par notre \u00e9tablissement<br \/>\n<em>Ce document pr\u00e9cise les modalit\u00e9s d\u2019organisation des mobilit\u00e9s<\/em><\/td>\n<td><a href=\"http:\/\/audit.lyceelecorbusier.com\/politique_linguistique.pdf\" target=\"_blank\" rel=\"noopener noreferrer\"><img loading=\"lazy\" class=\"alignnone wp-image-27 size-full\" src=\"http:\/\/www.lyceelecorbusier.eu\/wp-content\/uploads\/2014\/07\/pdf3.png\" alt=\"\" width=\"36\" height=\"36\" \/><\/a><\/td>\n<\/tr>\n<\/tbody>\n<\/table>\n<h2><\/h2>\n<h2>Personnes charg\u00e9es des relations \u00e0 l\u2019international<\/h2>\n<p>Pour nous contacter, se renseigner, monter un projet de mobilit\u00e9, une adresse unique : <a href=\"mailto:\/\/international@lyceelecorbusier.com\">international@lyceelecorbusier.com<\/a><\/p>\n<h6>Personnes qui constituent la \u00ab cellule internationale \u00bb de notre lyc\u00e9e<\/h6>\n<p>Denis FEIDT, <em>proviseur<br \/>\n<\/em>Catherine LEMAITRE<em>, proviseure-adjointe<br \/>\n<\/em>Franck SCHAFF<em>, proviseur-adjoint<br \/>\n<\/em>Jean-Michel LOUVEAU<em>, Directeur D\u00e9l\u00e9gu\u00e9 aux Formations Professionnelles et Technologiques<br \/>\n<\/em>\u00c9ric MENAULT<em>, Directeur D\u00e9l\u00e9gu\u00e9 aux Formations Professionnelles et Technologiques<br \/>\n<\/em>Dominique BERAUER<em>, assistante DDFPT, en charge des stages \u00e0 l\u2019\u00e9tranger<\/em><br \/>\nBeno\u00eet ANDLAUER, <em>professeur de G\u00e9nie Civil, Coordination programme Erasmus + (pr\u00e9-bac)<\/em><br \/>\nAndr\u00e9 FRANTZ<em>, professeur d\u2019\u00e9lectrotechnique (pr\u00e9-bac)<br \/>\n<\/em>Francis BREHM<em>, professeur de peinture et rev\u00eatement (pr\u00e9-bac)<\/em><br \/>\nSabine FLORIANI, <em>professeure d\u2019arts-appliqu\u00e9s, coordination programme Erasmus + (post-bac)<\/em><br \/>\nTamar BOUISSOU ,<em> professeure de lettres modernes, coordination programme Erasmus + (post-bac)<br \/>\n<\/em>Anne HILDEBRANDT<em>, professeure d\u2019arts-appliqu\u00e9s, , coordination programme Erasmus + (post-bac)<br \/>\n<\/em><\/p>\n<p><em>\u00a0<\/em><\/p>\n<h2><\/h2>\n<h2>Catalogue des cours enseign\u00e9s au lyc\u00e9e apr\u00e8s le baccalaur\u00e9at et lien vers les r\u00e9f\u00e9rentiels de formation<\/h2>\n<h6>BTS B\u00e2timent<\/h6>\n<table border=\"0\" width=\"100%\" cellspacing=\"5\" cellpadding=\"0\">\n<tbody>\n<tr>\n<td>_ Pr\u00e9sentation du <strong>BTS B\u00e2timent<\/strong><\/td>\n<td><a href=\"http:\/\/www.onisep.fr\/Ressources\/Univers-Formation\/Formations\/Post-bac\/BTS-Batiment\" target=\"_blank\" rel=\"noopener noreferrer\"><img loading=\"lazy\" class=\"alignnone wp-image-27 size-full\" src=\"http:\/\/www.lyceelecorbusier.eu\/wp-content\/uploads\/2014\/07\/pdf3.png\" alt=\"\" width=\"36\" height=\"36\" \/><\/a><\/td>\n<\/tr>\n<tr>\n<td>Ce BTS est modularis\u00e9. Il permet donc de valider des cr\u00e9dits europ\u00e9ens ECTS module par module selon le tableau suivant :<\/td>\n<td><img loading=\"lazy\" class=\"alignnone wp-image-27 size-full\" src=\"http:\/\/www.lyceelecorbusier.eu\/wp-content\/uploads\/2014\/07\/pdf3.png\" alt=\"\" width=\"36\" height=\"36\" \/><\/td>\n<\/tr>\n<tr>\n<td>_ Consulter le lien vers le r\u00e9f\u00e9rentiel du <strong>BTS B\u00e2timent<\/strong> modularis\u00e9<\/td>\n<td><a href=\"https:\/\/www.sup.adc.education.fr\/btslst\/referentiel\/BTS_batiment.pdf\" target=\"_blank\" rel=\"noopener noreferrer\"><img loading=\"lazy\" class=\"alignnone wp-image-27 size-full\" src=\"http:\/\/www.lyceelecorbusier.eu\/wp-content\/uploads\/2014\/07\/pdf3.png\" alt=\"\" width=\"36\" height=\"36\" \/><\/a><\/td>\n<\/tr>\n<\/tbody>\n<\/table>\n<h6>BTS Travaux publics<\/h6>\n<table border=\"0\" width=\"100%\" cellspacing=\"5\" cellpadding=\"0\">\n<tbody>\n<tr>\n<td>_ Pr\u00e9sentation du <strong>BTS Travaux publics<\/strong><\/td>\n<td><a href=\"http:\/\/www.onisep.fr\/Ressources\/Univers-Formation\/Formations\/Post-bac\/BTS-Travaux-publics\" target=\"_blank\" rel=\"noopener noreferrer\"><img loading=\"lazy\" class=\"alignnone wp-image-27 size-full\" src=\"http:\/\/www.lyceelecorbusier.eu\/wp-content\/uploads\/2014\/07\/pdf3.png\" alt=\"\" width=\"36\" height=\"36\" \/><\/a><\/td>\n<\/tr>\n<tr>\n<td>Ce BTS est modularis\u00e9. Il permet donc de valider des cr\u00e9dits europ\u00e9ens<br \/>\nECTS module par module selon le tableau suivant :<\/td>\n<td><img loading=\"lazy\" class=\"alignnone wp-image-27 size-full\" src=\"http:\/\/www.lyceelecorbusier.eu\/wp-content\/uploads\/2014\/07\/pdf3.png\" alt=\"\" width=\"36\" height=\"36\" \/><\/td>\n<\/tr>\n<tr>\n<td>_ Consulter le lien vers le r\u00e9f\u00e9rentiel du <strong>BTS TP<\/strong> modularis\u00e9<\/td>\n<td><a href=\"https:\/\/www.sup.adc.education.fr\/btslst\/referentiel\/BTS_travauxpublicsreferentieldeformation.pdf\" target=\"_blank\" rel=\"noopener noreferrer\"><img loading=\"lazy\" class=\"alignnone wp-image-27 size-full\" src=\"http:\/\/www.lyceelecorbusier.eu\/wp-content\/uploads\/2014\/07\/pdf3.png\" alt=\"\" width=\"36\" height=\"36\" \/><\/a><\/td>\n<\/tr>\n<\/tbody>\n<\/table>\n<h6>BTS Etude et Economie de la Construction<\/h6>\n<table border=\"0\" width=\"100%\" cellspacing=\"5\" cellpadding=\"0\">\n<tbody>\n<tr>\n<td>_ R\u00e9f\u00e9rentiel du <strong>BTS Etude et Economie de la Construction<\/strong><\/td>\n<td><a href=\"https:\/\/www.sup.adc.education.fr\/btslst\/referentiel\/bts_eec_070900.pdf\" target=\"_blank\" rel=\"noopener noreferrer\"><img loading=\"lazy\" class=\"alignnone wp-image-27 size-full\" src=\"http:\/\/www.lyceelecorbusier.eu\/wp-content\/uploads\/2014\/07\/pdf3.png\" alt=\"\" width=\"36\" height=\"36\" \/><\/a><\/td>\n<\/tr>\n<tr>\n<td>_ Pr\u00e9sentation du <strong>BTS Etude et Economie de la Construction<\/strong><\/td>\n<td><a href=\"http:\/\/www.onisep.fr\/Ressources\/Univers-Formation\/Formations\/Post-bac\/BTS-Etudes-et-economie-de-la-construction\" target=\"_blank\" rel=\"noopener noreferrer\"><img loading=\"lazy\" class=\"alignnone wp-image-27 size-full\" src=\"http:\/\/www.lyceelecorbusier.eu\/wp-content\/uploads\/2014\/07\/pdf3.png\" alt=\"\" width=\"36\" height=\"36\" \/><\/a><\/td>\n<\/tr>\n<\/tbody>\n<\/table>\n<h6>BTS Agencement de l\u2019Environnement Architectural<\/h6>\n<table border=\"0\" width=\"100%\" cellspacing=\"5\" cellpadding=\"0\">\n<tbody>\n<tr>\n<td>_ R\u00e9f\u00e9rentiel du <strong>BTS Agencement de l\u2019Environnement Architectural<\/strong><\/td>\n<td><a href=\"https:\/\/www.sup.adc.education.fr\/btslst\/referentiel\/BTS_agencement_environnement_architectural.pdf\" target=\"_blank\" rel=\"noopener noreferrer\"><img loading=\"lazy\" class=\"alignnone wp-image-27 size-full\" src=\"http:\/\/www.lyceelecorbusier.eu\/wp-content\/uploads\/2014\/07\/pdf3.png\" alt=\"\" width=\"36\" height=\"36\" \/><\/a><\/td>\n<\/tr>\n<tr>\n<td>_ Pr\u00e9sentation du <strong>BTS Agencement de l\u2019Environnement Architectural<\/strong><\/td>\n<td><a href=\"http:\/\/www.onisep.fr\/Ressources\/Univers-Formation\/Formations\/Post-bac\/BTS-Agencement-de-l-environnement-architectural\" target=\"_blank\" rel=\"noopener noreferrer\"><img loading=\"lazy\" class=\"alignnone wp-image-27 size-full\" src=\"http:\/\/www.lyceelecorbusier.eu\/wp-content\/uploads\/2014\/07\/pdf3.png\" alt=\"\" width=\"36\" height=\"36\" \/><\/a><\/td>\n<\/tr>\n<\/tbody>\n<\/table>\n<h6>BTS Fluide \u00c9nergie Domotique<\/h6>\n<table border=\"0\" width=\"100%\" cellspacing=\"5\" cellpadding=\"0\">\n<tbody>\n<tr>\n<td>_ R\u00e9f\u00e9rentiel du <strong>BTS Fluide Energie Domotique<\/strong><\/td>\n<td><a href=\"https:\/\/www.sup.adc.education.fr\/btslst\/referentiel\/BTS_FluidesEnergiesDomotique.pdf\" target=\"_blank\" rel=\"noopener noreferrer\"><img loading=\"lazy\" class=\"alignnone wp-image-27 size-full\" src=\"http:\/\/www.lyceelecorbusier.eu\/wp-content\/uploads\/2014\/07\/pdf3.png\" alt=\"\" width=\"36\" height=\"36\" \/><\/a><\/td>\n<\/tr>\n<tr>\n<td>_ Pr\u00e9sentation du <strong>BTS Fluide Energie Domotique<\/strong><\/td>\n<td><a href=\"http:\/\/www.onisep.fr\/Ressources\/Univers-Formation\/Formations\/Post-bac\/BTS-Domotique-derniere-session-d-examen-avec-cet-intitule-en-2015\" target=\"_blank\" rel=\"noopener noreferrer\"><img loading=\"lazy\" class=\"alignnone wp-image-27 size-full\" src=\"http:\/\/www.lyceelecorbusier.eu\/wp-content\/uploads\/2014\/07\/pdf3.png\" alt=\"\" width=\"36\" height=\"36\" \/><\/a><\/td>\n<\/tr>\n<\/tbody>\n<\/table>\n<h6>DSAA Dipl\u00f4me Sup\u00e9rieur d&#8217;Arts Appliqu\u00e9s<\/h6>\n<table style=\"width: 100%;\" border=\"0\" width=\"100%\" cellspacing=\"5\" cellpadding=\"0\">\n<tbody>\n<tr>\n<td style=\"width: 90.5932%;\">_ R\u00e9f\u00e9rentiel du <strong>DSAA<\/strong><\/td>\n<td style=\"width: 9.40678%;\"><a href=\"https:\/\/www.sup.adc.education.fr\/btslst\/referentiel\/DSAA_design.pdf\" target=\"_blank\" rel=\"noopener noreferrer\"><img loading=\"lazy\" class=\"alignnone wp-image-27 size-full\" src=\"http:\/\/www.lyceelecorbusier.eu\/wp-content\/uploads\/2014\/07\/pdf3.png\" alt=\"\" width=\"36\" height=\"36\" \/><\/a><\/td>\n<\/tr>\n<tr>\n<td style=\"width: 90.5932%;\">_ Pr\u00e9sentation du <strong>DSAA<\/strong><\/td>\n<td style=\"width: 9.40678%;\"><a href=\"http:\/\/designetartsappliques.fr\/content\/dipl%C3%B4me-sup%C3%A9rieur-des-arts-appliqu%C3%A9s-sp%C3%A9cialit%C3%A9-design-dsaa\" target=\"_blank\" rel=\"noopener noreferrer\"><img loading=\"lazy\" class=\"alignnone wp-image-27 size-full\" src=\"http:\/\/www.lyceelecorbusier.eu\/wp-content\/uploads\/2014\/07\/pdf3.png\" alt=\"\" width=\"36\" height=\"36\" \/><\/a><\/td>\n<\/tr>\n<\/tbody>\n<\/table>\n<h6>Baccalaur\u00e9at STD2A<\/h6>\n<table style=\"width: 100%;\" border=\"0\" width=\"100%\" cellspacing=\"5\" cellpadding=\"0\">\n<tbody>\n<tr>\n<td style=\"width: 90.678%;\">_ Pr\u00e9sentation du <strong>baccalaur\u00e9at STD2A<\/strong><\/td>\n<td style=\"width: 9.23729%;\"><a href=\"http:\/\/designetartsappliques.fr\/content\/baccalaur%C3%A9-technologique-s%C3%A9rie-sciences-et-technologies-du-design-et-des-arts-appliqu%C3%A9s-std2\" target=\"_blank\" rel=\"noopener noreferrer\"><img loading=\"lazy\" class=\"alignnone wp-image-27 size-full\" src=\"http:\/\/www.lyceelecorbusier.eu\/wp-content\/uploads\/2014\/07\/pdf3.png\" alt=\"\" width=\"36\" height=\"36\" \/><\/a><\/td>\n<\/tr>\n<\/tbody>\n<\/table>\n<h6>DNMADe<\/h6>\n<table style=\"width: 100%;\" border=\"0\" width=\"100%\" cellspacing=\"5\" cellpadding=\"0\">\n<tbody>\n<tr>\n<td style=\"width: 90.5932%;\">_R\u00e9f\u00e9rentiel<strong> DNMADe<\/strong><strong><br \/>\n<\/strong><\/td>\n<td style=\"width: 9.32203%;\"><a href=\"https:\/\/eduscol.education.fr\/sti\/sites\/eduscol.education.fr.sti\/files\/joe_20180520_0115_0029_0.pdf\" target=\"_blank\" rel=\"noopener noreferrer\"><img loading=\"lazy\" class=\"alignnone wp-image-27 size-full\" src=\"http:\/\/www.lyceelecorbusier.eu\/wp-content\/uploads\/2014\/07\/pdf3.png\" alt=\"\" width=\"36\" height=\"36\" \/><\/a><\/td>\n<\/tr>\n<tr>\n<td style=\"width: 90.5932%;\">_ Pr\u00e9sentation <strong>DNMADe<\/strong><\/td>\n<td style=\"width: 9.32203%;\"><a href=\"https:\/\/www.lyceelecorbusier.eu\/dnmade\/\" target=\"_blank\" rel=\"noopener noreferrer\"><img loading=\"lazy\" class=\"alignnone wp-image-27 size-full\" src=\"http:\/\/www.lyceelecorbusier.eu\/wp-content\/uploads\/2014\/07\/pdf3.png\" alt=\"\" width=\"36\" height=\"36\" \/><\/a><\/td>\n<\/tr>\n<\/tbody>\n<\/table>\n<p>&nbsp;<\/p>\n","protected":false},"excerpt":{"rendered":"<p>Le programme international du lyc\u00e9e<\/p>\n","protected":false},"author":1,"featured_media":794,"comment_status":"closed","ping_status":"closed","sticky":false,"template":"","format":"standard","meta":[],"categories":[1],"tags":[],"_links":{"self":[{"href":"https:\/\/www.lyceelecorbusier.eu\/index.php?rest_route=\/wp\/v2\/posts\/23"}],"collection":[{"href":"https:\/\/www.lyceelecorbusier.eu\/index.php?rest_route=\/wp\/v2\/posts"}],"about":[{"href":"https:\/\/www.lyceelecorbusier.eu\/index.php?rest_route=\/wp\/v2\/types\/post"}],"author":[{"embeddable":true,"href":"https:\/\/www.lyceelecorbusier.eu\/index.php?rest_route=\/wp\/v2\/users\/1"}],"replies":[{"embeddable":true,"href":"https:\/\/www.lyceelecorbusier.eu\/index.php?rest_route=%2Fwp%2Fv2%2Fcomments&post=23"}],"version-history":[{"count":39,"href":"https:\/\/www.lyceelecorbusier.eu\/index.php?rest_route=\/wp\/v2\/posts\/23\/revisions"}],"predecessor-version":[{"id":1911,"href":"https:\/\/www.lyceelecorbusier.eu\/index.php?rest_route=\/wp\/v2\/posts\/23\/revisions\/1911"}],"wp:featuredmedia":[{"embeddable":true,"href":"https:\/\/www.lyceelecorbusier.eu\/index.php?rest_route=\/wp\/v2\/media\/794"}],"wp:attachment":[{"href":"https:\/\/www.lyceelecorbusier.eu\/index.php?rest_route=%2Fwp%2Fv2%2Fmedia&parent=23"}],"wp:term":[{"taxonomy":"category","embeddable":true,"href":"https:\/\/www.lyceelecorbusier.eu\/index.php?rest_route=%2Fwp%2Fv2%2Fcategories&post=23"},{"taxonomy":"post_tag","embeddable":true,"href":"https:\/\/www.lyceelecorbusier.eu\/index.php?rest_route=%2Fwp%2Fv2%2Ftags&post=23"}],"curies":[{"name":"wp","href":"https:\/\/api.w.org\/{rel}","templated":true}]}}