{"id":1042,"date":"2018-02-10T09:37:28","date_gmt":"2018-02-10T08:37:28","guid":{"rendered":"http:\/\/www.lyceelecorbusier.eu\/?p=1042"},"modified":"2018-09-18T16:34:52","modified_gmt":"2018-09-18T15:34:52","slug":"acceuil2","status":"publish","type":"post","link":"https:\/\/www.lyceelecorbusier.eu\/?p=1042","title":{"rendered":"rentr\u00e9e 2018-2019"},"content":{"rendered":"<h1 style=\"text-align: center;\">Informations rentr\u00e9e 2018-2019<\/h1>\n<table style=\"width: 100%; border-collapse: collapse;\" border=\"0\">\n<tbody>\n<tr style=\"height: 29px;\">\n<td style=\"width: 93.8309%; height: 29px;\">\n<h3><a href=\"http:\/\/www.lyceelecorbusier.eu\/wp-content\/uploads\/2018\/02\/calendrier-rentree-eleve-2018-2019-mis-a-jour-au-21-08.pdf\" target=\"_blank\" rel=\"noopener\">Calendrier de la rentr\u00e9e des \u00e9l\u00e8ves et des \u00e9tudiants<br \/>\n(mise \u00e0 jour du 21\/08\/2017)<\/a><\/h3>\n<\/td>\n<td style=\"width: 6.16906%; height: 29px;\"><a href=\"http:\/\/www.lyceelecorbusier.eu\/wp-content\/uploads\/2018\/02\/calendrier-rentree-eleve-2018-2019-mis-a-jour-au-21-08.pdf\" target=\"_blank\" rel=\"noopener\"><img loading=\"lazy\" class=\"alignright wp-image-1615 size-full\" src=\"http:\/\/www.lyceelecorbusier.eu\/wp-content\/uploads\/2018\/02\/pdf.png\" alt=\"\" width=\"31\" height=\"34\" \/><\/a><\/td>\n<\/tr>\n<tr style=\"height: 60px;\">\n<td style=\"width: 93.8309%; height: 60px;\">\n<h3><a href=\"http:\/\/www.lyceelecorbusier.eu\/wp-content\/uploads\/2018\/07\/COM_Famille-2018-V05.pdf\" target=\"_blank\" rel=\"noopener\">Lyc\u00e9e 4.0 \/ Communication aux familles<\/a><\/h3>\n<\/td>\n<td style=\"width: 6.16906%; text-align: right; height: 60px;\"><a href=\"http:\/\/www.lyceelecorbusier.eu\/wp-content\/uploads\/2018\/07\/COM_Famille-2018-V05.pdf\" target=\"_blank\" rel=\"noopener\"><img loading=\"lazy\" class=\"alignright wp-image-1615 size-full\" src=\"http:\/\/www.lyceelecorbusier.eu\/wp-content\/uploads\/2018\/02\/pdf.png\" alt=\"\" width=\"31\" height=\"34\" \/><\/a><\/td>\n<\/tr>\n<tr style=\"height: 60px;\">\n<td style=\"width: 93.8309%; height: 60px;\">\n<h3><a href=\"http:\/\/www.lyceelecorbusier.eu\/wp-content\/uploads\/2018\/07\/pr\u00e9conisations familles achats 4.0.pdf\" target=\"_blank\" rel=\"noopener\">Lyc\u00e9e 4.0 \/ Pr\u00e9conisations d&#8217;achats<\/a><\/h3>\n<\/td>\n<td style=\"width: 6.16906%; text-align: right; height: 60px;\"><a href=\"http:\/\/www.lyceelecorbusier.eu\/wp-content\/uploads\/2018\/07\/pr\u00e9conisations familles achats 4.0.pdf\" target=\"_blank\" rel=\"noopener\"><img loading=\"lazy\" class=\"alignright wp-image-1615 size-full\" src=\"http:\/\/www.lyceelecorbusier.eu\/wp-content\/uploads\/2018\/02\/pdf.png\" alt=\"\" width=\"31\" height=\"34\" \/><\/a><\/td>\n<\/tr>\n<tr>\n<td style=\"width: 93.8309%;\">\n<h3><a href=\"http:\/\/www.lyceelecorbusier.eu\/wp-content\/uploads\/2018\/02\/rentree-cfa-2018.pdf\" target=\"_blank\" rel=\"noopener\">Calendrier de la rentr\u00e9e des apprentis du CFA<\/a><\/h3>\n<\/td>\n<td style=\"width: 6.16906%; text-align: right;\"><a href=\"http:\/\/www.lyceelecorbusier.eu\/wp-content\/uploads\/2018\/02\/rentree-cfa-2018.pdf\" target=\"_blank\" rel=\"noopener\"><img loading=\"lazy\" class=\"alignright wp-image-1615 size-full\" src=\"http:\/\/www.lyceelecorbusier.eu\/wp-content\/uploads\/2018\/02\/pdf.png\" alt=\"\" width=\"31\" height=\"34\" \/><\/a><\/td>\n<\/tr>\n<\/tbody>\n<\/table>\n","protected":false},"excerpt":{"rendered":"<p>Informations rentr\u00e9e 2018-2019 Calendrier de la rentr\u00e9e des \u00e9l\u00e8ves et des \u00e9tudiants (mise \u00e0 jour du 21\/08\/2017) Lyc\u00e9e 4.0 \/ Communication aux familles Lyc\u00e9e 4.0 \/ Pr\u00e9conisations d&#8217;achats Calendrier de la rentr\u00e9e des apprentis du CFA<\/p>\n","protected":false},"author":1,"featured_media":0,"comment_status":"closed","ping_status":"closed","sticky":false,"template":"","format":"status","meta":[],"categories":[1],"tags":[],"_links":{"self":[{"href":"https:\/\/www.lyceelecorbusier.eu\/index.php?rest_route=\/wp\/v2\/posts\/1042"}],"collection":[{"href":"https:\/\/www.lyceelecorbusier.eu\/index.php?rest_route=\/wp\/v2\/posts"}],"about":[{"href":"https:\/\/www.lyceelecorbusier.eu\/index.php?rest_route=\/wp\/v2\/types\/post"}],"author":[{"embeddable":true,"href":"https:\/\/www.lyceelecorbusier.eu\/index.php?rest_route=\/wp\/v2\/users\/1"}],"replies":[{"embeddable":true,"href":"https:\/\/www.lyceelecorbusier.eu\/index.php?rest_route=%2Fwp%2Fv2%2Fcomments&post=1042"}],"version-history":[{"count":50,"href":"https:\/\/www.lyceelecorbusier.eu\/index.php?rest_route=\/wp\/v2\/posts\/1042\/revisions"}],"predecessor-version":[{"id":1628,"href":"https:\/\/www.lyceelecorbusier.eu\/index.php?rest_route=\/wp\/v2\/posts\/1042\/revisions\/1628"}],"wp:attachment":[{"href":"https:\/\/www.lyceelecorbusier.eu\/index.php?rest_route=%2Fwp%2Fv2%2Fmedia&parent=1042"}],"wp:term":[{"taxonomy":"category","embeddable":true,"href":"https:\/\/www.lyceelecorbusier.eu\/index.php?rest_route=%2Fwp%2Fv2%2Fcategories&post=1042"},{"taxonomy":"post_tag","embeddable":true,"href":"https:\/\/www.lyceelecorbusier.eu\/index.php?rest_route=%2Fwp%2Fv2%2Ftags&post=1042"}],"curies":[{"name":"wp","href":"https:\/\/api.w.org\/{rel}","templated":true}]}}