{"id":808,"date":"2025-06-25T15:02:59","date_gmt":"2025-06-25T13:02:59","guid":{"rendered":"https:\/\/www.lyceelecorbusier.eu\/erasmus\/?p=808"},"modified":"2025-06-25T15:02:59","modified_gmt":"2025-06-25T13:02:59","slug":"la-vivace-amitie-franco-allemande","status":"publish","type":"post","link":"https:\/\/www.lyceelecorbusier.eu\/erasmus\/?p=808","title":{"rendered":"La vivace amiti\u00e9 franco-allemande"},"content":{"rendered":"<p><img loading=\"lazy\" width=\"300\" height=\"223\" class=\"alignnone size-medium wp-image-809\" src=\"http:\/\/www.lyceelecorbusier.eu\/erasmus\/wp-content\/uploads\/sites\/53\/2025\/06\/accueil-leer-4-300x223.jpg\" alt=\"\" srcset=\"https:\/\/www.lyceelecorbusier.eu\/erasmus\/wp-content\/uploads\/sites\/53\/2025\/06\/accueil-leer-4-300x223.jpg 300w, https:\/\/www.lyceelecorbusier.eu\/erasmus\/wp-content\/uploads\/sites\/53\/2025\/06\/accueil-leer-4-1024x761.jpg 1024w, https:\/\/www.lyceelecorbusier.eu\/erasmus\/wp-content\/uploads\/sites\/53\/2025\/06\/accueil-leer-4-768x571.jpg 768w, https:\/\/www.lyceelecorbusier.eu\/erasmus\/wp-content\/uploads\/sites\/53\/2025\/06\/accueil-leer-4-1536x1141.jpg 1536w, https:\/\/www.lyceelecorbusier.eu\/erasmus\/wp-content\/uploads\/sites\/53\/2025\/06\/accueil-leer-4-2048x1521.jpg 2048w, https:\/\/www.lyceelecorbusier.eu\/erasmus\/wp-content\/uploads\/sites\/53\/2025\/06\/accueil-leer-4-1615x1200.jpg 1615w, https:\/\/www.lyceelecorbusier.eu\/erasmus\/wp-content\/uploads\/sites\/53\/2025\/06\/accueil-leer-4-960x713.jpg 960w\" sizes=\"(max-width: 300px) 100vw, 300px\" \/><img loading=\"lazy\" width=\"300\" height=\"155\" class=\"alignnone size-medium wp-image-813\" style=\"font-size: 1em\" src=\"http:\/\/www.lyceelecorbusier.eu\/erasmus\/wp-content\/uploads\/sites\/53\/2025\/06\/accueil-leer2-1-300x155.jpg\" alt=\"\" srcset=\"https:\/\/www.lyceelecorbusier.eu\/erasmus\/wp-content\/uploads\/sites\/53\/2025\/06\/accueil-leer2-1-300x155.jpg 300w, https:\/\/www.lyceelecorbusier.eu\/erasmus\/wp-content\/uploads\/sites\/53\/2025\/06\/accueil-leer2-1-1024x528.jpg 1024w, https:\/\/www.lyceelecorbusier.eu\/erasmus\/wp-content\/uploads\/sites\/53\/2025\/06\/accueil-leer2-1-768x396.jpg 768w, https:\/\/www.lyceelecorbusier.eu\/erasmus\/wp-content\/uploads\/sites\/53\/2025\/06\/accueil-leer2-1-1536x793.jpg 1536w, https:\/\/www.lyceelecorbusier.eu\/erasmus\/wp-content\/uploads\/sites\/53\/2025\/06\/accueil-leer2-1-2048x1057.jpg 2048w, https:\/\/www.lyceelecorbusier.eu\/erasmus\/wp-content\/uploads\/sites\/53\/2025\/06\/accueil-leer2-1-1800x929.jpg 1800w, https:\/\/www.lyceelecorbusier.eu\/erasmus\/wp-content\/uploads\/sites\/53\/2025\/06\/accueil-leer2-1-960x495.jpg 960w\" sizes=\"(max-width: 300px) 100vw, 300px\" \/><img loading=\"lazy\" width=\"300\" height=\"259\" class=\"alignnone size-medium wp-image-811\" style=\"font-size: 1em\" src=\"http:\/\/www.lyceelecorbusier.eu\/erasmus\/wp-content\/uploads\/sites\/53\/2025\/06\/accueil-leer3-1-300x259.jpg\" alt=\"\" srcset=\"https:\/\/www.lyceelecorbusier.eu\/erasmus\/wp-content\/uploads\/sites\/53\/2025\/06\/accueil-leer3-1-300x259.jpg 300w, https:\/\/www.lyceelecorbusier.eu\/erasmus\/wp-content\/uploads\/sites\/53\/2025\/06\/accueil-leer3-1-1024x885.jpg 1024w, https:\/\/www.lyceelecorbusier.eu\/erasmus\/wp-content\/uploads\/sites\/53\/2025\/06\/accueil-leer3-1-768x664.jpg 768w, https:\/\/www.lyceelecorbusier.eu\/erasmus\/wp-content\/uploads\/sites\/53\/2025\/06\/accueil-leer3-1-1536x1328.jpg 1536w, https:\/\/www.lyceelecorbusier.eu\/erasmus\/wp-content\/uploads\/sites\/53\/2025\/06\/accueil-leer3-1-2048x1770.jpg 2048w, https:\/\/www.lyceelecorbusier.eu\/erasmus\/wp-content\/uploads\/sites\/53\/2025\/06\/accueil-leer3-1-1851x1600.jpg 1851w, https:\/\/www.lyceelecorbusier.eu\/erasmus\/wp-content\/uploads\/sites\/53\/2025\/06\/accueil-leer3-1-1388x1200.jpg 1388w, https:\/\/www.lyceelecorbusier.eu\/erasmus\/wp-content\/uploads\/sites\/53\/2025\/06\/accueil-leer3-1-960x830.jpg 960w\" sizes=\"(max-width: 300px) 100vw, 300px\" \/><\/p>\n<p><strong>Premi\u00e8re Phase du projet\u00a0: Accueil \u00e0 Illkirch du 13 au 15 mai 2025<\/strong><\/p>\n<p>Nous avons accueilli six \u00e9l\u00e8ves et deux professeurs de la BBS2 Leer au mois de mai 2025 pour un projet sur l\u2019interculturalit\u00e9 et l\u2019amiti\u00e9 franco-allemande.<\/p>\n<p>Nos participants \u00e9taient des \u00e9l\u00e8ves de 2GT issus \u00a0du Module Approfondi allemand et de l\u2019option MSIAD. Nos \u00e9l\u00e8ves ont commenc\u00e9 par faire la visite de notre \u00e9tablissement aux partenaires qui ont \u00e9t\u00e9 \u00e9tonn\u00e9s de la diversit\u00e9 des fili\u00e8res propos\u00e9es \u00e0 Illkirch. C\u2019est ensuite en petits groupes qu\u2019ils ont r\u00e9fl\u00e9chi \u00e0 des symboles culturels de l\u2019Alsace, le tout modernis\u00e9 par des anim\u00e9s, fort appr\u00e9ci\u00e9s par les \u00e9l\u00e8ves, qu\u2019il fallait ensuite peindre en grand sur des cabines pr\u00e9par\u00e9es par les coll\u00e8gues de la fili\u00e8re peinture pour faire une petite exposition. M Brehm a initi\u00e9 le groupe \u00e0 la technique de reproduction de croquis \u00e0 la proportionnelle sur un mur \u00e0 l\u2019aide d\u2019un cadrillage. Les \u0153uvres \u00e9ph\u00e9m\u00e8res finales ont \u00e9t\u00e9 ensuite pr\u00e9sent\u00e9es et comment\u00e9es \u00e0 l\u2019oral en groupe franco-allemand.<\/p>\n<p>Les \u00e9l\u00e8ves ont pu faire d\u00e9couvrir Strasbourg et sa vieille ville au groupe allemand, une ascension de la Cath\u00e9drale Notre-Dame a \u00e9t\u00e9 propos\u00e9e afin de montrer une vue d\u2019ensemble de notre r\u00e9gion frontali\u00e8re. Le groupe a mieux compris le r\u00f4le Strasbourg en tant que capitale europ\u00e9enne au cours d\u2019une visite guid\u00e9e en bateau partant du centre-ville jusqu\u2019au quartier Europ\u00e9en. Des moments de convivialit\u00e9 ont \u00e9galement permis aux jeunes d\u2019\u00e9changer et d\u2019apprendre \u00e0 se conna\u00eetre comme lors d\u2019un d\u00eener traditionnel de tartes flamb\u00e9es.<\/p>\n<p>Les jeunes ont pris conscience de leur propre identit\u00e9 en tant qu\u2019europ\u00e9ens au sein d\u2019un espace multiculturel, ils ont compris qu\u2019ils ont des diff\u00e9rences mais qu\u2019ils partagent aussi beaucoup de similitudes avec nos voisins, en lisant les m\u00eames ouvrages avec les m\u00eames anim\u00e9s, en utilisant les m\u00eames m\u00e9dias et moyens de communication.<\/p>\n<p>&nbsp;<\/p>\n<p>&nbsp;<\/p>\n","protected":false},"excerpt":{"rendered":"<p>Premi\u00e8re Phase du projet\u00a0: Accueil \u00e0 Illkirch du 13 au 15 mai 2025 Nous avons accueilli six \u00e9l\u00e8ves et deux professeurs de la BBS2 Leer au mois de mai 2025 pour un projet sur l\u2019interculturalit\u00e9 et l\u2019amiti\u00e9 franco-allemande&#8230;. <a class=\"read-more\" href=\"https:\/\/www.lyceelecorbusier.eu\/erasmus\/?p=808\">Lire la suite&#8230;<\/a><\/p>\n","protected":false},"author":387,"featured_media":0,"comment_status":"closed","ping_status":"closed","sticky":false,"template":"","format":"standard","meta":[],"categories":[1],"tags":[],"_links":{"self":[{"href":"https:\/\/www.lyceelecorbusier.eu\/erasmus\/index.php?rest_route=\/wp\/v2\/posts\/808"}],"collection":[{"href":"https:\/\/www.lyceelecorbusier.eu\/erasmus\/index.php?rest_route=\/wp\/v2\/posts"}],"about":[{"href":"https:\/\/www.lyceelecorbusier.eu\/erasmus\/index.php?rest_route=\/wp\/v2\/types\/post"}],"author":[{"embeddable":true,"href":"https:\/\/www.lyceelecorbusier.eu\/erasmus\/index.php?rest_route=\/wp\/v2\/users\/387"}],"replies":[{"embeddable":true,"href":"https:\/\/www.lyceelecorbusier.eu\/erasmus\/index.php?rest_route=%2Fwp%2Fv2%2Fcomments&post=808"}],"version-history":[{"count":3,"href":"https:\/\/www.lyceelecorbusier.eu\/erasmus\/index.php?rest_route=\/wp\/v2\/posts\/808\/revisions"}],"predecessor-version":[{"id":816,"href":"https:\/\/www.lyceelecorbusier.eu\/erasmus\/index.php?rest_route=\/wp\/v2\/posts\/808\/revisions\/816"}],"wp:attachment":[{"href":"https:\/\/www.lyceelecorbusier.eu\/erasmus\/index.php?rest_route=%2Fwp%2Fv2%2Fmedia&parent=808"}],"wp:term":[{"taxonomy":"category","embeddable":true,"href":"https:\/\/www.lyceelecorbusier.eu\/erasmus\/index.php?rest_route=%2Fwp%2Fv2%2Fcategories&post=808"},{"taxonomy":"post_tag","embeddable":true,"href":"https:\/\/www.lyceelecorbusier.eu\/erasmus\/index.php?rest_route=%2Fwp%2Fv2%2Ftags&post=808"}],"curies":[{"name":"wp","href":"https:\/\/api.w.org\/{rel}","templated":true}]}}