{"id":696,"date":"2024-04-04T10:00:23","date_gmt":"2024-04-04T08:00:23","guid":{"rendered":"https:\/\/www.lyceelecorbusier.eu\/erasmus\/?p=696"},"modified":"2024-12-02T10:48:54","modified_gmt":"2024-12-02T09:48:54","slug":"accueil-des-partenaires-de-wittenberg","status":"publish","type":"post","link":"https:\/\/www.lyceelecorbusier.eu\/erasmus\/?p=696","title":{"rendered":"Accueil des partenaires de Wittenberg"},"content":{"rendered":"<p>Dans le cadre du Programme Erasmus+ quinze \u00e9l\u00e8ves de seconde g\u00e9n\u00e9rale et technologique du lyc\u00e9e Le Corbusier ont accueilli leurs partenaires allemands du Luther-Melanchthon-Gymnasium de Wittenberg (Saxe-Anhalt) du 17 au 23 mars 2024.<\/p>\n<p>Les \u00e9l\u00e8ves ont travaill\u00e9 en bin\u00f4me franco-allemand sur le th\u00e8me \u00ab\u00a0Paires in\u00e9gales\u00a0\u00bb qui fera l\u2019objet d\u2019une exposition et d\u2019un concours de photographies. Ils ont pu visiter le centre historique de Strasbourg ainsi que la Neustadt et se poser la question des relations franco-allemandes au cours des si\u00e8cles pass\u00e9s. Une visite guid\u00e9e du Parlement Europ\u00e9en ainsi que du quartier europ\u00e9en de la ville de Strasbourg a sensibilis\u00e9 les \u00e9l\u00e8ves sur le r\u00f4le de l\u2019Europe aujourd\u2019hui.<\/p>\n<p><span style=\"font-weight: 400\">Certains ont partag\u00e9 la vie d\u2019interne avec nos \u00e9l\u00e8ves, d\u2019autres ont \u00e9t\u00e9 accueillis et h\u00e9berg\u00e9s en familles, et tous ont partag\u00e9 au moins un d\u00eener dans une famille fran\u00e7aise. Merci aux familles pour leur accueil et ces moments de partage. <\/span><\/p>\n<p>Le groupe se r\u00e9jouit de d\u00e9couvrir l\u2019\u00e9cole partenaire et de r\u00e9aliser une immersion culturelle dans le pays voisin avec le voyage \u00e0 Wittenberg qui est pr\u00e9vu du 7 au 12 avril prochain.<\/p>\n<p><img loading=\"lazy\" class=\"alignnone wp-image-720 size-full\" src=\"http:\/\/www.lyceelecorbusier.eu\/erasmus\/wp-content\/uploads\/sites\/53\/2024\/12\/Erasmus_Web_Banner.png\" alt=\"\" width=\"1147\" height=\"123\" srcset=\"https:\/\/www.lyceelecorbusier.eu\/erasmus\/wp-content\/uploads\/sites\/53\/2024\/12\/Erasmus_Web_Banner.png 1147w, https:\/\/www.lyceelecorbusier.eu\/erasmus\/wp-content\/uploads\/sites\/53\/2024\/12\/Erasmus_Web_Banner-300x32.png 300w, https:\/\/www.lyceelecorbusier.eu\/erasmus\/wp-content\/uploads\/sites\/53\/2024\/12\/Erasmus_Web_Banner-1024x110.png 1024w, https:\/\/www.lyceelecorbusier.eu\/erasmus\/wp-content\/uploads\/sites\/53\/2024\/12\/Erasmus_Web_Banner-768x82.png 768w, https:\/\/www.lyceelecorbusier.eu\/erasmus\/wp-content\/uploads\/sites\/53\/2024\/12\/Erasmus_Web_Banner-960x103.png 960w\" sizes=\"(max-width: 1147px) 100vw, 1147px\" \/><\/p>\n","protected":false},"excerpt":{"rendered":"<p>Dans le cadre du Programme Erasmus+ quinze \u00e9l\u00e8ves de seconde g\u00e9n\u00e9rale et technologique du lyc\u00e9e Le Corbusier ont accueilli leurs partenaires allemands du Luther-Melanchthon-Gymnasium de Wittenberg (Saxe-Anhalt) du 17 au 23 mars 2024. Les \u00e9l\u00e8ves ont travaill\u00e9 en&#8230; <a class=\"read-more\" href=\"https:\/\/www.lyceelecorbusier.eu\/erasmus\/?p=696\">Lire la suite&#8230;<\/a><\/p>\n","protected":false},"author":314,"featured_media":701,"comment_status":"closed","ping_status":"closed","sticky":false,"template":"","format":"standard","meta":[],"categories":[1],"tags":[],"_links":{"self":[{"href":"https:\/\/www.lyceelecorbusier.eu\/erasmus\/index.php?rest_route=\/wp\/v2\/posts\/696"}],"collection":[{"href":"https:\/\/www.lyceelecorbusier.eu\/erasmus\/index.php?rest_route=\/wp\/v2\/posts"}],"about":[{"href":"https:\/\/www.lyceelecorbusier.eu\/erasmus\/index.php?rest_route=\/wp\/v2\/types\/post"}],"author":[{"embeddable":true,"href":"https:\/\/www.lyceelecorbusier.eu\/erasmus\/index.php?rest_route=\/wp\/v2\/users\/314"}],"replies":[{"embeddable":true,"href":"https:\/\/www.lyceelecorbusier.eu\/erasmus\/index.php?rest_route=%2Fwp%2Fv2%2Fcomments&post=696"}],"version-history":[{"count":2,"href":"https:\/\/www.lyceelecorbusier.eu\/erasmus\/index.php?rest_route=\/wp\/v2\/posts\/696\/revisions"}],"predecessor-version":[{"id":724,"href":"https:\/\/www.lyceelecorbusier.eu\/erasmus\/index.php?rest_route=\/wp\/v2\/posts\/696\/revisions\/724"}],"wp:featuredmedia":[{"embeddable":true,"href":"https:\/\/www.lyceelecorbusier.eu\/erasmus\/index.php?rest_route=\/wp\/v2\/media\/701"}],"wp:attachment":[{"href":"https:\/\/www.lyceelecorbusier.eu\/erasmus\/index.php?rest_route=%2Fwp%2Fv2%2Fmedia&parent=696"}],"wp:term":[{"taxonomy":"category","embeddable":true,"href":"https:\/\/www.lyceelecorbusier.eu\/erasmus\/index.php?rest_route=%2Fwp%2Fv2%2Fcategories&post=696"},{"taxonomy":"post_tag","embeddable":true,"href":"https:\/\/www.lyceelecorbusier.eu\/erasmus\/index.php?rest_route=%2Fwp%2Fv2%2Ftags&post=696"}],"curies":[{"name":"wp","href":"https:\/\/api.w.org\/{rel}","templated":true}]}}