{"id":690,"date":"2024-03-26T15:45:47","date_gmt":"2024-03-26T14:45:47","guid":{"rendered":"https:\/\/www.lyceelecorbusier.eu\/erasmus\/?p=690"},"modified":"2024-12-02T10:49:42","modified_gmt":"2024-12-02T09:49:42","slug":"direction-leer-pour-la-voie-professionnelle","status":"publish","type":"post","link":"https:\/\/www.lyceelecorbusier.eu\/erasmus\/?p=690","title":{"rendered":"Direction Leer pour la voie professionnelle"},"content":{"rendered":"<p>6 \u00e9l\u00e8ves de la voie professionnelle, dont 4 CAP et 2 BacPro ont eu la chance de pouvoir b\u00e9n\u00e9ficier d\u2019une immersion sur les plateaux techniques de notre \u00e9tablissement partenaire, la BBS 2 de Leer (Ostfriesland) en Allemagne. Durant deux semaines, nos apprenants ont eu l\u2019occasion de d\u00e9couvrir l\u2019enseignement professionnel en Allemagne \u00e0 travers un parcours dans les ateliers de la BBS 2 au cours duquel ils se sont initi\u00e9s \u00e0 diff\u00e9rents m\u00e9tiers, comme la finition, la m\u00e9canique automobile, la menuiserie ou encore l\u2019\u00e9lectricit\u00e9 et la programmation informatique. Des temps de d\u00e9couverte culturelle de la r\u00e9gion d\u2019accueil les ont notamment amen\u00e9s \u00e0 la Mer du Nord, au mus\u00e9e des sciences et techniques de Br\u00eame ou aux Pays-Bas, dans la ville de Groningen !<\/p>\n<p><img loading=\"lazy\" class=\"alignnone wp-image-720 size-full\" src=\"http:\/\/www.lyceelecorbusier.eu\/erasmus\/wp-content\/uploads\/sites\/53\/2024\/12\/Erasmus_Web_Banner.png\" alt=\"\" width=\"1147\" height=\"123\" srcset=\"https:\/\/www.lyceelecorbusier.eu\/erasmus\/wp-content\/uploads\/sites\/53\/2024\/12\/Erasmus_Web_Banner.png 1147w, https:\/\/www.lyceelecorbusier.eu\/erasmus\/wp-content\/uploads\/sites\/53\/2024\/12\/Erasmus_Web_Banner-300x32.png 300w, https:\/\/www.lyceelecorbusier.eu\/erasmus\/wp-content\/uploads\/sites\/53\/2024\/12\/Erasmus_Web_Banner-1024x110.png 1024w, https:\/\/www.lyceelecorbusier.eu\/erasmus\/wp-content\/uploads\/sites\/53\/2024\/12\/Erasmus_Web_Banner-768x82.png 768w, https:\/\/www.lyceelecorbusier.eu\/erasmus\/wp-content\/uploads\/sites\/53\/2024\/12\/Erasmus_Web_Banner-960x103.png 960w\" sizes=\"(max-width: 1147px) 100vw, 1147px\" \/><\/p>\n<p><strong>T\u00e9moignage d&#8217;un enseignant :<\/strong><\/p>\n<p><em>En tant qu\u2019enseignant PLP Math\u00e9matiques \u2013 Sciences, j\u2019ai particip\u00e9 au s\u00e9jour Erasmus+ \u00e0 Leer en Allemagne, du 5 au 15 f\u00e9vrier 2024. Nous \u00e9tions 2 enseignants et 6 \u00e9l\u00e8ves. <\/em><em>Les \u00e9l\u00e8ves venaient de fili\u00e8res diff\u00e9rentes, tous scolaris\u00e9s au Lyc\u00e9e professionnel :<br \/>\n<\/em><em>&#8211; 1 \u00e9l\u00e8ve en 2<sup>\u00e8me<\/sup> ann\u00e9e CAP \u00c9lectricit\u00e9<br \/>\n<\/em><em>&#8211; 1 \u00e9l\u00e8ve en 2<sup>nde<\/sup> BAC Professionnel M\u00e9tiers de la Construction et du d\u00e9veloppement Durable \u2013 option Intervention sur Patrimoine B\u00e2ti<br \/>\n<\/em><em>&#8211; 1 \u00e9l\u00e8ve en 2<sup>nde<\/sup> BAC Professionnel M\u00e9tiers de la Construction et du d\u00e9veloppement Durable \u2013 option M\u00e9tallerie<br \/>\n<\/em><em>&#8211; 2 \u00e9l\u00e8ve en 1<sup>\u00e8re<\/sup> ann\u00e9e CAP Peinture<br \/>\n<\/em><em>&#8211; 1 \u00e9l\u00e8ve en 2<sup>\u00e8me<\/sup> ann\u00e9e CAP Peinture<\/em><\/p>\n<p><em>\u00a0<\/em><em>Lors du voyage scolaire \u00e0 Leer, nous avons effectu\u00e9 un \u00ab Job Shadowing \u00bb au sein d\u2019un Lyc\u00e9e professionnel allemand, la BBS2 de Leer. Nous avons r\u00e9alis\u00e9 des immersions dans diff\u00e9rents ateliers :<br \/>\n<\/em><em>&#8211; Atelier menuiserie bois<br \/>\n<\/em><em>&#8211; Atelier gros-\u0153uvre<br \/>\n<\/em><em>&#8211; Atelier m\u00e9canique automobile<br \/>\n<\/em><em>&#8211; Atelier \u00e9lectricit\u00e9 et \u00e9lectrotechnique<br \/>\n<\/em><em>&#8211; Atelier tournage-fraisage<\/em><em>\u00a0<\/em><\/p>\n<p><em>Le voyage scolaire a donc permis aux \u00e9l\u00e8ves la d\u00e9couverte des m\u00e9tiers, en le pratiquant r\u00e9ellement, car ils n\u2019\u00e9taient pas simples observateurs mais bel et bien consid\u00e9r\u00e9s comme des apprenants avec des t\u00e2ches \u00e0 r\u00e9aliser, avec l\u2019aide pr\u00e9cieuse des enseignants et \u00e9l\u00e8ves allemands. Cela a permis une grande ouverture d\u2019esprit pour les \u00e9l\u00e8ves notamment dans la d\u00e9couverte de m\u00e9tiers qu\u2019ils ne connaissaient pas jusqu\u2019\u00e0 lors et dans la pratique de la langue allemande et anglaise.<\/em><\/p>\n<p><em>Le s\u00e9jour a \u00e9galement \u00e9t\u00e9 l\u2019occasion d\u2019une grande d\u00e9couverte culturelle pur les \u00e9l\u00e8ves, en effet, ceux-ci ont pu s\u2019impr\u00e9gner de la culture allemande et d\u00e9couvrir des paysages et prendre part \u00e0 des activit\u00e9s culturelles. Le voyage a \u00e9t\u00e9 l\u2019occasion de d\u00e9couvrir notamment\u00a0:<br \/>\n<\/em><em>&#8211; La ville de Br\u00eame (Allemagne)\u00a0: D\u00e9couverte du mus\u00e9e de l\u2019universit\u00e9 (Universum Bremen)\u00a0; visite de la ville pour d\u00e9couvrir l\u2019architecture des b\u00e2timents, visite de la cath\u00e9drale.<br \/>\n<\/em><em>&#8211; La ville de Groningue\u00a0(Pays-Bas) : D\u00e9couverte du mus\u00e9e de Groningue (Groninger museum), un mus\u00e9e d\u00e9di\u00e9 \u00e0 l\u2019art et l\u2019art de rue ; visite de la ville pour d\u00e9couvrir l\u2019architecture des b\u00e2timents.<br \/>\n<\/em><em>&#8211; La ville de Norddeich Mole\u00a0(Allemagne) : D\u00e9couverte du bord de mer qui f\u00fbt une v\u00e9ritable d\u00e9couverte pour certains \u00e9l\u00e8ves qui n\u2019avaient jamais vu la mer.<\/em><em>\u00a0<\/em><\/p>\n<p><em>Les bilans effectu\u00e9s quotidiennement avec les \u00e9l\u00e8ves permet de dire que l\u2019exp\u00e9rience fut enrichissante pour eux, tant lors des immersions dans le Lyc\u00e9e que dans les sorties culturelles. Ils ont pu d\u00e9couvrir une culture diff\u00e9rente et une fa\u00e7on de travailler diff\u00e9rente de celle qu\u2019ils connaissaient d\u00e9j\u00e0. <\/em><\/p>\n<p><em style=\"font-size: 1em\">ARSLAN Yoann<br \/>\n<\/em><em>Enseignant PLP en Math\u00e9matiques \u2013 Sciences<\/em><\/p>\n","protected":false},"excerpt":{"rendered":"<p>6 \u00e9l\u00e8ves de la voie professionnelle, dont 4 CAP et 2 BacPro ont eu la chance de pouvoir b\u00e9n\u00e9ficier d\u2019une immersion sur les plateaux techniques de notre \u00e9tablissement partenaire, la BBS 2 de Leer (Ostfriesland) en Allemagne. Durant&#8230; <a class=\"read-more\" href=\"https:\/\/www.lyceelecorbusier.eu\/erasmus\/?p=690\">Lire la suite&#8230;<\/a><\/p>\n","protected":false},"author":387,"featured_media":0,"comment_status":"closed","ping_status":"closed","sticky":false,"template":"","format":"standard","meta":[],"categories":[1],"tags":[],"_links":{"self":[{"href":"https:\/\/www.lyceelecorbusier.eu\/erasmus\/index.php?rest_route=\/wp\/v2\/posts\/690"}],"collection":[{"href":"https:\/\/www.lyceelecorbusier.eu\/erasmus\/index.php?rest_route=\/wp\/v2\/posts"}],"about":[{"href":"https:\/\/www.lyceelecorbusier.eu\/erasmus\/index.php?rest_route=\/wp\/v2\/types\/post"}],"author":[{"embeddable":true,"href":"https:\/\/www.lyceelecorbusier.eu\/erasmus\/index.php?rest_route=\/wp\/v2\/users\/387"}],"replies":[{"embeddable":true,"href":"https:\/\/www.lyceelecorbusier.eu\/erasmus\/index.php?rest_route=%2Fwp%2Fv2%2Fcomments&post=690"}],"version-history":[{"count":4,"href":"https:\/\/www.lyceelecorbusier.eu\/erasmus\/index.php?rest_route=\/wp\/v2\/posts\/690\/revisions"}],"predecessor-version":[{"id":725,"href":"https:\/\/www.lyceelecorbusier.eu\/erasmus\/index.php?rest_route=\/wp\/v2\/posts\/690\/revisions\/725"}],"wp:attachment":[{"href":"https:\/\/www.lyceelecorbusier.eu\/erasmus\/index.php?rest_route=%2Fwp%2Fv2%2Fmedia&parent=690"}],"wp:term":[{"taxonomy":"category","embeddable":true,"href":"https:\/\/www.lyceelecorbusier.eu\/erasmus\/index.php?rest_route=%2Fwp%2Fv2%2Fcategories&post=690"},{"taxonomy":"post_tag","embeddable":true,"href":"https:\/\/www.lyceelecorbusier.eu\/erasmus\/index.php?rest_route=%2Fwp%2Fv2%2Ftags&post=690"}],"curies":[{"name":"wp","href":"https:\/\/api.w.org\/{rel}","templated":true}]}}