{"id":551,"date":"2023-07-04T11:08:39","date_gmt":"2023-07-04T09:08:39","guid":{"rendered":"https:\/\/www.lyceelecorbusier.eu\/erasmus\/?p=551"},"modified":"2023-07-13T12:17:00","modified_gmt":"2023-07-13T10:17:00","slug":"informations-special-transfrontalier","status":"publish","type":"post","link":"https:\/\/www.lyceelecorbusier.eu\/erasmus\/?p=551","title":{"rendered":"Informations &#8220;Echange transfrontalier et avec l&#8217;Allemagne&#8221;"},"content":{"rendered":"<p><strong>Conseil et information pour les \u00e9tudes et la vie en Allemagne<\/strong><\/p>\n<p>Plus d\u2019informations :\u00a0<a href=\"http:\/\/www.cec-zev.eu\">http:\/\/www.cec-zev.eu<\/a><\/p>\n<p><strong>Stage\/Volontariat\/Services civiques dans le domaine de la coop\u00e9ration franco-allemande<\/strong><\/p>\n<p class=\"docdata\" style=\"margin: 0cm 0cm 8.0pt 0cm\">Plus d\u2019informations : <a href=\"http:\/\/ofaj.org\/espace-recrutement.html\">http:\/\/ofaj.org\/espace-recrutement.html<\/a><\/p>\n<p><strong>Soutien pour la recherche de stage et d\u2019emploi en Allemagne<\/strong><\/p>\n<p>Il existe un livret intitul\u00e9 &#8220;Recherche d&#8217;Emploi et de stages en Allemagne&#8221; qui donne de pr\u00e9cieux conseil dans tous les domaines utiles autour de la recherche de stages et d&#8217;emplois en Allemagne. Pour cela, il faut envoyer un mail \u00e0 l&#8217;Ambassade de la R\u00e9publique f\u00e9d\u00e9rale d&#8217;Allemagne \u00e0 l&#8217;adresse suivante allemagne@pari.diplo.de et vous le recevrez par la poste.<\/p>\n<p>De plus, l&#8217;OFAJ met \u00e0 disposition une brochure en ligne avec des conseils et des informations :\u00a0 <a href=\"https:\/\/www.ofaj.org\/media\/conseils-recherche-stage-logement-en-allemagne.pdf\">https:\/\/www.ofaj.org\/media\/conseils-recherche-stage-logement-en-allemagne.pdf<\/a><\/p>\n<p><strong>Recherche d\u2019emploi en territoire transfrontalier<br \/>\n<\/strong><\/p>\n<p>EURES-T Rhin Sup\u00e9rieur a \u00e9t\u00e9 cr\u00e9\u00e9 en 1999 dans le but d\u2019encourager et de soutenir le march\u00e9 du travail transfrontalier europ\u00e9en. C\u2019est des acteurs des services publics de l\u2019emploi, des organisations patronales, des organisations syndicales et des collectivit\u00e9s territoriales et institutions \u00e9tatiques qui collaborent ensemble.<\/p>\n<p>Pour contacter un conseiller EURES-T Rhin Sup\u00e9rieur et <strong>obtenir des informations sur le march\u00e9 du travail allemand<\/strong>, il vous suffit de prendre rendez-vous \u00e0 l&#8217;adresse suivante:<\/p>\n<p>Contact :\u00a0<a href=\"mailto:conseil@eures-t-rhinsuperieur.eu\">conseil@eures-t-rhinsuperieur.eu<\/a><\/p>\n<p><strong>Service de placement transfrontalier<\/strong><\/p>\n<p>Pour contacter un conseiller du Service de Placement transfrontalier et recevoir des informations sur des postes vacants dans votre domaine en Allemagne, il vous suffit d&#8217;envoyer un mail au contact suivant : Contact\u00a0: <a href=\"mailto:spt-kehl@arbeitsagentur.de\">spt-kehl@arbeitsagentur.de<\/a><\/p>\n<p><strong>Sites pour la recherche d\u2019emploi en Allemagne<br \/>\n<\/strong><\/p>\n<p><a href=\"https:\/\/jobboerse.arbeitsagentur.de\/\">Jobboerse.arbeitsagentur.de<\/a><\/p>\n<p><a href=\"http:\/\/www.emploi-store.fr\/portail\/services\/partirTravaillerEnAllemagne\">Emploi Store<\/a><\/p>\n<p><a href=\"http:\/\/candidat.pole-emploi.fr\/candidat\/rechercheoffres\/resultats\/A__PAYS_0%E2%80%A6\">Pole emploi<\/a><\/p>\n<p><a href=\"http:\/\/www.connexion-emploi.com\/fr\/offers\">Connexion-emploi<\/a><\/p>\n<p><a href=\"http:\/\/www.travailler-en-allemagne.com\/\">Travailler-en-allemagne<\/a><\/p>\n<p><a href=\"http:\/\/www.stellenanzeigen.de\/\">Stellenanzeigen.de<\/a><\/p>\n<p><strong>Conseil sur des questions transfrontali\u00e8res <\/strong><\/p>\n<p><strong><span style=\"color: #808080\">INFOBEST Kehl-Strasbourg<\/span><\/strong><\/p>\n<p>Les INFOBESTs diffusent des informations sur l\u2019Allemagne, la France et la Suisse et peuvent \u00eatre consult\u00e9s gratuitement sur des th\u00e8mes aussi vastes que la s\u00e9curit\u00e9 sociale, l\u2019emploi, la fiscalit\u00e9, le d\u00e9m\u00e9nagement dans un pays voisin, la scolarit\u00e9 ou encore la circulation routi\u00e8re, ainsi que de nombreux autres sujets. INFOBEST accompagne et soutient \u00e9galement les citoyens dans leurs d\u00e9marches aupr\u00e8s de l\u2019administration de l\u2019autre pays.<\/p>\n<p>Institution publique et g\u00e9n\u00e9raliste, INFOBEST a pour objet de rendre possible et d\u2019encourager le vivre-ensemble dans l\u2019espace franco-germano-suisse du Rhin Sup\u00e9rieur. Le recours \u00e0 INFOBEST simplifie le contact et les relations avec l\u2019administration du pays voisin, permet de surmonter la barri\u00e8re de la langue et d\u2019\u00eatre orient\u00e9 vers le service comp\u00e9tent. Les INFOBESTs jouent ainsi un r\u00f4le de charni\u00e8re entre les administrations des trois pays du Rhin Sup\u00e9rieur et favorisent la communication et la collaboration transfrontali\u00e8res.<\/p>\n<p>INFOBEST Kehl\/Strasbourg<br \/>\nRehfusplatz 11<br \/>\nD-77694 Kehl am Rhein<br \/>\nT\u00e9l. F : +33 (0)3 88 76 68 98<br \/>\nT\u00e9l. D : +49 (0) 7851\/ 94 79 0<\/p>\n<p>Pour plus d\u2019informations et obtenir un rendez-vous, consultez le site : <a href=\"https:\/\/www.infobest.eu\/fr\/contact\">https:\/\/www.infobest.eu\/fr\/contact<\/a><\/p>\n<p><strong>Accompagnement et subventions pour des projets franco-allemands<\/strong><\/p>\n<p><strong>Eurodistrict Strasbourg-Ortenau<\/strong><\/p>\n<p>Tu as une id\u00e9e de projet transfrontalier? Cet organisme peut t\u2019aider dans sa r\u00e9alisation \u00e0 travers:<\/p>\n<p>-Le mise \u00e0 disposition de subventions pour votre projet transfrontalier<\/p>\n<p>&#8211; Subventions \u00ab classiques \u00bb de l\u2019Eurodistrict Strasbourg-Ortenau<br \/>\n&#8211; Fonds scolaire pour le bilinguisme<br \/>\n&#8211; Fonds jeunes r\u00e9fugi\u00e9s<\/p>\n<p>-La mise \u00e0 disposition de subventions pour votre projet transfrontalier<\/p>\n<p>-Le Soutien \u00e0 la sollicitation de fonds europ\u00e9ens : aide \u00e0 la conception et accompagnement de projets, p.ex. microprojets<\/p>\n<p>Pour prendre rendez-vous avec un conseiller et obtenir des informations, prenez contact \u00e0 l&#8217;adresse mail: <a href=\"mailto:info@eurodistrict.eu\">info@eurodistrict.eu<\/a><\/p>\n<p>GECT Eurodistrict Strasbourg-OrtenauLocaux :<br \/>\nFabrikstrasse 12<br \/>\n77694 Kehl \u2013 Allemagne +49 (0)7851-899\u00a0750<\/p>\n<p class=\"docdata\" style=\"margin: 0cm 0cm 8.0pt 0cm\"><b>Chantiers en Allemagne<\/b><\/p>\n<p>Si vous souhaitez participer \u00e0 un chantier en Allemagne, que ce soit dans le domaine de l&#8217;environnement, de la construction, de la r\u00e9novation&#8230; les organisations suivantes proposent divers s\u00e9jours en partenariat avec des organismes allemand dans les domaines &#8220;Jeunesse et reconstruction&#8221;<\/p>\n<p>Plus d\u2019informations :\u00a0<a href=\"http:\/\/www.volontariat.org\">www.volontariat.org<\/a><\/p>\n<p>Contact: <a href=\"mailto:info@volontariat.org\">info@volontariat.org<\/a><\/p>\n<p>Plus d\u2019informations :\u00a0<a href=\"http:\/\/www.ofaj.org\/programmes-formations\/chantiers\">www.ofaj.org\/programmes-formations\/chantiers<\/a><\/p>\n<p>Contact: <a href=\"mailto:chantiers@ofaj.org\">chantiers@ofaj.org<\/a><\/p>\n<p><strong>Workshops, s\u00e9minaires et formations sur la th\u00e9matique de l\u2019interculturel<\/strong><\/p>\n<p>Des formations orient\u00e9es vers la pratique professionnelle, un accompagnement personnalis\u00e9 de votre projet et la r\u00e9alisation d&#8217;\u00e9tudes sur mesure tout cela dans une dimension interculturelle franco-allemande.<\/p>\n<p style=\"margin: 0cm\"><strong>EURO-INSTITUT<\/strong><\/p>\n<p style=\"margin: 0cm\">Rehfusplatz 11<br \/>\nD-77694 Kehl<br \/>\nTel.: +49 (0) 7851 \/ 7407-0<br \/>\nE-Mail: info@euroinstitut.org<\/p>\n<p><strong>\u00a0<\/strong><\/p>\n<p>&nbsp;<\/p>\n<p>&nbsp;<\/p>\n","protected":false},"excerpt":{"rendered":"<p>Conseil et information pour les \u00e9tudes et la vie en Allemagne Plus d\u2019informations :\u00a0http:\/\/www.cec-zev.eu Stage\/Volontariat\/Services civiques dans le domaine de la coop\u00e9ration franco-allemande Plus d\u2019informations : http:\/\/ofaj.org\/espace-recrutement.html Soutien pour la recherche de stage et d\u2019emploi en Allemagne Il&#8230; <a class=\"read-more\" href=\"https:\/\/www.lyceelecorbusier.eu\/erasmus\/?p=551\">Lire la suite&#8230;<\/a><\/p>\n","protected":false},"author":375,"featured_media":0,"comment_status":"closed","ping_status":"closed","sticky":false,"template":"","format":"standard","meta":[],"categories":[21],"tags":[],"_links":{"self":[{"href":"https:\/\/www.lyceelecorbusier.eu\/erasmus\/index.php?rest_route=\/wp\/v2\/posts\/551"}],"collection":[{"href":"https:\/\/www.lyceelecorbusier.eu\/erasmus\/index.php?rest_route=\/wp\/v2\/posts"}],"about":[{"href":"https:\/\/www.lyceelecorbusier.eu\/erasmus\/index.php?rest_route=\/wp\/v2\/types\/post"}],"author":[{"embeddable":true,"href":"https:\/\/www.lyceelecorbusier.eu\/erasmus\/index.php?rest_route=\/wp\/v2\/users\/375"}],"replies":[{"embeddable":true,"href":"https:\/\/www.lyceelecorbusier.eu\/erasmus\/index.php?rest_route=%2Fwp%2Fv2%2Fcomments&post=551"}],"version-history":[{"count":43,"href":"https:\/\/www.lyceelecorbusier.eu\/erasmus\/index.php?rest_route=\/wp\/v2\/posts\/551\/revisions"}],"predecessor-version":[{"id":554,"href":"https:\/\/www.lyceelecorbusier.eu\/erasmus\/index.php?rest_route=\/wp\/v2\/posts\/551\/revisions\/554"}],"wp:attachment":[{"href":"https:\/\/www.lyceelecorbusier.eu\/erasmus\/index.php?rest_route=%2Fwp%2Fv2%2Fmedia&parent=551"}],"wp:term":[{"taxonomy":"category","embeddable":true,"href":"https:\/\/www.lyceelecorbusier.eu\/erasmus\/index.php?rest_route=%2Fwp%2Fv2%2Fcategories&post=551"},{"taxonomy":"post_tag","embeddable":true,"href":"https:\/\/www.lyceelecorbusier.eu\/erasmus\/index.php?rest_route=%2Fwp%2Fv2%2Ftags&post=551"}],"curies":[{"name":"wp","href":"https:\/\/api.w.org\/{rel}","templated":true}]}}