{"id":273,"date":"2017-10-19T15:50:06","date_gmt":"2017-10-19T13:50:06","guid":{"rendered":"http:\/\/www.lyceelecorbusier.eu\/ecoleinsitu\/?p=273"},"modified":"2017-10-19T15:50:06","modified_gmt":"2017-10-19T13:50:06","slug":"273","status":"publish","type":"post","link":"https:\/\/www.lyceelecorbusier.eu\/ecoleinsitu\/2017\/10\/19\/273\/","title":{"rendered":""},"content":{"rendered":"<p><span style=\"font-weight: 400\">Parcourir la p\u00e9riph\u00e9rie de la ville, c\u2019est rencontrer des lieux que l\u2019on ne trouve pas au centre de celle-ci. <\/span><span style=\"font-weight: 400\">C\u2019est le parcours que nous avons effectu\u00e9 en v\u00e9lo, \u00e0 Illkirch, entre les zones industrielles fr\u00e9quent\u00e9es par les poids lourds, les rues bord\u00e9es de maisons habit\u00e9es, les for\u00eats d\u00e9sertes, les sentiers plus calmes et paisibles. Ou encore entre les nombreux cours d\u2019eau et lacs, les routes et carrefours goudronn\u00e9s, emprunt\u00e9s par les voitures seulement.<\/span><\/p>\n<p><span style=\"font-weight: 400\">Nous avons aussi travers\u00e9 des lieux qui se suivent et s&#8217;entrem\u00ealent, se compl\u00e8tent. <\/span><\/p>\n<p><span style=\"font-weight: 400\">Voir un paysage naturel empreint de la trace humaine, ses am\u00e9nagements vou\u00e9s au passage o\u00f9 \u00e0 l\u2019arr\u00eat. <\/span><span style=\"font-weight: 400\">Entendre le bruit incessant et aga\u00e7ant de la circulation des voitures qui cr\u00e9e alors un important contraste entre ce que l\u2019on voit et ce que l\u2019on entend.\u00a0<\/span><span style=\"font-weight: 400\">Ou de mani\u00e8re plus subtile, un sentier marqu\u00e9 par les passages, entour\u00e9 d\u2019une for\u00eat, comme un d\u00f4me, dont la profondeur et le bruit du vent sur les feuilles et les branches laissent place \u00e0 l\u2019imagination.<\/span><\/p>\n","protected":false},"excerpt":{"rendered":"<p>Parcourir la p\u00e9riph\u00e9rie de la ville, c\u2019est rencontrer des lieux que l\u2019on ne trouve pas au centre de celle-ci. C\u2019est le parcours que nous avons effectu\u00e9 en v\u00e9lo, \u00e0 Illkirch, entre les zones industrielles fr\u00e9quent\u00e9es par les poids&#8230; <a class=\"read-more\" href=\"https:\/\/www.lyceelecorbusier.eu\/ecoleinsitu\/2017\/10\/19\/273\/\">Lire la suite&#8230;<\/a><\/p>\n","protected":false},"author":1,"featured_media":0,"comment_status":"closed","ping_status":"closed","sticky":false,"template":"","format":"standard","meta":[],"categories":[9,10],"tags":[],"_links":{"self":[{"href":"https:\/\/www.lyceelecorbusier.eu\/ecoleinsitu\/wp-json\/wp\/v2\/posts\/273"}],"collection":[{"href":"https:\/\/www.lyceelecorbusier.eu\/ecoleinsitu\/wp-json\/wp\/v2\/posts"}],"about":[{"href":"https:\/\/www.lyceelecorbusier.eu\/ecoleinsitu\/wp-json\/wp\/v2\/types\/post"}],"author":[{"embeddable":true,"href":"https:\/\/www.lyceelecorbusier.eu\/ecoleinsitu\/wp-json\/wp\/v2\/users\/1"}],"replies":[{"embeddable":true,"href":"https:\/\/www.lyceelecorbusier.eu\/ecoleinsitu\/wp-json\/wp\/v2\/comments?post=273"}],"version-history":[{"count":2,"href":"https:\/\/www.lyceelecorbusier.eu\/ecoleinsitu\/wp-json\/wp\/v2\/posts\/273\/revisions"}],"predecessor-version":[{"id":275,"href":"https:\/\/www.lyceelecorbusier.eu\/ecoleinsitu\/wp-json\/wp\/v2\/posts\/273\/revisions\/275"}],"wp:attachment":[{"href":"https:\/\/www.lyceelecorbusier.eu\/ecoleinsitu\/wp-json\/wp\/v2\/media?parent=273"}],"wp:term":[{"taxonomy":"category","embeddable":true,"href":"https:\/\/www.lyceelecorbusier.eu\/ecoleinsitu\/wp-json\/wp\/v2\/categories?post=273"},{"taxonomy":"post_tag","embeddable":true,"href":"https:\/\/www.lyceelecorbusier.eu\/ecoleinsitu\/wp-json\/wp\/v2\/tags?post=273"}],"curies":[{"name":"wp","href":"https:\/\/api.w.org\/{rel}","templated":true}]}}