{"id":256,"date":"2017-10-16T19:29:06","date_gmt":"2017-10-16T17:29:06","guid":{"rendered":"http:\/\/www.lyceelecorbusier.eu\/ecoleinsitu\/?p=256"},"modified":"2017-10-16T19:29:06","modified_gmt":"2017-10-16T17:29:06","slug":"a-la-recherche-de-lequilibre","status":"publish","type":"post","link":"https:\/\/www.lyceelecorbusier.eu\/ecoleinsitu\/2017\/10\/16\/a-la-recherche-de-lequilibre\/","title":{"rendered":"\u00c0 la recherche de l&#8217;\u00e9quilibre"},"content":{"rendered":"<p class=\"p1\"><span class=\"s1\">Ce terrain il est bien, pleins de verdures, pleins de camions, pleins de bruits, plein de tout. Pleins de choses mais o\u00f9 sont les liaisons ? Les transitions ?<\/span><\/p>\n<p class=\"p1\"><span class=\"s1\">Nous sommes perdus, <\/span><\/p>\n<p class=\"p1\"><span class=\"s1\">Plein de v\u00e9g\u00e9tation, une industrialisation \u00e9touffante<\/span><\/p>\n<p class=\"p1\"><span class=\"s1\">Le lac, le bruit de l\u2019autoroute<\/span><\/p>\n<p class=\"p1\"><span class=\"s1\">Le doux ruissellement de l\u2019eau, un rond point <\/span><\/p>\n<p class=\"p1\"><span class=\"s1\">L\u2019odeur du pain chaud, une vieille usine<\/span><\/p>\n<p class=\"p1\"><span class=\"s1\">Le juste milieu, l&#8217;\u00e9quilibre ou encore l&#8217;harmonie ne sont pas le mot d&#8217;ordre de ce terrain.<\/span><\/p>\n<p class=\"p1\"><span class=\"s1\">Les bruits, les odeurs, les paysages, tout semble d\u00e9sordonn\u00e9. <\/span><\/p>\n<p class=\"p1\"><span class=\"s1\">Mais o\u00f9 se trouve l\u2019\u00e9quilibre et l\u2019harmonie entre ces diff\u00e9rents lieux ? <\/span><\/p>\n<p class=\"p1\"><span class=\"s1\">Fermer les yeux, imaginer, \u00e9couter.<\/span><\/p>\n<p class=\"p1\"><span class=\"s1\">Cette promenade c\u2019est \u00e0 vous de la ressentir, de la vivre, de l\u2019\u00e9crire. Aller sur le terrain, capter un maximum d\u2019informations, de sensations en relation avec vos ressentis.<\/span><\/p>\n<p>&nbsp;<\/p>\n<p><iframe loading=\"lazy\" width=\"640\" height=\"450\" scrolling=\"no\" frameborder=\"no\" src=\"https:\/\/w.soundcloud.com\/player\/?visual=true&#038;url=https%3A%2F%2Fapi.soundcloud.com%2Fplaylists%2F358893859&#038;show_artwork=true&#038;maxwidth=640&#038;maxheight=960\"><\/iframe><\/p>\n","protected":false},"excerpt":{"rendered":"<p>Ce terrain il est bien, pleins de verdures, pleins de camions, pleins de bruits, plein de tout. Pleins de choses mais o\u00f9 sont les liaisons ? Les transitions ? Nous sommes perdus, Plein de v\u00e9g\u00e9tation, une industrialisation \u00e9touffante&#8230; <a class=\"read-more\" href=\"https:\/\/www.lyceelecorbusier.eu\/ecoleinsitu\/2017\/10\/16\/a-la-recherche-de-lequilibre\/\">Lire la suite&#8230;<\/a><\/p>\n","protected":false},"author":1,"featured_media":0,"comment_status":"closed","ping_status":"closed","sticky":false,"template":"","format":"standard","meta":[],"categories":[2],"tags":[],"_links":{"self":[{"href":"https:\/\/www.lyceelecorbusier.eu\/ecoleinsitu\/wp-json\/wp\/v2\/posts\/256"}],"collection":[{"href":"https:\/\/www.lyceelecorbusier.eu\/ecoleinsitu\/wp-json\/wp\/v2\/posts"}],"about":[{"href":"https:\/\/www.lyceelecorbusier.eu\/ecoleinsitu\/wp-json\/wp\/v2\/types\/post"}],"author":[{"embeddable":true,"href":"https:\/\/www.lyceelecorbusier.eu\/ecoleinsitu\/wp-json\/wp\/v2\/users\/1"}],"replies":[{"embeddable":true,"href":"https:\/\/www.lyceelecorbusier.eu\/ecoleinsitu\/wp-json\/wp\/v2\/comments?post=256"}],"version-history":[{"count":5,"href":"https:\/\/www.lyceelecorbusier.eu\/ecoleinsitu\/wp-json\/wp\/v2\/posts\/256\/revisions"}],"predecessor-version":[{"id":262,"href":"https:\/\/www.lyceelecorbusier.eu\/ecoleinsitu\/wp-json\/wp\/v2\/posts\/256\/revisions\/262"}],"wp:attachment":[{"href":"https:\/\/www.lyceelecorbusier.eu\/ecoleinsitu\/wp-json\/wp\/v2\/media?parent=256"}],"wp:term":[{"taxonomy":"category","embeddable":true,"href":"https:\/\/www.lyceelecorbusier.eu\/ecoleinsitu\/wp-json\/wp\/v2\/categories?post=256"},{"taxonomy":"post_tag","embeddable":true,"href":"https:\/\/www.lyceelecorbusier.eu\/ecoleinsitu\/wp-json\/wp\/v2\/tags?post=256"}],"curies":[{"name":"wp","href":"https:\/\/api.w.org\/{rel}","templated":true}]}}