{"id":991,"date":"2016-09-09T10:57:12","date_gmt":"2016-09-09T09:57:12","guid":{"rendered":"http:\/\/www.lyceelecorbusier.eu\/dsaa\/?p=991"},"modified":"2020-09-25T14:36:28","modified_gmt":"2020-09-25T13:36:28","slug":"et-les-diplomes-2016-ca-ressemblera-a-quoi","status":"publish","type":"post","link":"https:\/\/www.lyceelecorbusier.eu\/dsaa\/?p=991","title":{"rendered":"M\u00e9moires 2016"},"content":{"rendered":"<p class=\"p1\"><!--more-->Les dipl\u00f4mes se r\u00e9unissent en 2016\u00a0autour d\u2019axes de recherche que nous distinguons en cinq laboratoires. Depuis 2007, la premi\u00e8re ann\u00e9e de l\u2019InSitu Lab d\u00e9veloppe des exp\u00e9rimentations sur des terrains aussi divers que le parc de l\u2019\u00c9toile, le service de rhumatologie des h\u00f4pitaux Universitaires de Strasbourg, un point de lecture des Biblioth\u00e8ques d\u00e9partementales \u00e0 Bust, un terrain communal dans les C\u00e9vennes\u2026<\/p>\n<p class=\"p2\">Les dipl\u00f4mes ont jusqu\u2019\u00e0 pr\u00e9sent \u00e9t\u00e9 li\u00e9s aux d\u00e9marches d\u00e9velopp\u00e9es dans l\u2019InSitu Lab, mais le regroupement des \u00e9tudiants, si sp\u00e9cifique aux projets de premi\u00e8re ann\u00e9e se poursuivait trop peu ensuite.<\/p>\n<p class=\"p2\">Nous proposons donc cinq axes de travail pour d\u00e9velopper des projets de design, concevoir des outils et des dispositifs afin d\u2019imaginer des futurs souhaitables et d\u00e9sirables, tout en questionnant les formes existantes, les strat\u00e9gies \u00e9mergentes, autant que les pratiques lointaines, temporellement ou g\u00e9ographiquement.<\/p>\n<p class=\"p2\">\u00a0<\/p>\n<h4 class=\"p2\">Les formes de la ruralit\u00e9<\/h4>\n\n\t\t<!-- MasterSlider -->\n\t\t<div id=\"P_MS69f234eecbf7f\" class=\"master-slider-parent msl ms-parent-id-22\" style=\"max-width:980px;\">\n\n\t\t\t\n\t\t\t<!-- MasterSlider Main -->\n\t\t\t<div id=\"MS69f234eecbf7f\" class=\"master-slider ms-skin-light-3\" >\n\t\t\t\t \t\t\t\t \n\t\t\t\t<div  class=\"ms-slide\" data-delay=\"3\" data-fill-mode=\"fill\"  >\n\t\t\t\t\t<img src=\"https:\/\/www.lyceelecorbusier.eu\/dsaa\/wp-content\/plugins\/master-slider\/public\/assets\/css\/blank.gif\" alt=\"\" title=\"\" data-src=\"https:\/\/www.lyceelecorbusier.eu\/dsaa\/wp-content\/uploads\/sites\/4\/2015\/10\/labo-ruralite.jpg\" \/>\n\n\n\t<div class=\"ms-thumb\" ><div class=\"ms-tab-context\"><div class=&quot;ms-tab-context&quot;><\/div><\/div>\n<\/div>\n\t\t\t\t<\/div>\n\t\t\t\t<div  class=\"ms-slide\" data-delay=\"3\" data-fill-mode=\"fill\"  >\n\t\t\t\t\t<img src=\"https:\/\/www.lyceelecorbusier.eu\/dsaa\/wp-content\/plugins\/master-slider\/public\/assets\/css\/blank.gif\" alt=\"\" title=\"\" data-src=\"https:\/\/www.lyceelecorbusier.eu\/dsaa\/wp-content\/uploads\/sites\/4\/2015\/10\/labo-ruralite2.jpg\" \/>\n\n\n\t<div class=\"ms-thumb\" ><div class=\"ms-tab-context\"><div class=&quot;ms-tab-context&quot;><\/div><\/div>\n<\/div>\n\t\t\t\t<\/div>\n\n\t\t\t<\/div>\n\t\t\t<!-- END MasterSlider Main -->\n\n\t\t\t \n\t\t<\/div>\n\t\t<!-- END MasterSlider -->\n\n\t\t<script>\n\t\t(function ( $ ) {\n\t\t\t\"use strict\";\n\n\t\t\t$(function () {\n\t\t\t\tvar masterslider_bf7f = new MasterSlider();\n\n\t\t\t\t\/\/ slider controls\n\t\t\t\tmasterslider_bf7f.control('arrows'     ,{ autohide:false, overVideo:true  });\n\t\t\t\t\/\/ slider setup\n\t\t\t\tmasterslider_bf7f.setup(\"MS69f234eecbf7f\", {\n\t\t\t\t\t\twidth           : 800,\n\t\t\t\t\t\theight          : 480,\n\t\t\t\t\t\tminHeight       : 0,\n\t\t\t\t\t\tspace           : 0,\n\t\t\t\t\t\tstart           : 1,\n\t\t\t\t\t\tgrabCursor      : true,\n\t\t\t\t\t\tswipe           : true,\n\t\t\t\t\t\tmouse           : true,\n\t\t\t\t\t\tlayout          : \"boxed\",\n\t\t\t\t\t\twheel           : false,\n\t\t\t\t\t\tautoplay        : true,\n\t\t\t\t\t\tinstantStartLayers:false,\n\t\t\t\t\t\tloop            : true,\n\t\t\t\t\t\tshuffle         : false,\n\t\t\t\t\t\tpreload         : 0,\n\t\t\t\t\t\theightLimit     : true,\n\t\t\t\t\t\tautoHeight      : true,\n\t\t\t\t\t\tsmoothHeight    : true,\n\t\t\t\t\t\tendPause        : false,\n\t\t\t\t\t\toverPause       : true,\n\t\t\t\t\t\tfillMode        : \"fill\",\n\t\t\t\t\t\tcenterControls  : true,\n\t\t\t\t\t\tstartOnAppear   : false,\n\t\t\t\t\t\tlayersMode      : \"center\",\n\t\t\t\t\t\thideLayers      : false,\n\t\t\t\t\t\tfullscreenMargin: 0,\n\t\t\t\t\t\tspeed           : 20,\n\t\t\t\t\t\tdir             : \"h\",\n\t\t\t\t\t\tparallaxMode    : 'swipe',\n\t\t\t\t\t\tview            : \"fade\"\n\t\t\t\t});\n\n\t\t\t\t\n\t\t\t\twindow.masterslider_instances = window.masterslider_instances || [];\n\t\t\t\twindow.masterslider_instances.push( masterslider_bf7f );\n\t\t\t });\n\n\t\t})(jQuery);\n\t\t<\/script>\n\n\n<table style=\"width: 950px;border-color: #d4cdcd\" cellpadding=\"2\">\n<tbody>\n<tr style=\"height: 123px\">\n<td style=\"width: 1306px;height: 123px\">\n<h6><a href=\"https:\/\/www.lyceelecorbusier.eu\/memoires-2016\/les-formes-de-la-ruralite.zip\">T\u00e9l\u00e9charger tous les m\u00e9moires du labo<\/a><\/h6>\n<\/td>\n<td style=\"width: 141px;border-color: #c2c0c0;height: 123px\"><a href=\"https:\/\/www.lyceelecorbusier.eu\/memoires-2016\/les-formes-de-la-ruralite.zip\"><img loading=\"lazy\" class=\"aligncenter wp-image-819 size-full\" src=\"https:\/\/www.lyceelecorbusier.eu\/dsaa\/wp-content\/uploads\/sites\/4\/2014\/07\/pdf.png\" alt=\"pdf\" width=\"60\" height=\"83\" \/><\/a><\/td>\n<\/tr>\n<tr style=\"height: 50px\">\n<td style=\"width: 1306px;height: 50px\">\n<h6>T\u00e9l\u00e9charger les m\u00e9moires<\/h6>\n<\/td>\n<td style=\"width: 141px;height: 50px\">\u00a0<\/td>\n<\/tr>\n<tr style=\"height: 28px\">\n<td style=\"width: 1306px;height: 28px\"><a href=\"https:\/\/www.lyceelecorbusier.eu\/memoires-2016\/les-formes-de-la-ruralite\/guillaume-bonnet.pdf\" target=\"_blank\" rel=\"noopener noreferrer\">Guillaume Bonnet \u2013 \u00ab Entreprendre en milieu rural \u00bb<\/a><\/td>\n<td style=\"width: 141px;height: 28px\">\u00a0<\/td>\n<\/tr>\n<tr style=\"height: 28px\">\n<td style=\"width: 1306px;height: 28px\"><a href=\"https:\/\/www.lyceelecorbusier.eu\/memoires-2016\/les-formes-de-la-ruralite\/anne-regnault.pdf\" target=\"_blank\" rel=\"noopener noreferrer\">Anne R\u00e9gnault \u2013 \u00ab Paysages narratifs \u00bb<\/a><\/td>\n<td style=\"width: 141px;height: 28px\">\u00a0<\/td>\n<\/tr>\n<tr style=\"height: 28px\">\n<td style=\"width: 1306px;height: 28px\"><a href=\"https:\/\/www.lyceelecorbusier.eu\/memoires-2016\/les-formes-de-la-ruralite\/guillaume-salesse.pdf\" target=\"_blank\" rel=\"noopener noreferrer\">Guillaume Salesse \u2013 \u00ab De mains en mains \u00bb<\/a><\/td>\n<td style=\"width: 141px;height: 28px\">\u00a0<\/td>\n<\/tr>\n<tr style=\"height: 28px\">\n<td style=\"width: 1306px;height: 28px\"><a href=\"https:\/\/www.lyceelecorbusier.eu\/memoires-2016\/les-formes-de-la-ruralite\/elora-vix.pdf\" target=\"_blank\" rel=\"noopener noreferrer\">\u00c9lora Vix \u2013 \u00ab Agora rural \u00bb<\/a><\/td>\n<td style=\"width: 141px;height: 28px\">\u00a0<\/td>\n<\/tr>\n<\/tbody>\n<\/table>\n<h4>\u00a0<\/h4>\n<h4>Cultures communes<\/h4>\n<h4>\n\t\t<!-- MasterSlider -->\n\t\t<div id=\"P_MS69f234eed7c25\" class=\"master-slider-parent msl ms-parent-id-24\" style=\"max-width:980px;\">\n\n\t\t\t\n\t\t\t<!-- MasterSlider Main -->\n\t\t\t<div id=\"MS69f234eed7c25\" class=\"master-slider ms-skin-light-3\" >\n\t\t\t\t \t\t\t\t \n\t\t\t\t<div  class=\"ms-slide\" data-delay=\"3\" data-fill-mode=\"fill\"  >\n\t\t\t\t\t<img src=\"https:\/\/www.lyceelecorbusier.eu\/dsaa\/wp-content\/plugins\/master-slider\/public\/assets\/css\/blank.gif\" alt=\"\" title=\"\" data-src=\"https:\/\/www.lyceelecorbusier.eu\/dsaa\/wp-content\/uploads\/sites\/4\/2015\/10\/labo-cultures.jpg\" \/>\n\n\n\t<div class=\"ms-thumb\" ><div class=\"ms-tab-context\"><div class=&quot;ms-tab-context&quot;><\/div><\/div>\n<\/div>\n\t\t\t\t<\/div>\n\t\t\t\t<div  class=\"ms-slide\" data-delay=\"3\" data-fill-mode=\"fill\"  >\n\t\t\t\t\t<img src=\"https:\/\/www.lyceelecorbusier.eu\/dsaa\/wp-content\/plugins\/master-slider\/public\/assets\/css\/blank.gif\" alt=\"\" title=\"\" data-src=\"https:\/\/www.lyceelecorbusier.eu\/dsaa\/wp-content\/uploads\/sites\/4\/2015\/10\/labo-cultures2.jpg\" \/>\n\n\n\t<div class=\"ms-thumb\" ><div class=\"ms-tab-context\"><div class=&quot;ms-tab-context&quot;><\/div><\/div>\n<\/div>\n\t\t\t\t<\/div>\n\t\t\t\t<div  class=\"ms-slide\" data-delay=\"3\" data-fill-mode=\"fill\"  >\n\t\t\t\t\t<img src=\"https:\/\/www.lyceelecorbusier.eu\/dsaa\/wp-content\/plugins\/master-slider\/public\/assets\/css\/blank.gif\" alt=\"\" title=\"\" data-src=\"https:\/\/www.lyceelecorbusier.eu\/dsaa\/wp-content\/uploads\/sites\/4\/2015\/10\/labo-cultures3.jpg\" \/>\n\n\n\t<div class=\"ms-thumb\" ><div class=\"ms-tab-context\"><div class=&quot;ms-tab-context&quot;><\/div><\/div>\n<\/div>\n\t\t\t\t<\/div>\n\t\t\t\t<div  class=\"ms-slide\" data-delay=\"3\" data-fill-mode=\"fill\"  >\n\t\t\t\t\t<img src=\"https:\/\/www.lyceelecorbusier.eu\/dsaa\/wp-content\/plugins\/master-slider\/public\/assets\/css\/blank.gif\" alt=\"\" title=\"\" data-src=\"https:\/\/www.lyceelecorbusier.eu\/dsaa\/wp-content\/uploads\/sites\/4\/2015\/10\/labo-cultures4.jpg\" \/>\n\n\n\t<div class=\"ms-thumb\" ><div class=\"ms-tab-context\"><div class=&quot;ms-tab-context&quot;><\/div><\/div>\n<\/div>\n\t\t\t\t<\/div>\n\t\t\t\t<div  class=\"ms-slide\" data-delay=\"3\" data-fill-mode=\"fill\"  >\n\t\t\t\t\t<img src=\"https:\/\/www.lyceelecorbusier.eu\/dsaa\/wp-content\/plugins\/master-slider\/public\/assets\/css\/blank.gif\" alt=\"\" title=\"\" data-src=\"https:\/\/www.lyceelecorbusier.eu\/dsaa\/wp-content\/uploads\/sites\/4\/2015\/10\/labo-cultures5.jpg\" \/>\n\n\n\t<div class=\"ms-thumb\" ><div class=\"ms-tab-context\"><div class=&quot;ms-tab-context&quot;><\/div><\/div>\n<\/div>\n\t\t\t\t<\/div>\n\t\t\t\t<div  class=\"ms-slide\" data-delay=\"3\" data-fill-mode=\"fill\"  >\n\t\t\t\t\t<img src=\"https:\/\/www.lyceelecorbusier.eu\/dsaa\/wp-content\/plugins\/master-slider\/public\/assets\/css\/blank.gif\" alt=\"\" title=\"\" data-src=\"https:\/\/www.lyceelecorbusier.eu\/dsaa\/wp-content\/uploads\/sites\/4\/2015\/10\/labo-cultures6.jpg\" \/>\n\n\n\t<div class=\"ms-thumb\" ><div class=\"ms-tab-context\"><div class=&quot;ms-tab-context&quot;><\/div><\/div>\n<\/div>\n\t\t\t\t<\/div>\n\n\t\t\t<\/div>\n\t\t\t<!-- END MasterSlider Main -->\n\n\t\t\t \n\t\t<\/div>\n\t\t<!-- END MasterSlider -->\n\n\t\t<script>\n\t\t(function ( $ ) {\n\t\t\t\"use strict\";\n\n\t\t\t$(function () {\n\t\t\t\tvar masterslider_7c25 = new MasterSlider();\n\n\t\t\t\t\/\/ slider controls\n\t\t\t\tmasterslider_7c25.control('arrows'     ,{ autohide:false, overVideo:true  });\n\t\t\t\t\/\/ slider setup\n\t\t\t\tmasterslider_7c25.setup(\"MS69f234eed7c25\", {\n\t\t\t\t\t\twidth           : 800,\n\t\t\t\t\t\theight          : 480,\n\t\t\t\t\t\tminHeight       : 0,\n\t\t\t\t\t\tspace           : 0,\n\t\t\t\t\t\tstart           : 1,\n\t\t\t\t\t\tgrabCursor      : true,\n\t\t\t\t\t\tswipe           : true,\n\t\t\t\t\t\tmouse           : true,\n\t\t\t\t\t\tlayout          : \"boxed\",\n\t\t\t\t\t\twheel           : false,\n\t\t\t\t\t\tautoplay        : true,\n\t\t\t\t\t\tinstantStartLayers:false,\n\t\t\t\t\t\tloop            : true,\n\t\t\t\t\t\tshuffle         : false,\n\t\t\t\t\t\tpreload         : 0,\n\t\t\t\t\t\theightLimit     : true,\n\t\t\t\t\t\tautoHeight      : true,\n\t\t\t\t\t\tsmoothHeight    : true,\n\t\t\t\t\t\tendPause        : false,\n\t\t\t\t\t\toverPause       : true,\n\t\t\t\t\t\tfillMode        : \"fill\",\n\t\t\t\t\t\tcenterControls  : true,\n\t\t\t\t\t\tstartOnAppear   : false,\n\t\t\t\t\t\tlayersMode      : \"center\",\n\t\t\t\t\t\thideLayers      : false,\n\t\t\t\t\t\tfullscreenMargin: 0,\n\t\t\t\t\t\tspeed           : 20,\n\t\t\t\t\t\tdir             : \"h\",\n\t\t\t\t\t\tparallaxMode    : 'swipe',\n\t\t\t\t\t\tview            : \"fade\"\n\t\t\t\t});\n\n\t\t\t\t\n\t\t\t\twindow.masterslider_instances = window.masterslider_instances || [];\n\t\t\t\twindow.masterslider_instances.push( masterslider_7c25 );\n\t\t\t });\n\n\t\t})(jQuery);\n\t\t<\/script>\n\n<\/h4>\n<table style=\"width: 950px\">\n<tbody>\n<tr style=\"height: 101px\">\n<td style=\"width: 858px;height: 101px\">\n<h6><a href=\"https:\/\/www.lyceelecorbusier.eu\/memoires-2016\/cultures-communes.zip\">T\u00e9l\u00e9charger tous les m\u00e9moires du labo<\/a><\/h6>\n<\/td>\n<td style=\"width: 80px;height: 101px\">\n<h5><a href=\"https:\/\/www.lyceelecorbusier.eu\/memoires-2016\/cultures-communes.zip\"><img loading=\"lazy\" class=\"aligncenter wp-image-819 size-full\" src=\"https:\/\/www.lyceelecorbusier.eu\/dsaa\/wp-content\/uploads\/sites\/4\/2014\/07\/pdf.png\" alt=\"pdf\" width=\"60\" height=\"83\" \/><\/a><\/h5>\n<\/td>\n<\/tr>\n<tr style=\"height: 42px\">\n<td style=\"width: 858px;height: 42px\">\n<h6>T\u00e9l\u00e9charger les m\u00e9moires<\/h6>\n<\/td>\n<td style=\"width: 80px;height: 42px\">\u00a0<\/td>\n<\/tr>\n<tr style=\"height: 28px\">\n<td style=\"width: 858px;height: 28px\"><a href=\"https:\/\/www.lyceelecorbusier.eu\/memoires-2016\/cultures-communes\/louis-augereau.pdf\" target=\"_blank\" rel=\"noopener noreferrer\">Louis Augereau \u2013 \u00ab Mille yeux pour voir, mille mains pour faire \u00bb<\/a><\/td>\n<td style=\"width: 80px;height: 28px\">\u00a0<\/td>\n<\/tr>\n<tr style=\"height: 28px\">\n<td style=\"width: 858px;height: 28px\"><a href=\"https:\/\/www.lyceelecorbusier.eu\/memoires-2016\/cultures-communes\/celine-vanderkelen.pdf\" target=\"_blank\" rel=\"noopener noreferrer\">C\u00e9line Vanderkelen \u2013 \u00ab 2056 : r\u00e9trospective (\u00e0) venir \u00bb<\/a><\/td>\n<td style=\"width: 80px;height: 28px\">\u00a0<\/td>\n<\/tr>\n<tr style=\"height: 28px\">\n<td style=\"width: 858px;height: 28px\"><a href=\"https:\/\/www.lyceelecorbusier.eu\/memoires-2016\/cultures-communes\/charlene-marquet.pdf\" target=\"_blank\" rel=\"noopener noreferrer\">Charl\u00e8ne Marquet \u2013 \u00ab Le livre du non lecteur \u00bb<\/a><\/td>\n<td style=\"width: 80px;height: 28px\">\u00a0<\/td>\n<\/tr>\n<tr style=\"height: 28px\">\n<td style=\"width: 858px;height: 28px\"><a href=\"https:\/\/www.lyceelecorbusier.eu\/memoires-2016\/cultures-communes\/elise-hurtado.pdf\" target=\"_blank\" rel=\"noopener noreferrer\">\u00c9lise Hurtado \u2013 \u00ab Je suis ind\u00e9pendant : m\u00e9diation et cin\u00e9ma \u00bb<\/a><\/td>\n<td style=\"width: 80px;height: 28px\">\u00a0<\/td>\n<\/tr>\n<tr style=\"height: 28px\">\n<td style=\"width: 858px;height: 28px\"><a href=\"https:\/\/www.lyceelecorbusier.eu\/memoires-2016\/cultures-communes\/jennifer-monchablon.pdf\" target=\"_blank\" rel=\"noopener noreferrer\">Jennifer Monchablon \u2013 \u00ab\u00a0 L\u2019\u00e9chapp\u00e9e culturelle \u00bb<\/a><\/td>\n<td style=\"width: 80px;height: 28px\">\u00a0<\/td>\n<\/tr>\n<tr style=\"height: 28px\">\n<td style=\"width: 858px;height: 28px\"><a href=\"https:\/\/www.lyceelecorbusier.eu\/ml\" target=\"_blank\" rel=\"noopener noreferrer\">Manon Labussi\u00e8re \u2013 \u00ab Une autre inculture \u00bb<\/a><\/td>\n<td style=\"width: 80px;height: 28px\">\u00a0<\/td>\n<\/tr>\n<tr style=\"height: 28px\">\n<td style=\"width: 858px;height: 28px\"><a href=\"https:\/\/www.lyceelecorbusier.eu\/memoires-2016\/cultures-communes\/margot-bonnet.pdf\" target=\"_blank\" rel=\"noopener noreferrer\">Margot Bonnet \u2013 \u00ab La manuscrite : le plaisir d\u2019\u00e9crire \u00bb<\/a><\/td>\n<td style=\"width: 80px;height: 28px\">\u00a0<\/td>\n<\/tr>\n<\/tbody>\n<\/table>\n<h5>\u00a0<\/h5>\n<h4>Territoires vivants<\/h4>\n<h4>\n\t\t<!-- MasterSlider -->\n\t\t<div id=\"P_MS69f234eedc908\" class=\"master-slider-parent msl ms-parent-id-23\" style=\"max-width:980px;\">\n\n\t\t\t\n\t\t\t<!-- MasterSlider Main -->\n\t\t\t<div id=\"MS69f234eedc908\" class=\"master-slider ms-skin-light-3\" >\n\t\t\t\t \t\t\t\t \n\t\t\t\t<div  class=\"ms-slide\" data-delay=\"3\" data-fill-mode=\"fill\"  >\n\t\t\t\t\t<img src=\"https:\/\/www.lyceelecorbusier.eu\/dsaa\/wp-content\/plugins\/master-slider\/public\/assets\/css\/blank.gif\" alt=\"\" title=\"\" data-src=\"https:\/\/www.lyceelecorbusier.eu\/dsaa\/wp-content\/uploads\/sites\/4\/2015\/10\/labo-territoires.jpg\" \/>\n\n\n\t<div class=\"ms-thumb\" ><div class=\"ms-tab-context\"><div class=&quot;ms-tab-context&quot;><\/div><\/div>\n<\/div>\n\t\t\t\t<\/div>\n\t\t\t\t<div  class=\"ms-slide\" data-delay=\"3\" data-fill-mode=\"fill\"  >\n\t\t\t\t\t<img src=\"https:\/\/www.lyceelecorbusier.eu\/dsaa\/wp-content\/plugins\/master-slider\/public\/assets\/css\/blank.gif\" alt=\"\" title=\"\" data-src=\"https:\/\/www.lyceelecorbusier.eu\/dsaa\/wp-content\/uploads\/sites\/4\/2015\/10\/labo-territoires5.jpg\" \/>\n\n\n\t<div class=\"ms-thumb\" ><div class=\"ms-tab-context\"><div class=&quot;ms-tab-context&quot;><\/div><\/div>\n<\/div>\n\t\t\t\t<\/div>\n\t\t\t\t<div  class=\"ms-slide\" data-delay=\"3\" data-fill-mode=\"fill\"  >\n\t\t\t\t\t<img src=\"https:\/\/www.lyceelecorbusier.eu\/dsaa\/wp-content\/plugins\/master-slider\/public\/assets\/css\/blank.gif\" alt=\"\" title=\"\" data-src=\"https:\/\/www.lyceelecorbusier.eu\/dsaa\/wp-content\/uploads\/sites\/4\/2015\/10\/labo-territoires4.jpg\" \/>\n\n\n\t<div class=\"ms-thumb\" ><div class=\"ms-tab-context\"><div class=&quot;ms-tab-context&quot;><\/div><\/div>\n<\/div>\n\t\t\t\t<\/div>\n\t\t\t\t<div  class=\"ms-slide\" data-delay=\"3\" data-fill-mode=\"fill\"  >\n\t\t\t\t\t<img src=\"https:\/\/www.lyceelecorbusier.eu\/dsaa\/wp-content\/plugins\/master-slider\/public\/assets\/css\/blank.gif\" alt=\"\" title=\"\" data-src=\"https:\/\/www.lyceelecorbusier.eu\/dsaa\/wp-content\/uploads\/sites\/4\/2015\/10\/labo-territoires3.jpg\" \/>\n\n\n\t<div class=\"ms-thumb\" ><div class=\"ms-tab-context\"><div class=&quot;ms-tab-context&quot;><\/div><\/div>\n<\/div>\n\t\t\t\t<\/div>\n\t\t\t\t<div  class=\"ms-slide\" data-delay=\"3\" data-fill-mode=\"fill\"  >\n\t\t\t\t\t<img src=\"https:\/\/www.lyceelecorbusier.eu\/dsaa\/wp-content\/plugins\/master-slider\/public\/assets\/css\/blank.gif\" alt=\"\" title=\"\" data-src=\"https:\/\/www.lyceelecorbusier.eu\/dsaa\/wp-content\/uploads\/sites\/4\/2015\/10\/labo-territoires2.jpg\" \/>\n\n\n\t<div class=\"ms-thumb\" ><div class=\"ms-tab-context\"><div class=&quot;ms-tab-context&quot;><\/div><\/div>\n<\/div>\n\t\t\t\t<\/div>\n\n\t\t\t<\/div>\n\t\t\t<!-- END MasterSlider Main -->\n\n\t\t\t \n\t\t<\/div>\n\t\t<!-- END MasterSlider -->\n\n\t\t<script>\n\t\t(function ( $ ) {\n\t\t\t\"use strict\";\n\n\t\t\t$(function () {\n\t\t\t\tvar masterslider_c908 = new MasterSlider();\n\n\t\t\t\t\/\/ slider controls\n\t\t\t\tmasterslider_c908.control('arrows'     ,{ autohide:false, overVideo:true  });\n\t\t\t\t\/\/ slider setup\n\t\t\t\tmasterslider_c908.setup(\"MS69f234eedc908\", {\n\t\t\t\t\t\twidth           : 800,\n\t\t\t\t\t\theight          : 480,\n\t\t\t\t\t\tminHeight       : 0,\n\t\t\t\t\t\tspace           : 0,\n\t\t\t\t\t\tstart           : 1,\n\t\t\t\t\t\tgrabCursor      : true,\n\t\t\t\t\t\tswipe           : true,\n\t\t\t\t\t\tmouse           : true,\n\t\t\t\t\t\tlayout          : \"boxed\",\n\t\t\t\t\t\twheel           : false,\n\t\t\t\t\t\tautoplay        : true,\n\t\t\t\t\t\tinstantStartLayers:false,\n\t\t\t\t\t\tloop            : true,\n\t\t\t\t\t\tshuffle         : false,\n\t\t\t\t\t\tpreload         : 0,\n\t\t\t\t\t\theightLimit     : true,\n\t\t\t\t\t\tautoHeight      : true,\n\t\t\t\t\t\tsmoothHeight    : true,\n\t\t\t\t\t\tendPause        : false,\n\t\t\t\t\t\toverPause       : true,\n\t\t\t\t\t\tfillMode        : \"fill\",\n\t\t\t\t\t\tcenterControls  : true,\n\t\t\t\t\t\tstartOnAppear   : false,\n\t\t\t\t\t\tlayersMode      : \"center\",\n\t\t\t\t\t\thideLayers      : false,\n\t\t\t\t\t\tfullscreenMargin: 0,\n\t\t\t\t\t\tspeed           : 20,\n\t\t\t\t\t\tdir             : \"h\",\n\t\t\t\t\t\tparallaxMode    : 'swipe',\n\t\t\t\t\t\tview            : \"fade\"\n\t\t\t\t});\n\n\t\t\t\t\n\t\t\t\twindow.masterslider_instances = window.masterslider_instances || [];\n\t\t\t\twindow.masterslider_instances.push( masterslider_c908 );\n\t\t\t });\n\n\t\t})(jQuery);\n\t\t<\/script>\n\n<\/h4>\n<table style=\"width: 950px\">\n<tbody>\n<tr style=\"height: 75px\">\n<td style=\"width: 858px;height: 75px\">\n<h6><a href=\"https:\/\/www.lyceelecorbusier.eu\/memoires-2016\/territoires-vivants.zip\">T\u00e9l\u00e9charger tous les m\u00e9moires du labo<\/a><\/h6>\n<\/td>\n<td style=\"width: 80px;height: 75px\"><img loading=\"lazy\" class=\"aligncenter wp-image-819 size-full\" src=\"https:\/\/www.lyceelecorbusier.eu\/dsaa\/wp-content\/uploads\/sites\/4\/2014\/07\/pdf.png\" alt=\"pdf\" width=\"60\" height=\"83\" \/><\/td>\n<\/tr>\n<tr style=\"height: 28px\">\n<td style=\"width: 858px;height: 28px\">\n<h6>T\u00e9l\u00e9charger les m\u00e9moires<\/h6>\n<\/td>\n<td style=\"width: 80px;height: 28px\">\u00a0<\/td>\n<\/tr>\n<tr style=\"height: 28px\">\n<td style=\"width: 858px;height: 28px\"><a href=\"https:\/\/www.lyceelecorbusier.eu\/memoires-2016\/territoires-vivants\/jordan-berg.pdf\" target=\"_blank\" rel=\"noopener noreferrer\">Jordan Berg \u2013 \u00ab Interstice : le travail du temps \u00bb<\/a><\/td>\n<td style=\"width: 80px;height: 28px\">\u00a0<\/td>\n<\/tr>\n<tr style=\"height: 28px\">\n<td style=\"width: 858px;height: 28px\"><a href=\"https:\/\/www.lyceelecorbusier.eu\/memoires-2016\/territoires-vivants\/pauline-cachera.pdf\" target=\"_blank\" rel=\"noopener noreferrer\">Pauline Cachera \u2013 \u00ab P\u00e9r\u00e9grination en territoires utopiques \u00bb<\/a><\/td>\n<td style=\"width: 80px;height: 28px\">\u00a0<\/td>\n<\/tr>\n<tr style=\"height: 28px\">\n<td style=\"width: 858px;height: 28px\"><a href=\"https:\/\/www.lyceelecorbusier.eu\/memoires-2016\/territoires-vivants\/lydia-clerville.pdf\" target=\"_blank\" rel=\"noopener noreferrer\">Lydia Clerville \u2013 \u00ab\u00a0 Le paysage comme mus\u00e9e \u00bb<\/a><\/td>\n<td style=\"width: 80px;height: 28px\">\u00a0<\/td>\n<\/tr>\n<tr style=\"height: 28px\">\n<td style=\"width: 858px;height: 28px\"><a href=\"https:\/\/www.lyceelecorbusier.eu\/memoires-2016\/territoires-vivants\/alex-lefebvre.pdf\" target=\"_blank\" rel=\"noopener noreferrer\">Alex Lefebvre \u2013 \u00ab Vers une lumi\u00e8re plus urbaine \u00bb<\/a><\/td>\n<td style=\"width: 80px;height: 28px\">\u00a0<\/td>\n<\/tr>\n<\/tbody>\n<\/table>\n<h4>Les outils de la transmission<\/h4>\n<h4>\n\t\t<!-- MasterSlider -->\n\t\t<div id=\"P_MS69f234eef06d8\" class=\"master-slider-parent msl ms-parent-id-25\" style=\"max-width:980px;\">\n\n\t\t\t\n\t\t\t<!-- MasterSlider Main -->\n\t\t\t<div id=\"MS69f234eef06d8\" class=\"master-slider ms-skin-light-3\" >\n\t\t\t\t \t\t\t\t \n\t\t\t\t<div  class=\"ms-slide\" data-delay=\"3\" data-fill-mode=\"fill\"  >\n\t\t\t\t\t<img src=\"https:\/\/www.lyceelecorbusier.eu\/dsaa\/wp-content\/plugins\/master-slider\/public\/assets\/css\/blank.gif\" alt=\"\" title=\"\" data-src=\"https:\/\/www.lyceelecorbusier.eu\/dsaa\/wp-content\/uploads\/sites\/4\/2015\/10\/labo-transmission.jpg\" \/>\n\n\n\t<div class=\"ms-thumb\" ><div class=\"ms-tab-context\"><div class=&quot;ms-tab-context&quot;><\/div><\/div>\n<\/div>\n\t\t\t\t<\/div>\n\t\t\t\t<div  class=\"ms-slide\" data-delay=\"3\" data-fill-mode=\"fill\"  >\n\t\t\t\t\t<img src=\"https:\/\/www.lyceelecorbusier.eu\/dsaa\/wp-content\/plugins\/master-slider\/public\/assets\/css\/blank.gif\" alt=\"\" title=\"\" data-src=\"https:\/\/www.lyceelecorbusier.eu\/dsaa\/wp-content\/uploads\/sites\/4\/2015\/10\/labo-transmission2.jpg\" \/>\n\n\n\t<div class=\"ms-thumb\" ><div class=\"ms-tab-context\"><div class=&quot;ms-tab-context&quot;><\/div><\/div>\n<\/div>\n\t\t\t\t<\/div>\n\t\t\t\t<div  class=\"ms-slide\" data-delay=\"3\" data-fill-mode=\"fill\"  >\n\t\t\t\t\t<img src=\"https:\/\/www.lyceelecorbusier.eu\/dsaa\/wp-content\/plugins\/master-slider\/public\/assets\/css\/blank.gif\" alt=\"\" title=\"\" data-src=\"https:\/\/www.lyceelecorbusier.eu\/dsaa\/wp-content\/uploads\/sites\/4\/2015\/10\/labo-transmission3.jpg\" \/>\n\n\n\t<div class=\"ms-thumb\" ><div class=\"ms-tab-context\"><div class=&quot;ms-tab-context&quot;><\/div><\/div>\n<\/div>\n\t\t\t\t<\/div>\n\t\t\t\t<div  class=\"ms-slide\" data-delay=\"3\" data-fill-mode=\"fill\"  >\n\t\t\t\t\t<img src=\"https:\/\/www.lyceelecorbusier.eu\/dsaa\/wp-content\/plugins\/master-slider\/public\/assets\/css\/blank.gif\" alt=\"\" title=\"\" data-src=\"https:\/\/www.lyceelecorbusier.eu\/dsaa\/wp-content\/uploads\/sites\/4\/2015\/10\/labo-transmission4.jpg\" \/>\n\n\n\t<div class=\"ms-thumb\" ><div class=\"ms-tab-context\"><div class=&quot;ms-tab-context&quot;><\/div><\/div>\n<\/div>\n\t\t\t\t<\/div>\n\t\t\t\t<div  class=\"ms-slide\" data-delay=\"3\" data-fill-mode=\"fill\"  >\n\t\t\t\t\t<img src=\"https:\/\/www.lyceelecorbusier.eu\/dsaa\/wp-content\/plugins\/master-slider\/public\/assets\/css\/blank.gif\" alt=\"\" title=\"\" data-src=\"https:\/\/www.lyceelecorbusier.eu\/dsaa\/wp-content\/uploads\/sites\/4\/2015\/10\/labo-transmission5.jpg\" \/>\n\n\n\t<div class=\"ms-thumb\" ><div class=\"ms-tab-context\"><div class=&quot;ms-tab-context&quot;><\/div><\/div>\n<\/div>\n\t\t\t\t<\/div>\n\t\t\t\t<div  class=\"ms-slide\" data-delay=\"3\" data-fill-mode=\"fill\"  >\n\t\t\t\t\t<img src=\"https:\/\/www.lyceelecorbusier.eu\/dsaa\/wp-content\/plugins\/master-slider\/public\/assets\/css\/blank.gif\" alt=\"\" title=\"\" data-src=\"https:\/\/www.lyceelecorbusier.eu\/dsaa\/wp-content\/uploads\/sites\/4\/2015\/10\/labo-transmission6.jpg\" \/>\n\n\n\t<div class=\"ms-thumb\" ><div class=\"ms-tab-context\"><div class=&quot;ms-tab-context&quot;><\/div><\/div>\n<\/div>\n\t\t\t\t<\/div>\n\n\t\t\t<\/div>\n\t\t\t<!-- END MasterSlider Main -->\n\n\t\t\t \n\t\t<\/div>\n\t\t<!-- END MasterSlider -->\n\n\t\t<script>\n\t\t(function ( $ ) {\n\t\t\t\"use strict\";\n\n\t\t\t$(function () {\n\t\t\t\tvar masterslider_06d8 = new MasterSlider();\n\n\t\t\t\t\/\/ slider controls\n\t\t\t\tmasterslider_06d8.control('arrows'     ,{ autohide:false, overVideo:true  });\n\t\t\t\t\/\/ slider setup\n\t\t\t\tmasterslider_06d8.setup(\"MS69f234eef06d8\", {\n\t\t\t\t\t\twidth           : 800,\n\t\t\t\t\t\theight          : 480,\n\t\t\t\t\t\tminHeight       : 0,\n\t\t\t\t\t\tspace           : 0,\n\t\t\t\t\t\tstart           : 1,\n\t\t\t\t\t\tgrabCursor      : true,\n\t\t\t\t\t\tswipe           : true,\n\t\t\t\t\t\tmouse           : true,\n\t\t\t\t\t\tlayout          : \"boxed\",\n\t\t\t\t\t\twheel           : false,\n\t\t\t\t\t\tautoplay        : true,\n\t\t\t\t\t\tinstantStartLayers:false,\n\t\t\t\t\t\tloop            : true,\n\t\t\t\t\t\tshuffle         : false,\n\t\t\t\t\t\tpreload         : 0,\n\t\t\t\t\t\theightLimit     : true,\n\t\t\t\t\t\tautoHeight      : true,\n\t\t\t\t\t\tsmoothHeight    : true,\n\t\t\t\t\t\tendPause        : false,\n\t\t\t\t\t\toverPause       : true,\n\t\t\t\t\t\tfillMode        : \"fill\",\n\t\t\t\t\t\tcenterControls  : true,\n\t\t\t\t\t\tstartOnAppear   : false,\n\t\t\t\t\t\tlayersMode      : \"center\",\n\t\t\t\t\t\thideLayers      : false,\n\t\t\t\t\t\tfullscreenMargin: 0,\n\t\t\t\t\t\tspeed           : 20,\n\t\t\t\t\t\tdir             : \"h\",\n\t\t\t\t\t\tparallaxMode    : 'swipe',\n\t\t\t\t\t\tview            : \"fade\"\n\t\t\t\t});\n\n\t\t\t\t\n\t\t\t\twindow.masterslider_instances = window.masterslider_instances || [];\n\t\t\t\twindow.masterslider_instances.push( masterslider_06d8 );\n\t\t\t });\n\n\t\t})(jQuery);\n\t\t<\/script>\n\n<\/h4>\n<table style=\"width: 950px\">\n<tbody>\n<tr>\n<td style=\"width: 849px\">\n<h6><a href=\"https:\/\/lyceelecorbusier.eu\/memoires-2016\/les-outils-de-la-transmission.zip\">T\u00e9l\u00e9charger tous les m\u00e9moires du labo<\/a><\/h6>\n<\/td>\n<td style=\"width: 89px\"><a href=\"https:\/\/lyceelecorbusier.eu\/memoires-2016\/les-outils-de-la-transmission.zip\"><img loading=\"lazy\" width=\"60\" height=\"83\" class=\"aligncenter size-full wp-image-819\" src=\"https:\/\/www.lyceelecorbusier.eu\/dsaa\/wp-content\/uploads\/sites\/4\/2014\/07\/pdf.png\" alt=\"pdf\" \/><\/a><\/td>\n<\/tr>\n<tr>\n<td style=\"width: 849px\">\n<h6>T\u00e9l\u00e9charger les m\u00e9moires<\/h6>\n<\/td>\n<td style=\"width: 89px\">\u00a0<\/td>\n<\/tr>\n<tr>\n<td style=\"width: 849px\"><a href=\"https:\/\/lyceelecorbusier.eu\/memoires-2016\/les-outils-de-la-transmission\/alexandre-le-guilcher.pdf\" target=\"_blank\" rel=\"noopener noreferrer\">Alexandre Le Guilcher \u2013 \u00ab Du vin dans tous les sens \u00bb<\/a><\/td>\n<td style=\"width: 89px\">\u00a0<\/td>\n<\/tr>\n<tr>\n<td style=\"width: 849px\"><a href=\"https:\/\/lyceelecorbusier.eu\/memoires-2016\/les-outils-de-la-transmission\/chloe-dupuy.pdf\" target=\"_blank\" rel=\"noopener noreferrer\">Chlo\u00eb Dupuy \u2013 \u00ab Des graines pour apprendre \u00bb<\/a><\/td>\n<td style=\"width: 89px\">\u00a0<\/td>\n<\/tr>\n<tr>\n<td style=\"width: 849px\"><a href=\"https:\/\/lyceelecorbusier.eu\/memoires-2016\/les-outils-de-la-transmission\/marianna-poulet.pdf\" target=\"_blank\" rel=\"noopener noreferrer\">Marianna Poulet \u2013 \u00ab La famille comme lieu de transmission \u00bb<\/a><\/td>\n<td style=\"width: 89px\">\u00a0<\/td>\n<\/tr>\n<tr>\n<td style=\"width: 849px\"><a href=\"https:\/\/lyceelecorbusier.eu\/memoires-2016\/les-outils-de-la-transmission\/alain-froehlicher.pdf\" target=\"_blank\" rel=\"noopener noreferrer\">Alain Froelicher \u2013 \u00ab Les nouveaux sauvages \u00bb<\/a><\/td>\n<td style=\"width: 89px\">\u00a0<\/td>\n<\/tr>\n<tr>\n<td style=\"width: 849px\"><a href=\"https:\/\/lyceelecorbusier.eu\/memoires-2016\/les-outils-de-la-transmission\/remi-poupinet.pdf\" target=\"_blank\" rel=\"noopener noreferrer\">R\u00e9mi Poupinet \u2013 \u00ab Apprendre \u00e0 se mettre en mouvement \u00bb<\/a><\/td>\n<td style=\"width: 89px\">\u00a0<\/td>\n<\/tr>\n<\/tbody>\n<\/table>\n<h4>\u00a0<\/h4>\n<h4>Design de la d\u00e9mocratie<\/h4>\n<h4>\n\t\t<!-- MasterSlider -->\n\t\t<div id=\"P_MS69f234ef04272\" class=\"master-slider-parent msl ms-parent-id-26\" style=\"max-width:980px;\">\n\n\t\t\t\n\t\t\t<!-- MasterSlider Main -->\n\t\t\t<div id=\"MS69f234ef04272\" class=\"master-slider ms-skin-light-3\" >\n\t\t\t\t \t\t\t\t \n\t\t\t\t<div  class=\"ms-slide\" data-delay=\"3\" data-fill-mode=\"fill\"  >\n\t\t\t\t\t<img src=\"https:\/\/www.lyceelecorbusier.eu\/dsaa\/wp-content\/plugins\/master-slider\/public\/assets\/css\/blank.gif\" alt=\"\" title=\"\" data-src=\"https:\/\/www.lyceelecorbusier.eu\/dsaa\/wp-content\/uploads\/sites\/4\/2015\/10\/labo-demo.jpg\" \/>\n\n\n\t<div class=\"ms-thumb\" ><div class=\"ms-tab-context\"><div class=&quot;ms-tab-context&quot;><\/div><\/div>\n<\/div>\n\t\t\t\t<\/div>\n\t\t\t\t<div  class=\"ms-slide\" data-delay=\"3\" data-fill-mode=\"fill\"  >\n\t\t\t\t\t<img src=\"https:\/\/www.lyceelecorbusier.eu\/dsaa\/wp-content\/plugins\/master-slider\/public\/assets\/css\/blank.gif\" alt=\"\" title=\"\" data-src=\"https:\/\/www.lyceelecorbusier.eu\/dsaa\/wp-content\/uploads\/sites\/4\/2015\/10\/labo-demo2.jpg\" \/>\n\n\n\t<div class=\"ms-thumb\" ><div class=\"ms-tab-context\"><div class=&quot;ms-tab-context&quot;><\/div><\/div>\n<\/div>\n\t\t\t\t<\/div>\n\t\t\t\t<div  class=\"ms-slide\" data-delay=\"3\" data-fill-mode=\"fill\"  >\n\t\t\t\t\t<img src=\"https:\/\/www.lyceelecorbusier.eu\/dsaa\/wp-content\/plugins\/master-slider\/public\/assets\/css\/blank.gif\" alt=\"\" title=\"\" data-src=\"https:\/\/www.lyceelecorbusier.eu\/dsaa\/wp-content\/uploads\/sites\/4\/2015\/10\/labo-demo3.jpg\" \/>\n\n\n\t<div class=\"ms-thumb\" ><div class=\"ms-tab-context\"><div class=&quot;ms-tab-context&quot;><\/div><\/div>\n<\/div>\n\t\t\t\t<\/div>\n\t\t\t\t<div  class=\"ms-slide\" data-delay=\"3\" data-fill-mode=\"fill\"  >\n\t\t\t\t\t<img src=\"https:\/\/www.lyceelecorbusier.eu\/dsaa\/wp-content\/plugins\/master-slider\/public\/assets\/css\/blank.gif\" alt=\"\" title=\"\" data-src=\"https:\/\/www.lyceelecorbusier.eu\/dsaa\/wp-content\/uploads\/sites\/4\/2015\/10\/labo-demo4.jpg\" \/>\n\n\n\t<div class=\"ms-thumb\" ><div class=\"ms-tab-context\"><div class=&quot;ms-tab-context&quot;><\/div><\/div>\n<\/div>\n\t\t\t\t<\/div>\n\t\t\t\t<div  class=\"ms-slide\" data-delay=\"3\" data-fill-mode=\"fill\"  >\n\t\t\t\t\t<img src=\"https:\/\/www.lyceelecorbusier.eu\/dsaa\/wp-content\/plugins\/master-slider\/public\/assets\/css\/blank.gif\" alt=\"\" title=\"\" data-src=\"https:\/\/www.lyceelecorbusier.eu\/dsaa\/wp-content\/uploads\/sites\/4\/2015\/10\/labo-demo5.jpg\" \/>\n\n\n\t<div class=\"ms-thumb\" ><div class=\"ms-tab-context\"><div class=&quot;ms-tab-context&quot;><\/div><\/div>\n<\/div>\n\t\t\t\t<\/div>\n\n\t\t\t<\/div>\n\t\t\t<!-- END MasterSlider Main -->\n\n\t\t\t \n\t\t<\/div>\n\t\t<!-- END MasterSlider -->\n\n\t\t<script>\n\t\t(function ( $ ) {\n\t\t\t\"use strict\";\n\n\t\t\t$(function () {\n\t\t\t\tvar masterslider_4272 = new MasterSlider();\n\n\t\t\t\t\/\/ slider controls\n\t\t\t\tmasterslider_4272.control('arrows'     ,{ autohide:false, overVideo:true  });\n\t\t\t\t\/\/ slider setup\n\t\t\t\tmasterslider_4272.setup(\"MS69f234ef04272\", {\n\t\t\t\t\t\twidth           : 800,\n\t\t\t\t\t\theight          : 480,\n\t\t\t\t\t\tminHeight       : 0,\n\t\t\t\t\t\tspace           : 0,\n\t\t\t\t\t\tstart           : 1,\n\t\t\t\t\t\tgrabCursor      : true,\n\t\t\t\t\t\tswipe           : true,\n\t\t\t\t\t\tmouse           : true,\n\t\t\t\t\t\tlayout          : \"boxed\",\n\t\t\t\t\t\twheel           : false,\n\t\t\t\t\t\tautoplay        : true,\n\t\t\t\t\t\tinstantStartLayers:false,\n\t\t\t\t\t\tloop            : true,\n\t\t\t\t\t\tshuffle         : false,\n\t\t\t\t\t\tpreload         : 0,\n\t\t\t\t\t\theightLimit     : true,\n\t\t\t\t\t\tautoHeight      : true,\n\t\t\t\t\t\tsmoothHeight    : true,\n\t\t\t\t\t\tendPause        : false,\n\t\t\t\t\t\toverPause       : true,\n\t\t\t\t\t\tfillMode        : \"fill\",\n\t\t\t\t\t\tcenterControls  : true,\n\t\t\t\t\t\tstartOnAppear   : false,\n\t\t\t\t\t\tlayersMode      : \"center\",\n\t\t\t\t\t\thideLayers      : false,\n\t\t\t\t\t\tfullscreenMargin: 0,\n\t\t\t\t\t\tspeed           : 20,\n\t\t\t\t\t\tdir             : \"h\",\n\t\t\t\t\t\tparallaxMode    : 'swipe',\n\t\t\t\t\t\tview            : \"fade\"\n\t\t\t\t});\n\n\t\t\t\t\n\t\t\t\twindow.masterslider_instances = window.masterslider_instances || [];\n\t\t\t\twindow.masterslider_instances.push( masterslider_4272 );\n\t\t\t });\n\n\t\t})(jQuery);\n\t\t<\/script>\n\n<\/h4>\n<table style=\"width: 950px\">\n<tbody>\n<tr>\n<td style=\"width: 844px\">\n<h6><a href=\"https:\/\/lyceelecorbusier.eu\/memoires-2016\/design-de-la-democratie.zip\">T\u00e9l\u00e9charger tous les m\u00e9moires du labo<\/a><\/h6>\n<\/td>\n<td style=\"width: 94px\"><img loading=\"lazy\" width=\"60\" height=\"83\" class=\"aligncenter size-full wp-image-819\" src=\"https:\/\/www.lyceelecorbusier.eu\/dsaa\/wp-content\/uploads\/sites\/4\/2014\/07\/pdf.png\" alt=\"pdf\" \/><\/td>\n<\/tr>\n<tr>\n<td style=\"width: 844px\">\n<h6>T\u00e9l\u00e9charger les m\u00e9moires<\/h6>\n<\/td>\n<td style=\"width: 94px\">\u00a0<\/td>\n<\/tr>\n<tr>\n<td style=\"width: 844px\"><a href=\"https:\/\/lyceelecorbusier.eu\/memoires-2016\/design-de-la-democratie\/alice-noll.pdf\" target=\"_blank\" rel=\"noopener noreferrer\">Alice Noll \u2013 \u00ab Pause en entreprise \u00bb<\/a><\/td>\n<td style=\"width: 94px\">\u00a0<\/td>\n<\/tr>\n<tr>\n<td style=\"width: 844px\"><a href=\"https:\/\/lyceelecorbusier.eu\/memoires-2016\/design-de-la-democratie\/barbara-bellier.pdf\" target=\"_blank\" rel=\"noopener noreferrer\">Barbara Bellier \u2013 \u00ab Interactions urbaines \u00bb<\/a><\/td>\n<td style=\"width: 94px\">\u00a0<\/td>\n<\/tr>\n<tr>\n<td style=\"width: 844px\"><a href=\"https:\/\/lyceelecorbusier.eu\/memoires-2016\/design-de-la-democratie\/mathieu-vetese.zip\">Mathieu Vett\u00e8se \u2013 \u00ab Autonomie \u00e9nerg\u00e9tique nomade \u00bb<\/a><\/td>\n<td style=\"width: 94px\">\u00a0<\/td>\n<\/tr>\n<tr>\n<td style=\"width: 844px\"><a href=\"https:\/\/lyceelecorbusier.eu\/memoires-2016\/design-de-la-democratie\/johan-viscuso.pdf\" target=\"_blank\" rel=\"noopener noreferrer\">Johan Viscuso \u2013 \u00ab Un laboratoire des usages urbains ? \u00bb<\/a><\/td>\n<td style=\"width: 94px\">\u00a0<\/td>\n<\/tr>\n<\/tbody>\n<\/table>\n<h5>\u00a0<\/h5>\n","protected":false},"excerpt":{"rendered":"","protected":false},"author":6,"featured_media":2075,"comment_status":"closed","ping_status":"closed","sticky":false,"template":"","format":"standard","meta":[],"categories":[74,61],"tags":[],"_links":{"self":[{"href":"https:\/\/www.lyceelecorbusier.eu\/dsaa\/index.php?rest_route=\/wp\/v2\/posts\/991"}],"collection":[{"href":"https:\/\/www.lyceelecorbusier.eu\/dsaa\/index.php?rest_route=\/wp\/v2\/posts"}],"about":[{"href":"https:\/\/www.lyceelecorbusier.eu\/dsaa\/index.php?rest_route=\/wp\/v2\/types\/post"}],"author":[{"embeddable":true,"href":"https:\/\/www.lyceelecorbusier.eu\/dsaa\/index.php?rest_route=\/wp\/v2\/users\/6"}],"replies":[{"embeddable":true,"href":"https:\/\/www.lyceelecorbusier.eu\/dsaa\/index.php?rest_route=%2Fwp%2Fv2%2Fcomments&post=991"}],"version-history":[{"count":39,"href":"https:\/\/www.lyceelecorbusier.eu\/dsaa\/index.php?rest_route=\/wp\/v2\/posts\/991\/revisions"}],"predecessor-version":[{"id":3181,"href":"https:\/\/www.lyceelecorbusier.eu\/dsaa\/index.php?rest_route=\/wp\/v2\/posts\/991\/revisions\/3181"}],"wp:featuredmedia":[{"embeddable":true,"href":"https:\/\/www.lyceelecorbusier.eu\/dsaa\/index.php?rest_route=\/wp\/v2\/media\/2075"}],"wp:attachment":[{"href":"https:\/\/www.lyceelecorbusier.eu\/dsaa\/index.php?rest_route=%2Fwp%2Fv2%2Fmedia&parent=991"}],"wp:term":[{"taxonomy":"category","embeddable":true,"href":"https:\/\/www.lyceelecorbusier.eu\/dsaa\/index.php?rest_route=%2Fwp%2Fv2%2Fcategories&post=991"},{"taxonomy":"post_tag","embeddable":true,"href":"https:\/\/www.lyceelecorbusier.eu\/dsaa\/index.php?rest_route=%2Fwp%2Fv2%2Ftags&post=991"}],"curies":[{"name":"wp","href":"https:\/\/api.w.org\/{rel}","templated":true}]}}