{"id":752,"date":"2015-01-18T19:18:52","date_gmt":"2015-01-18T18:18:52","guid":{"rendered":"http:\/\/www.lyceelecorbusier.eu\/dsaa\/?p=752"},"modified":"2017-03-18T14:54:08","modified_gmt":"2017-03-18T13:54:08","slug":"rencontres-publiques-00-in-situ-lab","status":"publish","type":"post","link":"https:\/\/www.lyceelecorbusier.eu\/dsaa\/?p=752","title":{"rendered":"Rencontres publiques InSitu Lab, saison 2014-2015"},"content":{"rendered":"<p><!--more-->Depuis 2007, l&#8217;InSitu Lab d\u00e9veloppe une approche de formation transdisciplinaire fortement ancr\u00e9e dans l\u2019espace public. L\u2019\u00e9quipe et les \u00e9tudiants d\u00e9montrent la l\u00e9gitimit\u00e9 de la place du designer dans les pr\u00e9occupations locales et publiques, dans ses dispositifs, dans ses outils. Loin d\u2019\u00eatre seuls \u00e0 s\u2019agiter dans le secteur, une s\u00e9rie de rencontres publiques est organis\u00e9e en 2014-2015. Ces rendez-vous mensuels organisent, dessinent, la rencontre entre deux personnes, deux groupes, devant ou avec le public. Ce sont des designers de l\u2019image, de l\u2019objet, de l\u2019espace et de services, mais aussi des acteurs et partenaires de ces champs, de ce que l\u2019on appellerait un design publique ou design in situ.<\/p>\n<p class=\"p1\">\u00c0 chaque fois, un dispositif de rencontre et de documentation est cr\u00e9\u00e9, permettant de jouer de la relation entre les invit\u00e9s, mais aussi de conserver une trace. Cette \u00e9dition en d\u00e9coule. La documentation n\u2019est jamais exhaustive, mais tout au contraire subjective, toute en impressions.<br \/>En relation \u00e9troite avec le lyc\u00e9e de l\u2019impression Gutenberg, nous lan\u00e7ons cette publication collective pour les 6 premi\u00e8res rencontres.<\/p>\n<p class=\"p1\">Vous pouvez d\u00e8s maintenant les commander en envoyant un ch\u00e8que de 5\u20ac \u00e0 l&#8217;ordre de l&#8217;Agent Comptable du Lyc\u00e9e Le Corbusier. Veillez \u00e0 indiquer qu&#8217;il s&#8217;agit d&#8217;une commande pour les affiches des Rencontres InSituLab ainsi que\u00a0votre adresse d&#8217;envoie ! <br \/>Merci !\u00a0<\/p>\n<p class=\"p1\">\n\t\t<!-- MasterSlider -->\n\t\t<div id=\"P_MS69f0df9bb0419\" class=\"master-slider-parent msl ms-parent-id-19\" style=\"max-width:980px;\">\n\n\t\t\t\n\t\t\t<!-- MasterSlider Main -->\n\t\t\t<div id=\"MS69f0df9bb0419\" class=\"master-slider ms-skin-light-3\" >\n\t\t\t\t \t\t\t\t \n\t\t\t\t<div  class=\"ms-slide\" data-delay=\"3\" data-fill-mode=\"fill\"  >\n\t\t\t\t\t<img src=\"https:\/\/www.lyceelecorbusier.eu\/dsaa\/wp-content\/plugins\/master-slider\/public\/assets\/css\/blank.gif\" alt=\"\" title=\"\" data-src=\"https:\/\/www.lyceelecorbusier.eu\/dsaa\/wp-content\/uploads\/sites\/4\/2015\/05\/Capture-d\u2019ecran-2014-10-10-a-18.39.41-2.png\" \/>\n\n\n\t<div class=\"ms-thumb\" ><div class=\"ms-tab-context\"><div class=&quot;ms-tab-context&quot;><\/div><\/div>\n<\/div>\n\t\t\t\t<\/div>\n\t\t\t\t<div  class=\"ms-slide\" data-delay=\"3\" data-fill-mode=\"fill\"  >\n\t\t\t\t\t<img src=\"https:\/\/www.lyceelecorbusier.eu\/dsaa\/wp-content\/plugins\/master-slider\/public\/assets\/css\/blank.gif\" alt=\"\" title=\"\" data-src=\"https:\/\/www.lyceelecorbusier.eu\/dsaa\/wp-content\/uploads\/sites\/4\/2015\/05\/Capture-d\u2019ecran-2014-11-13-a-15.29.44.png\" \/>\n\n\n\t<div class=\"ms-thumb\" ><div class=\"ms-tab-context\"><div class=&quot;ms-tab-context&quot;><\/div><\/div>\n<\/div>\n\t\t\t\t<\/div>\n\t\t\t\t<div  class=\"ms-slide\" data-delay=\"3\" data-fill-mode=\"fill\"  >\n\t\t\t\t\t<img src=\"https:\/\/www.lyceelecorbusier.eu\/dsaa\/wp-content\/plugins\/master-slider\/public\/assets\/css\/blank.gif\" alt=\"\" title=\"\" data-src=\"https:\/\/www.lyceelecorbusier.eu\/dsaa\/wp-content\/uploads\/sites\/4\/2015\/05\/2015-03-19-14.32.33.jpg\" \/>\n\n\n\t<div class=\"ms-thumb\" ><div class=\"ms-tab-context\"><div class=&quot;ms-tab-context&quot;><\/div><\/div>\n<\/div>\n\t\t\t\t<\/div>\n\t\t\t\t<div  class=\"ms-slide\" data-delay=\"3\" data-fill-mode=\"fill\"  >\n\t\t\t\t\t<img src=\"https:\/\/www.lyceelecorbusier.eu\/dsaa\/wp-content\/plugins\/master-slider\/public\/assets\/css\/blank.gif\" alt=\"\" title=\"\" data-src=\"https:\/\/www.lyceelecorbusier.eu\/dsaa\/wp-content\/uploads\/sites\/4\/2015\/05\/Capture-d\u2019ecran-2015-05-21-a-17.57.jpg\" \/>\n\n\n\t<div class=\"ms-thumb\" ><div class=\"ms-tab-context\"><div class=&quot;ms-tab-context&quot;><\/div><\/div>\n<\/div>\n\t\t\t\t<\/div>\n\n\t\t\t<\/div>\n\t\t\t<!-- END MasterSlider Main -->\n\n\t\t\t \n\t\t<\/div>\n\t\t<!-- END MasterSlider -->\n\n\t\t<script>\n\t\t(function ( $ ) {\n\t\t\t\"use strict\";\n\n\t\t\t$(function () {\n\t\t\t\tvar masterslider_0419 = new MasterSlider();\n\n\t\t\t\t\/\/ slider controls\n\t\t\t\tmasterslider_0419.control('arrows'     ,{ autohide:false, overVideo:true  });\n\t\t\t\t\/\/ slider setup\n\t\t\t\tmasterslider_0419.setup(\"MS69f0df9bb0419\", {\n\t\t\t\t\t\twidth           : 800,\n\t\t\t\t\t\theight          : 480,\n\t\t\t\t\t\tminHeight       : 0,\n\t\t\t\t\t\tspace           : 0,\n\t\t\t\t\t\tstart           : 1,\n\t\t\t\t\t\tgrabCursor      : true,\n\t\t\t\t\t\tswipe           : true,\n\t\t\t\t\t\tmouse           : true,\n\t\t\t\t\t\tlayout          : \"boxed\",\n\t\t\t\t\t\twheel           : false,\n\t\t\t\t\t\tautoplay        : true,\n\t\t\t\t\t\tinstantStartLayers:false,\n\t\t\t\t\t\tloop            : true,\n\t\t\t\t\t\tshuffle         : false,\n\t\t\t\t\t\tpreload         : 0,\n\t\t\t\t\t\theightLimit     : true,\n\t\t\t\t\t\tautoHeight      : true,\n\t\t\t\t\t\tsmoothHeight    : true,\n\t\t\t\t\t\tendPause        : false,\n\t\t\t\t\t\toverPause       : true,\n\t\t\t\t\t\tfillMode        : \"fill\",\n\t\t\t\t\t\tcenterControls  : true,\n\t\t\t\t\t\tstartOnAppear   : false,\n\t\t\t\t\t\tlayersMode      : \"center\",\n\t\t\t\t\t\thideLayers      : false,\n\t\t\t\t\t\tfullscreenMargin: 0,\n\t\t\t\t\t\tspeed           : 20,\n\t\t\t\t\t\tdir             : \"h\",\n\t\t\t\t\t\tparallaxMode    : 'swipe',\n\t\t\t\t\t\tview            : \"fade\"\n\t\t\t\t});\n\n\t\t\t\t\n\t\t\t\twindow.masterslider_instances = window.masterslider_instances || [];\n\t\t\t\twindow.masterslider_instances.push( masterslider_0419 );\n\t\t\t });\n\n\t\t})(jQuery);\n\t\t<\/script>\n\n\n<p class=\"p1\">\u00a0<\/p>\n<hr \/>\n<h2>Rencontre #09 : FORCE M\u00c9DIUM\u00a0<\/h2>\n\n\t\t<div class=\"toggle-box\">\n\t\t<p class=\"toggle-trigger\"><a href=\"javascript:void(0);\">28 mai<\/a><\/p>\n\t\t<div class=\"toggle-section\"><p>\n<p>Manuel Zenner + Muriel Issard + VOUS !<br \/>au GRAND ATELIER<\/p>\n<p>http:\/\/zennerissard.eu\/<\/p>\n<p>&nbsp;<\/p>\n<p><a href=\"http:\/\/www.lyceelecorbusier.eu\/dsaa\/wp-content\/uploads\/sites\/4\/2015\/01\/Capture-d\u2019ecran-2015-05-19-a-19.06.12.png\"><img loading=\"lazy\" width=\"539\" height=\"763\" class=\"alignnone size-full wp-image-925\" src=\"http:\/\/www.lyceelecorbusier.eu\/dsaa\/wp-content\/uploads\/sites\/4\/2015\/01\/Capture-d\u2019ecran-2015-05-19-a-19.06.12.png\" alt=\"Capture d\u2019\u00e9cran 2015-05-19 \u00e0 19.06.12\" srcset=\"https:\/\/www.lyceelecorbusier.eu\/dsaa\/wp-content\/uploads\/sites\/4\/2015\/01\/Capture-d\u2019ecran-2015-05-19-a-19.06.12.png 539w, https:\/\/www.lyceelecorbusier.eu\/dsaa\/wp-content\/uploads\/sites\/4\/2015\/01\/Capture-d\u2019ecran-2015-05-19-a-19.06.12-212x300.png 212w\" sizes=\"(max-width: 539px) 100vw, 539px\" \/><\/a><\/p>\n<p>\u00a0<\/p><\/div>\n\t\t<\/div>\n<p>&nbsp;<\/p>\n<h2>Rencontre #08 : SUPERD\u00c9BAT\u00a0<\/h2>\n\n\t\t<div class=\"toggle-box\">\n\t\t<p class=\"toggle-trigger\"><a href=\"javascript:void(0);\">21 mai<\/a><\/p>\n\t\t<div class=\"toggle-section\"><p>\n<p>\u00e0 SUPERPUBLIC, Paris<br \/>Anne-Marie Bock\u00a0+\u00a0Christelle Carrier + Barbara Bay + Anne-Laure Desflaches + C\u00e9cilia Gurisik + Nicolas Couturier<\/p>\n<p class=\"p1\">L\u2019IN SITU LAB du p\u00f4le sup\u00e9rieur de design Le Corbusier (Strasbourg) t\u00e9moigne apr\u00e8s plus de 5 ann\u00e9es de ses exp\u00e9riences in\u00e9dites de design in situ, en prise avec les collectivit\u00e9s et les services publics. On y d\u00e9veloppe des m\u00e9thodologies et des travaux chaque fois sp\u00e9cifiques, d\u00e9velopp\u00e9s selon les terrains abord\u00e9s.<br \/>Nicolas Couturier et C\u00e9cilia Gurisik, designers et enseignants \u00e0 L\u2019IN SITU LAB, pr\u00e9senteront le fruit de plusieurs collaborations avec deux de leurs partenaires privil\u00e9gi\u00e9s :<br \/>\u00ab La Fabrique de l\u2019Hospitalit\u00e9 \u00bb (Laboratoire d\u2019innovation des H\u00f4pitaux Universitaires de Strasbourg, repr\u00e9sent\u00e9 par Barbara Bay, Christelle Carrier, Anne-Laure Desflaches) et\u00a0<span class=\"s1\">\u00ab La Biblioth\u00e8que D\u00e9partementale du Bas-Rhin \u00bb \u00a0(Service du Conseil G\u00e9n\u00e9ral du Bas-Rhin, repr\u00e9sent\u00e9e par Anne-Marie Bock).<\/span><\/p>\n<p class=\"p1\">\u00a0<\/p><\/div>\n\t\t<\/div>\n<p class=\"p1\">\u00a0<\/p>\n<h2>Rencontre #07 : HISTOIRES DE COLLABORATIONS\u00a0<\/h2>\n\n\t\t<div class=\"toggle-box\">\n\t\t<p class=\"toggle-trigger\"><a href=\"javascript:void(0);\">21 mars<\/a><\/p>\n\t\t<div class=\"toggle-section\"><p>\n<p>\u00e0 la MISHA, Strasbourg<br \/>Dans le cadre de la 3<sup>\u00e8me<\/sup> Journ\u00e9e internationale d\u2019\u00e9tudes en design du Laboratoire ACCRA de l\u2019Universit\u00e9 de Strasbourg.<br \/>Barbara Bay + Nicolas Couturier<\/p>\n<p>Notre int\u00e9r\u00eat pour le design de service et l\u2019approche orient\u00e9e utilisateur a permis notre rencontre \u00e0 un moment o\u00f9 tout semblait avoir besoin d\u2019\u00eatre r\u00e9invent\u00e9 : nos modes de vie, nos mod\u00e8les, nos politiques publiques\u2026<br \/>Les m\u00e9thodes puis\u00e9es dans le design, l\u2019anthropologie, l\u2019innovation sociale, nous ont amen\u00e9 \u00e0 travailler \u00ab In Situ \u00bb, pour nous rapprocher des sp\u00e9cialistes. Comme s\u2019emploie souvent \u00e0 le rappeler Edgar Morin, il nous para\u00eet important de changer la perception des \u00e9chelles, pour agir en local dans une tension globale. Plusieurs formats de r\u00e9sidences nous ont permis de tester divers projets collaboratifs. Partout aujourd\u2019hui de multiples projets s\u2019organisent sur un mod\u00e8le participatif qui se veut horizontal, mais les sch\u00e9mas d\u00e9cisionnels n\u2019ont pas chang\u00e9 pour autant.<br \/>Les m\u00e9thodologies de co-conception et \u00ab les projets de terrain \u00bb peuvent-ils impulser du changement dans nos modes de gouvernance ? Existe-t-il d\u2019autres formes de pouvoirs ?<\/p>\n<p>\u00a0<\/p><\/div>\n\t\t<\/div>\n<h2>\u00a0<\/h2>\n<h2>Rencontre #06 :\u00a0OPEN MANIFESTE\u00a0<\/h2>\n\n\t\t<div class=\"toggle-box\">\n\t\t<p class=\"toggle-trigger\"><a href=\"javascript:void(0);\">samedi 7 f\u00e9vrier<\/a><\/p>\n\t\t<div class=\"toggle-section\"><p>\n<p>Emmanuel Gilloz +\u00a0Hugo Moreau +\u00a0Francois KORMANN\u00a0\u00a0<br \/>au GRAND ATELIER<\/p>\n<p>DO IT YOURSELF<br \/> \/\/\u00a0DO IT TOGETHER<br \/>\/\/\/\/\u00a0HACK IT WITH OTHERS<br \/>Les 3 manifestes seront \u00e9crits, modifi\u00e9s, d\u00e9form\u00e9s par tous les acteurs de la journ\u00e9e. Le soleil se couchant, les 3 invit\u00e9s, respectivement membres de <a href=\"http:\/\/openedge.cc\">Open Edge<\/a>,\u00a0<a href=\"http:\/\/www.kinosphere.org\/utopie2.1\">Kinosphere<\/a>\u00a0et La fabrique,\u00a0deviendront chacun les repr\u00e9sentants de ces manifestes, et les mettront en confrontation \u00e0 partir de leurs parcours et de leurs pratiques.<\/p>\n<p>\u00a0<\/p><\/div>\n\t\t<\/div>\n<h2>\u00a0<\/h2>\n<h2>Rencontre #05\u00a0: courte tentative de cartographie du slow\u2026<\/h2>\n\n\t\t<div class=\"toggle-box\">\n\t\t<p class=\"toggle-trigger\"><a href=\"javascript:void(0);\">jeudi 15 janvier<\/a><\/p>\n\t\t<div class=\"toggle-section\"><p>\n<p>Mireille Dietschy + Philippe Riehling<br \/>au GRAND ATELIER<\/p>\n<p>Nous invitons Mireille Dietschy, sociologue et intervenante \u00e0 l\u2019InSituLab, et\u00a0<span style=\"text-decoration: underline\">Philippe Riehling<\/span>,\u00a0designer \u00e9co-logique. Au travers du projet de th\u00e8se de Mireille Dietschy et la pratique de Philippe Riehling, une cartographie de ce que l\u2019on appelle le mouvement \u00ab\u00a0slow\u00a0\u00bb tentera de se dessiner. Lentement. Un dessin en discussion, chacun tire les fils, place les ensembles, et les d\u00e9placent aussi. Les \u00e9cosyst\u00e8mes \u00e9mergeront. Le public autour posera des questions qui modifieront forc\u00e9ment le dessin de la carte.\u00a0<br \/> La\u00a0rencontre\u00a0est \u00e0 nouveau r\u00e9alis\u00e9e en collaboration avec les \u00e9tudiants de design graphique de DSAA1.<\/p>\n<p>&nbsp;<\/p>\n<p>\u00a0<\/p><\/div>\n\t\t<\/div>\n<h2>\u00a0<\/h2>\n<h2>Rencontre #04 : IMMERSIONS\/PROFESSIONS<\/h2>\n\n\t\t<div class=\"toggle-box\">\n\t\t<p class=\"toggle-trigger\"><a href=\"javascript:void(0);\">jeudi 11 d\u00e9cembre<\/a><\/p>\n\t\t<div class=\"toggle-section\"><p>au GRAND ATELIER<\/p>\n<p>Des \u00e9chos du monde du travail des designers\u2026<br \/>Entre\u00a0un march\u00e9 noir de r\u00e9flexion sur les pratiques du design et\u00a0une soir\u00e9e de speed dating pour dialoguer sur les conditions de travail la rencontre donne \u00e0 voir et \u00e0 d\u00e9battre sur des probl\u00e9matiques du monde professionnel du design. Quelle est la place de la technique ? De l\u2019incomp\u00e9tence ? De l\u2019enseignement ? De l\u2019argent ?\u2026 Des r\u00e9flexions issues\u00a0des multiples exp\u00e9riences des \u00e9tudiants.<\/p>\n<p>Une rencontre entre le public et les \u00e9tudiants,\u00a0<br \/>les \u00e9tudiants et les \u00e9tudiants, \u00a0<br \/>et le m\u00e9tier de designer,\u00a0<br \/>et les agences, <br \/>et les studios, <br \/>et les ind\u00e9pendants, <br \/>et les entreprises, <br \/>et les collectifs.<\/p>\n<p>&nbsp;<\/p>\n<p>\u00a0<\/p><\/div>\n\t\t<\/div>\n<h2>\u00a0<\/h2>\n<h2>Rencontre #03 : Les formes des savoirs<\/h2>\n\n\t\t<div class=\"toggle-box\">\n\t\t<p class=\"toggle-trigger\"><a href=\"javascript:void(0);\">jeudi 13 novembre<\/a><\/p>\n\t\t<div class=\"toggle-section\"><p>\n<p>Anne-Marie BOCK +\u00a0Yves DORSI\u00a0<br \/>au GRAND ATELIER<\/p>\n<p class=\"p1\">Comment est-ce que l\u2019on exp\u00e9rimente en biblioth\u00e8que ?\u00a0Quelles places pour le designer dans les m\u00e9diath\u00e8ques ?<br \/>La rencontre entre le designer Yves Dorsi, vid\u00e9o graphiste et graphiste multimedia, et Anne-Marie Bock, directrice de Biblioth\u00e8que d\u00e9partementale du Bas-Rhin (BDBR), nous permet de poser ces questions.<br \/>Cette rencontre s\u2019inscrit dans le cadre du projet \u00ab Lectures locales \u2013 R\u00e9sidences de designers en biblioth\u00e8ques \u00bb, r\u00e9sidence de 24 \u00e9tudiants de l\u2019InSituLab sur six terrains diff\u00e9rents, chacun sous la tutelle de la Biblioth\u00e8que D\u00e9partementale du Bas-Rhin. Ils interrogent le devenir et l\u2019\u00e9volution des lieux.<br \/>Une Biblioth\u00e8que qui souffre d\u2019un manque de fr\u00e9quentation, une m\u00e9diath\u00e8que qui interroge les nouvelles pratiques \u00e0 l\u2019\u00e8re du num\u00e9rique, un point lecture qui va \u00eatre implant\u00e9 dans une ancienne menuiserie\u2026 Les typologies des lieux sont diverses et vari\u00e9es. Les jeunes designers vont \u00e0 la rencontre des usagers, in situ, pour requalifier les usages, faire \u00e9merger du projet, de formuler un programme et donner \u00e0 entrevoir des pistes formelles tout en utilisant des m\u00e9thodologies collaboratives.<\/p>\n<p class=\"p1\">Les huits \u00e9tudiants sont au centre de l\u2019espace, r\u00e9alisant en p\u00e2te \u00e0 modeler les repr\u00e9sentations de la discussion des deux intervenants. Les images sont projet\u00e9es \u00e0 la vue de tous afin de servir de support \u00e0 la discussion. Les voix d\u2019Anne-Marie Bock et de Yves Dorsi r\u00e9sonnent parfois comme les voix-off de ces images.<\/p>\n<p>&nbsp;<\/p>\n<p>\u00a0<\/p><\/div>\n\t\t<\/div>\n<h2>\u00a0<\/h2>\n<h2>Rencontre #02 :\u00a0Les formes de l&#8217;hospitalit\u00e9<\/h2>\n\n\t\t<div class=\"toggle-box\">\n\t\t<p class=\"toggle-trigger\"><a href=\"javascript:void(0);\">mercredi 12 novembre<\/a><\/p>\n\t\t<div class=\"toggle-section\"><p>\n<p>La Fabrique de l\u2019Hospitalit\u00e9\u00a0+\u00a0l\u2019\u00e9quipe de l\u2019In Situ Lab<br \/>au GRAND ATELIER<\/p>\n<p class=\"p1\">C\u2019est une discussion entre Anne-Laure Desflasches, Barbara Bay, C\u00e9cilia Gurisik, Carmen Princelle et Nicolas Couturier.<br \/> Ils sont face \u00e0 face, deux ordinateurs, deux vid\u00e9oprojecteurs, le public assiste \u00e0 la discussion. Au travers d\u2019un diagramme repr\u00e9sentant les personnes et institutions concern\u00e9es, les projets issus des rencontres de tous ces acteurs sont repr\u00e9sent\u00e9s au fur et \u00e0 mesure de la soir\u00e9e.<br \/>C\u2019est aussi l\u2019occasion d\u2019un retour sur les ateliers de recherches men\u00e9s en partenariat depuis 2011 et les dipl\u00f4mes men\u00e9s en partenariat.<br \/>Les huits \u00e9tudiants prennent des notes individuellement sur chevalet de la discussion. C\u2019est une sorte de s\u00e9ance de croquis sur parole vivante.<\/p>\n<p>&nbsp;<\/p>\n<p>\u00a0<\/p><\/div>\n\t\t<\/div>\n<h2>\u00a0<\/h2>\n<h2>Rencontre #01\u00a0: CITY SHOW !<\/h2>\n<p class=\"p1\">\n\t\t<div class=\"toggle-box\">\n\t\t<p class=\"toggle-trigger\"><a href=\"javascript:void(0);\">vendredi 10 octobre<\/a><\/p>\n\t\t<div class=\"toggle-section\"><p>\n<p class=\"p1\">Strabic + Horizome\u00a0<br \/>au GRAND ATELIER<\/p>\n<p class=\"p1\">C\u2019est un jeu. 64 cartes, 32 images et 32 sons. Des images issues de leurs articles pour la revue Strabic (ici Tony C\u00f4me et Charles Beaut\u00e9), des enregistrements sonores de Pauline Desgrandchamp pour le collectif transdisciplinaire Horizome. \u00c0 tour de r\u00f4le, chacun pose une carte. Peu \u00e0 peu, images et sons se r\u00e9pondent, proposant des points de vues sur la repr\u00e9sentation de la ville et les identit\u00e9s du ph\u00e9nom\u00e8ne urbain.<br \/>\u00c0 travers quelques notes lacunaires, nous redonnons ici la vision panoramique de cette rencontre. Les images propos\u00e9es par Strabic sont modifi\u00e9es par la transcription visuelle des enregistrements de Pauline Desgrandchamp.<\/p>\n<p class=\"p1\">\u00a0<\/p>\n<p>\u00a0<\/p><\/div>\n\t\t<\/div>\n<h2>\u00a0<\/h2>\n<h2>Rencontre #00 :\u00a0Design Public ? Local ? de Projet ? InSitu ?<\/h2>\n<p class=\"p3\">\n\t\t<div class=\"toggle-box\">\n\t\t<p class=\"toggle-trigger\"><a href=\"javascript:void(0);\">jeudi 18 septembre<\/a><\/p>\n\t\t<div class=\"toggle-section\"><p>\n<p class=\"p3\">Julie Morgen + InSituLab<br \/>au GRAND ATELIER<\/p>\n<p class=\"p3\">C\u2019est une discussion entre la designer Julie Morgen et Jean Obrecht, C\u00e9cilia Gurisik et Nicolas Couturier, enseignants de l\u2019InSituLab.<br \/><span style=\"font-size: 1em;line-height: 1.8\">Ils sont face \u00e0 face, deux ordinateurs, deux vid\u00e9oprojecteurs, le public assiste \u00e0 la discussion.<br \/><\/span>Les huits \u00e9tudiants prennent des notes sur le m\u00eame support, \u00e0 seize mains, sur des feuilles au format grand aigle, au fur et \u00e0 mesure de la discussion\u00a0<\/p>\n<p class=\"p3\"><\/p><\/div>\n\t\t<\/div>\u00a0<\/p>\n<p class=\"p3\">\u00a0<\/p>\n","protected":false},"excerpt":{"rendered":"","protected":false},"author":6,"featured_media":345,"comment_status":"closed","ping_status":"closed","sticky":false,"template":"","format":"standard","meta":[],"categories":[17],"tags":[],"_links":{"self":[{"href":"https:\/\/www.lyceelecorbusier.eu\/dsaa\/index.php?rest_route=\/wp\/v2\/posts\/752"}],"collection":[{"href":"https:\/\/www.lyceelecorbusier.eu\/dsaa\/index.php?rest_route=\/wp\/v2\/posts"}],"about":[{"href":"https:\/\/www.lyceelecorbusier.eu\/dsaa\/index.php?rest_route=\/wp\/v2\/types\/post"}],"author":[{"embeddable":true,"href":"https:\/\/www.lyceelecorbusier.eu\/dsaa\/index.php?rest_route=\/wp\/v2\/users\/6"}],"replies":[{"embeddable":true,"href":"https:\/\/www.lyceelecorbusier.eu\/dsaa\/index.php?rest_route=%2Fwp%2Fv2%2Fcomments&post=752"}],"version-history":[{"count":28,"href":"https:\/\/www.lyceelecorbusier.eu\/dsaa\/index.php?rest_route=\/wp\/v2\/posts\/752\/revisions"}],"predecessor-version":[{"id":944,"href":"https:\/\/www.lyceelecorbusier.eu\/dsaa\/index.php?rest_route=\/wp\/v2\/posts\/752\/revisions\/944"}],"wp:featuredmedia":[{"embeddable":true,"href":"https:\/\/www.lyceelecorbusier.eu\/dsaa\/index.php?rest_route=\/wp\/v2\/media\/345"}],"wp:attachment":[{"href":"https:\/\/www.lyceelecorbusier.eu\/dsaa\/index.php?rest_route=%2Fwp%2Fv2%2Fmedia&parent=752"}],"wp:term":[{"taxonomy":"category","embeddable":true,"href":"https:\/\/www.lyceelecorbusier.eu\/dsaa\/index.php?rest_route=%2Fwp%2Fv2%2Fcategories&post=752"},{"taxonomy":"post_tag","embeddable":true,"href":"https:\/\/www.lyceelecorbusier.eu\/dsaa\/index.php?rest_route=%2Fwp%2Fv2%2Ftags&post=752"}],"curies":[{"name":"wp","href":"https:\/\/api.w.org\/{rel}","templated":true}]}}