{"id":650,"date":"2014-11-14T21:06:18","date_gmt":"2014-11-14T20:06:18","guid":{"rendered":"http:\/\/www.lyceelecorbusier.eu\/dsaa\/?p=650"},"modified":"2014-11-15T09:23:00","modified_gmt":"2014-11-15T08:23:00","slug":"recontres-autour-dun-kit-de-survie-naturel","status":"publish","type":"post","link":"https:\/\/www.lyceelecorbusier.eu\/dsaa\/?p=650","title":{"rendered":"Recontres autour d&#8217;un kit de survie naturel"},"content":{"rendered":"<p style=\"text-align: center;\"><!--more--><\/p>\n<p>Ce vendredi 14 novembre, Aur\u00e9lia s&#8217;est install\u00e9e avec son groupe \u00e0 Rivetoile. Jennyfer \u00e9tait \u00e0 la prise de notes et Marie et Sophie \u00e0 la documentation photographique. L&#8217;objectif \u00e9tait de pr\u00e9senter un prototype d&#8217;une partie de son projet et de faire comme s&#8217;il \u00e9tait bient\u00f4t r\u00e9alis\u00e9. En demandant aux gens ce qu&#8217;ils pensaient d&#8217;un concept de kit de survie personnel \u00e0 mettre chez soi, nous avons eu de nombreuses et diverses r\u00e9ponses. Le prototype a \u00e9t\u00e9 r\u00e9alis\u00e9 sur la Stratoconception et un plan de basilic, de plantain et de thym on \u00e9t\u00e9 plant\u00e9 afin d&#8217;en montrer son usage. Des livrets explicatifs sur les capacit\u00e9s soignantes et les utilisations possibles des plantes, mais aussi sur l&#8217;entretien de celles-ci \u00e9taient mis \u00e0 disposition des usagers.<\/p>\n<p>Apr\u00e8s plus d&#8217;une vingtaine de rencontres, diverses questions ont \u00e9t\u00e9 pos\u00e9es \u00e0 propos du projet : en quel mat\u00e9riau va t-il \u00eatre r\u00e9alis\u00e9 ? combien co\u00fbte t&#8217;il ?\u00a0 quand sera-t-il disponible ? o\u00f9 l&#8217;eau s&#8217;\u00e9coule t-elle ? \u00eates vous sur que ca marche, y a t&#8217;il eu des \u00e9tudes faites sur les plantes m\u00e9dicinales ?&#8230;<br \/>Toutes les remarques et questionnement permettent ainsi de faire avancer les projet.<\/p>\n<p><a href=\"http:\/\/www.lyceelecorbusier.eu\/dsaa\/wp-content\/uploads\/sites\/4\/2014\/11\/IMG_7883-2.jpg\"><img loading=\"lazy\" width=\"300\" height=\"199\" class=\"alignnone size-medium wp-image-654\" src=\"http:\/\/www.lyceelecorbusier.eu\/dsaa\/wp-content\/uploads\/sites\/4\/2014\/11\/IMG_7883-2-300x199.jpg\" alt=\"IMG_7883-2\" srcset=\"https:\/\/www.lyceelecorbusier.eu\/dsaa\/wp-content\/uploads\/sites\/4\/2014\/11\/IMG_7883-2-300x199.jpg 300w, https:\/\/www.lyceelecorbusier.eu\/dsaa\/wp-content\/uploads\/sites\/4\/2014\/11\/IMG_7883-2-1024x682.jpg 1024w, https:\/\/www.lyceelecorbusier.eu\/dsaa\/wp-content\/uploads\/sites\/4\/2014\/11\/IMG_7883-2-1800x1200.jpg 1800w, https:\/\/www.lyceelecorbusier.eu\/dsaa\/wp-content\/uploads\/sites\/4\/2014\/11\/IMG_7883-2-960x639.jpg 960w, https:\/\/www.lyceelecorbusier.eu\/dsaa\/wp-content\/uploads\/sites\/4\/2014\/11\/IMG_7883-2.jpg 2000w\" sizes=\"(max-width: 300px) 100vw, 300px\" \/><\/a> <a href=\"http:\/\/www.lyceelecorbusier.eu\/dsaa\/wp-content\/uploads\/sites\/4\/2014\/11\/IMG_7857.jpg\"><img loading=\"lazy\" width=\"300\" height=\"199\" class=\"alignnone size-medium wp-image-651\" src=\"http:\/\/www.lyceelecorbusier.eu\/dsaa\/wp-content\/uploads\/sites\/4\/2014\/11\/IMG_7857-300x199.jpg\" alt=\"IMG_7857\" srcset=\"https:\/\/www.lyceelecorbusier.eu\/dsaa\/wp-content\/uploads\/sites\/4\/2014\/11\/IMG_7857-300x199.jpg 300w, https:\/\/www.lyceelecorbusier.eu\/dsaa\/wp-content\/uploads\/sites\/4\/2014\/11\/IMG_7857-1024x682.jpg 1024w, https:\/\/www.lyceelecorbusier.eu\/dsaa\/wp-content\/uploads\/sites\/4\/2014\/11\/IMG_7857-1800x1200.jpg 1800w, https:\/\/www.lyceelecorbusier.eu\/dsaa\/wp-content\/uploads\/sites\/4\/2014\/11\/IMG_7857-960x639.jpg 960w, https:\/\/www.lyceelecorbusier.eu\/dsaa\/wp-content\/uploads\/sites\/4\/2014\/11\/IMG_7857.jpg 2000w\" sizes=\"(max-width: 300px) 100vw, 300px\" \/><\/a> <a href=\"http:\/\/www.lyceelecorbusier.eu\/dsaa\/wp-content\/uploads\/sites\/4\/2014\/11\/IMG_7863.jpg\"><img loading=\"lazy\" width=\"300\" height=\"199\" class=\"alignnone size-medium wp-image-653\" src=\"http:\/\/www.lyceelecorbusier.eu\/dsaa\/wp-content\/uploads\/sites\/4\/2014\/11\/IMG_7863-300x199.jpg\" alt=\"IMG_7863\" srcset=\"https:\/\/www.lyceelecorbusier.eu\/dsaa\/wp-content\/uploads\/sites\/4\/2014\/11\/IMG_7863-300x199.jpg 300w, https:\/\/www.lyceelecorbusier.eu\/dsaa\/wp-content\/uploads\/sites\/4\/2014\/11\/IMG_7863-1024x682.jpg 1024w, https:\/\/www.lyceelecorbusier.eu\/dsaa\/wp-content\/uploads\/sites\/4\/2014\/11\/IMG_7863-1800x1200.jpg 1800w, https:\/\/www.lyceelecorbusier.eu\/dsaa\/wp-content\/uploads\/sites\/4\/2014\/11\/IMG_7863-960x639.jpg 960w, https:\/\/www.lyceelecorbusier.eu\/dsaa\/wp-content\/uploads\/sites\/4\/2014\/11\/IMG_7863.jpg 2000w\" sizes=\"(max-width: 300px) 100vw, 300px\" \/><\/a><a href=\"http:\/\/www.lyceelecorbusier.eu\/dsaa\/wp-content\/uploads\/sites\/4\/2014\/11\/IMG_7865.jpg\"><img loading=\"lazy\" width=\"300\" height=\"199\" class=\"alignnone size-medium wp-image-656\" src=\"http:\/\/www.lyceelecorbusier.eu\/dsaa\/wp-content\/uploads\/sites\/4\/2014\/11\/IMG_7865-300x199.jpg\" alt=\"IMG_7865\" srcset=\"https:\/\/www.lyceelecorbusier.eu\/dsaa\/wp-content\/uploads\/sites\/4\/2014\/11\/IMG_7865-300x199.jpg 300w, https:\/\/www.lyceelecorbusier.eu\/dsaa\/wp-content\/uploads\/sites\/4\/2014\/11\/IMG_7865-1024x682.jpg 1024w, https:\/\/www.lyceelecorbusier.eu\/dsaa\/wp-content\/uploads\/sites\/4\/2014\/11\/IMG_7865-1800x1200.jpg 1800w, https:\/\/www.lyceelecorbusier.eu\/dsaa\/wp-content\/uploads\/sites\/4\/2014\/11\/IMG_7865-960x639.jpg 960w, https:\/\/www.lyceelecorbusier.eu\/dsaa\/wp-content\/uploads\/sites\/4\/2014\/11\/IMG_7865.jpg 2000w\" sizes=\"(max-width: 300px) 100vw, 300px\" \/><\/a> <a href=\"http:\/\/www.lyceelecorbusier.eu\/dsaa\/wp-content\/uploads\/sites\/4\/2014\/11\/IMG_7885-2.jpg\"><img loading=\"lazy\" width=\"300\" height=\"199\" class=\"alignnone size-medium wp-image-657\" src=\"http:\/\/www.lyceelecorbusier.eu\/dsaa\/wp-content\/uploads\/sites\/4\/2014\/11\/IMG_7885-2-300x199.jpg\" alt=\"IMG_7885-2\" srcset=\"https:\/\/www.lyceelecorbusier.eu\/dsaa\/wp-content\/uploads\/sites\/4\/2014\/11\/IMG_7885-2-300x199.jpg 300w, https:\/\/www.lyceelecorbusier.eu\/dsaa\/wp-content\/uploads\/sites\/4\/2014\/11\/IMG_7885-2-1024x682.jpg 1024w, https:\/\/www.lyceelecorbusier.eu\/dsaa\/wp-content\/uploads\/sites\/4\/2014\/11\/IMG_7885-2-1800x1200.jpg 1800w, https:\/\/www.lyceelecorbusier.eu\/dsaa\/wp-content\/uploads\/sites\/4\/2014\/11\/IMG_7885-2-960x639.jpg 960w, https:\/\/www.lyceelecorbusier.eu\/dsaa\/wp-content\/uploads\/sites\/4\/2014\/11\/IMG_7885-2.jpg 2000w\" sizes=\"(max-width: 300px) 100vw, 300px\" \/><\/a><\/p>\n","protected":false},"excerpt":{"rendered":"","protected":false},"author":1,"featured_media":653,"comment_status":"closed","ping_status":"closed","sticky":false,"template":"","format":"gallery","meta":[],"categories":[22],"tags":[48,45,50,49,46,47,44],"_links":{"self":[{"href":"https:\/\/www.lyceelecorbusier.eu\/dsaa\/index.php?rest_route=\/wp\/v2\/posts\/650"}],"collection":[{"href":"https:\/\/www.lyceelecorbusier.eu\/dsaa\/index.php?rest_route=\/wp\/v2\/posts"}],"about":[{"href":"https:\/\/www.lyceelecorbusier.eu\/dsaa\/index.php?rest_route=\/wp\/v2\/types\/post"}],"author":[{"embeddable":true,"href":"https:\/\/www.lyceelecorbusier.eu\/dsaa\/index.php?rest_route=\/wp\/v2\/users\/1"}],"replies":[{"embeddable":true,"href":"https:\/\/www.lyceelecorbusier.eu\/dsaa\/index.php?rest_route=%2Fwp%2Fv2%2Fcomments&post=650"}],"version-history":[{"count":7,"href":"https:\/\/www.lyceelecorbusier.eu\/dsaa\/index.php?rest_route=\/wp\/v2\/posts\/650\/revisions"}],"predecessor-version":[{"id":667,"href":"https:\/\/www.lyceelecorbusier.eu\/dsaa\/index.php?rest_route=\/wp\/v2\/posts\/650\/revisions\/667"}],"wp:featuredmedia":[{"embeddable":true,"href":"https:\/\/www.lyceelecorbusier.eu\/dsaa\/index.php?rest_route=\/wp\/v2\/media\/653"}],"wp:attachment":[{"href":"https:\/\/www.lyceelecorbusier.eu\/dsaa\/index.php?rest_route=%2Fwp%2Fv2%2Fmedia&parent=650"}],"wp:term":[{"taxonomy":"category","embeddable":true,"href":"https:\/\/www.lyceelecorbusier.eu\/dsaa\/index.php?rest_route=%2Fwp%2Fv2%2Fcategories&post=650"},{"taxonomy":"post_tag","embeddable":true,"href":"https:\/\/www.lyceelecorbusier.eu\/dsaa\/index.php?rest_route=%2Fwp%2Fv2%2Ftags&post=650"}],"curies":[{"name":"wp","href":"https:\/\/api.w.org\/{rel}","templated":true}]}}