{"id":3863,"date":"2025-03-25T10:08:42","date_gmt":"2025-03-25T09:08:42","guid":{"rendered":"https:\/\/www.lyceelecorbusier.eu\/dsaa\/?p=3863"},"modified":"2025-04-23T21:06:36","modified_gmt":"2025-04-23T20:06:36","slug":"parcours-territoires-communs-ecologies","status":"publish","type":"post","link":"https:\/\/www.lyceelecorbusier.eu\/dsaa\/?p=3863","title":{"rendered":"Parcours TERRITOIRES, COMMUNS &amp; \u00c9COLOGIES"},"content":{"rendered":"<p><span style=\"font-weight: 300\">Au sein de ce parcours, des partenariats sont men\u00e9s avec des acteurs de l\u2019urbain et du monde rural, en lien avec les mutations et en r\u00e9action aux crises contemporaines. L\u2019actualit\u00e9 et le devenir des grandes m\u00e9tropoles, des villes moyennes, des bourgs et petites communes, seront au c\u0153ur des probl\u00e9matiques de design \u00e9tudi\u00e9es.\u00a0<\/span><\/p>\n<p>Les travaux sont men\u00e9s en immersion sur les terrains d\u2019exp\u00e9rimentation : une place aux pieds d\u2019immeubles, un parc naturel urbain, un d\u00e9laiss\u00e9 urbain, un vallon renatur\u00e9, un b\u00e2ti commun au sein d\u2019un village\u2026 Les pratiques collectives sont encourag\u00e9es et interrogent les enjeux du monde contemporain par le test et la pr\u00e9figuration in situ. L\u2019approche est approfondie gr\u00e2ce \u00e0 des collaborations transdisciplinaires, o\u00f9 se croisent des acteurs des politiques publiques, des sciences, du soin et des humanit\u00e9s modernes.<\/p>\n<p><span style=\"font-weight: 300\">Les questions des mobilit\u00e9s et des communs seront r\u00e9currentes ici, autant que l\u2019acquisition de comp\u00e9tences artisanales, touchant aux enjeux de ressources locales et \u00e0 l\u2019\u00e9cologie des milieux.<\/span><\/p>\n<table>\n<tbody>\n<tr>\n<td>\n<h3 style=\"text-align: center\"><span style=\"font-weight: 300\">Types de terrains<\/span><\/h3>\n<\/td>\n<td>\n<h3 style=\"text-align: center\"><span style=\"font-weight: 300\">Probl\u00e9matiques<\/span><\/h3>\n<\/td>\n<td>\n<h3 style=\"text-align: center\"><span style=\"font-weight: 300\">Pratiques<\/span><\/h3>\n<\/td>\n<\/tr>\n<tr>\n<td rowspan=\"6\">\n<p><span style=\"font-weight: 300\">-ville\u00a0<br \/>\n<\/span><span style=\"font-weight: 300\">-m\u00e9tropole et p\u00e9ri-urbain<br \/>\n<\/span><span style=\"font-weight: 300\">-espaces publics<br \/>\n<\/span><span style=\"font-weight: 300\">-parc naturel<br \/>\n<\/span><span style=\"font-weight: 300\">-zones de nature<br \/>\n<\/span><span style=\"font-weight: 300\">-friches industrielles<br \/>\n<\/span><span style=\"font-weight: 300\">\u2026<\/span><\/p>\n<\/td>\n<td rowspan=\"6\">\n<p><span style=\"font-weight: 300\">-mobilit\u00e9s<br \/>\n<\/span><span style=\"font-weight: 300\">-m\u00e9nagement-am\u00e9nagement<br \/>\n<\/span><span style=\"font-weight: 300\">-bior\u00e9gion<br \/>\n<\/span><span style=\"font-weight: 300\">-r\u00e9ciprocit\u00e9 des milieux<br \/>\n<\/span><span style=\"font-weight: 300\">-\u00e9nergies<br \/>\n<\/span><span style=\"font-weight: 300\">-r\u00e9cits et fictions<br \/>\n<\/span><span style=\"font-weight: 300\">-compr\u00e9hension des \u00e9cosyst\u00e8mes<br \/>\n<\/span><span style=\"font-weight: 300\">\u2026<\/span><\/p>\n<\/td>\n<td rowspan=\"6\">\n<p><span style=\"font-weight: 300\">-constructions l\u00e9g\u00e8res<br \/>\n<\/span><span style=\"font-weight: 300\">-graphisme d\u2019enqu\u00eate<br \/>\n<\/span><span style=\"font-weight: 300\">-sc\u00e9nographie et \u00e9v\u00e9nementiel<br \/>\n<\/span><span style=\"font-weight: 300\">-assistance \u00e0 ma\u00eetrise d&#8217;usage<br \/>\n<\/span><span style=\"font-weight: 300\">-maquettes et prototypages<br \/>\n<\/span><span style=\"font-weight: 300\">-pratiques low-tech<br \/>\n<\/span><span style=\"font-weight: 300\">-techniques d\u2019observation<br \/>\n<\/span><span style=\"font-weight: 300\">-co-conception<br \/>\n<\/span><span style=\"font-weight: 300\">-cartographies<br \/>\n<\/span><span style=\"font-weight: 300\">-techniques traditionnelles<br \/>\n<\/span><span style=\"font-weight: 300\">-signal\u00e9tique<br \/>\n<\/span><span style=\"font-weight: 300\">\u2026<\/span><\/p>\n<\/td>\n<\/tr>\n<\/tbody>\n<\/table>\n<p>En quelques images \u2026\u00a0<\/p>\n\n\t\t<style type=\"text\/css\">\n\t\t\t#gallery-1 {\n\t\t\t\tmargin: auto;\n\t\t\t}\n\t\t\t#gallery-1 .gallery-item {\n\t\t\t\tfloat: left;\n\t\t\t\tmargin-top: 10px;\n\t\t\t\ttext-align: center;\n\t\t\t\twidth: 50%;\n\t\t\t}\n\t\t\t#gallery-1 img {\n\t\t\t\tborder: 2px solid #cfcfcf;\n\t\t\t}\n\t\t\t#gallery-1 .gallery-caption {\n\t\t\t\tmargin-left: 0;\n\t\t\t}\n\t\t\t\/* see gallery_shortcode() in wp-includes\/media.php *\/\n\t\t<\/style>\n\t\t<div id='gallery-1' class='gallery galleryid-3863 gallery-columns-2 gallery-size-large'><dl class='gallery-item'>\n\t\t\t<dt class='gallery-icon portrait'>\n\t\t\t\t<a href='https:\/\/www.lyceelecorbusier.eu\/dsaa\/?attachment_id=3952'><img width=\"640\" height=\"853\" src=\"https:\/\/www.lyceelecorbusier.eu\/dsaa\/wp-content\/uploads\/sites\/4\/2025\/03\/IMG_2906-768x1024.jpeg\" class=\"attachment-large size-large\" alt=\"\" loading=\"lazy\" srcset=\"https:\/\/www.lyceelecorbusier.eu\/dsaa\/wp-content\/uploads\/sites\/4\/2025\/03\/IMG_2906-768x1024.jpeg 768w, https:\/\/www.lyceelecorbusier.eu\/dsaa\/wp-content\/uploads\/sites\/4\/2025\/03\/IMG_2906-225x300.jpeg 225w, https:\/\/www.lyceelecorbusier.eu\/dsaa\/wp-content\/uploads\/sites\/4\/2025\/03\/IMG_2906-1152x1536.jpeg 1152w, https:\/\/www.lyceelecorbusier.eu\/dsaa\/wp-content\/uploads\/sites\/4\/2025\/03\/IMG_2906-1536x2048.jpeg 1536w, https:\/\/www.lyceelecorbusier.eu\/dsaa\/wp-content\/uploads\/sites\/4\/2025\/03\/IMG_2906-1200x1600.jpeg 1200w, https:\/\/www.lyceelecorbusier.eu\/dsaa\/wp-content\/uploads\/sites\/4\/2025\/03\/IMG_2906-900x1200.jpeg 900w, https:\/\/www.lyceelecorbusier.eu\/dsaa\/wp-content\/uploads\/sites\/4\/2025\/03\/IMG_2906-720x960.jpeg 720w, https:\/\/www.lyceelecorbusier.eu\/dsaa\/wp-content\/uploads\/sites\/4\/2025\/03\/IMG_2906-scaled.jpeg 1920w\" sizes=\"(max-width: 640px) 100vw, 640px\" \/><\/a>\n\t\t\t<\/dt><\/dl><dl class='gallery-item'>\n\t\t\t<dt class='gallery-icon landscape'>\n\t\t\t\t<a href='https:\/\/www.lyceelecorbusier.eu\/dsaa\/?attachment_id=3953'><img width=\"640\" height=\"480\" src=\"https:\/\/www.lyceelecorbusier.eu\/dsaa\/wp-content\/uploads\/sites\/4\/2025\/03\/IMG_3433-1024x768.jpeg\" class=\"attachment-large size-large\" alt=\"\" loading=\"lazy\" srcset=\"https:\/\/www.lyceelecorbusier.eu\/dsaa\/wp-content\/uploads\/sites\/4\/2025\/03\/IMG_3433-1024x768.jpeg 1024w, https:\/\/www.lyceelecorbusier.eu\/dsaa\/wp-content\/uploads\/sites\/4\/2025\/03\/IMG_3433-300x225.jpeg 300w, https:\/\/www.lyceelecorbusier.eu\/dsaa\/wp-content\/uploads\/sites\/4\/2025\/03\/IMG_3433-768x576.jpeg 768w, https:\/\/www.lyceelecorbusier.eu\/dsaa\/wp-content\/uploads\/sites\/4\/2025\/03\/IMG_3433-1536x1152.jpeg 1536w, https:\/\/www.lyceelecorbusier.eu\/dsaa\/wp-content\/uploads\/sites\/4\/2025\/03\/IMG_3433-2048x1536.jpeg 2048w, https:\/\/www.lyceelecorbusier.eu\/dsaa\/wp-content\/uploads\/sites\/4\/2025\/03\/IMG_3433-1600x1200.jpeg 1600w, https:\/\/www.lyceelecorbusier.eu\/dsaa\/wp-content\/uploads\/sites\/4\/2025\/03\/IMG_3433-960x720.jpeg 960w\" sizes=\"(max-width: 640px) 100vw, 640px\" \/><\/a>\n\t\t\t<\/dt><\/dl><br style=\"clear: both\" \/><dl class='gallery-item'>\n\t\t\t<dt class='gallery-icon portrait'>\n\t\t\t\t<a href='https:\/\/www.lyceelecorbusier.eu\/dsaa\/?attachment_id=3954'><img width=\"640\" height=\"853\" src=\"https:\/\/www.lyceelecorbusier.eu\/dsaa\/wp-content\/uploads\/sites\/4\/2025\/03\/IMG_3544-768x1024.jpeg\" class=\"attachment-large size-large\" alt=\"\" loading=\"lazy\" srcset=\"https:\/\/www.lyceelecorbusier.eu\/dsaa\/wp-content\/uploads\/sites\/4\/2025\/03\/IMG_3544-768x1024.jpeg 768w, https:\/\/www.lyceelecorbusier.eu\/dsaa\/wp-content\/uploads\/sites\/4\/2025\/03\/IMG_3544-225x300.jpeg 225w, https:\/\/www.lyceelecorbusier.eu\/dsaa\/wp-content\/uploads\/sites\/4\/2025\/03\/IMG_3544-1152x1536.jpeg 1152w, https:\/\/www.lyceelecorbusier.eu\/dsaa\/wp-content\/uploads\/sites\/4\/2025\/03\/IMG_3544-1536x2048.jpeg 1536w, https:\/\/www.lyceelecorbusier.eu\/dsaa\/wp-content\/uploads\/sites\/4\/2025\/03\/IMG_3544-1200x1600.jpeg 1200w, https:\/\/www.lyceelecorbusier.eu\/dsaa\/wp-content\/uploads\/sites\/4\/2025\/03\/IMG_3544-900x1200.jpeg 900w, https:\/\/www.lyceelecorbusier.eu\/dsaa\/wp-content\/uploads\/sites\/4\/2025\/03\/IMG_3544-720x960.jpeg 720w, https:\/\/www.lyceelecorbusier.eu\/dsaa\/wp-content\/uploads\/sites\/4\/2025\/03\/IMG_3544-scaled.jpeg 1920w\" sizes=\"(max-width: 640px) 100vw, 640px\" \/><\/a>\n\t\t\t<\/dt><\/dl><dl class='gallery-item'>\n\t\t\t<dt class='gallery-icon landscape'>\n\t\t\t\t<a href='https:\/\/www.lyceelecorbusier.eu\/dsaa\/?attachment_id=3955'><img width=\"640\" height=\"480\" src=\"https:\/\/www.lyceelecorbusier.eu\/dsaa\/wp-content\/uploads\/sites\/4\/2025\/03\/IMG_3682-1024x768.jpeg\" class=\"attachment-large size-large\" alt=\"\" loading=\"lazy\" srcset=\"https:\/\/www.lyceelecorbusier.eu\/dsaa\/wp-content\/uploads\/sites\/4\/2025\/03\/IMG_3682-1024x768.jpeg 1024w, https:\/\/www.lyceelecorbusier.eu\/dsaa\/wp-content\/uploads\/sites\/4\/2025\/03\/IMG_3682-300x225.jpeg 300w, https:\/\/www.lyceelecorbusier.eu\/dsaa\/wp-content\/uploads\/sites\/4\/2025\/03\/IMG_3682-768x576.jpeg 768w, https:\/\/www.lyceelecorbusier.eu\/dsaa\/wp-content\/uploads\/sites\/4\/2025\/03\/IMG_3682-1536x1152.jpeg 1536w, https:\/\/www.lyceelecorbusier.eu\/dsaa\/wp-content\/uploads\/sites\/4\/2025\/03\/IMG_3682-2048x1536.jpeg 2048w, https:\/\/www.lyceelecorbusier.eu\/dsaa\/wp-content\/uploads\/sites\/4\/2025\/03\/IMG_3682-1600x1200.jpeg 1600w, https:\/\/www.lyceelecorbusier.eu\/dsaa\/wp-content\/uploads\/sites\/4\/2025\/03\/IMG_3682-960x720.jpeg 960w\" sizes=\"(max-width: 640px) 100vw, 640px\" \/><\/a>\n\t\t\t<\/dt><\/dl><br style=\"clear: both\" \/><dl class='gallery-item'>\n\t\t\t<dt class='gallery-icon landscape'>\n\t\t\t\t<a href='https:\/\/www.lyceelecorbusier.eu\/dsaa\/?attachment_id=3956'><img width=\"640\" height=\"480\" src=\"https:\/\/www.lyceelecorbusier.eu\/dsaa\/wp-content\/uploads\/sites\/4\/2025\/03\/IMG_4106-1024x768.jpeg\" class=\"attachment-large size-large\" alt=\"\" loading=\"lazy\" srcset=\"https:\/\/www.lyceelecorbusier.eu\/dsaa\/wp-content\/uploads\/sites\/4\/2025\/03\/IMG_4106-1024x768.jpeg 1024w, https:\/\/www.lyceelecorbusier.eu\/dsaa\/wp-content\/uploads\/sites\/4\/2025\/03\/IMG_4106-300x225.jpeg 300w, https:\/\/www.lyceelecorbusier.eu\/dsaa\/wp-content\/uploads\/sites\/4\/2025\/03\/IMG_4106-768x576.jpeg 768w, https:\/\/www.lyceelecorbusier.eu\/dsaa\/wp-content\/uploads\/sites\/4\/2025\/03\/IMG_4106-1536x1152.jpeg 1536w, https:\/\/www.lyceelecorbusier.eu\/dsaa\/wp-content\/uploads\/sites\/4\/2025\/03\/IMG_4106-2048x1536.jpeg 2048w, https:\/\/www.lyceelecorbusier.eu\/dsaa\/wp-content\/uploads\/sites\/4\/2025\/03\/IMG_4106-1600x1200.jpeg 1600w, https:\/\/www.lyceelecorbusier.eu\/dsaa\/wp-content\/uploads\/sites\/4\/2025\/03\/IMG_4106-960x720.jpeg 960w\" sizes=\"(max-width: 640px) 100vw, 640px\" \/><\/a>\n\t\t\t<\/dt><\/dl><dl class='gallery-item'>\n\t\t\t<dt class='gallery-icon portrait'>\n\t\t\t\t<a href='https:\/\/www.lyceelecorbusier.eu\/dsaa\/?attachment_id=3957'><img width=\"640\" height=\"853\" src=\"https:\/\/www.lyceelecorbusier.eu\/dsaa\/wp-content\/uploads\/sites\/4\/2025\/03\/IMG_4288-768x1024.jpeg\" class=\"attachment-large size-large\" alt=\"\" loading=\"lazy\" srcset=\"https:\/\/www.lyceelecorbusier.eu\/dsaa\/wp-content\/uploads\/sites\/4\/2025\/03\/IMG_4288-768x1024.jpeg 768w, https:\/\/www.lyceelecorbusier.eu\/dsaa\/wp-content\/uploads\/sites\/4\/2025\/03\/IMG_4288-225x300.jpeg 225w, https:\/\/www.lyceelecorbusier.eu\/dsaa\/wp-content\/uploads\/sites\/4\/2025\/03\/IMG_4288-1152x1536.jpeg 1152w, https:\/\/www.lyceelecorbusier.eu\/dsaa\/wp-content\/uploads\/sites\/4\/2025\/03\/IMG_4288-1536x2048.jpeg 1536w, https:\/\/www.lyceelecorbusier.eu\/dsaa\/wp-content\/uploads\/sites\/4\/2025\/03\/IMG_4288-1200x1600.jpeg 1200w, https:\/\/www.lyceelecorbusier.eu\/dsaa\/wp-content\/uploads\/sites\/4\/2025\/03\/IMG_4288-900x1200.jpeg 900w, https:\/\/www.lyceelecorbusier.eu\/dsaa\/wp-content\/uploads\/sites\/4\/2025\/03\/IMG_4288-720x960.jpeg 720w, https:\/\/www.lyceelecorbusier.eu\/dsaa\/wp-content\/uploads\/sites\/4\/2025\/03\/IMG_4288-scaled.jpeg 1920w\" sizes=\"(max-width: 640px) 100vw, 640px\" \/><\/a>\n\t\t\t<\/dt><\/dl><br style=\"clear: both\" \/><dl class='gallery-item'>\n\t\t\t<dt class='gallery-icon landscape'>\n\t\t\t\t<a href='https:\/\/www.lyceelecorbusier.eu\/dsaa\/?attachment_id=3958'><img width=\"640\" height=\"480\" src=\"https:\/\/www.lyceelecorbusier.eu\/dsaa\/wp-content\/uploads\/sites\/4\/2025\/03\/IMG_4303-1024x768.jpeg\" class=\"attachment-large size-large\" alt=\"\" loading=\"lazy\" srcset=\"https:\/\/www.lyceelecorbusier.eu\/dsaa\/wp-content\/uploads\/sites\/4\/2025\/03\/IMG_4303-1024x768.jpeg 1024w, https:\/\/www.lyceelecorbusier.eu\/dsaa\/wp-content\/uploads\/sites\/4\/2025\/03\/IMG_4303-300x225.jpeg 300w, https:\/\/www.lyceelecorbusier.eu\/dsaa\/wp-content\/uploads\/sites\/4\/2025\/03\/IMG_4303-768x576.jpeg 768w, https:\/\/www.lyceelecorbusier.eu\/dsaa\/wp-content\/uploads\/sites\/4\/2025\/03\/IMG_4303-1536x1152.jpeg 1536w, https:\/\/www.lyceelecorbusier.eu\/dsaa\/wp-content\/uploads\/sites\/4\/2025\/03\/IMG_4303-2048x1536.jpeg 2048w, https:\/\/www.lyceelecorbusier.eu\/dsaa\/wp-content\/uploads\/sites\/4\/2025\/03\/IMG_4303-1600x1200.jpeg 1600w, https:\/\/www.lyceelecorbusier.eu\/dsaa\/wp-content\/uploads\/sites\/4\/2025\/03\/IMG_4303-960x720.jpeg 960w\" sizes=\"(max-width: 640px) 100vw, 640px\" \/><\/a>\n\t\t\t<\/dt><\/dl><dl class='gallery-item'>\n\t\t\t<dt class='gallery-icon landscape'>\n\t\t\t\t<a href='https:\/\/www.lyceelecorbusier.eu\/dsaa\/?attachment_id=3960'><img width=\"640\" height=\"480\" src=\"https:\/\/www.lyceelecorbusier.eu\/dsaa\/wp-content\/uploads\/sites\/4\/2025\/03\/IMG_5369-1024x768.jpeg\" class=\"attachment-large size-large\" alt=\"\" loading=\"lazy\" srcset=\"https:\/\/www.lyceelecorbusier.eu\/dsaa\/wp-content\/uploads\/sites\/4\/2025\/03\/IMG_5369-1024x768.jpeg 1024w, https:\/\/www.lyceelecorbusier.eu\/dsaa\/wp-content\/uploads\/sites\/4\/2025\/03\/IMG_5369-300x225.jpeg 300w, https:\/\/www.lyceelecorbusier.eu\/dsaa\/wp-content\/uploads\/sites\/4\/2025\/03\/IMG_5369-768x576.jpeg 768w, https:\/\/www.lyceelecorbusier.eu\/dsaa\/wp-content\/uploads\/sites\/4\/2025\/03\/IMG_5369-1536x1152.jpeg 1536w, https:\/\/www.lyceelecorbusier.eu\/dsaa\/wp-content\/uploads\/sites\/4\/2025\/03\/IMG_5369-2048x1536.jpeg 2048w, https:\/\/www.lyceelecorbusier.eu\/dsaa\/wp-content\/uploads\/sites\/4\/2025\/03\/IMG_5369-1600x1200.jpeg 1600w, https:\/\/www.lyceelecorbusier.eu\/dsaa\/wp-content\/uploads\/sites\/4\/2025\/03\/IMG_5369-960x720.jpeg 960w\" sizes=\"(max-width: 640px) 100vw, 640px\" \/><\/a>\n\t\t\t<\/dt><\/dl><br style=\"clear: both\" \/><dl class='gallery-item'>\n\t\t\t<dt class='gallery-icon portrait'>\n\t\t\t\t<a href='https:\/\/www.lyceelecorbusier.eu\/dsaa\/?attachment_id=3961'><img width=\"640\" height=\"853\" src=\"https:\/\/www.lyceelecorbusier.eu\/dsaa\/wp-content\/uploads\/sites\/4\/2025\/03\/IMG_6386-768x1024.jpeg\" class=\"attachment-large size-large\" alt=\"\" loading=\"lazy\" srcset=\"https:\/\/www.lyceelecorbusier.eu\/dsaa\/wp-content\/uploads\/sites\/4\/2025\/03\/IMG_6386-768x1024.jpeg 768w, https:\/\/www.lyceelecorbusier.eu\/dsaa\/wp-content\/uploads\/sites\/4\/2025\/03\/IMG_6386-225x300.jpeg 225w, https:\/\/www.lyceelecorbusier.eu\/dsaa\/wp-content\/uploads\/sites\/4\/2025\/03\/IMG_6386-1152x1536.jpeg 1152w, https:\/\/www.lyceelecorbusier.eu\/dsaa\/wp-content\/uploads\/sites\/4\/2025\/03\/IMG_6386-1536x2048.jpeg 1536w, https:\/\/www.lyceelecorbusier.eu\/dsaa\/wp-content\/uploads\/sites\/4\/2025\/03\/IMG_6386-1200x1600.jpeg 1200w, https:\/\/www.lyceelecorbusier.eu\/dsaa\/wp-content\/uploads\/sites\/4\/2025\/03\/IMG_6386-900x1200.jpeg 900w, https:\/\/www.lyceelecorbusier.eu\/dsaa\/wp-content\/uploads\/sites\/4\/2025\/03\/IMG_6386-720x960.jpeg 720w, https:\/\/www.lyceelecorbusier.eu\/dsaa\/wp-content\/uploads\/sites\/4\/2025\/03\/IMG_6386-scaled.jpeg 1920w\" sizes=\"(max-width: 640px) 100vw, 640px\" \/><\/a>\n\t\t\t<\/dt><\/dl><dl class='gallery-item'>\n\t\t\t<dt class='gallery-icon landscape'>\n\t\t\t\t<a href='https:\/\/www.lyceelecorbusier.eu\/dsaa\/?attachment_id=3962'><img width=\"640\" height=\"480\" src=\"https:\/\/www.lyceelecorbusier.eu\/dsaa\/wp-content\/uploads\/sites\/4\/2025\/03\/IMG_6502-1024x768.jpeg\" class=\"attachment-large size-large\" alt=\"\" loading=\"lazy\" srcset=\"https:\/\/www.lyceelecorbusier.eu\/dsaa\/wp-content\/uploads\/sites\/4\/2025\/03\/IMG_6502-1024x768.jpeg 1024w, https:\/\/www.lyceelecorbusier.eu\/dsaa\/wp-content\/uploads\/sites\/4\/2025\/03\/IMG_6502-300x225.jpeg 300w, https:\/\/www.lyceelecorbusier.eu\/dsaa\/wp-content\/uploads\/sites\/4\/2025\/03\/IMG_6502-768x576.jpeg 768w, https:\/\/www.lyceelecorbusier.eu\/dsaa\/wp-content\/uploads\/sites\/4\/2025\/03\/IMG_6502-1536x1152.jpeg 1536w, https:\/\/www.lyceelecorbusier.eu\/dsaa\/wp-content\/uploads\/sites\/4\/2025\/03\/IMG_6502-2048x1536.jpeg 2048w, https:\/\/www.lyceelecorbusier.eu\/dsaa\/wp-content\/uploads\/sites\/4\/2025\/03\/IMG_6502-1600x1200.jpeg 1600w, https:\/\/www.lyceelecorbusier.eu\/dsaa\/wp-content\/uploads\/sites\/4\/2025\/03\/IMG_6502-960x720.jpeg 960w\" sizes=\"(max-width: 640px) 100vw, 640px\" \/><\/a>\n\t\t\t<\/dt><\/dl><br style=\"clear: both\" \/><dl class='gallery-item'>\n\t\t\t<dt class='gallery-icon landscape'>\n\t\t\t\t<a href='https:\/\/www.lyceelecorbusier.eu\/dsaa\/?attachment_id=3963'><img width=\"640\" height=\"480\" src=\"https:\/\/www.lyceelecorbusier.eu\/dsaa\/wp-content\/uploads\/sites\/4\/2025\/03\/IMG_7292-2-1024x768.jpeg\" class=\"attachment-large size-large\" alt=\"\" loading=\"lazy\" srcset=\"https:\/\/www.lyceelecorbusier.eu\/dsaa\/wp-content\/uploads\/sites\/4\/2025\/03\/IMG_7292-2-1024x768.jpeg 1024w, https:\/\/www.lyceelecorbusier.eu\/dsaa\/wp-content\/uploads\/sites\/4\/2025\/03\/IMG_7292-2-300x225.jpeg 300w\" sizes=\"(max-width: 640px) 100vw, 640px\" \/><\/a>\n\t\t\t<\/dt><\/dl><dl class='gallery-item'>\n\t\t\t<dt class='gallery-icon landscape'>\n\t\t\t\t<a href='https:\/\/www.lyceelecorbusier.eu\/dsaa\/?attachment_id=3959'><img width=\"640\" height=\"480\" src=\"https:\/\/www.lyceelecorbusier.eu\/dsaa\/wp-content\/uploads\/sites\/4\/2025\/03\/IMG_5349-1024x768.jpeg\" class=\"attachment-large size-large\" alt=\"\" loading=\"lazy\" srcset=\"https:\/\/www.lyceelecorbusier.eu\/dsaa\/wp-content\/uploads\/sites\/4\/2025\/03\/IMG_5349-1024x768.jpeg 1024w, https:\/\/www.lyceelecorbusier.eu\/dsaa\/wp-content\/uploads\/sites\/4\/2025\/03\/IMG_5349-300x225.jpeg 300w\" sizes=\"(max-width: 640px) 100vw, 640px\" \/><\/a>\n\t\t\t<\/dt><\/dl><br style=\"clear: both\" \/>\n\t\t<\/div>\n\n<pre>L\u00e9gende :\u00a0\r\nCartographie collective d'une vall\u00e9e verri\u00e8re \u2014 Intervention dans un b\u00e2timent en transformation d'usage\r\nMaquette de site d'un lieu de promenade \u2014 Mobilier signal\u00e9tique le long d'un chemin de randonn\u00e9e\r\nIntervention participant \u00e0 la r\u00e9habilitation d'une friche industrielle \r\n\u2014 Moment de convivialit\u00e9 en atelier d\u00e9plac\u00e9\r\nMaquette cartographique pour discuter collectivement d'un territoire \u00e0 grande \u00e9chelle \r\n\u2014 Sc\u00e9nographie de dipl\u00f4me dans un ancien presbyt\u00e8re dans le Parc Naturel des Vosges du Nord \r\nMobilier de liaison entre deux villages \u2014 Installation d'un travail d'observation de site\r\nKiosque de travail sur les enjeux d'hospitalit\u00e9 urbaine \u2014 Installation de repas convivial \r\nli\u00e9 aux traditions culinaires locales\r\n\r\n<\/pre>\n","protected":false},"excerpt":{"rendered":"<p>Au sein de ce parcours, des partenariats sont men\u00e9s avec des acteurs de l\u2019urbain et du monde rural, en lien avec les mutations et en r\u00e9action aux crises contemporaines. L\u2019actualit\u00e9 et le devenir des grandes m\u00e9tropoles, des villes&#8230; <a class=\"read-more\" href=\"https:\/\/www.lyceelecorbusier.eu\/dsaa\/?p=3863\">Lire la suite&#8230;<\/a><\/p>\n","protected":false},"author":6,"featured_media":0,"comment_status":"closed","ping_status":"closed","sticky":false,"template":"","format":"standard","meta":[],"categories":[72],"tags":[],"_links":{"self":[{"href":"https:\/\/www.lyceelecorbusier.eu\/dsaa\/index.php?rest_route=\/wp\/v2\/posts\/3863"}],"collection":[{"href":"https:\/\/www.lyceelecorbusier.eu\/dsaa\/index.php?rest_route=\/wp\/v2\/posts"}],"about":[{"href":"https:\/\/www.lyceelecorbusier.eu\/dsaa\/index.php?rest_route=\/wp\/v2\/types\/post"}],"author":[{"embeddable":true,"href":"https:\/\/www.lyceelecorbusier.eu\/dsaa\/index.php?rest_route=\/wp\/v2\/users\/6"}],"replies":[{"embeddable":true,"href":"https:\/\/www.lyceelecorbusier.eu\/dsaa\/index.php?rest_route=%2Fwp%2Fv2%2Fcomments&post=3863"}],"version-history":[{"count":6,"href":"https:\/\/www.lyceelecorbusier.eu\/dsaa\/index.php?rest_route=\/wp\/v2\/posts\/3863\/revisions"}],"predecessor-version":[{"id":3965,"href":"https:\/\/www.lyceelecorbusier.eu\/dsaa\/index.php?rest_route=\/wp\/v2\/posts\/3863\/revisions\/3965"}],"wp:attachment":[{"href":"https:\/\/www.lyceelecorbusier.eu\/dsaa\/index.php?rest_route=%2Fwp%2Fv2%2Fmedia&parent=3863"}],"wp:term":[{"taxonomy":"category","embeddable":true,"href":"https:\/\/www.lyceelecorbusier.eu\/dsaa\/index.php?rest_route=%2Fwp%2Fv2%2Fcategories&post=3863"},{"taxonomy":"post_tag","embeddable":true,"href":"https:\/\/www.lyceelecorbusier.eu\/dsaa\/index.php?rest_route=%2Fwp%2Fv2%2Ftags&post=3863"}],"curies":[{"name":"wp","href":"https:\/\/api.w.org\/{rel}","templated":true}]}}