{"id":3842,"date":"2024-11-03T21:55:25","date_gmt":"2024-11-03T20:55:25","guid":{"rendered":"https:\/\/www.lyceelecorbusier.eu\/dsaa\/?p=3842"},"modified":"2024-11-03T21:55:25","modified_gmt":"2024-11-03T20:55:25","slug":"moulaaa_2054","status":"publish","type":"post","link":"https:\/\/www.lyceelecorbusier.eu\/dsaa\/?p=3842","title":{"rendered":"MOULAAA_2054"},"content":{"rendered":"<p><!--more--><\/p>\n<h1>moulaaa_2054, un projet de design fiction pour anticiper la fin du capitalisme<\/h1>\n<p>&nbsp;<\/p>\n<div class=\"introduction\">\u00a0 \u00a0<a href=\"https:\/\/www.lyceelecorbusier.eu\/dsaa\/wp-content\/uploads\/sites\/4\/2024\/11\/Capture-de\u0301cran-2024-11-03-a\u0300-21.39.33.png\"><img loading=\"lazy\" width=\"601\" height=\"677\" class=\"alignnone size-large wp-image-3854\" src=\"https:\/\/www.lyceelecorbusier.eu\/dsaa\/wp-content\/uploads\/sites\/4\/2024\/11\/Capture-de\u0301cran-2024-11-03-a\u0300-21.39.33.png\" alt=\"\" srcset=\"https:\/\/www.lyceelecorbusier.eu\/dsaa\/wp-content\/uploads\/sites\/4\/2024\/11\/Capture-de\u0301cran-2024-11-03-a\u0300-21.39.33.png 601w, https:\/\/www.lyceelecorbusier.eu\/dsaa\/wp-content\/uploads\/sites\/4\/2024\/11\/Capture-de\u0301cran-2024-11-03-a\u0300-21.39.33-266x300.png 266w\" sizes=\"(max-width: 601px) 100vw, 601px\" \/><\/a>\u00a0<\/div>\n<div class=\"description\">avec Exposition, d\u00e9bat, rencontres et jeux \u00e0 MOULAAA* du 29 au 1er juin 2024<br \/>\n<a href=\"http:\/\/syndicatpotentiel.online.fr\/y\">Au Syndicat Potentiel<\/a><\/div>\n<div>\u00a0<\/div>\n<div class=\"description\">*Moula est un terme argotique que l\u2019on emploie pour d\u00e9signer l\u2019argent (au sens financier), le fric, le flouze.<\/p>\n<p><a href=\"https:\/\/www.lyceelecorbusier.eu\/dsaa\/wp-content\/uploads\/sites\/4\/2024\/11\/Capture-de\u0301cran-2024-11-03-a\u0300-21.49.38.png\"><img loading=\"lazy\" width=\"568\" height=\"762\" class=\"alignnone size-large wp-image-3852\" src=\"https:\/\/www.lyceelecorbusier.eu\/dsaa\/wp-content\/uploads\/sites\/4\/2024\/11\/Capture-de\u0301cran-2024-11-03-a\u0300-21.49.38.png\" alt=\"\" srcset=\"https:\/\/www.lyceelecorbusier.eu\/dsaa\/wp-content\/uploads\/sites\/4\/2024\/11\/Capture-de\u0301cran-2024-11-03-a\u0300-21.49.38.png 568w, https:\/\/www.lyceelecorbusier.eu\/dsaa\/wp-content\/uploads\/sites\/4\/2024\/11\/Capture-de\u0301cran-2024-11-03-a\u0300-21.49.38-224x300.png 224w\" sizes=\"(max-width: 568px) 100vw, 568px\" \/><\/a><br \/>\n1 ville, Strasbourg, <br \/>\n24 \u00e9tudiants-personnages, <br \/>\n6 situations donnant lieu \u00e0 de possibles micro-organisations financi\u00e8res\u2026<br \/>\nPr\u00e9sent\u00e9e sous forme d&#8217;images et de textes, la fiction collective se concentre sur la repr\u00e9sentation de futurs financiers possibles pour aider \u00e0 comprendre nos rapports \u00e0 l\u2019argent, ses usages contemporains et prospectifs et les cons\u00e9quences pour un monde d\u2019apr\u00e8s.<br \/>\nL\u2019organisation imagin\u00e9e se veut \u00e0 la fois critique des sch\u00e9mas \u00e9tablis et d\u2019un avenir tout trac\u00e9. La mise en sc\u00e8ne concr\u00e8te des objets de notre quotidien interroge les changements en cours dans notre soci\u00e9t\u00e9, explore ces trajectoires en cr\u00e9ant des objets fictifs qui les mettent en sc\u00e8ne et appelle \u00e0 la prise de d\u00e9cision individuelle comme institutionnelle.<br \/>\n<a href=\"https:\/\/www.lyceelecorbusier.eu\/dsaa\/wp-content\/uploads\/sites\/4\/2024\/11\/Capture-de\u0301cran-2024-11-03-a\u0300-21.39.46.png\"><img loading=\"lazy\" width=\"590\" height=\"789\" class=\"alignnone size-large wp-image-3853\" src=\"https:\/\/www.lyceelecorbusier.eu\/dsaa\/wp-content\/uploads\/sites\/4\/2024\/11\/Capture-de\u0301cran-2024-11-03-a\u0300-21.39.46.png\" alt=\"\" srcset=\"https:\/\/www.lyceelecorbusier.eu\/dsaa\/wp-content\/uploads\/sites\/4\/2024\/11\/Capture-de\u0301cran-2024-11-03-a\u0300-21.39.46.png 590w, https:\/\/www.lyceelecorbusier.eu\/dsaa\/wp-content\/uploads\/sites\/4\/2024\/11\/Capture-de\u0301cran-2024-11-03-a\u0300-21.39.46-224x300.png 224w\" sizes=\"(max-width: 590px) 100vw, 590px\" \/><\/a><br \/>\nL&#8217;exposition fonctionne comme un assemblage, une arch\u00e9ologie du futur, ouvrant un d\u00e9bat sur nos relations \u00e0 l&#8217;argent : de situations d&#8217;\u00e9changes quotidiens \u00e0 la question de placements d\u00e9mat\u00e9rialis\u00e9s, le temps est-il de l&#8217;argent \u00e0 d\u00e9penser co\u00fbte que co\u00fbte ? La g\u00e9n\u00e9rosit\u00e9 est-elle une autre valeur d&#8217;\u00e9change ? L&#8217;\u00e9cole ou l&#8217;agriculture porteront-elle encore des enjeux de qualit\u00e9 et d&#8217;ouverture \u00e0 Strasbourg en 2054 ?<br \/>\n<a href=\"https:\/\/www.lyceelecorbusier.eu\/dsaa\/wp-content\/uploads\/sites\/4\/2024\/11\/Capture-de\u0301cran-2024-11-03-a\u0300-21.49.48.png\"><img loading=\"lazy\" width=\"624\" height=\"807\" class=\"alignnone size-large wp-image-3851\" src=\"https:\/\/www.lyceelecorbusier.eu\/dsaa\/wp-content\/uploads\/sites\/4\/2024\/11\/Capture-de\u0301cran-2024-11-03-a\u0300-21.49.48.png\" alt=\"\" srcset=\"https:\/\/www.lyceelecorbusier.eu\/dsaa\/wp-content\/uploads\/sites\/4\/2024\/11\/Capture-de\u0301cran-2024-11-03-a\u0300-21.49.48.png 624w, https:\/\/www.lyceelecorbusier.eu\/dsaa\/wp-content\/uploads\/sites\/4\/2024\/11\/Capture-de\u0301cran-2024-11-03-a\u0300-21.49.48-232x300.png 232w\" sizes=\"(max-width: 624px) 100vw, 624px\" \/><\/a><\/div>\n<div class=\"description\">\n<b>Avec :<\/b><br \/>\nJustine B\u00c9E, Ana\u00efs BENOIST, Zo\u00e9 COLOMBANI, Violette FL\u00c8CHE, Mathilde GAUDUCHEAU, Flory LAURENT, L\u00e9a THONNEAU ATTIA, Marie BAUDINET ARNOLD, Elsa BERTRAND, Aur\u00e9lia BUDIN, Antoine DELLA VALLE, L\u00e9o GURISIK, Margot LE MEUR, Maurane LUPIAC, Alya ZAIMECHE, Alice BABOT, Thomas BASSETTI, Ninon BOMBARDIER, Louis BOURDIER, Camille CANN, Tyla GLANNES, Hugo JACQUES, Marine MERLE, Eva TAFFARA<br \/>\n<b>Organisation :<\/b> Gw\u00e9na\u00eblle PLEDRAN, Suzanne LACLAUTRE, Nicolas DIDIER<br \/>\n<b>Partenaires :<\/b>\u00a0Lyc\u00e9e Le Corbusier, DSAA insituLAB, Collectif RYBN, Batchou S\u00e9rigraphie, Syndicat Potentiel<br \/>\n<b><\/b><\/div>\n<div>\u00a0<\/div>\n<div class=\"description\"><b>Page instagram<\/b>\u00a0@MOULAAA_2054<br \/>\n<b><\/b><\/div>\n<div>\u00a0<\/div>\n<div class=\"description\"><b><a href=\"https:\/\/www.lyceelecorbusier.eu\/dsaa\/wp-content\/uploads\/sites\/4\/2024\/11\/Capture-de\u0301cran-2024-11-03-a\u0300-21.50.03.png\"><img loading=\"lazy\" width=\"573\" height=\"700\" class=\"alignnone size-large wp-image-3850\" src=\"https:\/\/www.lyceelecorbusier.eu\/dsaa\/wp-content\/uploads\/sites\/4\/2024\/11\/Capture-de\u0301cran-2024-11-03-a\u0300-21.50.03.png\" alt=\"\" srcset=\"https:\/\/www.lyceelecorbusier.eu\/dsaa\/wp-content\/uploads\/sites\/4\/2024\/11\/Capture-de\u0301cran-2024-11-03-a\u0300-21.50.03.png 573w, https:\/\/www.lyceelecorbusier.eu\/dsaa\/wp-content\/uploads\/sites\/4\/2024\/11\/Capture-de\u0301cran-2024-11-03-a\u0300-21.50.03-246x300.png 246w\" sizes=\"(max-width: 573px) 100vw, 573px\" \/><\/a><\/b><\/div>\n<div class=\"description\"><b><br \/>\nProgrammation<\/b><br \/>\nParall\u00e8lement \u00e0 l\u2019exposition, les \u00e9tudiants du DSAA In Situ LAB propose diff\u00e9rents temps de pr\u00e9sentation et de partage de leur travail. Des temps d\u2019\u00e9changes, de r\u00e9flexions ou de ballades dans la ville o\u00f9 nous pourrons ensemble continuer \u00e0 jouer avec l\u2019argent !<br \/>\n<b>Mercredi 29 mai, 18h :<\/b>\u00a0Vernissage + activation des dispositifs fictionnels<br \/>\n<b>Jeudi 30 mai, de 15h \u00e0 18h<\/b>\u00a0: Balades financi\u00e8res &amp; visites guid\u00e9es de l\u2019exposition<br \/>\n\u00cates-vous plut\u00f4t d\u00e9pensier ou \u00e9conomes ? Investisseurs ou g\u00e9n\u00e9reux ? Utopistes ou Lobbyistes ?<br \/>\nChoisissez une visite et d\u00e9couvrez un sc\u00e9nario possible pour Strasbourg 2054.<br \/>\n&#8211; Visite guid\u00e9e : environ 15 \u00e0 20 min<br \/>\n&#8211; Balade dans la ville : environ 1 heure<br \/>\nVisites et balades seront prolong\u00e9es par un go\u00fbter partag\u00e9. Venez troquer vos biscuits.<\/div>\n<div><b>Vendredi 31 mai, de 16h \u00e0 18h<\/b> : Rencontre D\u00e9bat + activation des dispositifs fictionnels<br \/>\nLa rencontre se d\u00e9roulera en deux temps.<br \/>\nPour conclure le travail de design fiction, les \u00e9tudiants de l\u2019insituLAB mettront en sc\u00e8ne les six micro-organisations financi\u00e8res imagin\u00e9s et vous proposeront de jouer le jeu en questionnant le monde \u00e0 venir.<br \/>\nPour prolonger nos r\u00e9flexions, nous invitons le Collectif RYBN (artistes), Maxime FAVARD et Gw\u00e9na\u00eblle BERTRAND (Enseignants-chercheurs, Laboratoire ACCRA \u2013 Strasbourg) et le Collectif RTT (designers) \u00e0 dialoguer. Comment le design fiction peut-il d\u00e9passer la critique ?<br \/>\nLa rencontre sera suivi d\u2019un ap\u00e9ro-fiction 2054.<br \/>\n<b>Samedi 1er juin, de 15h \u00e0 18h<\/b> : Balades financi\u00e8res &amp; visites guid\u00e9es de l\u2019exposition<br \/>\n\u00cates-vous plut\u00f4t d\u00e9pensier ou \u00e9conomes ? Investisseurs ou g\u00e9n\u00e9reux ? Utopistes ou Lobbyistes ?<br \/>\nChoisissez une visite et d\u00e9couvrez un sc\u00e9nario possible pour Strasbourg 2054.<br \/>\n&#8211; Visite guid\u00e9e : environ 15 \u00e0 20 min<br \/>\n&#8211; Balade dans la ville : environ 1 heure<br \/>\nVisites et balades seront prolong\u00e9es par un go\u00fbter partag\u00e9. Venez troquer vos biscuits.<br \/>\n<b>Samedi 1er juin, 18h<\/b>\u00a0: derni\u00e8re rencontre informelle avant 2054\u2026<\/div>\n<div><a href=\"https:\/\/www.lyceelecorbusier.eu\/dsaa\/wp-content\/uploads\/sites\/4\/2024\/11\/Capture-de\u0301cran-2024-11-03-a\u0300-21.39.06.png\"><img loading=\"lazy\" width=\"629\" height=\"494\" class=\"alignnone size-large wp-image-3855\" src=\"https:\/\/www.lyceelecorbusier.eu\/dsaa\/wp-content\/uploads\/sites\/4\/2024\/11\/Capture-de\u0301cran-2024-11-03-a\u0300-21.39.06.png\" alt=\"\" srcset=\"https:\/\/www.lyceelecorbusier.eu\/dsaa\/wp-content\/uploads\/sites\/4\/2024\/11\/Capture-de\u0301cran-2024-11-03-a\u0300-21.39.06.png 629w, https:\/\/www.lyceelecorbusier.eu\/dsaa\/wp-content\/uploads\/sites\/4\/2024\/11\/Capture-de\u0301cran-2024-11-03-a\u0300-21.39.06-300x236.png 300w\" sizes=\"(max-width: 629px) 100vw, 629px\" \/><\/a><\/div>\n","protected":false},"excerpt":{"rendered":"","protected":false},"author":6,"featured_media":3849,"comment_status":"closed","ping_status":"closed","sticky":false,"template":"","format":"standard","meta":[],"categories":[68,13,10,69],"tags":[],"_links":{"self":[{"href":"https:\/\/www.lyceelecorbusier.eu\/dsaa\/index.php?rest_route=\/wp\/v2\/posts\/3842"}],"collection":[{"href":"https:\/\/www.lyceelecorbusier.eu\/dsaa\/index.php?rest_route=\/wp\/v2\/posts"}],"about":[{"href":"https:\/\/www.lyceelecorbusier.eu\/dsaa\/index.php?rest_route=\/wp\/v2\/types\/post"}],"author":[{"embeddable":true,"href":"https:\/\/www.lyceelecorbusier.eu\/dsaa\/index.php?rest_route=\/wp\/v2\/users\/6"}],"replies":[{"embeddable":true,"href":"https:\/\/www.lyceelecorbusier.eu\/dsaa\/index.php?rest_route=%2Fwp%2Fv2%2Fcomments&post=3842"}],"version-history":[{"count":3,"href":"https:\/\/www.lyceelecorbusier.eu\/dsaa\/index.php?rest_route=\/wp\/v2\/posts\/3842\/revisions"}],"predecessor-version":[{"id":3856,"href":"https:\/\/www.lyceelecorbusier.eu\/dsaa\/index.php?rest_route=\/wp\/v2\/posts\/3842\/revisions\/3856"}],"wp:featuredmedia":[{"embeddable":true,"href":"https:\/\/www.lyceelecorbusier.eu\/dsaa\/index.php?rest_route=\/wp\/v2\/media\/3849"}],"wp:attachment":[{"href":"https:\/\/www.lyceelecorbusier.eu\/dsaa\/index.php?rest_route=%2Fwp%2Fv2%2Fmedia&parent=3842"}],"wp:term":[{"taxonomy":"category","embeddable":true,"href":"https:\/\/www.lyceelecorbusier.eu\/dsaa\/index.php?rest_route=%2Fwp%2Fv2%2Fcategories&post=3842"},{"taxonomy":"post_tag","embeddable":true,"href":"https:\/\/www.lyceelecorbusier.eu\/dsaa\/index.php?rest_route=%2Fwp%2Fv2%2Ftags&post=3842"}],"curies":[{"name":"wp","href":"https:\/\/api.w.org\/{rel}","templated":true}]}}