{"id":3778,"date":"2024-08-30T14:38:56","date_gmt":"2024-08-30T13:38:56","guid":{"rendered":"https:\/\/www.lyceelecorbusier.eu\/dsaa\/?p=3778"},"modified":"2024-08-30T14:57:29","modified_gmt":"2024-08-30T13:57:29","slug":"de-bouches-et-doreilles","status":"publish","type":"post","link":"https:\/\/www.lyceelecorbusier.eu\/dsaa\/?p=3778","title":{"rendered":"De bouches et d&#8217;oreilles"},"content":{"rendered":"<p><!--more--><\/p>\n<p><a href=\"https:\/\/www.lyceelecorbusier.eu\/dsaa\/wp-content\/uploads\/sites\/4\/2024\/08\/02_babyfoot.jpg\"><img loading=\"lazy\" width=\"1024\" height=\"577\" class=\"alignnone size-large wp-image-3820\" src=\"https:\/\/www.lyceelecorbusier.eu\/dsaa\/wp-content\/uploads\/sites\/4\/2024\/08\/02_babyfoot-1024x577.jpg\" alt=\"\" srcset=\"https:\/\/www.lyceelecorbusier.eu\/dsaa\/wp-content\/uploads\/sites\/4\/2024\/08\/02_babyfoot-1024x577.jpg 1024w, https:\/\/www.lyceelecorbusier.eu\/dsaa\/wp-content\/uploads\/sites\/4\/2024\/08\/02_babyfoot-300x169.jpg 300w, https:\/\/www.lyceelecorbusier.eu\/dsaa\/wp-content\/uploads\/sites\/4\/2024\/08\/02_babyfoot-768x432.jpg 768w, https:\/\/www.lyceelecorbusier.eu\/dsaa\/wp-content\/uploads\/sites\/4\/2024\/08\/02_babyfoot-960x541.jpg 960w, https:\/\/www.lyceelecorbusier.eu\/dsaa\/wp-content\/uploads\/sites\/4\/2024\/08\/02_babyfoot.jpg 1181w\" sizes=\"(max-width: 1024px) 100vw, 1024px\" \/><\/a><\/p>\n<p>Livre blanc &#8211; De Bouches et d&#8217;Oreilles\u00a0<br \/>\n<a href=\"https:\/\/www.dropbox.com\/s\/nop0itx7pp0v7t2\/LIVRE_BLANC%20GABARIT-BD.pdf?dl=0\">Consultation et t\u00e9l\u00e9chargement<\/a><\/p>\n<p>\u2014<\/p>\n<p class=\"p1\">C\u2019est une exploration des questions communes travers\u00e9es par des coll\u00e9gien\udba2\udc40es,<span class=\"Apple-converted-space\">\u00a0 <\/span>pa<span class=\"s1\">r <\/span>de<span class=\"s1\">s <\/span>outil<span class=\"s1\">s <\/span>d<span class=\"s1\">e <\/span>mis<span class=\"s1\">e <\/span>e<span class=\"s1\">n <\/span>form<span class=\"s1\">e <\/span>d\u2019espaces<span class=\"s1\">, <\/span>d\u2019images et d\u2019objets. Entre novembre et d\u00e9cembre 2023<span class=\"s1\">, <\/span>les 24 \u00e9tudiant\udba1\udc00<span class=\"s1\">s <\/span>du <i>Dipl\u00f4me Sup\u00e9rieur d\u2019Arts Appliqu\u00e9s InSituLab<\/i>, bas\u00e9 \u00e0 <i>Illkirch-Graffenstaden<\/i>, se sont rendu chaque semaine dans quatre coll\u00e8ges de la r\u00e9gion. Le projet <i>De Bouches et d\u2019Oreilles <\/i>est une collaboration entre le <i>DSAA InSituLab <\/i>et la <i>Collectivit\u00e9 Europ\u00e9enne <\/i><i>d\u2019Alsace. <\/i>C\u2019est en juin 2023 que la cellule de pr\u00e9vention pour la jeunesse de la <i>Collectivit\u00e9 Europ\u00e9enne d\u2019Alsace <\/i>nous contacte. Ce sont Pascaline Trippard et Marie-Elodie Savary. Nous avons d\u00e9j\u00e0 travaill\u00e9 ensemble<span class=\"s1\">, <\/span>Marie-Elodie est elle-m\u00eame une ancienne \u00e9tudiante de <i>l\u2019InSituLab<\/i>. Claire Renckly les accompagne sur les sujets touchant \u00e0 la cr\u00e9ation de nouveaux coll\u00e8ges et \u00e0 certaines r\u00e9novations. Pascaline et Marie-Elodie nous pr\u00e9sentent une situation sur laquelle elles souhaitent faire intervenir <i>l\u2019InSituLab<\/i>, c\u2019est-\u00e0-dire 24 \u00e9tudiant.e.s sur plusieurs terrains. Lemod\u00e8le<span class=\"s1\">, <\/span>connu par Marie-Elodie<span class=\"s1\">, <\/span>est celui de <i>Lectures Locales<\/i>, une s\u00e9rie d\u2019interventions dans les biblioth\u00e8ques<span class=\"s1\">, <\/span>m\u00e9diath\u00e8ques<span class=\"s1\">, <\/span>points de lecture<span class=\"s1\">, <\/span>du r\u00e9seau <i>BDBR, <\/i>des biblioth\u00e8ques d\u00e9partementales du Bas-Rhin, mises en place entre 2015 et 2019 lors de cinq saisons de designers en r\u00e9sidence.<\/p>\n<p><a href=\"https:\/\/www.lyceelecorbusier.eu\/dsaa\/wp-content\/uploads\/sites\/4\/2024\/08\/02_tissage.jpg\"><img loading=\"lazy\" width=\"1024\" height=\"682\" class=\"alignnone size-large wp-image-3821\" src=\"https:\/\/www.lyceelecorbusier.eu\/dsaa\/wp-content\/uploads\/sites\/4\/2024\/08\/02_tissage-1024x682.jpg\" alt=\"\" srcset=\"https:\/\/www.lyceelecorbusier.eu\/dsaa\/wp-content\/uploads\/sites\/4\/2024\/08\/02_tissage-1024x682.jpg 1024w, https:\/\/www.lyceelecorbusier.eu\/dsaa\/wp-content\/uploads\/sites\/4\/2024\/08\/02_tissage-300x200.jpg 300w, https:\/\/www.lyceelecorbusier.eu\/dsaa\/wp-content\/uploads\/sites\/4\/2024\/08\/02_tissage-768x512.jpg 768w, https:\/\/www.lyceelecorbusier.eu\/dsaa\/wp-content\/uploads\/sites\/4\/2024\/08\/02_tissage-960x640.jpg 960w, https:\/\/www.lyceelecorbusier.eu\/dsaa\/wp-content\/uploads\/sites\/4\/2024\/08\/02_tissage.jpg 1181w\" sizes=\"(max-width: 1024px) 100vw, 1024px\" \/><\/a><\/p>\n<p class=\"p1\">Marie-Elodie explique la situation. Depuis trois ans, la <i>Cellule Conception et Pr\u00e9vention du Service jeunesse, de la Direction \u00c9ducation et Jeunesse de la Collectivit\u00e9 <\/i><i>europ\u00e9enne d\u2019Alsace<\/i>, con\u00e7oit et anime des outils de pr\u00e9vention et sensibilisation aupr\u00e8s des jeunes de 11 \u00e0 15 ans<span class=\"s1\">, <\/span>principalement au sein des coll\u00e8ges. Elle utilise pour cela une m\u00e9thodologie de design de service<span class=\"s1\">, <\/span>qui consiste \u00e0 placer l\u2019usager \/ utilisateur au sein d\u2019une d\u00e9marche it\u00e9rative. Ainsi<span class=\"s1\">, <\/span>la conception d\u2019un outil p\u00e9dagogique de sensibilisation n\u00e9cessite 2 ans de travail et comprend\u00a0 plusieurs phases de projet : \u00e9tat de l\u2019art et acculturation \u00e0 la th\u00e9matique<span class=\"s1\">, <\/span>constitution d\u2019un groupe-expert (acteurs cl\u00e9s de la th\u00e9matique et comit\u00e9 scientifique) qui suit l\u2019enti\u00e8ret\u00e9 du projet<span class=\"s1\">, <\/span>\u00e9laboration de premi\u00e8res pistes de travail<span class=\"s1\">, <\/span>conception et cr\u00e9ation de prototypes<span class=\"s1\">, <\/span>tests sur le terrain<span class=\"s1\">, <\/span>ajustements des prototypes<span class=\"s1\">, <\/span>cr\u00e9ation du produit final et enfin phase de d\u00e9ploiement.<\/p>\n<p class=\"p1\"><a href=\"https:\/\/www.lyceelecorbusier.eu\/dsaa\/wp-content\/uploads\/sites\/4\/2024\/08\/5_NB-scaled.jpg\"><img loading=\"lazy\" width=\"576\" height=\"1024\" class=\"alignnone size-large wp-image-3823\" src=\"https:\/\/www.lyceelecorbusier.eu\/dsaa\/wp-content\/uploads\/sites\/4\/2024\/08\/5_NB-576x1024.jpg\" alt=\"\" srcset=\"https:\/\/www.lyceelecorbusier.eu\/dsaa\/wp-content\/uploads\/sites\/4\/2024\/08\/5_NB-576x1024.jpg 576w, https:\/\/www.lyceelecorbusier.eu\/dsaa\/wp-content\/uploads\/sites\/4\/2024\/08\/5_NB-169x300.jpg 169w, https:\/\/www.lyceelecorbusier.eu\/dsaa\/wp-content\/uploads\/sites\/4\/2024\/08\/5_NB-768x1365.jpg 768w, https:\/\/www.lyceelecorbusier.eu\/dsaa\/wp-content\/uploads\/sites\/4\/2024\/08\/5_NB-864x1536.jpg 864w, https:\/\/www.lyceelecorbusier.eu\/dsaa\/wp-content\/uploads\/sites\/4\/2024\/08\/5_NB-1152x2048.jpg 1152w, https:\/\/www.lyceelecorbusier.eu\/dsaa\/wp-content\/uploads\/sites\/4\/2024\/08\/5_NB-900x1600.jpg 900w, https:\/\/www.lyceelecorbusier.eu\/dsaa\/wp-content\/uploads\/sites\/4\/2024\/08\/5_NB-675x1200.jpg 675w, https:\/\/www.lyceelecorbusier.eu\/dsaa\/wp-content\/uploads\/sites\/4\/2024\/08\/5_NB-540x960.jpg 540w, https:\/\/www.lyceelecorbusier.eu\/dsaa\/wp-content\/uploads\/sites\/4\/2024\/08\/5_NB-scaled.jpg 1440w\" sizes=\"(max-width: 576px) 100vw, 576px\" \/><\/a><\/p>\n<p class=\"p1\">Les objectifs<\/p>\n<p class=\"p1\">Les outils con\u00e7us au sein de la cellule veulent qu\u2019ils aient la fonction d\u2019activateurs d\u2019\u00e9changes et de d\u00e9bats<span class=\"s1\">, <\/span>plus que de transmettre une connaissance \u00e9tablie. Ainsi, <i>le service Jeunesse <\/i>est aujourd\u2019hui le cr\u00e9ateur de <i>La B\u00eate Noire<\/i><span class=\"s1\">, <\/span>jeu de r\u00f4le p\u00e9dagogique sur le th\u00e8me du harc\u00e8lement scolaire, <i>Qui suis-je ? Cap sur l\u2019estime de soi !, <\/i>kit d\u2019animations de sensibilisation sur la th\u00e9matique de l\u2019estime de soi et <i>D\u00e9mo\u2019pratique<\/i>, kit d\u2019activit\u00e9s sur les valeurs et pratiques d\u00e9mocratiques. Jusqu\u2019ici<span class=\"s1\">, <\/span>le choix des sujets \u00e0 traiter s\u2019est fait sur les pr\u00e9conisations d\u2019un groupe de principaux de coll\u00e8ges qui remonte les attentes des jeunes du terrain ou, pour le dernier outil<span class=\"s1\">, <\/span>comme r\u00e9ponse \u00e0 une commande politique interne. Dans ce contexte<span class=\"s1\">, <\/span>la <i>Cellule Conception et Pr\u00e9vention <\/i>se demande comment inclure plus en amont de sa m\u00e9thodologie de projet et de fa\u00e7on plus directe le public adolescent<span class=\"s1\">, <\/span>pour l\u2019\u00e9laboration des futurs outils de pr\u00e9vention. Dans cette id\u00e9e<span class=\"s1\">, <\/span>une partie du projet se concentre plus sp\u00e9cifiquement sur la th\u00e9matique de la <i>\u00abVie affective et sexuelle \u00bb<\/i>, prochain sujet de conception d\u2019outil de la cellule. <br \/>\nDe m\u00eame et \u00e0 une \u00e9chelle plus globale<span class=\"s1\">, <\/span>ce projet a pour but de mieux comprendre ce public afin que le <i>Service Jeunesse <\/i>puisse r\u00e9pondre au mieux aux enjeux actuels de cette tranche d\u2019\u00e2ge<span class=\"s1\">, <\/span>sans passer par les savoirs statistiques ou les \u00e9tudes sociologiques, mais par des int\u00e9ractions m\u00e9di\u00e9es par des formes, en deux ou trois dimensions. <br \/>\nPar ailleurs<span class=\"s1\">, <\/span>une meilleure compr\u00e9hension des pr\u00e9occupations de ce public par l&#8217;ensemble de <i>la Direction de l&#8217;Education et de la Jeunesse<\/i>, pourra nourrir d&#8217;autres projets<span class=\"s1\">, <\/span>comme ceux de la transformation des espaces scolaires que porte la <i>CeA <\/i>en concertation avec les \u00e9quipes des coll\u00e8ges<span class=\"s1\">, <\/span>les autorit\u00e9s acad\u00e9miques et les partenaires (Villes<span class=\"s1\">, <\/span>r\u00e9seau Canop\u00e9\u2026).<\/p>\n<p><a href=\"https:\/\/www.lyceelecorbusier.eu\/dsaa\/wp-content\/uploads\/sites\/4\/2024\/08\/08_tissage.jpg\"><img loading=\"lazy\" width=\"1024\" height=\"682\" class=\"alignnone size-large wp-image-3824\" src=\"https:\/\/www.lyceelecorbusier.eu\/dsaa\/wp-content\/uploads\/sites\/4\/2024\/08\/08_tissage-1024x682.jpg\" alt=\"\" srcset=\"https:\/\/www.lyceelecorbusier.eu\/dsaa\/wp-content\/uploads\/sites\/4\/2024\/08\/08_tissage-1024x682.jpg 1024w, https:\/\/www.lyceelecorbusier.eu\/dsaa\/wp-content\/uploads\/sites\/4\/2024\/08\/08_tissage-300x200.jpg 300w, https:\/\/www.lyceelecorbusier.eu\/dsaa\/wp-content\/uploads\/sites\/4\/2024\/08\/08_tissage-768x512.jpg 768w, https:\/\/www.lyceelecorbusier.eu\/dsaa\/wp-content\/uploads\/sites\/4\/2024\/08\/08_tissage-960x640.jpg 960w, https:\/\/www.lyceelecorbusier.eu\/dsaa\/wp-content\/uploads\/sites\/4\/2024\/08\/08_tissage.jpg 1181w\" sizes=\"(max-width: 1024px) 100vw, 1024px\" \/><\/a><\/p>\n<p class=\"p1\">Dans cette id\u00e9e<span class=\"s1\">, <\/span>une partie du projet pr\u00e9voit de questionner les pr\u00e9occupations et l&#8217;implication des \u00e9l\u00e8ves lorsqu&#8217;une r\u00e9flexion sur les usages et la transformation des sanitaires que leur coll\u00e8ge engage. Quels outils de m\u00e9diation pour observer, questionner et r\u00e9colter la parole des \u00e9l\u00e8ves sur les usages des sanitaires de leur \u00e9tablissement ? Au-del\u00e0 des questions de surveillance<span class=\"s1\">, <\/span>s\u00e9curit\u00e9<span class=\"s1\">, <\/span>hygi\u00e8ne<span class=\"s1\">, <\/span>fonctionnalit\u00e9 des &#8220;blocs sanitaires&#8221;<span class=\"s1\">,<\/span>comment aborder avec eux les th\u00e9matiques du corps adolescent en transformation<span class=\"s1\">, <\/span>de l&#8217;intimit\u00e9<span class=\"s1\">, <\/span>du bien-\u00eatre<span class=\"s1\">, <\/span>de l&#8217;\u00e9galit\u00e9 filles\/gar\u00e7ons<span class=\"s1\">, <\/span>du respect des genres\u2026<br \/>\nCes th\u00e9matiques pourront rejoindre celles autour de la <i>\u00ab Vie affective et sexuelle \u00bb <\/i>que travaillent <i>la Cellule <\/i><i>Conception et Pr\u00e9vention du Service Jeunesse. <\/i>Le travail d\u00e9marre d\u00e9but novembre 2023 par une pr\u00e9sentation des terrains<span class=\"s1\">, <\/span>les missions de Marie-Elodie<span class=\"s1\">, <\/span>Pascaline Trippard et Claire Renckly et la mission propos\u00e9e \u00e0 <i>l\u2019InSituLab<\/i>.<br \/>\nFin novembre<span class=\"s1\">, <\/span>les \u00e9tudiant.e.s entament leurs premiers terrains : Coll\u00e8ge <i>Louis Pasteur <\/i>\u00e0 Strasbourg, Coll\u00e8ge <i>Nicolas Copernic <\/i>\u00e0 Duttlenheim<span class=\"s1\">, <\/span>Coll\u00e8ge <i>Th\u00e9ophile Conrad Pfeffel <\/i>\u00e0 Colmar<span class=\"s1\">, <\/span>Coll\u00e8ge <i>Paul Wernert <\/i>\u00e0 Achenheim. Sur les terrains<span class=\"s1\">, <\/span>les \u00e9tudiant.e.s sont r\u00e9partis en deux \u00e9quipes de trois. Les \u00e9quipes sont r\u00e9unies en sp\u00e9cialit\u00e9s<span class=\"s1\">, <\/span>impliquant un \u00e9lan m\u00e9thodologique fort ; d\u2019utiliser les savoir-faire sp\u00e9cifiques comme moyen de rencontrer les coll\u00e9gien.ne.s<span class=\"s1\">, <\/span>de faire \u00e9merger de la parole<span class=\"s1\">, <\/span>du dialogue.<br \/>\nLes temps d\u2019immersions se concentrent sur cinq \u00e0 six temps de pr\u00e9sence sur site<span class=\"s1\">, <\/span>en situation de r\u00e9alisation<span class=\"s1\">, <\/span>de test<span class=\"s1\">, <\/span>de co-conception<span class=\"s1\">, <\/span>de proposition de dispositifs de rencontre<span class=\"s1\">, <\/span>de prototypes \u00e0 tester<span class=\"s1\">, <\/span>d\u2019outils de concertation autour des pistes \u00e9mergentes.<\/p>\n<p><a href=\"https:\/\/www.lyceelecorbusier.eu\/dsaa\/wp-content\/uploads\/sites\/4\/2024\/08\/21.12.23_ring.jpg\"><img loading=\"lazy\" width=\"1024\" height=\"769\" class=\"alignnone size-large wp-image-3825\" src=\"https:\/\/www.lyceelecorbusier.eu\/dsaa\/wp-content\/uploads\/sites\/4\/2024\/08\/21.12.23_ring-1024x769.jpg\" alt=\"\" srcset=\"https:\/\/www.lyceelecorbusier.eu\/dsaa\/wp-content\/uploads\/sites\/4\/2024\/08\/21.12.23_ring-1024x769.jpg 1024w, https:\/\/www.lyceelecorbusier.eu\/dsaa\/wp-content\/uploads\/sites\/4\/2024\/08\/21.12.23_ring-300x225.jpg 300w, https:\/\/www.lyceelecorbusier.eu\/dsaa\/wp-content\/uploads\/sites\/4\/2024\/08\/21.12.23_ring-768x576.jpg 768w, https:\/\/www.lyceelecorbusier.eu\/dsaa\/wp-content\/uploads\/sites\/4\/2024\/08\/21.12.23_ring-960x720.jpg 960w, https:\/\/www.lyceelecorbusier.eu\/dsaa\/wp-content\/uploads\/sites\/4\/2024\/08\/21.12.23_ring.jpg 1535w\" sizes=\"(max-width: 1024px) 100vw, 1024px\" \/><\/a><\/p>\n<p class=\"p1\">En janvier<span class=\"s1\">, <\/span>les \u00e9tudiant.e.s restituent l\u2019ensemble de leurs d\u00e9marches et partagent les r\u00e9sultats de leurs recherches par ce livre blanc et au cours de restitutions publiques. Ces derni\u00e8res se poursuivent sous la forme d\u2019expositions qui prendront place au coeur de <i>l\u2019H\u00f4tel de la Collectivit\u00e9 europ\u00e9enne d\u2019Alsace <\/i>\u00e0 Strasbourg<span class=\"s1\">, <\/span>de <i>l\u2019H\u00f4tel <\/i><i>d\u2019Alsace <\/i>\u00e0 Colmar et des coll\u00e8ges concern\u00e9s.<\/p>\n<p>Nous, collectif de <i>l\u2019InsituLab <\/i>constitu\u00e9 des \u00e9tudiant.e.s et des enseignant.e.s<span class=\"s1\">,<\/span>pla\u00e7ons ce projet sous un enjeu d\u2019attention<span class=\"s1\">,<\/span>de soin aux corps et aux espaces. Comment cr\u00e9er une relation empathique avec les individus rencontr\u00e9s ? Comment relever les qualit\u00e9s des lieux<span class=\"s1\">,<\/span>les usages rencontr\u00e9s ? Nous d\u00e9couvrons ou red\u00e9couvrons dans les coll\u00e8ges travers\u00e9s des couches de violences \u00e0 intensit\u00e9s diverses. Certaines injustices architecturales mais aussi une violence quotidienne et coulante,faite de d\u00e9nigrements<span class=\"s1\">,<\/span>de coups port\u00e9s<span class=\"s1\">,<\/span>d\u2019insultes<span class=\"s1\">,<\/span>de d\u00e9pr\u00e9ciations. D\u00e9clarer que ce projet doit s\u2019inscrire dans un mouvement de care design<span class=\"s1\">, <\/span>c\u2019est d\u2019embl\u00e9e consid\u00e9rer des formes de valorisation<span class=\"s1\">, <\/span>de valuation plut\u00f4t que d\u2019\u00e9valuation ; c\u2019est tenter aussi de faire du design une pratique sociale de bienveillance.<\/p>\n<p><a href=\"https:\/\/www.lyceelecorbusier.eu\/dsaa\/wp-content\/uploads\/sites\/4\/2024\/08\/21.12.23_winneur.jpg\"><img loading=\"lazy\" width=\"768\" height=\"1024\" class=\"alignnone size-large wp-image-3826\" src=\"https:\/\/www.lyceelecorbusier.eu\/dsaa\/wp-content\/uploads\/sites\/4\/2024\/08\/21.12.23_winneur-768x1024.jpg\" alt=\"\" srcset=\"https:\/\/www.lyceelecorbusier.eu\/dsaa\/wp-content\/uploads\/sites\/4\/2024\/08\/21.12.23_winneur-768x1024.jpg 768w, https:\/\/www.lyceelecorbusier.eu\/dsaa\/wp-content\/uploads\/sites\/4\/2024\/08\/21.12.23_winneur-225x300.jpg 225w, https:\/\/www.lyceelecorbusier.eu\/dsaa\/wp-content\/uploads\/sites\/4\/2024\/08\/21.12.23_winneur-1152x1536.jpg 1152w, https:\/\/www.lyceelecorbusier.eu\/dsaa\/wp-content\/uploads\/sites\/4\/2024\/08\/21.12.23_winneur-900x1200.jpg 900w, https:\/\/www.lyceelecorbusier.eu\/dsaa\/wp-content\/uploads\/sites\/4\/2024\/08\/21.12.23_winneur-720x960.jpg 720w, https:\/\/www.lyceelecorbusier.eu\/dsaa\/wp-content\/uploads\/sites\/4\/2024\/08\/21.12.23_winneur.jpg 1181w\" sizes=\"(max-width: 768px) 100vw, 768px\" \/><\/a><\/p>\n<p class=\"p1\">Les temps pass\u00e9s sur les terrains t\u00e9moignent de ces qualit\u00e9s de rencontre. On assiste \u00e0 des gestes de co-cr\u00e9ation et ainsi \u00e0 d\u00e9velopper des apprentissages r\u00e9ciproques. Les projets des groupes \u00e9tudiant.e.s sont test\u00e9s<span class=\"s1\">, <\/span>remis en cause<span class=\"s1\">, <\/span>cass\u00e9s<span class=\"s1\">, <\/span>d\u00e9tourn\u00e9s par les coll\u00e9gien.ne.s<span class=\"s1\">, <\/span>et participent ainsi \u00e0 faire \u00e9merger des enseignements autant que des renseignements.<\/p>\n<p class=\"p1\">La forme est prise comme interface<span class=\"s1\">, <\/span>et tout objet pris dans une dimension relationnelle. Partant, nous rep\u00e9rons comment chaque geste<span class=\"s1\">, <\/span>chaque proposition formelle<span class=\"s1\">, <\/span>devient un outil de relation. Prenons par exemple ce moment \u00e0 Colmar au coll\u00e8ge <i>Pfeffel<\/i>. Dans la salle du foyer<span class=\"s1\">, <\/span>en cherchant un trombonne dans les placards ouverts<span class=\"s1\">, <\/span>nous trouvons une caisse remplie de petites formes de couleurs<span class=\"s1\">, <\/span>de vieilles p\u00e2tes \u00e0 modeler bien s\u00e8ches. Align\u00e9es sur une table<span class=\"s1\">, <\/span>bien rang\u00e9es<span class=\"s1\">, <\/span>ces formes sont jou\u00e9es avec un premier coll\u00e9gien. \u201c<i>Peux-tu choisir une forme qui te repr\u00e9sente ?<\/i>\u201d, \u201c<i>Et maintenant peux-tu la d\u00e9crire ?<\/i>\u201d. Ces questions sont d\u00e9clin\u00e9es avec d\u2019autres coll\u00e9gien.ne.s<span class=\"s1\">, <\/span>des personnes \u201c<i>que tu aimes bien<\/i>\u201d, d\u2019autres \u201c<i>qui t\u2019\u00e9nervent<\/i>\u201d, en leur demandant chaque fois de d\u00e9crire forme et couleur. L\u2019int\u00e9raction est rapide<span class=\"s1\">, <\/span>certain.e.s insistent sur les descriptions de formes et justifient de leurs choix. A la fin de l\u2019entretiens<span class=\"s1\">, <\/span>nous leur demandons de r\u00e9aliser un montage<span class=\"s1\">, <\/span>une sculpture<span class=\"s1\">, <\/span>un paysage avec les formes choisies. Nous remarquons comme les agencements sont r\u00e9fl\u00e9chis<span class=\"s1\">, <\/span>les relations entre les personnes repr\u00e9sent\u00e9es<span class=\"s1\">, <\/span>leurs \u00e9quilibres. La structuration de l\u2019int\u00e9raction<span class=\"s1\">, <\/span>sous la forme de jeu de question et de choix formels<span class=\"s1\">, <\/span>permet l\u00e0 une relation aussi intime que distanci\u00e9e.<\/p>\n<p><a href=\"https:\/\/www.lyceelecorbusier.eu\/dsaa\/wp-content\/uploads\/sites\/4\/2024\/08\/28.11.23_ring.1.jpg\"><img loading=\"lazy\" width=\"768\" height=\"1024\" class=\"alignnone size-large wp-image-3827\" src=\"https:\/\/www.lyceelecorbusier.eu\/dsaa\/wp-content\/uploads\/sites\/4\/2024\/08\/28.11.23_ring.1-768x1024.jpg\" alt=\"\" srcset=\"https:\/\/www.lyceelecorbusier.eu\/dsaa\/wp-content\/uploads\/sites\/4\/2024\/08\/28.11.23_ring.1-768x1024.jpg 768w, https:\/\/www.lyceelecorbusier.eu\/dsaa\/wp-content\/uploads\/sites\/4\/2024\/08\/28.11.23_ring.1-225x300.jpg 225w, https:\/\/www.lyceelecorbusier.eu\/dsaa\/wp-content\/uploads\/sites\/4\/2024\/08\/28.11.23_ring.1-1152x1536.jpg 1152w, https:\/\/www.lyceelecorbusier.eu\/dsaa\/wp-content\/uploads\/sites\/4\/2024\/08\/28.11.23_ring.1-1536x2048.jpg 1536w, https:\/\/www.lyceelecorbusier.eu\/dsaa\/wp-content\/uploads\/sites\/4\/2024\/08\/28.11.23_ring.1-1200x1600.jpg 1200w, https:\/\/www.lyceelecorbusier.eu\/dsaa\/wp-content\/uploads\/sites\/4\/2024\/08\/28.11.23_ring.1-900x1200.jpg 900w, https:\/\/www.lyceelecorbusier.eu\/dsaa\/wp-content\/uploads\/sites\/4\/2024\/08\/28.11.23_ring.1-720x960.jpg 720w, https:\/\/www.lyceelecorbusier.eu\/dsaa\/wp-content\/uploads\/sites\/4\/2024\/08\/28.11.23_ring.1.jpg 1772w\" sizes=\"(max-width: 768px) 100vw, 768px\" \/><\/a><\/p>\n<p class=\"p1\">Nous observons encore l\u2019importance d\u2019une fragilit\u00e9 dans les propositions<span class=\"s1\">, <\/span>des possibilit\u00e9s d\u2019improvisation<span class=\"s1\">, <\/span>d\u2019adaptation<span class=\"s1\">, <\/span>de jouer des situations<span class=\"s1\">, <\/span>des incompr\u00e9hensions. La port\u00e9e m\u00e9thodologique propos\u00e9e ici est importante \u00e0 saisir. Nous avons pour mission de d\u00e9velopper des outils de rencontre et de prise de parole, puis de proposer des prototypes d\u2019outils de m\u00e9diation. Nous n\u2019avons pas \u00e0 diffuser un savoir<span class=\"s1\">, <\/span>\u00e0 faire de la m\u00e9diation<span class=\"s1\">, <\/span>encore moins de l\u2019\u00e9ducation sur quelque sujet que ce soit. Ainsi<span class=\"s1\">, <\/span>\u00e9vitant la frontalit\u00e9 d\u2019une question pos\u00e9e \u201c<i>qu\u2019est-ce qui vous int\u00e9resse dans la vie ?<\/i>\u201d,nous optons pour une relation par la forme. Nous voulons parler et \u00e9couter avec et par les formes<span class=\"s1\">, <\/span>par les mots<span class=\"s1\">, <\/span>les images<span class=\"s1\">, <\/span>les livres<span class=\"s1\">, <\/span>les objets<span class=\"s1\">, <\/span>les espaces<span class=\"s1\">, <\/span>la cartographie<span class=\"s1\">, <\/span>la maquette<span class=\"s1\">, <\/span>le prototype<span class=\"s1\">, <\/span>la fiction<span class=\"s1\">, <\/span>le jeu\u2026 Nous \u00e9tablissons ainsi un catalogue de onze strat\u00e9gies obliques<span class=\"s1\">, <\/span>nourries d\u2019exemples de projets d\u2019artistes et de designers<span class=\"s1\">, <\/span>propos\u00e9es pour \u00e9viter la frontalit\u00e9<span class=\"s1\">, <\/span>en hommage discret au jeu de 1975 de <i>Brian <\/i><i>Eno <\/i>et <i>Peter Schmidt<\/i>. Sous-titr\u00e9 \u00ab <i>Plus de cent dilemmes <\/i><i>qui en valent la peine <\/i>\u00bb,le jeu se pr\u00e9sente comme un jeu de cartes \u00e0 piocher en cas de dilemme de travail<span class=\"s1\">, <\/span>mais aussi de toute situation probl\u00e9matique ou impliquant une op\u00e9ration analytique. Nos onze strat\u00e9gies nous servent \u00e0 mettre les dilemmes de ce projet<span class=\"s1\">, <\/span>des situations rencontr\u00e9es<span class=\"s1\">, <\/span>au travail<span class=\"s1\">, <\/span>comme autant de leviers cr\u00e9atifs conscients.<\/p>\n<p><a href=\"https:\/\/www.lyceelecorbusier.eu\/dsaa\/wp-content\/uploads\/sites\/4\/2024\/08\/30.11.23_ceramique.4.jpg\"><img loading=\"lazy\" width=\"1024\" height=\"682\" class=\"alignnone size-large wp-image-3828\" src=\"https:\/\/www.lyceelecorbusier.eu\/dsaa\/wp-content\/uploads\/sites\/4\/2024\/08\/30.11.23_ceramique.4-1024x682.jpg\" alt=\"\" srcset=\"https:\/\/www.lyceelecorbusier.eu\/dsaa\/wp-content\/uploads\/sites\/4\/2024\/08\/30.11.23_ceramique.4-1024x682.jpg 1024w, https:\/\/www.lyceelecorbusier.eu\/dsaa\/wp-content\/uploads\/sites\/4\/2024\/08\/30.11.23_ceramique.4-300x200.jpg 300w, https:\/\/www.lyceelecorbusier.eu\/dsaa\/wp-content\/uploads\/sites\/4\/2024\/08\/30.11.23_ceramique.4-768x512.jpg 768w, https:\/\/www.lyceelecorbusier.eu\/dsaa\/wp-content\/uploads\/sites\/4\/2024\/08\/30.11.23_ceramique.4-1536x1024.jpg 1536w, https:\/\/www.lyceelecorbusier.eu\/dsaa\/wp-content\/uploads\/sites\/4\/2024\/08\/30.11.23_ceramique.4-960x640.jpg 960w, https:\/\/www.lyceelecorbusier.eu\/dsaa\/wp-content\/uploads\/sites\/4\/2024\/08\/30.11.23_ceramique.4.jpg 1772w\" sizes=\"(max-width: 1024px) 100vw, 1024px\" \/><\/a><\/p>\n<p class=\"p1\">Nous proposons ainsi les strat\u00e9gies suivantes :<\/p>\n<p class=\"p1\">Strat\u00e9gie oblique #1 \u2014 LA FABRIQUE COLLECTIVE<br \/>\nR\u00e9aliser des \u00e9l\u00e9ments de tapisserie<span class=\"s1\">, <\/span>r\u00e9parer un textile<span class=\"s1\">, <\/span>assembler un patchwork<span class=\"s1\">, <\/span>r\u00e9aliser une sculpture en technique additive<span class=\"s1\">, <\/span>des dessins collaboratifs\u2026 C\u2019est ici l\u2019installation d\u2019un atelier de r\u00e9alisation, de fabrication. Les mains agissent<span class=\"s1\">, <\/span>les langues se d\u00e9lient.<\/p>\n<p><a href=\"https:\/\/www.lyceelecorbusier.eu\/dsaa\/wp-content\/uploads\/sites\/4\/2024\/08\/p27.jpg\"><img loading=\"lazy\" width=\"768\" height=\"1024\" class=\"alignnone size-large wp-image-3837\" src=\"https:\/\/www.lyceelecorbusier.eu\/dsaa\/wp-content\/uploads\/sites\/4\/2024\/08\/p27-768x1024.jpg\" alt=\"\" srcset=\"https:\/\/www.lyceelecorbusier.eu\/dsaa\/wp-content\/uploads\/sites\/4\/2024\/08\/p27-768x1024.jpg 768w, https:\/\/www.lyceelecorbusier.eu\/dsaa\/wp-content\/uploads\/sites\/4\/2024\/08\/p27-225x300.jpg 225w, https:\/\/www.lyceelecorbusier.eu\/dsaa\/wp-content\/uploads\/sites\/4\/2024\/08\/p27-1152x1536.jpg 1152w, https:\/\/www.lyceelecorbusier.eu\/dsaa\/wp-content\/uploads\/sites\/4\/2024\/08\/p27-900x1200.jpg 900w, https:\/\/www.lyceelecorbusier.eu\/dsaa\/wp-content\/uploads\/sites\/4\/2024\/08\/p27-720x960.jpg 720w, https:\/\/www.lyceelecorbusier.eu\/dsaa\/wp-content\/uploads\/sites\/4\/2024\/08\/p27.jpg 1200w\" sizes=\"(max-width: 768px) 100vw, 768px\" \/><\/a><\/p>\n<p class=\"p1\">Strat\u00e9gie oblique #2 \u2014 LA FAUSSE MANIFESTATION<br \/>\nConcevoir et r\u00e9aliser des costumes et banderoles, des pancartes et accessoires de revendications, de demande et de refus.<\/p>\n<p><a href=\"https:\/\/www.lyceelecorbusier.eu\/dsaa\/wp-content\/uploads\/sites\/4\/2024\/08\/IMG_0581.jpg\"><img loading=\"lazy\" width=\"1024\" height=\"576\" class=\"alignnone size-large wp-image-3834\" src=\"https:\/\/www.lyceelecorbusier.eu\/dsaa\/wp-content\/uploads\/sites\/4\/2024\/08\/IMG_0581-1024x576.jpg\" alt=\"\" srcset=\"https:\/\/www.lyceelecorbusier.eu\/dsaa\/wp-content\/uploads\/sites\/4\/2024\/08\/IMG_0581-1024x576.jpg 1024w, https:\/\/www.lyceelecorbusier.eu\/dsaa\/wp-content\/uploads\/sites\/4\/2024\/08\/IMG_0581-300x169.jpg 300w, https:\/\/www.lyceelecorbusier.eu\/dsaa\/wp-content\/uploads\/sites\/4\/2024\/08\/IMG_0581-768x432.jpg 768w, https:\/\/www.lyceelecorbusier.eu\/dsaa\/wp-content\/uploads\/sites\/4\/2024\/08\/IMG_0581-1536x864.jpg 1536w, https:\/\/www.lyceelecorbusier.eu\/dsaa\/wp-content\/uploads\/sites\/4\/2024\/08\/IMG_0581-960x540.jpg 960w, https:\/\/www.lyceelecorbusier.eu\/dsaa\/wp-content\/uploads\/sites\/4\/2024\/08\/IMG_0581.jpg 1772w\" sizes=\"(max-width: 1024px) 100vw, 1024px\" \/><\/a><\/p>\n<p class=\"p1\">Strat\u00e9gie oblique #3 \u2014 LA MAQUETTE FICTION<br \/>\nConcevoir et repr\u00e9senter un projet commun<span class=\"s1\">, <\/span>une fiction de transformation spatiale<span class=\"s1\">, <\/span>un catalogue de d\u00e9sirs de lieux et d\u2019objets<\/p>\n<p><a href=\"https:\/\/www.lyceelecorbusier.eu\/dsaa\/wp-content\/uploads\/sites\/4\/2024\/08\/P-Vio-pose-un-mur.jpg\"><img loading=\"lazy\" width=\"731\" height=\"1024\" class=\"alignnone size-large wp-image-3835\" src=\"https:\/\/www.lyceelecorbusier.eu\/dsaa\/wp-content\/uploads\/sites\/4\/2024\/08\/P-Vio-pose-un-mur-731x1024.jpg\" alt=\"\" srcset=\"https:\/\/www.lyceelecorbusier.eu\/dsaa\/wp-content\/uploads\/sites\/4\/2024\/08\/P-Vio-pose-un-mur-731x1024.jpg 731w, https:\/\/www.lyceelecorbusier.eu\/dsaa\/wp-content\/uploads\/sites\/4\/2024\/08\/P-Vio-pose-un-mur-214x300.jpg 214w, https:\/\/www.lyceelecorbusier.eu\/dsaa\/wp-content\/uploads\/sites\/4\/2024\/08\/P-Vio-pose-un-mur-768x1076.jpg 768w, https:\/\/www.lyceelecorbusier.eu\/dsaa\/wp-content\/uploads\/sites\/4\/2024\/08\/P-Vio-pose-un-mur-1096x1536.jpg 1096w, https:\/\/www.lyceelecorbusier.eu\/dsaa\/wp-content\/uploads\/sites\/4\/2024\/08\/P-Vio-pose-un-mur-1142x1600.jpg 1142w, https:\/\/www.lyceelecorbusier.eu\/dsaa\/wp-content\/uploads\/sites\/4\/2024\/08\/P-Vio-pose-un-mur-857x1200.jpg 857w, https:\/\/www.lyceelecorbusier.eu\/dsaa\/wp-content\/uploads\/sites\/4\/2024\/08\/P-Vio-pose-un-mur-685x960.jpg 685w, https:\/\/www.lyceelecorbusier.eu\/dsaa\/wp-content\/uploads\/sites\/4\/2024\/08\/P-Vio-pose-un-mur.jpg 1200w\" sizes=\"(max-width: 731px) 100vw, 731px\" \/><\/a><\/p>\n<p class=\"p1\">Strat\u00e9gie oblique #4 \u2014 LE JOURNAL D&#8217;\u00c9COLE<br \/>\nConcevoir et r\u00e9aliser une forme de journal<span class=\"s1\">, <\/span>fanzine<span class=\"s1\">, <\/span>de l\u2019\u00e9cole<span class=\"s1\">, <\/span>de la classe. L\u2019atelier devient une cellule \u00e9ditoriale.<\/p>\n<p><a href=\"https:\/\/www.lyceelecorbusier.eu\/dsaa\/wp-content\/uploads\/sites\/4\/2024\/08\/atelier-1-photo-7.jpg\"><img loading=\"lazy\" width=\"1024\" height=\"768\" class=\"alignnone size-large wp-image-3830\" src=\"https:\/\/www.lyceelecorbusier.eu\/dsaa\/wp-content\/uploads\/sites\/4\/2024\/08\/atelier-1-photo-7-1024x768.jpg\" alt=\"\" srcset=\"https:\/\/www.lyceelecorbusier.eu\/dsaa\/wp-content\/uploads\/sites\/4\/2024\/08\/atelier-1-photo-7-1024x768.jpg 1024w, https:\/\/www.lyceelecorbusier.eu\/dsaa\/wp-content\/uploads\/sites\/4\/2024\/08\/atelier-1-photo-7-300x225.jpg 300w, https:\/\/www.lyceelecorbusier.eu\/dsaa\/wp-content\/uploads\/sites\/4\/2024\/08\/atelier-1-photo-7-768x576.jpg 768w, https:\/\/www.lyceelecorbusier.eu\/dsaa\/wp-content\/uploads\/sites\/4\/2024\/08\/atelier-1-photo-7-1536x1152.jpg 1536w, https:\/\/www.lyceelecorbusier.eu\/dsaa\/wp-content\/uploads\/sites\/4\/2024\/08\/atelier-1-photo-7-960x720.jpg 960w, https:\/\/www.lyceelecorbusier.eu\/dsaa\/wp-content\/uploads\/sites\/4\/2024\/08\/atelier-1-photo-7.jpg 1600w\" sizes=\"(max-width: 1024px) 100vw, 1024px\" \/><\/a><\/p>\n<p class=\"p1\">Strat\u00e9gie oblique #5 \u2014 L\u2019OBJET RELATIONNEL<br \/>\nR\u00e9alisation d\u2019outils pour des entretiens<span class=\"s1\">, <\/span>discussions. La forme est mise au centre<span class=\"s1\">, <\/span>en lieu de projection<span class=\"s1\">, <\/span>en terrain commun.<\/p>\n<p><a href=\"https:\/\/www.lyceelecorbusier.eu\/dsaa\/wp-content\/uploads\/sites\/4\/2024\/08\/p36_1.jpg\"><img loading=\"lazy\" width=\"1024\" height=\"768\" class=\"alignnone size-large wp-image-3838\" src=\"https:\/\/www.lyceelecorbusier.eu\/dsaa\/wp-content\/uploads\/sites\/4\/2024\/08\/p36_1-1024x768.jpg\" alt=\"\" srcset=\"https:\/\/www.lyceelecorbusier.eu\/dsaa\/wp-content\/uploads\/sites\/4\/2024\/08\/p36_1-1024x768.jpg 1024w, https:\/\/www.lyceelecorbusier.eu\/dsaa\/wp-content\/uploads\/sites\/4\/2024\/08\/p36_1-300x225.jpg 300w, https:\/\/www.lyceelecorbusier.eu\/dsaa\/wp-content\/uploads\/sites\/4\/2024\/08\/p36_1-768x576.jpg 768w, https:\/\/www.lyceelecorbusier.eu\/dsaa\/wp-content\/uploads\/sites\/4\/2024\/08\/p36_1-1536x1152.jpg 1536w, https:\/\/www.lyceelecorbusier.eu\/dsaa\/wp-content\/uploads\/sites\/4\/2024\/08\/p36_1-1600x1200.jpg 1600w, https:\/\/www.lyceelecorbusier.eu\/dsaa\/wp-content\/uploads\/sites\/4\/2024\/08\/p36_1-960x720.jpg 960w, https:\/\/www.lyceelecorbusier.eu\/dsaa\/wp-content\/uploads\/sites\/4\/2024\/08\/p36_1.jpg 1700w\" sizes=\"(max-width: 1024px) 100vw, 1024px\" \/><\/a><\/p>\n<p class=\"p1\">Strat\u00e9gie oblique #6 \u2014 LES MOTS COMMUNS<br \/>\nChoisir des mots<span class=\"s1\">, <\/span>des expressions<span class=\"s1\">, <\/span>des locutions<span class=\"s1\">, <\/span>les d\u00e9finir<span class=\"s1\">, <\/span>les illustrer<span class=\"s1\">, <\/span>les placer<span class=\"s1\">, <\/span>pour les partager.<\/p>\n<p><a href=\"https:\/\/www.lyceelecorbusier.eu\/dsaa\/wp-content\/uploads\/sites\/4\/2024\/08\/atelier-5-photo-5-2.jpg\"><img loading=\"lazy\" width=\"1024\" height=\"576\" class=\"alignnone size-large wp-image-3833\" src=\"https:\/\/www.lyceelecorbusier.eu\/dsaa\/wp-content\/uploads\/sites\/4\/2024\/08\/atelier-5-photo-5-2-1024x576.jpg\" alt=\"\" srcset=\"https:\/\/www.lyceelecorbusier.eu\/dsaa\/wp-content\/uploads\/sites\/4\/2024\/08\/atelier-5-photo-5-2-1024x576.jpg 1024w, https:\/\/www.lyceelecorbusier.eu\/dsaa\/wp-content\/uploads\/sites\/4\/2024\/08\/atelier-5-photo-5-2-300x169.jpg 300w, https:\/\/www.lyceelecorbusier.eu\/dsaa\/wp-content\/uploads\/sites\/4\/2024\/08\/atelier-5-photo-5-2-768x432.jpg 768w, https:\/\/www.lyceelecorbusier.eu\/dsaa\/wp-content\/uploads\/sites\/4\/2024\/08\/atelier-5-photo-5-2-1536x864.jpg 1536w, https:\/\/www.lyceelecorbusier.eu\/dsaa\/wp-content\/uploads\/sites\/4\/2024\/08\/atelier-5-photo-5-2-960x540.jpg 960w, https:\/\/www.lyceelecorbusier.eu\/dsaa\/wp-content\/uploads\/sites\/4\/2024\/08\/atelier-5-photo-5-2.jpg 1600w\" sizes=\"(max-width: 1024px) 100vw, 1024px\" \/><\/a><\/p>\n<p class=\"p1\">Strat\u00e9gie oblique #7 \u2014 LA CARTOGRAPHIE DE QUARTIER<br \/>\nR\u00e9aliser des dessins parl\u00e9s<span class=\"s1\">, <\/span>des parcours dans le quartier du coll\u00e8ge<span class=\"s1\">, <\/span>du coll\u00e8ge lui-m\u00eame. Un atelier de cartographies subjectives.<\/p>\n<p class=\"p1\">Strat\u00e9gie oblique #8 \u2014 DES TECHNIQUES DE DEPLACEMENTS<br \/>\nPratiquer des balades outill\u00e9es<span class=\"s1\">, <\/span>promenades accessoiris\u00e9es au sein du coll\u00e8ge<span class=\"s1\">, <\/span>dans les int\u00e9rieurs et ext\u00e9rieurs.<\/p>\n<p class=\"p1\">Strat\u00e9gie oblique #9 \u2014 MESSAGES CRYPT\u00c9S<br \/>\nConcevoir des codes<span class=\"s1\">, <\/span>des syst\u00e8mes de signes<span class=\"s1\">, <\/span>pour \u00e9tendards<span class=\"s1\">, <\/span>blasons<span class=\"s1\">, <\/span>messages dissimul\u00e9s.<\/p>\n<p><a href=\"https:\/\/www.lyceelecorbusier.eu\/dsaa\/wp-content\/uploads\/sites\/4\/2024\/08\/p11_2.jpg\"><img loading=\"lazy\" width=\"1024\" height=\"768\" class=\"alignnone size-large wp-image-3836\" src=\"https:\/\/www.lyceelecorbusier.eu\/dsaa\/wp-content\/uploads\/sites\/4\/2024\/08\/p11_2-1024x768.jpg\" alt=\"\" srcset=\"https:\/\/www.lyceelecorbusier.eu\/dsaa\/wp-content\/uploads\/sites\/4\/2024\/08\/p11_2-1024x768.jpg 1024w, https:\/\/www.lyceelecorbusier.eu\/dsaa\/wp-content\/uploads\/sites\/4\/2024\/08\/p11_2-300x225.jpg 300w, https:\/\/www.lyceelecorbusier.eu\/dsaa\/wp-content\/uploads\/sites\/4\/2024\/08\/p11_2-768x576.jpg 768w, https:\/\/www.lyceelecorbusier.eu\/dsaa\/wp-content\/uploads\/sites\/4\/2024\/08\/p11_2-1536x1152.jpg 1536w, https:\/\/www.lyceelecorbusier.eu\/dsaa\/wp-content\/uploads\/sites\/4\/2024\/08\/p11_2-1600x1200.jpg 1600w, https:\/\/www.lyceelecorbusier.eu\/dsaa\/wp-content\/uploads\/sites\/4\/2024\/08\/p11_2-960x720.jpg 960w, https:\/\/www.lyceelecorbusier.eu\/dsaa\/wp-content\/uploads\/sites\/4\/2024\/08\/p11_2.jpg 1900w\" sizes=\"(max-width: 1024px) 100vw, 1024px\" \/><\/a><\/p>\n<p class=\"p1\">Strat\u00e9gie oblique #10 \u2014 LA DISCUSSION PHOTOGRAPHIQUE<br \/>\nR\u00e9aliser et n\u00e9gocier des images<span class=\"s1\">, <\/span>des prises de vues<span class=\"s1\">, <\/span>puis les agencer pour faire r\u00e9agir<span class=\"s1\">, <\/span>cr\u00e9er des relations entres les photographies.<\/p>\n<p class=\"p1\">Strat\u00e9gie oblique #11 \u2014 LE QUESTIONNAIRE OUTILL\u00c9<br \/>\nProposer des questions et permettre des r\u00e9ponses formelles<span class=\"s1\">, <\/span>symboliques<span class=\"s1\">, <\/span>masqu\u00e9es dans des formes.<\/p>\n<p><a href=\"https:\/\/www.lyceelecorbusier.eu\/dsaa\/wp-content\/uploads\/sites\/4\/2024\/08\/30.11.23_portrait.3.jpg\"><img loading=\"lazy\" width=\"1024\" height=\"682\" class=\"alignnone size-large wp-image-3829\" src=\"https:\/\/www.lyceelecorbusier.eu\/dsaa\/wp-content\/uploads\/sites\/4\/2024\/08\/30.11.23_portrait.3-1024x682.jpg\" alt=\"\" srcset=\"https:\/\/www.lyceelecorbusier.eu\/dsaa\/wp-content\/uploads\/sites\/4\/2024\/08\/30.11.23_portrait.3-1024x682.jpg 1024w, https:\/\/www.lyceelecorbusier.eu\/dsaa\/wp-content\/uploads\/sites\/4\/2024\/08\/30.11.23_portrait.3-300x200.jpg 300w, https:\/\/www.lyceelecorbusier.eu\/dsaa\/wp-content\/uploads\/sites\/4\/2024\/08\/30.11.23_portrait.3-768x512.jpg 768w, https:\/\/www.lyceelecorbusier.eu\/dsaa\/wp-content\/uploads\/sites\/4\/2024\/08\/30.11.23_portrait.3-1536x1024.jpg 1536w, https:\/\/www.lyceelecorbusier.eu\/dsaa\/wp-content\/uploads\/sites\/4\/2024\/08\/30.11.23_portrait.3-960x640.jpg 960w, https:\/\/www.lyceelecorbusier.eu\/dsaa\/wp-content\/uploads\/sites\/4\/2024\/08\/30.11.23_portrait.3.jpg 1772w\" sizes=\"(max-width: 1024px) 100vw, 1024px\" \/><\/a><\/p>\n<p class=\"p1\">Nous avons demand\u00e9 \u00e0 chaque groupe de d\u00e9marrer sur l\u2019une de ces strat\u00e9gies qui leurs semblaient le plus \u00e0 propos. Ainsi<span class=\"s1\">, <\/span>en premier lieu<span class=\"s1\">, <\/span>ce sont des \u201cquestionnaires outill\u00e9s\u201d<span class=\"s1\">,<\/span>des \u201cmots communs\u201d<span class=\"s1\">,<\/span>un \u201cfanzine d\u2019\u00e9cole\u201d<span class=\"s1\">,<\/span>des \u201cfabriques collectives\u201d<span class=\"s1\">,<\/span>des \u201cobjets relationnels\u201d et une \u201cfausse manifestation\u201d qui sont mis en jeu. Au fur et \u00e0 mesure<span class=\"s1\">, <\/span>les groupes vont modifier ces premiers \u00e9lans<span class=\"s1\">, <\/span>mais nous notons que certaines strat\u00e9gies ne sont pas du tout test\u00e9es : les \u201ctechniques de d\u00e9placements\u201d et la\u201cdiscussion photographique\u201d. Cependant une autre strat\u00e9gie \u00e9merge \u00e0 Achenheim<span class=\"s1\">, <\/span>celle du jeu collectif<span class=\"s1\">, <\/span>engageant une collaboration d\u2019\u00e9quipe. Il s\u2019agit alors d\u2019une sorte de babyfoot g\u00e9ant o\u00f9 les joueurs sont des \u00e9l\u00e8ves de la classe \u201cUlis\u201d (Unit\u00e9s localis\u00e9es pour l&#8217;inclusion scolaire, dispositifs pour la scolarisation des \u00e9l\u00e8ves en situation de handicap dans le premier et le second degr\u00e9s).<\/p>\n<p class=\"p1\">Ce livre blanc veut retracer les exp\u00e9riences de terrains et la mise en oeuvre des outils. La typographie utilis\u00e9e est <i>l\u2019Adelphe <\/i>d\u2019Eug\u00e9nie Bidaut,diffus\u00e9 par <i>Bye Bye Binary <\/i>et leur fonderie <i>typotheque.genderfluid.space<\/i>. L\u2019utilisation de cette typographie tend lui-m\u00eame \u00e0 soulever une discussion sur les normes physiques<span class=\"s1\">, <\/span>sociales et morales<span class=\"s1\">, <\/span>travers\u00e9es<span class=\"s1\">, <\/span>contest\u00e9es<span class=\"s1\">, <\/span>int\u00e9gr\u00e9es \u00e0 tout \u00e2ge et particuli\u00e8rement \u00e0 l\u2019adolescence. Son autrice rappelle que \u201c<i>son nom, qui signifie \u00e0 la fois fr\u00e8re et soeur de mani\u00e8re non-genr\u00e9e, est tr\u00e8s utilis\u00e9 au sein des communaut\u00e9s <\/i><i>militantes queers. Mais c\u2019est aussi un mot qui trouve son <\/i><i>\u00e9tymologie dans le grec ancien, \u00e0 la mani\u00e8re des mots <\/i><i>savants. Et il y a une volont\u00e9 avec ce caract\u00e8re d\u2019aller sur <\/i><i>ce terrain, sur le terrain de la culture qui s\u2019auto-d\u00e9finit <\/i><i>comme \u00abhaute \u00bb et savante. Et, ainsi, de ne pas se laisser <\/i><i>confisquer l\u2019histoire de langue et de l\u2019\u00e9criture par le camp <\/i><i>conservateur. C\u2019est pourquoi l\u2019Adelphe, dans son dessin, <\/i><i>pr\u00e9sente des proportions classiques, h\u00e9rit\u00e9es de la <\/i><i>Renaissance, et un trac\u00e9 proche de la calligraphie, avec <\/i><i>une fluidit\u00e9 dans le ductus qui permet de produire des <\/i><i>formes harmonieuses, y compris dans le dessin des <\/i><i>glyphes inclusifs<\/i>.\u201d<\/p>\n<p><a href=\"https:\/\/www.lyceelecorbusier.eu\/dsaa\/wp-content\/uploads\/sites\/4\/2024\/08\/p41.jpg\"><img loading=\"lazy\" width=\"1024\" height=\"768\" class=\"alignnone size-large wp-image-3839\" src=\"https:\/\/www.lyceelecorbusier.eu\/dsaa\/wp-content\/uploads\/sites\/4\/2024\/08\/p41-1024x768.jpg\" alt=\"\" srcset=\"https:\/\/www.lyceelecorbusier.eu\/dsaa\/wp-content\/uploads\/sites\/4\/2024\/08\/p41-1024x768.jpg 1024w, https:\/\/www.lyceelecorbusier.eu\/dsaa\/wp-content\/uploads\/sites\/4\/2024\/08\/p41-300x225.jpg 300w, https:\/\/www.lyceelecorbusier.eu\/dsaa\/wp-content\/uploads\/sites\/4\/2024\/08\/p41-768x576.jpg 768w, https:\/\/www.lyceelecorbusier.eu\/dsaa\/wp-content\/uploads\/sites\/4\/2024\/08\/p41-1536x1152.jpg 1536w, https:\/\/www.lyceelecorbusier.eu\/dsaa\/wp-content\/uploads\/sites\/4\/2024\/08\/p41-1600x1200.jpg 1600w, https:\/\/www.lyceelecorbusier.eu\/dsaa\/wp-content\/uploads\/sites\/4\/2024\/08\/p41-960x720.jpg 960w, https:\/\/www.lyceelecorbusier.eu\/dsaa\/wp-content\/uploads\/sites\/4\/2024\/08\/p41.jpg 1700w\" sizes=\"(max-width: 1024px) 100vw, 1024px\" \/><\/a><\/p>\n<p class=\"p1\">La premi\u00e8re partie est un ensemble de retours de terrains o\u00f9<span class=\"s1\">,<\/span>date par date et outil par outil<span class=\"s1\">,<\/span>les situationssont racont\u00e9es comme un journal.<br \/>\nLa seconde partie est un ensemble de cartographies conceptuelles \u00e9labor\u00e9es collectivement par l\u2019ensemble des groupes de travail. Les cartographies sur les th\u00e9matiques g\u00e9n\u00e9rales posent le regard sur des sujets identifi\u00e9s comme probl\u00e9matiques<span class=\"s1\">, <\/span>et ainsi susceptible d\u2019\u00eatre travaill\u00e9s par des outils de m\u00e9diation dans les ann\u00e9es \u00e0 venir. La derni\u00e8re partie est un catalogue d\u2019id\u00e9es et de pr\u00e9conisations<span class=\"s1\">, <\/span>reprenant parfois les premiers outils de terrain<span class=\"s1\">, <\/span>en imaginant leurs modifications<span class=\"s1\">, <\/span>transformations<span class=\"s1\">, <\/span>mais aussi en imaginant d\u2019autres modalit\u00e9s de mise au travail de ce que l\u2019on nomme institutionnellement \u201cla vie affective et sexuelle\u201d.<\/p>\n<p class=\"p2\">NC<span class=\"s1\">,<\/span>ND<span class=\"s1\">,<\/span>GP. d\u00e9cembre 2023<\/p>\n<p><a href=\"https:\/\/www.lyceelecorbusier.eu\/dsaa\/wp-content\/uploads\/sites\/4\/2024\/08\/Page-2-Vue-COTE-plateau.jpg\"><img loading=\"lazy\" width=\"1024\" height=\"724\" class=\"alignnone size-large wp-image-3840\" src=\"https:\/\/www.lyceelecorbusier.eu\/dsaa\/wp-content\/uploads\/sites\/4\/2024\/08\/Page-2-Vue-COTE-plateau-1024x724.jpg\" alt=\"\" srcset=\"https:\/\/www.lyceelecorbusier.eu\/dsaa\/wp-content\/uploads\/sites\/4\/2024\/08\/Page-2-Vue-COTE-plateau-1024x724.jpg 1024w, https:\/\/www.lyceelecorbusier.eu\/dsaa\/wp-content\/uploads\/sites\/4\/2024\/08\/Page-2-Vue-COTE-plateau-300x212.jpg 300w, https:\/\/www.lyceelecorbusier.eu\/dsaa\/wp-content\/uploads\/sites\/4\/2024\/08\/Page-2-Vue-COTE-plateau-768x543.jpg 768w, https:\/\/www.lyceelecorbusier.eu\/dsaa\/wp-content\/uploads\/sites\/4\/2024\/08\/Page-2-Vue-COTE-plateau-960x679.jpg 960w, https:\/\/www.lyceelecorbusier.eu\/dsaa\/wp-content\/uploads\/sites\/4\/2024\/08\/Page-2-Vue-COTE-plateau.jpg 1181w\" sizes=\"(max-width: 1024px) 100vw, 1024px\" \/><\/a><\/p>\n<p class=\"p1\">Merci \u00e0 J\u00e9r\u00f4me Pirrera et M\u00e9lanie-Victoire Malnuit pour leurs connaissances et engagement sur les outils d\u2019\u00e9ducation et de m\u00e9diation \u00e0 \u201c<i>la vie affective et sexuelle<\/i>\u201d et \u00e0 toute la <i>CEA <\/i>pour leur confiance et leurs aides logistiques.<br \/>\nEnseignants encadrant le projet : Nicolas Couturier, Nicolas Didier, Gw\u00e9na\u00eblle Pl\u00e9dran, avec le soutien de Suzanne Laclautre pour la mise en forme du livre blanc et des panneaux d\u2019exposition.<\/p>\n","protected":false},"excerpt":{"rendered":"","protected":false},"author":6,"featured_media":3819,"comment_status":"closed","ping_status":"closed","sticky":false,"template":"","format":"standard","meta":[],"categories":[3,68,13],"tags":[],"_links":{"self":[{"href":"https:\/\/www.lyceelecorbusier.eu\/dsaa\/index.php?rest_route=\/wp\/v2\/posts\/3778"}],"collection":[{"href":"https:\/\/www.lyceelecorbusier.eu\/dsaa\/index.php?rest_route=\/wp\/v2\/posts"}],"about":[{"href":"https:\/\/www.lyceelecorbusier.eu\/dsaa\/index.php?rest_route=\/wp\/v2\/types\/post"}],"author":[{"embeddable":true,"href":"https:\/\/www.lyceelecorbusier.eu\/dsaa\/index.php?rest_route=\/wp\/v2\/users\/6"}],"replies":[{"embeddable":true,"href":"https:\/\/www.lyceelecorbusier.eu\/dsaa\/index.php?rest_route=%2Fwp%2Fv2%2Fcomments&post=3778"}],"version-history":[{"count":6,"href":"https:\/\/www.lyceelecorbusier.eu\/dsaa\/index.php?rest_route=\/wp\/v2\/posts\/3778\/revisions"}],"predecessor-version":[{"id":3841,"href":"https:\/\/www.lyceelecorbusier.eu\/dsaa\/index.php?rest_route=\/wp\/v2\/posts\/3778\/revisions\/3841"}],"wp:featuredmedia":[{"embeddable":true,"href":"https:\/\/www.lyceelecorbusier.eu\/dsaa\/index.php?rest_route=\/wp\/v2\/media\/3819"}],"wp:attachment":[{"href":"https:\/\/www.lyceelecorbusier.eu\/dsaa\/index.php?rest_route=%2Fwp%2Fv2%2Fmedia&parent=3778"}],"wp:term":[{"taxonomy":"category","embeddable":true,"href":"https:\/\/www.lyceelecorbusier.eu\/dsaa\/index.php?rest_route=%2Fwp%2Fv2%2Fcategories&post=3778"},{"taxonomy":"post_tag","embeddable":true,"href":"https:\/\/www.lyceelecorbusier.eu\/dsaa\/index.php?rest_route=%2Fwp%2Fv2%2Ftags&post=3778"}],"curies":[{"name":"wp","href":"https:\/\/api.w.org\/{rel}","templated":true}]}}