{"id":3698,"date":"2023-07-06T21:47:12","date_gmt":"2023-07-06T20:47:12","guid":{"rendered":"https:\/\/www.lyceelecorbusier.eu\/dsaa\/?p=3698"},"modified":"2023-07-06T21:47:40","modified_gmt":"2023-07-06T20:47:40","slug":"escales-vivi","status":"publish","type":"post","link":"https:\/\/www.lyceelecorbusier.eu\/dsaa\/?p=3698","title":{"rendered":"Escales Vivri\u00e8res"},"content":{"rendered":"<p><!--more--><\/p>\n<p><em>Escales Vivri\u00e8res<\/em> est un projet d\u2019accompagnement d\u2019une communaut\u00e9 de pratiques li\u00e9e au mara\u00eechage urbain en collaboration avec le Centre Socio-Culturel l\u2019Escale. \u00c0 travers la r\u00e9alisations de divers artefacts, ateliers collectifs, les \u00e9tudiants travaillent dans les quartiers de l\u2019ancienne Robertsau et de la Cit\u00e9 de l\u2019Ill.<\/p>\n<p><a href=\"https:\/\/www.lyceelecorbusier.eu\/dsaa\/wp-content\/uploads\/sites\/4\/2023\/07\/Capture-de\u0301cran-2023-07-06-a\u0300-11.50.13.png\"><img loading=\"lazy\" width=\"1024\" height=\"765\" class=\"alignnone size-large wp-image-3703\" src=\"https:\/\/www.lyceelecorbusier.eu\/dsaa\/wp-content\/uploads\/sites\/4\/2023\/07\/Capture-de\u0301cran-2023-07-06-a\u0300-11.50.13-1024x765.png\" alt=\"\" srcset=\"https:\/\/www.lyceelecorbusier.eu\/dsaa\/wp-content\/uploads\/sites\/4\/2023\/07\/Capture-de\u0301cran-2023-07-06-a\u0300-11.50.13-1024x765.png 1024w, https:\/\/www.lyceelecorbusier.eu\/dsaa\/wp-content\/uploads\/sites\/4\/2023\/07\/Capture-de\u0301cran-2023-07-06-a\u0300-11.50.13-300x224.png 300w, https:\/\/www.lyceelecorbusier.eu\/dsaa\/wp-content\/uploads\/sites\/4\/2023\/07\/Capture-de\u0301cran-2023-07-06-a\u0300-11.50.13-768x574.png 768w, https:\/\/www.lyceelecorbusier.eu\/dsaa\/wp-content\/uploads\/sites\/4\/2023\/07\/Capture-de\u0301cran-2023-07-06-a\u0300-11.50.13-960x717.png 960w, https:\/\/www.lyceelecorbusier.eu\/dsaa\/wp-content\/uploads\/sites\/4\/2023\/07\/Capture-de\u0301cran-2023-07-06-a\u0300-11.50.13.png 1213w\" sizes=\"(max-width: 1024px) 100vw, 1024px\" \/><\/a><\/p>\n<p>Le CSC l\u2019Escale porte un projet d\u2019envergure ouvrant sur plusieurs volets incluant l\u2019animation de quartier visant \u00e0 favoriser le lien social, l\u2019agriculture urbaine dans ses dimensions tant nourrici\u00e8res que p\u00e9dagogiques et s\u2019inscrivant dans l\u2019ambition du programme \u201ccit\u00e9s fertiles\u201d port\u00e9 par la ville de Strasbourg. Dans le cadre des projets \u201cBric \u00e0 Bacs\u201d et \u201cagricultures urbaines\u201d, plusieurs pistes s\u2019ouvrent \u00e0 l\u2019exploration des potentiels de r\u00e9alisations possibles.<\/p>\n<p><a href=\"https:\/\/www.lyceelecorbusier.eu\/dsaa\/wp-content\/uploads\/sites\/4\/2023\/07\/Capture-de\u0301cran-2023-07-06-a\u0300-11.50.19.png\"><img loading=\"lazy\" width=\"1024\" height=\"765\" class=\"alignnone size-large wp-image-3704\" src=\"https:\/\/www.lyceelecorbusier.eu\/dsaa\/wp-content\/uploads\/sites\/4\/2023\/07\/Capture-de\u0301cran-2023-07-06-a\u0300-11.50.19-1024x765.png\" alt=\"\" srcset=\"https:\/\/www.lyceelecorbusier.eu\/dsaa\/wp-content\/uploads\/sites\/4\/2023\/07\/Capture-de\u0301cran-2023-07-06-a\u0300-11.50.19-1024x765.png 1024w, https:\/\/www.lyceelecorbusier.eu\/dsaa\/wp-content\/uploads\/sites\/4\/2023\/07\/Capture-de\u0301cran-2023-07-06-a\u0300-11.50.19-300x224.png 300w, https:\/\/www.lyceelecorbusier.eu\/dsaa\/wp-content\/uploads\/sites\/4\/2023\/07\/Capture-de\u0301cran-2023-07-06-a\u0300-11.50.19-768x573.png 768w, https:\/\/www.lyceelecorbusier.eu\/dsaa\/wp-content\/uploads\/sites\/4\/2023\/07\/Capture-de\u0301cran-2023-07-06-a\u0300-11.50.19-960x717.png 960w, https:\/\/www.lyceelecorbusier.eu\/dsaa\/wp-content\/uploads\/sites\/4\/2023\/07\/Capture-de\u0301cran-2023-07-06-a\u0300-11.50.19.png 1208w\" sizes=\"(max-width: 1024px) 100vw, 1024px\" \/><\/a><a href=\"https:\/\/www.lyceelecorbusier.eu\/dsaa\/wp-content\/uploads\/sites\/4\/2023\/07\/Capture-de\u0301cran-2023-07-06-a\u0300-11.50.34.png\"><img loading=\"lazy\" width=\"1024\" height=\"766\" class=\"alignnone size-large wp-image-3705\" src=\"https:\/\/www.lyceelecorbusier.eu\/dsaa\/wp-content\/uploads\/sites\/4\/2023\/07\/Capture-de\u0301cran-2023-07-06-a\u0300-11.50.34-1024x766.png\" alt=\"\" srcset=\"https:\/\/www.lyceelecorbusier.eu\/dsaa\/wp-content\/uploads\/sites\/4\/2023\/07\/Capture-de\u0301cran-2023-07-06-a\u0300-11.50.34-1024x766.png 1024w, https:\/\/www.lyceelecorbusier.eu\/dsaa\/wp-content\/uploads\/sites\/4\/2023\/07\/Capture-de\u0301cran-2023-07-06-a\u0300-11.50.34-300x224.png 300w, https:\/\/www.lyceelecorbusier.eu\/dsaa\/wp-content\/uploads\/sites\/4\/2023\/07\/Capture-de\u0301cran-2023-07-06-a\u0300-11.50.34-768x575.png 768w, https:\/\/www.lyceelecorbusier.eu\/dsaa\/wp-content\/uploads\/sites\/4\/2023\/07\/Capture-de\u0301cran-2023-07-06-a\u0300-11.50.34-960x718.png 960w, https:\/\/www.lyceelecorbusier.eu\/dsaa\/wp-content\/uploads\/sites\/4\/2023\/07\/Capture-de\u0301cran-2023-07-06-a\u0300-11.50.34.png 1199w\" sizes=\"(max-width: 1024px) 100vw, 1024px\" \/><\/a><\/p>\n<p>Le projet porte sur le renforcement des liens entre les deux sites du CSC avec espaces de jardin, et le d\u00e9veloppement d\u2019une culture vivri\u00e8re \u00e0 l\u2019usage des habitants, \u00e0 travers six axes :\u00a0<\/p>\n<p>La cr\u00e9ation et animation d\u2019un four \u00e0 pain \u00e0 la Cit\u00e9 de l\u2019Ill, <br \/>\nLe partage des cultures alimentaires des quartiers,<br \/>\nLe d\u00e9veloppement d\u2019une dimension \u00e9v\u00e9nementielle de convivialit\u00e9 culturelle,<br \/>\nLa cr\u00e9ation d\u2019une semencerie,<br \/>\nL&#8217;am\u00e9nagement du jardin et notamment des composts et gestion des biod\u00e9chets,<br \/>\nLe d\u00e9veloppement d\u2019un axe p\u00e9dagogique de \u201cbricolage nature\u201d vivri\u00e8re.<\/p>\n<p><a href=\"https:\/\/www.lyceelecorbusier.eu\/dsaa\/wp-content\/uploads\/sites\/4\/2023\/07\/Capture-de\u0301cran-2023-07-06-a\u0300-11.51.14.png\"><img loading=\"lazy\" width=\"1024\" height=\"690\" class=\"alignnone size-large wp-image-3706\" src=\"https:\/\/www.lyceelecorbusier.eu\/dsaa\/wp-content\/uploads\/sites\/4\/2023\/07\/Capture-de\u0301cran-2023-07-06-a\u0300-11.51.14-1024x690.png\" alt=\"\" srcset=\"https:\/\/www.lyceelecorbusier.eu\/dsaa\/wp-content\/uploads\/sites\/4\/2023\/07\/Capture-de\u0301cran-2023-07-06-a\u0300-11.51.14-1024x690.png 1024w, https:\/\/www.lyceelecorbusier.eu\/dsaa\/wp-content\/uploads\/sites\/4\/2023\/07\/Capture-de\u0301cran-2023-07-06-a\u0300-11.51.14-300x202.png 300w, https:\/\/www.lyceelecorbusier.eu\/dsaa\/wp-content\/uploads\/sites\/4\/2023\/07\/Capture-de\u0301cran-2023-07-06-a\u0300-11.51.14-768x518.png 768w, https:\/\/www.lyceelecorbusier.eu\/dsaa\/wp-content\/uploads\/sites\/4\/2023\/07\/Capture-de\u0301cran-2023-07-06-a\u0300-11.51.14-960x647.png 960w, https:\/\/www.lyceelecorbusier.eu\/dsaa\/wp-content\/uploads\/sites\/4\/2023\/07\/Capture-de\u0301cran-2023-07-06-a\u0300-11.51.14.png 1325w\" sizes=\"(max-width: 1024px) 100vw, 1024px\" \/><\/a><a href=\"https:\/\/www.lyceelecorbusier.eu\/dsaa\/wp-content\/uploads\/sites\/4\/2023\/07\/Capture-de\u0301cran-2023-07-06-a\u0300-11.52.06.png\"><img loading=\"lazy\" width=\"1024\" height=\"680\" class=\"alignnone size-large wp-image-3707\" src=\"https:\/\/www.lyceelecorbusier.eu\/dsaa\/wp-content\/uploads\/sites\/4\/2023\/07\/Capture-de\u0301cran-2023-07-06-a\u0300-11.52.06-1024x680.png\" alt=\"\" srcset=\"https:\/\/www.lyceelecorbusier.eu\/dsaa\/wp-content\/uploads\/sites\/4\/2023\/07\/Capture-de\u0301cran-2023-07-06-a\u0300-11.52.06-1024x680.png 1024w, https:\/\/www.lyceelecorbusier.eu\/dsaa\/wp-content\/uploads\/sites\/4\/2023\/07\/Capture-de\u0301cran-2023-07-06-a\u0300-11.52.06-300x199.png 300w, https:\/\/www.lyceelecorbusier.eu\/dsaa\/wp-content\/uploads\/sites\/4\/2023\/07\/Capture-de\u0301cran-2023-07-06-a\u0300-11.52.06-768x510.png 768w, https:\/\/www.lyceelecorbusier.eu\/dsaa\/wp-content\/uploads\/sites\/4\/2023\/07\/Capture-de\u0301cran-2023-07-06-a\u0300-11.52.06-960x638.png 960w, https:\/\/www.lyceelecorbusier.eu\/dsaa\/wp-content\/uploads\/sites\/4\/2023\/07\/Capture-de\u0301cran-2023-07-06-a\u0300-11.52.06.png 1367w\" sizes=\"(max-width: 1024px) 100vw, 1024px\" \/><\/a><a href=\"https:\/\/www.lyceelecorbusier.eu\/dsaa\/wp-content\/uploads\/sites\/4\/2023\/07\/Capture-de\u0301cran-2023-07-06-a\u0300-11.53.39.png\"><img loading=\"lazy\" width=\"1024\" height=\"657\" class=\"alignnone size-large wp-image-3708\" src=\"https:\/\/www.lyceelecorbusier.eu\/dsaa\/wp-content\/uploads\/sites\/4\/2023\/07\/Capture-de\u0301cran-2023-07-06-a\u0300-11.53.39-1024x657.png\" alt=\"\" srcset=\"https:\/\/www.lyceelecorbusier.eu\/dsaa\/wp-content\/uploads\/sites\/4\/2023\/07\/Capture-de\u0301cran-2023-07-06-a\u0300-11.53.39-1024x657.png 1024w, https:\/\/www.lyceelecorbusier.eu\/dsaa\/wp-content\/uploads\/sites\/4\/2023\/07\/Capture-de\u0301cran-2023-07-06-a\u0300-11.53.39-300x192.png 300w, https:\/\/www.lyceelecorbusier.eu\/dsaa\/wp-content\/uploads\/sites\/4\/2023\/07\/Capture-de\u0301cran-2023-07-06-a\u0300-11.53.39-768x493.png 768w, https:\/\/www.lyceelecorbusier.eu\/dsaa\/wp-content\/uploads\/sites\/4\/2023\/07\/Capture-de\u0301cran-2023-07-06-a\u0300-11.53.39-960x616.png 960w, https:\/\/www.lyceelecorbusier.eu\/dsaa\/wp-content\/uploads\/sites\/4\/2023\/07\/Capture-de\u0301cran-2023-07-06-a\u0300-11.53.39.png 1358w\" sizes=\"(max-width: 1024px) 100vw, 1024px\" \/><\/a><br \/>\n<a href=\"https:\/\/www.lyceelecorbusier.eu\/dsaa\/wp-content\/uploads\/sites\/4\/2023\/07\/Capture-de\u0301cran-2023-07-06-a\u0300-11.57.14.png\"><img loading=\"lazy\" width=\"1024\" height=\"676\" class=\"alignnone size-large wp-image-3709\" src=\"https:\/\/www.lyceelecorbusier.eu\/dsaa\/wp-content\/uploads\/sites\/4\/2023\/07\/Capture-de\u0301cran-2023-07-06-a\u0300-11.57.14-1024x676.png\" alt=\"\" srcset=\"https:\/\/www.lyceelecorbusier.eu\/dsaa\/wp-content\/uploads\/sites\/4\/2023\/07\/Capture-de\u0301cran-2023-07-06-a\u0300-11.57.14-1024x676.png 1024w, https:\/\/www.lyceelecorbusier.eu\/dsaa\/wp-content\/uploads\/sites\/4\/2023\/07\/Capture-de\u0301cran-2023-07-06-a\u0300-11.57.14-300x198.png 300w, https:\/\/www.lyceelecorbusier.eu\/dsaa\/wp-content\/uploads\/sites\/4\/2023\/07\/Capture-de\u0301cran-2023-07-06-a\u0300-11.57.14-768x507.png 768w, https:\/\/www.lyceelecorbusier.eu\/dsaa\/wp-content\/uploads\/sites\/4\/2023\/07\/Capture-de\u0301cran-2023-07-06-a\u0300-11.57.14-960x634.png 960w, https:\/\/www.lyceelecorbusier.eu\/dsaa\/wp-content\/uploads\/sites\/4\/2023\/07\/Capture-de\u0301cran-2023-07-06-a\u0300-11.57.14.png 1350w\" sizes=\"(max-width: 1024px) 100vw, 1024px\" \/><\/a><a href=\"https:\/\/www.lyceelecorbusier.eu\/dsaa\/wp-content\/uploads\/sites\/4\/2023\/07\/Capture-de\u0301cran-2023-07-06-a\u0300-11.57.18.png\"><img loading=\"lazy\" width=\"1024\" height=\"673\" class=\"alignnone size-large wp-image-3710\" src=\"https:\/\/www.lyceelecorbusier.eu\/dsaa\/wp-content\/uploads\/sites\/4\/2023\/07\/Capture-de\u0301cran-2023-07-06-a\u0300-11.57.18-1024x673.png\" alt=\"\" srcset=\"https:\/\/www.lyceelecorbusier.eu\/dsaa\/wp-content\/uploads\/sites\/4\/2023\/07\/Capture-de\u0301cran-2023-07-06-a\u0300-11.57.18-1024x673.png 1024w, https:\/\/www.lyceelecorbusier.eu\/dsaa\/wp-content\/uploads\/sites\/4\/2023\/07\/Capture-de\u0301cran-2023-07-06-a\u0300-11.57.18-300x197.png 300w, https:\/\/www.lyceelecorbusier.eu\/dsaa\/wp-content\/uploads\/sites\/4\/2023\/07\/Capture-de\u0301cran-2023-07-06-a\u0300-11.57.18-768x505.png 768w, https:\/\/www.lyceelecorbusier.eu\/dsaa\/wp-content\/uploads\/sites\/4\/2023\/07\/Capture-de\u0301cran-2023-07-06-a\u0300-11.57.18-960x631.png 960w, https:\/\/www.lyceelecorbusier.eu\/dsaa\/wp-content\/uploads\/sites\/4\/2023\/07\/Capture-de\u0301cran-2023-07-06-a\u0300-11.57.18.png 1342w\" sizes=\"(max-width: 1024px) 100vw, 1024px\" \/><\/a><a href=\"https:\/\/www.lyceelecorbusier.eu\/dsaa\/wp-content\/uploads\/sites\/4\/2023\/07\/Capture-de\u0301cran-2023-07-06-a\u0300-11.57.25.png\"><img loading=\"lazy\" width=\"1024\" height=\"671\" class=\"alignnone size-large wp-image-3711\" src=\"https:\/\/www.lyceelecorbusier.eu\/dsaa\/wp-content\/uploads\/sites\/4\/2023\/07\/Capture-de\u0301cran-2023-07-06-a\u0300-11.57.25-1024x671.png\" alt=\"\" srcset=\"https:\/\/www.lyceelecorbusier.eu\/dsaa\/wp-content\/uploads\/sites\/4\/2023\/07\/Capture-de\u0301cran-2023-07-06-a\u0300-11.57.25-1024x671.png 1024w, https:\/\/www.lyceelecorbusier.eu\/dsaa\/wp-content\/uploads\/sites\/4\/2023\/07\/Capture-de\u0301cran-2023-07-06-a\u0300-11.57.25-300x196.png 300w, https:\/\/www.lyceelecorbusier.eu\/dsaa\/wp-content\/uploads\/sites\/4\/2023\/07\/Capture-de\u0301cran-2023-07-06-a\u0300-11.57.25-768x503.png 768w, https:\/\/www.lyceelecorbusier.eu\/dsaa\/wp-content\/uploads\/sites\/4\/2023\/07\/Capture-de\u0301cran-2023-07-06-a\u0300-11.57.25-960x629.png 960w, https:\/\/www.lyceelecorbusier.eu\/dsaa\/wp-content\/uploads\/sites\/4\/2023\/07\/Capture-de\u0301cran-2023-07-06-a\u0300-11.57.25.png 1362w\" sizes=\"(max-width: 1024px) 100vw, 1024px\" \/><\/a><a href=\"https:\/\/www.lyceelecorbusier.eu\/dsaa\/wp-content\/uploads\/sites\/4\/2023\/07\/Capture-de\u0301cran-2023-07-06-a\u0300-11.57.38.png\"><img loading=\"lazy\" width=\"1024\" height=\"737\" class=\"alignnone size-large wp-image-3712\" src=\"https:\/\/www.lyceelecorbusier.eu\/dsaa\/wp-content\/uploads\/sites\/4\/2023\/07\/Capture-de\u0301cran-2023-07-06-a\u0300-11.57.38-1024x737.png\" alt=\"\" srcset=\"https:\/\/www.lyceelecorbusier.eu\/dsaa\/wp-content\/uploads\/sites\/4\/2023\/07\/Capture-de\u0301cran-2023-07-06-a\u0300-11.57.38-1024x737.png 1024w, https:\/\/www.lyceelecorbusier.eu\/dsaa\/wp-content\/uploads\/sites\/4\/2023\/07\/Capture-de\u0301cran-2023-07-06-a\u0300-11.57.38-300x216.png 300w, https:\/\/www.lyceelecorbusier.eu\/dsaa\/wp-content\/uploads\/sites\/4\/2023\/07\/Capture-de\u0301cran-2023-07-06-a\u0300-11.57.38-768x553.png 768w, https:\/\/www.lyceelecorbusier.eu\/dsaa\/wp-content\/uploads\/sites\/4\/2023\/07\/Capture-de\u0301cran-2023-07-06-a\u0300-11.57.38-960x691.png 960w, https:\/\/www.lyceelecorbusier.eu\/dsaa\/wp-content\/uploads\/sites\/4\/2023\/07\/Capture-de\u0301cran-2023-07-06-a\u0300-11.57.38.png 1211w\" sizes=\"(max-width: 1024px) 100vw, 1024px\" \/><\/a><\/p>\n<p>Un projet encadr\u00e9 par Nicolas Couturier, Jean Obrecht et C\u00e9cilia Rohmer,\u00a0<br \/>\nAvec Asmae Ainouss, directrice du CSC L&#8217;Escale, Carles Vilaseca Padr\u00f3s de l&#8217;ACSO, et Sophie, Justin, Fatima et Marie.\u00a0<br \/>\nAvec la participation de Pierre Rouquette et une intervention de Camille Morin.\u00a0<\/p>\n","protected":false},"excerpt":{"rendered":"","protected":false},"author":6,"featured_media":3700,"comment_status":"closed","ping_status":"closed","sticky":false,"template":"","format":"standard","meta":[],"categories":[3,68,13],"tags":[],"_links":{"self":[{"href":"https:\/\/www.lyceelecorbusier.eu\/dsaa\/index.php?rest_route=\/wp\/v2\/posts\/3698"}],"collection":[{"href":"https:\/\/www.lyceelecorbusier.eu\/dsaa\/index.php?rest_route=\/wp\/v2\/posts"}],"about":[{"href":"https:\/\/www.lyceelecorbusier.eu\/dsaa\/index.php?rest_route=\/wp\/v2\/types\/post"}],"author":[{"embeddable":true,"href":"https:\/\/www.lyceelecorbusier.eu\/dsaa\/index.php?rest_route=\/wp\/v2\/users\/6"}],"replies":[{"embeddable":true,"href":"https:\/\/www.lyceelecorbusier.eu\/dsaa\/index.php?rest_route=%2Fwp%2Fv2%2Fcomments&post=3698"}],"version-history":[{"count":5,"href":"https:\/\/www.lyceelecorbusier.eu\/dsaa\/index.php?rest_route=\/wp\/v2\/posts\/3698\/revisions"}],"predecessor-version":[{"id":3714,"href":"https:\/\/www.lyceelecorbusier.eu\/dsaa\/index.php?rest_route=\/wp\/v2\/posts\/3698\/revisions\/3714"}],"wp:featuredmedia":[{"embeddable":true,"href":"https:\/\/www.lyceelecorbusier.eu\/dsaa\/index.php?rest_route=\/wp\/v2\/media\/3700"}],"wp:attachment":[{"href":"https:\/\/www.lyceelecorbusier.eu\/dsaa\/index.php?rest_route=%2Fwp%2Fv2%2Fmedia&parent=3698"}],"wp:term":[{"taxonomy":"category","embeddable":true,"href":"https:\/\/www.lyceelecorbusier.eu\/dsaa\/index.php?rest_route=%2Fwp%2Fv2%2Fcategories&post=3698"},{"taxonomy":"post_tag","embeddable":true,"href":"https:\/\/www.lyceelecorbusier.eu\/dsaa\/index.php?rest_route=%2Fwp%2Fv2%2Ftags&post=3698"}],"curies":[{"name":"wp","href":"https:\/\/api.w.org\/{rel}","templated":true}]}}