{"id":3609,"date":"2022-11-14T14:29:41","date_gmt":"2022-11-14T13:29:41","guid":{"rendered":"https:\/\/www.lyceelecorbusier.eu\/dsaa\/?p=3609"},"modified":"2022-11-14T14:33:23","modified_gmt":"2022-11-14T13:33:23","slug":"memoires-2022","status":"publish","type":"post","link":"https:\/\/www.lyceelecorbusier.eu\/dsaa\/?p=3609","title":{"rendered":"M\u00e9moires 2022"},"content":{"rendered":"<p><!--more-->Vous pouvez t\u00e9l\u00e9charger ci-dessous tous les m\u00e9moires de projets r\u00e9dig\u00e9s en 2022.<\/p>\n<p>L\u2019ensemble des projets attenants ont \u00e9t\u00e9 men\u00e9s dans le cadre d\u2019une collaboration avec la ville de Wasselonne.<\/p>\n<p><em><a href=\"https:\/\/drive.google.com\/file\/d\/16DIwWL-KXKUYQ9VkBW-ciuY5RT4HeygE\/view?usp=share_link\">Fork_wasselonne, Bifurquer vers d&#8217;autres gestions communes \u2014<\/a><\/em>\u00a0Thimoth\u00e9e Jeanne<br \/>\n<a href=\"https:\/\/drive.google.com\/file\/d\/1FIYkscGeXzgJrkCfQ4JhEfd--_LOcffq\/view?usp=share_link\"><em>DESIGN VOISIN,<\/em> <em>Restaurer les liens mitoyens<\/em><\/a> \u2014 \u00c9l\u00e9onore Schiks<br \/>\n<a href=\"https:\/\/drive.google.com\/file\/d\/1Pql8HocfA4BmwEuC3RsjLn3MaWq2MAYf\/view?usp=share_link\"><em>Raconter le territoire par les fonds de tiroirs,<\/em> <em>Une enqu\u00eate intime et graphique des r\u00e9cits de vies \u00e0 Wasselonne<\/em><\/a> \u2014 Cl\u00e9o Martine<br \/>\n<a href=\"https:\/\/drive.google.com\/file\/d\/1tr3RkwSbm-BA_GPm9qGK0Xok_BDJaC9e\/view?usp=sharing\"><em>Une m\u00e9moire<\/em> <em>de femme<\/em><\/a> \u2014 Ma\u00ebliss Grall-Richard<br \/>\n<a href=\"https:\/\/drive.google.com\/file\/d\/1rHAmqpXt_EwxBSN_N-43jAkYiPVR204h\/view?usp=sharing\"><em>Regards, Regards, Regards, Regards<\/em><\/a> \u2014 Laurianne Gervasoni<br \/>\n<em><a href=\"https:\/\/drive.google.com\/file\/d\/1tkJpWjTrBdZazgTb1aH4phqrNei3wflJ\/view?usp=sharing\">Allez-y \u00e0 pied, un autre regard sur la marche et le territoire<\/a><\/em> \u2014 Agn\u00e8s Puyo<br \/>\n<em><a href=\"https:\/\/drive.google.com\/file\/d\/1f7BqldkYzGMOhdrkQc7tDGZzhFRJav7a\/view?usp=sharing\">Distribuer autrement ? Le design pour repenser l\u2019organisation de la distribution<\/a><\/em> \u2014 Eva Pommier<br \/>\n<em><a href=\"https:\/\/drive.google.com\/file\/d\/12WOsHtqU_Da5_IqclM0DRMxhDxMNx6qm\/view?usp=sharing\">Hors H\u00f4pital, Rituels de soin de proximit\u00e9<\/a><\/em> \u2014 Alice Guillon<br \/>\n<em><a href=\"https:\/\/drive.google.com\/file\/d\/1bJZMyTDn2hmUqMRz0q0i0GCVFKIMkAZk\/view?usp=sharing\">Bandes dessin\u00e9es, faire et d\u00e9faire les fronti\u00e8res par le dessin<\/a><\/em> \u2014 Dana\u00eb Guillard<br \/>\n<em><a href=\"https:\/\/drive.google.com\/file\/d\/1IySgFVfldpAGSUpGTjPRY00CfP6b6sQK\/view?usp=sharing\">\u00d4 D\u00c9BRIS, des exp\u00e9riences de ruines<\/a><\/em> \u2014 Eva Di Poi<br \/>\n<em><a href=\"https:\/\/drive.google.com\/file\/d\/1qSkj-B2ZbKPOn4OKOGitdqpCDAbxb18x\/view?usp=sharing\">RELATIONS \u00c0 ALZHEIMER. DE TERRES INCONNUES \u00c0 TERRAIN CONNU. Ou comment retrouver un lien dans l\u2019oubli ?<\/a> <\/em>\u2014 Coline Blanckaert<br \/>\n<em><a href=\"https:\/\/drive.google.com\/file\/d\/1Hq_50KanVDRD87RlnEcboFZOFhN9tE_p\/view?usp=sharing\">Relation Humain-Chat, F\u00e9lins pour l\u2019autre ?<\/a><\/em> \u2014 Camille Thiroux&#8211;Boddaert<br \/>\n<em><a href=\"https:\/\/drive.google.com\/file\/d\/1JjsWgReGHxx43Lq-XisJMHgwHzWkJDpx\/view?usp=sharing\">MANGER LE TERRITOIRE, souvenir sucr\u00e9 d&#8217;un terrain comestible et touristique<\/a><\/em>\u00a0\u2014 Thomas Ringot<br \/>\n<em><a href=\"https:\/\/drive.google.com\/file\/d\/1XhgLgl1GP3YA1tH_UXMy7EL9HMdfE7nW\/view?usp=sharing\">Abris en horizons proches, un design opportuniste pour explorer de nouveaux liens aux lieux<\/a> <\/em>\u2014 Lucile Krugler<br \/>\n<em><a href=\"https:\/\/drive.google.com\/file\/d\/1ImpzA8k_xQcK2mZC8KDSpRSNV5FZuewV\/view?usp=sharing\">Soutenabilit\u00e9 alimentaire ou comment utiliser le design pour transformer un syst\u00e8me de production alimentaire<\/a><\/em> \u2014 Lor\u00e9na Jurjanz<br \/>\n<em><a href=\"https:\/\/drive.google.com\/file\/d\/1ajqjBI_0l5PUBtUNHtDx9Qyfl_3CxPJC\/view?usp=sharing\">DE LA TERRE \u00c0 LA TERRE<\/a><\/em> \u2014 Justine Freyd<br \/>\n<em><a href=\"https:\/\/drive.google.com\/file\/d\/1yPrgJ1JZRsNd1tidYSw-I5mDe7SktOTh\/view?usp=sharing\">Revaloriser les rebuts de cuir : Un enjeu pour le designer-artisan d\u2019aujourd\u2019hui<\/a><\/em> \u2014 \u00c9lise Florecki<\/p>\n<p>&nbsp;<\/p>\n","protected":false},"excerpt":{"rendered":"","protected":false},"author":6,"featured_media":3610,"comment_status":"closed","ping_status":"closed","sticky":false,"template":"","format":"standard","meta":[],"categories":[3,56,13,74],"tags":[],"_links":{"self":[{"href":"https:\/\/www.lyceelecorbusier.eu\/dsaa\/index.php?rest_route=\/wp\/v2\/posts\/3609"}],"collection":[{"href":"https:\/\/www.lyceelecorbusier.eu\/dsaa\/index.php?rest_route=\/wp\/v2\/posts"}],"about":[{"href":"https:\/\/www.lyceelecorbusier.eu\/dsaa\/index.php?rest_route=\/wp\/v2\/types\/post"}],"author":[{"embeddable":true,"href":"https:\/\/www.lyceelecorbusier.eu\/dsaa\/index.php?rest_route=\/wp\/v2\/users\/6"}],"replies":[{"embeddable":true,"href":"https:\/\/www.lyceelecorbusier.eu\/dsaa\/index.php?rest_route=%2Fwp%2Fv2%2Fcomments&post=3609"}],"version-history":[{"count":1,"href":"https:\/\/www.lyceelecorbusier.eu\/dsaa\/index.php?rest_route=\/wp\/v2\/posts\/3609\/revisions"}],"predecessor-version":[{"id":3612,"href":"https:\/\/www.lyceelecorbusier.eu\/dsaa\/index.php?rest_route=\/wp\/v2\/posts\/3609\/revisions\/3612"}],"wp:featuredmedia":[{"embeddable":true,"href":"https:\/\/www.lyceelecorbusier.eu\/dsaa\/index.php?rest_route=\/wp\/v2\/media\/3610"}],"wp:attachment":[{"href":"https:\/\/www.lyceelecorbusier.eu\/dsaa\/index.php?rest_route=%2Fwp%2Fv2%2Fmedia&parent=3609"}],"wp:term":[{"taxonomy":"category","embeddable":true,"href":"https:\/\/www.lyceelecorbusier.eu\/dsaa\/index.php?rest_route=%2Fwp%2Fv2%2Fcategories&post=3609"},{"taxonomy":"post_tag","embeddable":true,"href":"https:\/\/www.lyceelecorbusier.eu\/dsaa\/index.php?rest_route=%2Fwp%2Fv2%2Ftags&post=3609"}],"curies":[{"name":"wp","href":"https:\/\/api.w.org\/{rel}","templated":true}]}}