{"id":2971,"date":"2019-05-24T08:49:09","date_gmt":"2019-05-24T07:49:09","guid":{"rendered":"http:\/\/www.lyceelecorbusier.eu\/dsaa\/?p=2971"},"modified":"2019-05-24T08:51:14","modified_gmt":"2019-05-24T07:51:14","slug":"diplomes-2019","status":"publish","type":"post","link":"https:\/\/www.lyceelecorbusier.eu\/dsaa\/?p=2971","title":{"rendered":"Dipl\u00f4mes 2019"},"content":{"rendered":"<p><!--more--><\/p>\n<p><span style=\"font-weight: 400\">Depuis maintenant trois ans, l\u2019InSituLab ouvre ses dipl\u00f4mes au public directement apr\u00e8s leur soutenance, dans les espaces du Shadok.<br \/>\n<\/span><span style=\"font-weight: 400\">R\u00e9unis en \u00a0cinq groupes de travail\/laboratoires, les \u00e9tudiants de la promotion 2017-2019 pr\u00e9senteront au public le travail de recherche d\u2019une ann\u00e9e autour des questions de la p\u00e9dagogie, du soin, des strat\u00e9gies territoriales et urbaines, de la valorisation d\u2019un patrimoine&#8230;<\/span><\/p>\n<h5>Soutenances du 11 au 14 juin.\u00a0<\/h5>\n<h5>Exposition du 17 au 22 juin.\u00a0<\/h5>\n<p>Plus d&#8217;infos <a href=\"https:\/\/www.shadok.strasbourg.eu\/agenda\/insitulab-19\/\">ici\u00a0<\/a><\/p>\n","protected":false},"excerpt":{"rendered":"","protected":false},"author":6,"featured_media":2968,"comment_status":"closed","ping_status":"closed","sticky":false,"template":"","format":"standard","meta":[],"categories":[56,10],"tags":[],"_links":{"self":[{"href":"https:\/\/www.lyceelecorbusier.eu\/dsaa\/index.php?rest_route=\/wp\/v2\/posts\/2971"}],"collection":[{"href":"https:\/\/www.lyceelecorbusier.eu\/dsaa\/index.php?rest_route=\/wp\/v2\/posts"}],"about":[{"href":"https:\/\/www.lyceelecorbusier.eu\/dsaa\/index.php?rest_route=\/wp\/v2\/types\/post"}],"author":[{"embeddable":true,"href":"https:\/\/www.lyceelecorbusier.eu\/dsaa\/index.php?rest_route=\/wp\/v2\/users\/6"}],"replies":[{"embeddable":true,"href":"https:\/\/www.lyceelecorbusier.eu\/dsaa\/index.php?rest_route=%2Fwp%2Fv2%2Fcomments&post=2971"}],"version-history":[{"count":3,"href":"https:\/\/www.lyceelecorbusier.eu\/dsaa\/index.php?rest_route=\/wp\/v2\/posts\/2971\/revisions"}],"predecessor-version":[{"id":2986,"href":"https:\/\/www.lyceelecorbusier.eu\/dsaa\/index.php?rest_route=\/wp\/v2\/posts\/2971\/revisions\/2986"}],"wp:featuredmedia":[{"embeddable":true,"href":"https:\/\/www.lyceelecorbusier.eu\/dsaa\/index.php?rest_route=\/wp\/v2\/media\/2968"}],"wp:attachment":[{"href":"https:\/\/www.lyceelecorbusier.eu\/dsaa\/index.php?rest_route=%2Fwp%2Fv2%2Fmedia&parent=2971"}],"wp:term":[{"taxonomy":"category","embeddable":true,"href":"https:\/\/www.lyceelecorbusier.eu\/dsaa\/index.php?rest_route=%2Fwp%2Fv2%2Fcategories&post=2971"},{"taxonomy":"post_tag","embeddable":true,"href":"https:\/\/www.lyceelecorbusier.eu\/dsaa\/index.php?rest_route=%2Fwp%2Fv2%2Ftags&post=2971"}],"curies":[{"name":"wp","href":"https:\/\/api.w.org\/{rel}","templated":true}]}}