{"id":2790,"date":"2018-11-14T12:07:01","date_gmt":"2018-11-14T11:07:01","guid":{"rendered":"http:\/\/www.lyceelecorbusier.eu\/dsaa\/?p=2790"},"modified":"2019-05-24T08:02:58","modified_gmt":"2019-05-24T07:02:58","slug":"labo-10-fusions-design-des-communs-et-des-reseaux","status":"publish","type":"post","link":"https:\/\/www.lyceelecorbusier.eu\/dsaa\/?p=2790","title":{"rendered":"Labo &#8211; 10-fusions &#8211; design des communs et des r\u00e9seaux"},"content":{"rendered":"<p style=\"text-align: center\">Quatre projets ancr\u00e9s dans la ville et ses centres, places, n\u0153uds des r\u00e9seaux urbains. Quels sont les communs de ces points de contact, entre patrimoine, matrimoine, d\u00e9placements outill\u00e9s, mais aussi leurs r\u00e9sonances dans les espaces num\u00e9riques ?<\/p>\n<h2 style=\"text-align: center\">Les PROJETS du labo<\/h2>\n<p><!--more--><\/p>\n<div class=\"organic-column one-half\">\n<h3><a href=\"https:\/\/mylenelegroux.wixsite.com\/signaletiquesensible\">Vers une signal\u00e9tique sensible<\/a><\/h3>\n<p style=\"text-align: left\">Strasbourg \u00e9tant la capitale europ\u00e9enne ainsi qu\u2019une ville fran\u00e7aise touristique, nous la connaissons principalement pour ses nombreuses caract\u00e9ristiques architecturales (cath\u00e9drale, maisons \u00e0 colombage). Cependant quand nous sommes habitant d\u2019une grande ville, il est fr\u00e9quent de ne plus prendre conscience des choses qui nous entourent par habitude de les voir\/fr\u00e9quenter tous les jours. Il est triste de fermer les yeux sur la diversit\u00e9 et richesse culturelle que proposent une ville comme Strasbourg.<br \/>\nLes quais des Bateliers s\u2019av\u00e8rent \u00eatre un terrain riche, qui m\u00e9rite d\u2019\u00eatre r\u00e9v\u00e9l\u00e9 au public. Mettre en place une signal\u00e9tique sensible, r\u00e9v\u00e9lant le patrimoine du lieu. Mat\u00e9rialiser l\u2019information pour le rendre plus attractif. R\u00e9ussir \u00e0 d\u00e9tacher l\u2019information de son environnement en mettant en place des outils de m\u00e9diation didactiques et sensible. Raconter la ville en usant de nos comp\u00e9tences de designer.<br \/>\n<a href=\"https:\/\/mylenelegroux.wixsite.com\/contesurbains\">https:\/\/mylenelegroux.wixsite.com\/contesurbains<\/a><\/p>\n<p style=\"text-align: left\"><a href=\"http:\/\/www.lyceelecorbusier.eu\/dsaa\/wp-content\/uploads\/sites\/4\/2018\/11\/mylene.gif\"><img loading=\"lazy\" width=\"800\" height=\"800\" class=\"size-full wp-image-2825 aligncenter\" src=\"http:\/\/www.lyceelecorbusier.eu\/dsaa\/wp-content\/uploads\/sites\/4\/2018\/11\/mylene.gif\" alt=\"\" \/><\/a><\/p>\n<p style=\"text-align: left\"><a href=\"https:\/\/www.instagram.com\/mylenbji\/?hl=fr\">Myl\u00e8ne Legroux\u00a0<\/a><br \/>\n<span style=\"font-weight: 400\">Myl\u00e8ne Legroux, plus connue sous le nom de Mylenbji, est une jeune designer graphique. Expatri\u00e9e de Bretagne, c\u2019est \u00e0 Strasbourg qu\u2019elle d\u00e9veloppe depuis bient\u00f4t 4 ans ses connaissances et sa sensibilit\u00e9 aux arts graphiques. <br \/>\n<\/span><span style=\"font-weight: 400\">C\u2019est apr\u00e8s un BTS en design graphique m\u00e9dias num\u00e9riques, qu\u2019elle s\u2019oriente vers l\u2019insitu lab. Pour d\u00e9velopper, l\u2019\u00e9change et le partage avec l\u2019autre. Sa r\u00e9flexion se construit autour de la place de l\u2019usager dans son parcours utilisateur. <br \/>\n<\/span><span style=\"font-weight: 400\">Elle oriente son projet de fin d\u2019\u00e9tude sur la d\u00e9couverte de la ville de Strasbourg. En impliquant les passants dans l\u2019exploration de leur patrimoine. Offrant un parcours sensible et enivrant dans la ville.<\/span><\/p>\n<p style=\"text-align: left\"><\/div>\n<p style=\"text-align: left\"><div class=\"organic-column one-half last\">\n<h3><a href=\"https:\/\/mangetmoi.tumblr.com\/\">Mang(et) moi<\/a><\/h3>\n<p style=\"text-align: left\"><span style=\"font-weight: 400\">Strasbourg, c\u2019est la cath\u00e9drale et les maisons \u00e0 colombages. Strasbourg, c\u2019est aussi la gastronomie typique, la <\/span><i><span style=\"font-weight: 400\">flammekueche<\/span><\/i><span style=\"font-weight: 400\">, le <\/span><i><span style=\"font-weight: 400\">bretzel<\/span><\/i><span style=\"font-weight: 400\">. <br \/>\n<\/span><span style=\"font-weight: 400\">Aujourd\u2019hui, nous sommes dans une soci\u00e9t\u00e9 o\u00f9 les nombreux restaurants et autres \u00e9v\u00e8nements consacr\u00e9s \u00e0 la \u00ab food \u00bb nous submergent. Il s\u2019agit \u00e0 travers ce projet de revenir \u00e0 un mod\u00e8le plus qualitatif du repas, ancr\u00e9 dans la commensalit\u00e9, le partage et l\u2019urbanit\u00e9. Telle en est la recette: <br \/>\n<\/span><\/p>\n<ul style=\"text-align: left\">\n<li><span style=\"font-weight: 400\">Investir la \u00ab Krutenau pi\u00e9tonne \u00bb <\/span><\/li>\n<li><span style=\"font-weight: 400\">D\u00e9finir la rue comme un lieu de rencontre culinaire.<\/span><\/li>\n<li><span style=\"font-weight: 400\">Vivre l\u2019exp\u00e9rience du milieu urbain \u00e0 travers l\u2019acte intime de manger.<\/span><\/li>\n<li><span style=\"font-weight: 400\">Repenser le rituel du repas dans l\u2019espace urbain par le sensoriel. \u00c0 table !<\/span><\/li>\n<\/ul>\n<p><span style=\"font-weight: 400\"><a href=\"https:\/\/mangetmoi.tumblr.com\/\">https:\/\/mangetmoi.tumblr.com\/<\/a><br \/>\n<\/span><\/p>\n<p style=\"text-align: left\"><a href=\"http:\/\/www.lyceelecorbusier.eu\/dsaa\/wp-content\/uploads\/sites\/4\/2018\/11\/anais.gif\"><img loading=\"lazy\" width=\"800\" height=\"800\" class=\"size-full wp-image-2826 aligncenter\" src=\"http:\/\/www.lyceelecorbusier.eu\/dsaa\/wp-content\/uploads\/sites\/4\/2018\/11\/anais.gif\" alt=\"\" \/><\/a><\/p>\n<p style=\"text-align: left\"><a href=\"https:\/\/www.behance.net\/anaisfvra956\">Ana\u00efs Favre<\/a><br \/>\nAna\u00efs Favre. Ann\u00e9cienne, Marseillaise et enfin Strasbourgeoise. C&#8217;est ici, \u00e0 Illkirch Graffenstaden, qu&#8217;elle poursuit son parcours au sein du DSAA de l\u2019InsituLab. <br \/>\nApr\u00e8s un BTS Design d&#8217;Espace, une orientation vers le design de service public se r\u00e9v\u00e8le \u00eatre une \u00e9vidence. <br \/>\nDynamique, curieuse et pleine de vie, elle n&#8217;a pas la langue dans sa poche et son rire est communicatif. <br \/>\nPassionn\u00e9 par le design et la cuisine, ces deux points lui paraissent essentiels pour \u00e9voluer vers son projet de dipl\u00f4me. <br \/>\nC&#8217;est pourquoi, aujourd&#8217;hui, elle souhaite mettre en pratique une forme de design, urbain, orient\u00e9 sur l&#8217;usager, afin de travailler et r\u00e9unir du public sur un rite r\u00e9pandu dans toutes les soci\u00e9t\u00e9s. Le repas.<\/p>\n<p style=\"text-align: left\"><\/div><div class=\"clearboth\"><\/div>\n<p style=\"text-align: left\"><div class=\"organic-column one-half\">\n<h3><a href=\"https:\/\/internettribune.tumblr.com\/\">Internet tribune<\/a><\/h3>\n<p><span style=\"font-weight: 400\"><span style=\"color: #000000\">Le dipl\u00f4me de Timoth\u00e9e va interroger la libert\u00e9 d&#8217;expression sur les places publiques de Strasbourg. Pour cela il va s\u2019inspirer d\u2019Internet et de ses pratiques du d\u00e9tournements, plus particuli\u00e8rement du ph\u00e9nom\u00e8ne meme, un outil d\u2019expression et de production amateur, maintenant incontournable dans la culture populaire internet.<\/span>\u00a0Par des dispositifs d&#8217;affichages, de r\u00e9coltes et de sc\u00e9nographies je vais transposer ces pratiques dans l&#8217;espace tangible.<br \/>\n<a href=\"https:\/\/internettribune.tumblr.com\/\">https:\/\/internettribune.tumblr.com\/ <\/a><\/span><\/p>\n<p style=\"text-align: left\"><a href=\"http:\/\/www.lyceelecorbusier.eu\/dsaa\/wp-content\/uploads\/sites\/4\/2018\/11\/tim.gif\"><img loading=\"lazy\" class=\"alignnone wp-image-2824 size-full\" src=\"http:\/\/www.lyceelecorbusier.eu\/dsaa\/wp-content\/uploads\/sites\/4\/2018\/11\/tim.gif\" alt=\"\" width=\"800\" height=\"800\" \/><\/a><\/p>\n<p style=\"text-align: left\"><span style=\"font-weight: 400\"><a href=\"https:\/\/timotheee.hotglue.me\/\">Thimoth\u00e9e Martin<\/a><br \/>\nCherchant un lieu de convergence entre les pratiques du design et le monde r\u00e9el, Timoth\u00e9e entame une formation \u00e0 l&#8217;InSituLab. Bien qu&#8217;il soit issu d&#8217;un BTS design de produit \u00e0 l&#8217;ESAAB de Nevers (58), il accorde une importance particuli\u00e8re \u00e0 la porosit\u00e9 du design produit avec le graphisme, l&#8217;espace, et, plus largement, avec la vie quotidienne de chacun.<\/span><\/p>\n<p style=\"text-align: left\"><\/div>\n<p style=\"text-align: left\"><div class=\"organic-column one-half last\">\n<h3><a href=\"https:\/\/circulation-alternative.tumblr.com\/\">Mobilit\u00e9s alternatives\u00a0<\/a><\/h3>\n<p style=\"text-align: left\"><span style=\"font-weight: 400\">La ville est r\u00e9glement\u00e9 de toute part : \u00a0de sa circulation \u00e0 ces lieux de repo et jeux. Certain arrive \u00e0 se l&#8217;approprier et la red\u00e9finir \u00e0 travers le skate. Pourtant les skateurs sont exclut de la ville et sont per\u00e7u d&#8217;un mauvais oeil par les riverains.<br \/>\n<\/span><span style=\"font-weight: 400\">Comment peut-on changer cette opinion sur la pratique du street-skate ? <br \/>\n<\/span><span style=\"font-weight: 400\">C&#8217;est \u00e0 travers un parcours du mus\u00e9e d&#8217;art moderne au quai de rive \u00e9toile, que je souhaite faire vivre l\u2019exp\u00e9rience du skate au riverain et ainsi am\u00e9liorer la co-habitation.<br \/>\n<a href=\"https:\/\/circulation-alternative.tumblr.com\/\">https:\/\/circulation-alternative.tumblr.com\/<\/a><br \/>\n<\/span><\/p>\n<p style=\"text-align: left\"><a href=\"http:\/\/www.lyceelecorbusier.eu\/dsaa\/wp-content\/uploads\/sites\/4\/2018\/11\/salome.gif\"><img loading=\"lazy\" class=\"alignnone wp-image-2822 size-full\" src=\"http:\/\/www.lyceelecorbusier.eu\/dsaa\/wp-content\/uploads\/sites\/4\/2018\/11\/salome.gif\" alt=\"\" width=\"800\" height=\"800\" \/><\/a><\/p>\n<p style=\"text-align: left\"><span style=\"font-weight: 400\"><a href=\"https:\/\/salomeraphael.tumblr.com\/\">Salom\u00e9 Rapha\u00ebl<\/a><br \/>\nC&#8217;est \u00e0 Montpellier que Salom\u00e9 obtient son BTS Communication Espace et Volume, pour \u00a0quitter le sud et allez affronter le froid de Strasbourg. Ici, elle poursuit son cursus \u00e0 l&#8217;InStitu Lab en mention espace. La m\u00e9thodologie et l&#8217;enqu\u00eate de terrain lui permet d&#8217;aborder ces projets de mani\u00e8re plus compl\u00e8te et de l&#8217;ouvrir \u00e0 un design proche de l&#8217;utilisateur et son environnement.<br \/>\n<\/span><span style=\"font-weight: 400\">Membre du laboratoire 10-fusions, c&#8217;est la travers\u00e9e du centre ville qui motive son projet de fin de dipl\u00f4me. Elle souhaite comme les autres designers de sont \u00e9quipe faire vivre une nouvelle exp\u00e9rience aux passants et habitant, mais \u00e0 travers l&#8217;exp\u00e9rience du skate. <\/span><\/p>\n<p style=\"text-align: left\"><\/div><div class=\"clearboth\"><\/div>\n<p style=\"text-align: left\"><div class=\"organic-column one-half\">\n<h3><a href=\"https:\/\/respiration-urbaine.tumblr.com\">Respirations Urbaines<\/a><\/h3>\n<p><span style=\"font-weight: 400\">La ville est espace o\u00f9 tout est concentr\u00e9 et connect\u00e9. La soci\u00e9t\u00e9 dans laquelle nous \u00e9voluons peut parfois \u00eatre oppressante. Camille souhaiterait offrir des espaces de respiration dans l\u2019artificialit\u00e9 de la ville, qui soient disponibles \u00e0 tous. Investir des lieux d\u00e9laiss\u00e9s dans la ville pour en faire des espaces plus po\u00e9tiques, \u00e9gayer le quotidien des passants juste en traversant ce lieu, sont autant de probl\u00e9matiques auxquelles Camille s\u2019int\u00e9ressent. Ces lieux de d\u00e9connexion feront l\u2019objet de nouvelles atmosph\u00e8res au sein du tissu urbain.<br \/>\n<\/span><span style=\"font-weight: 400\">Le bien-\u00eatre des citadins est un \u00e9l\u00e9ment important du projet \u00ab Respiration urbaine \u00bb. Beaucoup ressentent le besoin de s\u2019\u00e9vader, juste le temps d\u2019un instant, afin de d\u00e9compresser. \u00a0Offrir des espaces plus po\u00e9tiques dans la rue, permet de reprendre son souffle, avant de repartir affronter le monde urbain.<br \/>\n<a href=\"https:\/\/respiration-urbaine.tumblr.com\">https:\/\/respiration-urbaine.tumblr.com<\/a><br \/>\n<\/span><\/p>\n<p style=\"text-align: left\"><a href=\"http:\/\/www.lyceelecorbusier.eu\/design-soin-sante\/?p=56\">Camille Morel<\/a><a href=\"http:\/\/www.lyceelecorbusier.eu\/dsaa\/wp-content\/uploads\/sites\/4\/2018\/11\/cam.gif\"><img loading=\"lazy\" class=\"aligncenter wp-image-2821 size-full\" src=\"http:\/\/www.lyceelecorbusier.eu\/dsaa\/wp-content\/uploads\/sites\/4\/2018\/11\/cam.gif\" alt=\"\" width=\"800\" height=\"800\" \/><\/a><\/p>\n<p><span style=\"font-weight: 400\">Apr\u00e8s une MANAA, o\u00f9 Camille a pu exp\u00e9rimenter tous les domaines du design, une licence d\u2019histoire de l\u2019art, lui permet d\u2019approfondir ses connaissances et de s\u2019ouvrir vers de nouveaux horizons.<br \/>\n<\/span><span style=\"font-weight: 400\">Elle se sp\u00e9cialise alors dans le design d\u2019espace. L\u2019am\u00e9nagement d\u2019espaces lui permet de concilier fonctionnalit\u00e9s et usages. La relation entre les espaces et ceux qui l\u2019habitent est une question importante pour Camille. Elle souhaite mettre en valeur les diff\u00e9rents espaces de la ville pour les habitants.<br \/>\n<\/span><span style=\"font-weight: 400\">Elle r\u00e9alise, aujourd\u2019hui, un DSAA \u00e0 l\u2019In Situ Lab, afin d\u2019\u00eatre au plus proche de l\u2019usager pour ses projets.<\/span><\/p>\n<p style=\"text-align: left\"><\/div>\n<p style=\"text-align: left\">\u00a0<\/p>\n<p>&nbsp;<\/p>\n","protected":false},"excerpt":{"rendered":"<p>Quatre projets ancr\u00e9s dans la ville et ses centres, places, n\u0153uds des r\u00e9seaux urbains. Quels sont les communs de ces points de contact, entre patrimoine, matrimoine, d\u00e9placements outill\u00e9s, mais aussi leurs r\u00e9sonances dans les espaces num\u00e9riques ? Les&#8230; <a class=\"read-more\" href=\"https:\/\/www.lyceelecorbusier.eu\/dsaa\/?p=2790\">Lire la suite&#8230;<\/a><\/p>\n","protected":false},"author":6,"featured_media":2793,"comment_status":"closed","ping_status":"closed","sticky":false,"template":"","format":"standard","meta":[],"categories":[76],"tags":[],"_links":{"self":[{"href":"https:\/\/www.lyceelecorbusier.eu\/dsaa\/index.php?rest_route=\/wp\/v2\/posts\/2790"}],"collection":[{"href":"https:\/\/www.lyceelecorbusier.eu\/dsaa\/index.php?rest_route=\/wp\/v2\/posts"}],"about":[{"href":"https:\/\/www.lyceelecorbusier.eu\/dsaa\/index.php?rest_route=\/wp\/v2\/types\/post"}],"author":[{"embeddable":true,"href":"https:\/\/www.lyceelecorbusier.eu\/dsaa\/index.php?rest_route=\/wp\/v2\/users\/6"}],"replies":[{"embeddable":true,"href":"https:\/\/www.lyceelecorbusier.eu\/dsaa\/index.php?rest_route=%2Fwp%2Fv2%2Fcomments&post=2790"}],"version-history":[{"count":20,"href":"https:\/\/www.lyceelecorbusier.eu\/dsaa\/index.php?rest_route=\/wp\/v2\/posts\/2790\/revisions"}],"predecessor-version":[{"id":2966,"href":"https:\/\/www.lyceelecorbusier.eu\/dsaa\/index.php?rest_route=\/wp\/v2\/posts\/2790\/revisions\/2966"}],"wp:featuredmedia":[{"embeddable":true,"href":"https:\/\/www.lyceelecorbusier.eu\/dsaa\/index.php?rest_route=\/wp\/v2\/media\/2793"}],"wp:attachment":[{"href":"https:\/\/www.lyceelecorbusier.eu\/dsaa\/index.php?rest_route=%2Fwp%2Fv2%2Fmedia&parent=2790"}],"wp:term":[{"taxonomy":"category","embeddable":true,"href":"https:\/\/www.lyceelecorbusier.eu\/dsaa\/index.php?rest_route=%2Fwp%2Fv2%2Fcategories&post=2790"},{"taxonomy":"post_tag","embeddable":true,"href":"https:\/\/www.lyceelecorbusier.eu\/dsaa\/index.php?rest_route=%2Fwp%2Fv2%2Ftags&post=2790"}],"curies":[{"name":"wp","href":"https:\/\/api.w.org\/{rel}","templated":true}]}}