{"id":2512,"date":"2017-06-08T16:56:47","date_gmt":"2017-06-08T15:56:47","guid":{"rendered":"http:\/\/www.lyceelecorbusier.eu\/dsaa\/?p=2512"},"modified":"2021-02-08T11:06:30","modified_gmt":"2021-02-08T10:06:30","slug":"entrez-en-paysages","status":"publish","type":"post","link":"https:\/\/www.lyceelecorbusier.eu\/dsaa\/?p=2512","title":{"rendered":"Entrez en paysages"},"content":{"rendered":"<p class=\"p1\"><!--more--><\/p>\n<p class=\"p1\">\u00a0<a href=\"http:\/\/www.lyceelecorbusier.eu\/dsaa\/wp-content\/uploads\/sites\/4\/2017\/06\/Capture-d\u2019e\u0301cran-2017-06-10-a\u0300-17.45.03.png\"><img loading=\"lazy\" width=\"1024\" height=\"809\" class=\"alignnone size-large wp-image-2567\" src=\"http:\/\/www.lyceelecorbusier.eu\/dsaa\/wp-content\/uploads\/sites\/4\/2017\/06\/Capture-d\u2019e\u0301cran-2017-06-10-a\u0300-17.45.03-1024x809.png\" alt=\"\" srcset=\"https:\/\/www.lyceelecorbusier.eu\/dsaa\/wp-content\/uploads\/sites\/4\/2017\/06\/Capture-d\u2019e\u0301cran-2017-06-10-a\u0300-17.45.03-1024x809.png 1024w, https:\/\/www.lyceelecorbusier.eu\/dsaa\/wp-content\/uploads\/sites\/4\/2017\/06\/Capture-d\u2019e\u0301cran-2017-06-10-a\u0300-17.45.03-300x237.png 300w, https:\/\/www.lyceelecorbusier.eu\/dsaa\/wp-content\/uploads\/sites\/4\/2017\/06\/Capture-d\u2019e\u0301cran-2017-06-10-a\u0300-17.45.03-768x607.png 768w, https:\/\/www.lyceelecorbusier.eu\/dsaa\/wp-content\/uploads\/sites\/4\/2017\/06\/Capture-d\u2019e\u0301cran-2017-06-10-a\u0300-17.45.03-960x759.png 960w, https:\/\/www.lyceelecorbusier.eu\/dsaa\/wp-content\/uploads\/sites\/4\/2017\/06\/Capture-d\u2019e\u0301cran-2017-06-10-a\u0300-17.45.03.png 1115w\" sizes=\"(max-width: 1024px) 100vw, 1024px\" \/><\/a><\/p>\n<p class=\"p1\">S\u2019inscrivant dans une d\u00e9marche de dynamisation des territoires, les \u00e9tudiants de l\u2019In Situ Lab investissent le site de l\u2019\u00e9tang de Hanau le temps d\u2019un workshop de quatre jours, dans le cadre d\u2019un partenariat avec le Parc naturel r\u00e9gional des Vosges du nord, la municipalit\u00e9 de Philippsbourg, la r\u00e9serve naturelle et l\u2019ONF. Constitu\u00e9s en cinq \u00e9quipes pluridisciplinaires, les designers nous invitent \u00e0 exp\u00e9rimenter parcours et installations visant \u00e0 questionner notre rapport au site, selon trois axes de r\u00e9flexion : comment trouver refuge, s\u2019abriter de fa\u00e7on l\u00e9g\u00e8re et \u00e9ph\u00e9m\u00e8re ; quoi et comment observer ; comment envisager et dessiner des circuits d\u2019itin\u00e9rance&#8230;<\/p>\n<p class=\"p1\">\n\t\t<!-- MasterSlider -->\n\t\t<div id=\"P_MS69f2351c70210\" class=\"master-slider-parent msl ms-parent-id-88\" style=\"max-width:980px;\">\n\n\t\t\t\n\t\t\t<!-- MasterSlider Main -->\n\t\t\t<div id=\"MS69f2351c70210\" class=\"master-slider ms-skin-light-3\" >\n\t\t\t\t \t\t\t\t \n\t\t\t\t<div  class=\"ms-slide\" data-delay=\"3\" data-fill-mode=\"fill\"  >\n\t\t\t\t\t<img src=\"https:\/\/www.lyceelecorbusier.eu\/dsaa\/wp-content\/plugins\/master-slider\/public\/assets\/css\/blank.gif\" alt=\"\" title=\"\" data-src=\"https:\/\/www.lyceelecorbusier.eu\/dsaa\/wp-content\/uploads\/sites\/4\/2017\/06\/Capture-d\u2019e\u0301cran-2017-06-10-a\u0300-12.56.01.jpg\" \/>\n\n\n\t<div class=\"ms-thumb\" ><div class=\"ms-tab-context\"><div class=&quot;ms-tab-context&quot;><\/div><\/div>\n<\/div>\n\t\t\t\t<\/div>\n\t\t\t\t<div  class=\"ms-slide\" data-delay=\"3\" data-fill-mode=\"fill\"  >\n\t\t\t\t\t<img src=\"https:\/\/www.lyceelecorbusier.eu\/dsaa\/wp-content\/plugins\/master-slider\/public\/assets\/css\/blank.gif\" alt=\"\" title=\"\" data-src=\"https:\/\/www.lyceelecorbusier.eu\/dsaa\/wp-content\/uploads\/sites\/4\/2017\/06\/Capture-d\u2019e\u0301cran-2017-06-10-a\u0300-12.54.07.jpg\" \/>\n\n\n\t<div class=\"ms-thumb\" ><div class=\"ms-tab-context\"><div class=&quot;ms-tab-context&quot;><\/div><\/div>\n<\/div>\n\t\t\t\t<\/div>\n\t\t\t\t<div  class=\"ms-slide\" data-delay=\"3\" data-fill-mode=\"fill\"  >\n\t\t\t\t\t<img src=\"https:\/\/www.lyceelecorbusier.eu\/dsaa\/wp-content\/plugins\/master-slider\/public\/assets\/css\/blank.gif\" alt=\"\" title=\"\" data-src=\"https:\/\/www.lyceelecorbusier.eu\/dsaa\/wp-content\/uploads\/sites\/4\/2017\/06\/DSC_0124.jpg\" \/>\n\n\n\t<div class=\"ms-thumb\" ><div class=\"ms-tab-context\"><div class=&quot;ms-tab-context&quot;><\/div><\/div>\n<\/div>\n\t\t\t\t<\/div>\n\t\t\t\t<div  class=\"ms-slide\" data-delay=\"3\" data-fill-mode=\"fill\"  >\n\t\t\t\t\t<img src=\"https:\/\/www.lyceelecorbusier.eu\/dsaa\/wp-content\/plugins\/master-slider\/public\/assets\/css\/blank.gif\" alt=\"\" title=\"\" data-src=\"https:\/\/www.lyceelecorbusier.eu\/dsaa\/wp-content\/uploads\/sites\/4\/2017\/06\/DSC_0119-2.jpg\" \/>\n\n\n\t<div class=\"ms-thumb\" ><div class=\"ms-tab-context\"><div class=&quot;ms-tab-context&quot;><\/div><\/div>\n<\/div>\n\t\t\t\t<\/div>\n\t\t\t\t<div  class=\"ms-slide\" data-delay=\"3\" data-fill-mode=\"fill\"  >\n\t\t\t\t\t<img src=\"https:\/\/www.lyceelecorbusier.eu\/dsaa\/wp-content\/plugins\/master-slider\/public\/assets\/css\/blank.gif\" alt=\"\" title=\"\" data-src=\"https:\/\/www.lyceelecorbusier.eu\/dsaa\/wp-content\/uploads\/sites\/4\/2017\/06\/DSC_0108.jpg\" \/>\n\n\n\t<div class=\"ms-thumb\" ><div class=\"ms-tab-context\"><div class=&quot;ms-tab-context&quot;><\/div><\/div>\n<\/div>\n\t\t\t\t<\/div>\n\t\t\t\t<div  class=\"ms-slide\" data-delay=\"3\" data-fill-mode=\"fill\"  >\n\t\t\t\t\t<img src=\"https:\/\/www.lyceelecorbusier.eu\/dsaa\/wp-content\/plugins\/master-slider\/public\/assets\/css\/blank.gif\" alt=\"\" title=\"\" data-src=\"https:\/\/www.lyceelecorbusier.eu\/dsaa\/wp-content\/uploads\/sites\/4\/2017\/06\/Capture-d\u2019e\u0301cran-2017-06-10-a\u0300-12.56.31.jpg\" \/>\n\n\n\t<div class=\"ms-thumb\" ><div class=\"ms-tab-context\"><div class=&quot;ms-tab-context&quot;><\/div><\/div>\n<\/div>\n\t\t\t\t<\/div>\n\t\t\t\t<div  class=\"ms-slide\" data-delay=\"3\" data-fill-mode=\"fill\"  >\n\t\t\t\t\t<img src=\"https:\/\/www.lyceelecorbusier.eu\/dsaa\/wp-content\/plugins\/master-slider\/public\/assets\/css\/blank.gif\" alt=\"\" title=\"\" data-src=\"https:\/\/www.lyceelecorbusier.eu\/dsaa\/wp-content\/uploads\/sites\/4\/2017\/06\/Capture-d\u2019e\u0301cran-2017-06-10-a\u0300-12.56.08.jpg\" \/>\n\n\n\t<div class=\"ms-thumb\" ><div class=\"ms-tab-context\"><div class=&quot;ms-tab-context&quot;><\/div><\/div>\n<\/div>\n\t\t\t\t<\/div>\n\t\t\t\t<div  class=\"ms-slide\" data-delay=\"3\" data-fill-mode=\"fill\"  >\n\t\t\t\t\t<img src=\"https:\/\/www.lyceelecorbusier.eu\/dsaa\/wp-content\/plugins\/master-slider\/public\/assets\/css\/blank.gif\" alt=\"\" title=\"\" data-src=\"https:\/\/www.lyceelecorbusier.eu\/dsaa\/wp-content\/uploads\/sites\/4\/2017\/06\/Capture-d\u2019e\u0301cran-2017-06-10-a\u0300-12.56.50.jpg\" \/>\n\n\n\t<div class=\"ms-thumb\" ><div class=\"ms-tab-context\"><div class=&quot;ms-tab-context&quot;><\/div><\/div>\n<\/div>\n\t\t\t\t<\/div>\n\t\t\t\t<div  class=\"ms-slide\" data-delay=\"3\" data-fill-mode=\"fill\"  >\n\t\t\t\t\t<img src=\"https:\/\/www.lyceelecorbusier.eu\/dsaa\/wp-content\/plugins\/master-slider\/public\/assets\/css\/blank.gif\" alt=\"\" title=\"\" data-src=\"https:\/\/www.lyceelecorbusier.eu\/dsaa\/wp-content\/uploads\/sites\/4\/2017\/06\/Capture-d\u2019e\u0301cran-2017-06-10-a\u0300-12.56.38.jpg\" \/>\n\n\n\t<div class=\"ms-thumb\" ><div class=\"ms-tab-context\"><div class=&quot;ms-tab-context&quot;><\/div><\/div>\n<\/div>\n\t\t\t\t<\/div>\n\t\t\t\t<div  class=\"ms-slide\" data-delay=\"3\" data-fill-mode=\"fill\"  >\n\t\t\t\t\t<img src=\"https:\/\/www.lyceelecorbusier.eu\/dsaa\/wp-content\/plugins\/master-slider\/public\/assets\/css\/blank.gif\" alt=\"\" title=\"\" data-src=\"https:\/\/www.lyceelecorbusier.eu\/dsaa\/wp-content\/uploads\/sites\/4\/2017\/06\/Capture-d\u2019e\u0301cran-2017-06-10-a\u0300-12.56.44.jpg\" \/>\n\n\n\t<div class=\"ms-thumb\" ><div class=\"ms-tab-context\"><div class=&quot;ms-tab-context&quot;><\/div><\/div>\n<\/div>\n\t\t\t\t<\/div>\n\t\t\t\t<div  class=\"ms-slide\" data-delay=\"3\" data-fill-mode=\"fill\"  >\n\t\t\t\t\t<img src=\"https:\/\/www.lyceelecorbusier.eu\/dsaa\/wp-content\/plugins\/master-slider\/public\/assets\/css\/blank.gif\" alt=\"\" title=\"\" data-src=\"https:\/\/www.lyceelecorbusier.eu\/dsaa\/wp-content\/uploads\/sites\/4\/2017\/06\/DSC_0051-2.jpg\" \/>\n\n\n\t<div class=\"ms-thumb\" ><div class=\"ms-tab-context\"><div class=&quot;ms-tab-context&quot;><\/div><\/div>\n<\/div>\n\t\t\t\t<\/div>\n\t\t\t\t<div  class=\"ms-slide\" data-delay=\"3\" data-fill-mode=\"fill\"  >\n\t\t\t\t\t<img src=\"https:\/\/www.lyceelecorbusier.eu\/dsaa\/wp-content\/plugins\/master-slider\/public\/assets\/css\/blank.gif\" alt=\"\" title=\"\" data-src=\"https:\/\/www.lyceelecorbusier.eu\/dsaa\/wp-content\/uploads\/sites\/4\/2017\/06\/Capture-d\u2019e\u0301cran-2017-06-10-a\u0300-12.56.16.jpg\" \/>\n\n\n\t<div class=\"ms-thumb\" ><div class=\"ms-tab-context\"><div class=&quot;ms-tab-context&quot;><\/div><\/div>\n<\/div>\n\t\t\t\t<\/div>\n\t\t\t\t<div  class=\"ms-slide\" data-delay=\"3\" data-fill-mode=\"fill\"  >\n\t\t\t\t\t<img src=\"https:\/\/www.lyceelecorbusier.eu\/dsaa\/wp-content\/plugins\/master-slider\/public\/assets\/css\/blank.gif\" alt=\"\" title=\"\" data-src=\"https:\/\/www.lyceelecorbusier.eu\/dsaa\/wp-content\/uploads\/sites\/4\/2017\/06\/Capture-d\u2019e\u0301cran-2017-06-10-a\u0300-12.56.23.jpg\" \/>\n\n\n\t<div class=\"ms-thumb\" ><div class=\"ms-tab-context\"><div class=&quot;ms-tab-context&quot;><\/div><\/div>\n<\/div>\n\t\t\t\t<\/div>\n\t\t\t\t<div  class=\"ms-slide\" data-delay=\"3\" data-fill-mode=\"fill\"  >\n\t\t\t\t\t<img src=\"https:\/\/www.lyceelecorbusier.eu\/dsaa\/wp-content\/plugins\/master-slider\/public\/assets\/css\/blank.gif\" alt=\"\" title=\"\" data-src=\"https:\/\/www.lyceelecorbusier.eu\/dsaa\/wp-content\/uploads\/sites\/4\/2017\/06\/DSC_0019.jpg\" \/>\n\n\n\t<div class=\"ms-thumb\" ><div class=\"ms-tab-context\"><div class=&quot;ms-tab-context&quot;><\/div><\/div>\n<\/div>\n\t\t\t\t<\/div>\n\n\t\t\t<\/div>\n\t\t\t<!-- END MasterSlider Main -->\n\n\t\t\t \n\t\t<\/div>\n\t\t<!-- END MasterSlider -->\n\n\t\t<script>\n\t\t(function ( $ ) {\n\t\t\t\"use strict\";\n\n\t\t\t$(function () {\n\t\t\t\tvar masterslider_0210 = new MasterSlider();\n\n\t\t\t\t\/\/ slider controls\n\t\t\t\tmasterslider_0210.control('arrows'     ,{ autohide:false, overVideo:true  });\n\t\t\t\t\/\/ slider setup\n\t\t\t\tmasterslider_0210.setup(\"MS69f2351c70210\", {\n\t\t\t\t\t\twidth           : 800,\n\t\t\t\t\t\theight          : 480,\n\t\t\t\t\t\tminHeight       : 0,\n\t\t\t\t\t\tspace           : 0,\n\t\t\t\t\t\tstart           : 1,\n\t\t\t\t\t\tgrabCursor      : true,\n\t\t\t\t\t\tswipe           : true,\n\t\t\t\t\t\tmouse           : true,\n\t\t\t\t\t\tlayout          : \"boxed\",\n\t\t\t\t\t\twheel           : false,\n\t\t\t\t\t\tautoplay        : true,\n\t\t\t\t\t\tinstantStartLayers:false,\n\t\t\t\t\t\tloop            : true,\n\t\t\t\t\t\tshuffle         : false,\n\t\t\t\t\t\tpreload         : 0,\n\t\t\t\t\t\theightLimit     : true,\n\t\t\t\t\t\tautoHeight      : true,\n\t\t\t\t\t\tsmoothHeight    : true,\n\t\t\t\t\t\tendPause        : false,\n\t\t\t\t\t\toverPause       : true,\n\t\t\t\t\t\tfillMode        : \"fill\",\n\t\t\t\t\t\tcenterControls  : true,\n\t\t\t\t\t\tstartOnAppear   : false,\n\t\t\t\t\t\tlayersMode      : \"center\",\n\t\t\t\t\t\thideLayers      : false,\n\t\t\t\t\t\tfullscreenMargin: 0,\n\t\t\t\t\t\tspeed           : 20,\n\t\t\t\t\t\tdir             : \"h\",\n\t\t\t\t\t\tparallaxMode    : 'swipe',\n\t\t\t\t\t\tview            : \"fade\"\n\t\t\t\t});\n\n\t\t\t\t\n\t\t\t\twindow.masterslider_instances = window.masterslider_instances || [];\n\t\t\t\twindow.masterslider_instances.push( masterslider_0210 );\n\t\t\t });\n\n\t\t})(jQuery);\n\t\t<\/script>\n\n\n<h2 class=\"p1\">1.La balade racont\u00e9e<\/h2>\n<p class=\"p1\">Venez d\u00e9couvrir les mythes et l\u00e9gendes qui animent depuis toujours de l\u2019\u00e9tang de Hanau. Au d\u00e9tour d\u2019un sentier serpentant le long de l\u2019eau et menant aux tourbi\u00e8res, nous vous invitons \u00e0 prendre part \u00e0 l\u2019histoire. Des micro-mondes enti\u00e8rement bleus sont \u00e9parpill\u00e9s ici et l\u00e0. Approchez-vous, n\u2019ayez pas peur&#8230; D\u00e9couvrez les brigands et la brume enchanteresse qui ont exist\u00e9 autrefois \u00e0 Hanau. Nous vous invitons \u00e0 poser un nouveau regard sur les paysages qui vous entourent, par le biais d\u2019une multitude de micro-installations sc\u00e9nographiques, relatant les l\u00e9gendes et r\u00e9cits locaux qui ont fait l\u2019histoire du lieu.<\/p>\n<h2 class=\"p1\">2.Le trameur<\/h2>\n<p class=\"p1\">Vous vous promenez dans la for\u00eat, et ce que vous en retenez, c\u2019est l\u2019immensit\u00e9 qui vous entoure&#8230; Mais avez-vous r\u00e9ellement fait attention \u00e0 la diversit\u00e9 de la flore qui s\u2019y trouve ? Vous savez, toutes ces plantes qui poussent sous votre ligne de regard, \u00e0 ras du sol ? D\u00e9couvrez Le Trameur. C\u2019est une installation qui propose aux promeneurs de d\u00e9couvrir autrement l\u2019environnement v\u00e9g\u00e9tal qui les entoure. Des cadres en bois sont diss\u00e9min\u00e9s le long d\u2019un chemin signal\u00e9 par un panneau, \u00e0 l\u2019entr\u00e9e du parcours. Sur chaque cadre figure une trame v\u00e9g\u00e9tale, peinte \u00e0 la chaux par un proc\u00e9d\u00e9 de tampons et pochoirs, qui reprend un \u00e9l\u00e9ment v\u00e9g\u00e9tal sp\u00e9cifique se trouvant \u00e0 proximit\u00e9 du lieu d\u2019implantation. Figure \u00e9galement le nom latin de chaque esp\u00e8ce. Les couleurs utilis\u00e9es sont des pigments naturels, dans une volont\u00e9 de respect de l\u2019environnement. L\u2019int\u00e9gration \u00e0 l\u2019espace a \u00e9galement \u00e9t\u00e9 prise en compte puisque la majeure partie de nos installations se trouve au sein de la r\u00e9serve. Ces cadres ont pour objectif d\u2019apprendre aux promeneurs \u00e0 voir autrement, \u00e0 prendre leur temps pour observer ce qui les entoure, tout en cherchant \u00e0 aiguiser leur regard. Alors la prochaine fois que vous vous y baladerez, ouvrez l\u2019\u0153il !<\/p>\n<h2 class=\"p1\">3.Harmonie<\/h2>\n<p class=\"p1\">Mais quelle est cette forme ovo\u00efde nich\u00e9e au coeur de la for\u00eat ? C\u2019est Lenny ! Ce cocon sylvestre vous accueille pour un moment de pause, de sieste et de contemplation loin de toutes vos pr\u00e9occupations. Une fois pris dans ses filets, il vous sera difficile d\u2019en ressortir ! C\u2019est aupr\u00e8s de Nicole que vous pourrez vous asseoir et profiter d\u2019un espace propice \u00e0 la conversation, id\u00e9al pour un t\u00eate \u00e0 t\u00eate. N\u2019oubliez pas de rendre visite \u00e0 Nikita, impatiente de jouer avec vous ! Prenez place en son sein et laissez-vous rouler. Elle vous fera tourner la t\u00eate ! \u00c7a y est, vous y \u00eates, en parfaite Harmonie, profitant d\u2019un instant ludique et reposant dans le Parc Naturel R\u00e9gional des Vosges du Nord, la prochaine fois que vous y passerez. Souriez, vous serez repos\u00e9s&#8230;<\/p>\n<h2 class=\"p1\">4.Les Anneaux de Hanau<\/h2>\n<p class=\"p1\">D\u00e9couvrez au d\u00e9tour du parcours p\u00e9dagogique l\u2019abri <em>Anneau<\/em>. Le dispositif &#8211; sur la base de modules \u00e0 assembler\u00a0sur site &#8211; vient \u00e9pouser le tronc de l\u2019arbre. Sa corolle tiss\u00e9e en corde de coton, entre ses charpentes de bois, r\u00e9colte les feuilles d\u2019automne afin d\u2019abriter, en cas de pluie, les promeneurs. Puisque situ\u00e9 dans la r\u00e9serve, l\u2019abri se veut \u00e9ph\u00e9m\u00e8re et respectueux de son environnement. La structure repose sur un bandage en corde de coco, afin de ne pas \u00eatre en contact direct avec l\u2019arbre. L\u2019ensemble est ajust\u00e9 gr\u00e2ce \u00e0 un syst\u00e8me de serrage en bois et cordes. Les mat\u00e9riaux utilis\u00e9s sont destin\u00e9s, en cas de chute, \u00e0 se d\u00e9composer. En automne, les feuilles tombant, <em>Anneau<\/em> pourra entrer dans le paysage et prendre tout son sens\u2026<\/p>\n<h2 class=\"p1\">5.\u00c0-vent-Tu\u0308r<\/h2>\n<p class=\"p1\">Comment revisiter la signal\u00e9tique des sentiers forestiers du Parc Naturel des Vosges du Nord ? Nous, les Envol\u00e9s, proposons une nouvelle mani\u00e8re de parcourir les sentiers en suivant des \u00e9l\u00e9ments de signal\u00e9tique po\u00e9tiques et ludiques. Ces diff\u00e9rentes installations sont activ\u00e9es par le vent ou par les promeneurs. Nous avons mis en place trois installations, un xylophone tiss\u00e9 \u00e0 travers les arbres, fait de tubes de bois creux suspendus, deux portes orn\u00e9es de lani\u00e8res de tissu volant au vent, invitant \u00e0 entrer dans le paysage, et une premi\u00e8re suspension qui carillonne au contact du vent. Elles proposent des points visuels et sonores, qui cr\u00e9ent de nouveaux points de focalisation dans le paysage. \u00c0 long terme, nous voulons proposer un parcours bas\u00e9 sur le chemin du vent en suivant le trac\u00e9 des ch\u00e2teaux et autres pitons rocheux. Toujours dans un esprit po\u00e9tique et ludique, avec le vent pour compagnon de voyage.<\/p>\n<p class=\"p1\">\u00a0<\/p>\n","protected":false},"excerpt":{"rendered":"","protected":false},"author":6,"featured_media":2565,"comment_status":"closed","ping_status":"closed","sticky":false,"template":"","format":"standard","meta":[],"categories":[69],"tags":[],"_links":{"self":[{"href":"https:\/\/www.lyceelecorbusier.eu\/dsaa\/index.php?rest_route=\/wp\/v2\/posts\/2512"}],"collection":[{"href":"https:\/\/www.lyceelecorbusier.eu\/dsaa\/index.php?rest_route=\/wp\/v2\/posts"}],"about":[{"href":"https:\/\/www.lyceelecorbusier.eu\/dsaa\/index.php?rest_route=\/wp\/v2\/types\/post"}],"author":[{"embeddable":true,"href":"https:\/\/www.lyceelecorbusier.eu\/dsaa\/index.php?rest_route=\/wp\/v2\/users\/6"}],"replies":[{"embeddable":true,"href":"https:\/\/www.lyceelecorbusier.eu\/dsaa\/index.php?rest_route=%2Fwp%2Fv2%2Fcomments&post=2512"}],"version-history":[{"count":7,"href":"https:\/\/www.lyceelecorbusier.eu\/dsaa\/index.php?rest_route=\/wp\/v2\/posts\/2512\/revisions"}],"predecessor-version":[{"id":2579,"href":"https:\/\/www.lyceelecorbusier.eu\/dsaa\/index.php?rest_route=\/wp\/v2\/posts\/2512\/revisions\/2579"}],"wp:featuredmedia":[{"embeddable":true,"href":"https:\/\/www.lyceelecorbusier.eu\/dsaa\/index.php?rest_route=\/wp\/v2\/media\/2565"}],"wp:attachment":[{"href":"https:\/\/www.lyceelecorbusier.eu\/dsaa\/index.php?rest_route=%2Fwp%2Fv2%2Fmedia&parent=2512"}],"wp:term":[{"taxonomy":"category","embeddable":true,"href":"https:\/\/www.lyceelecorbusier.eu\/dsaa\/index.php?rest_route=%2Fwp%2Fv2%2Fcategories&post=2512"},{"taxonomy":"post_tag","embeddable":true,"href":"https:\/\/www.lyceelecorbusier.eu\/dsaa\/index.php?rest_route=%2Fwp%2Fv2%2Ftags&post=2512"}],"curies":[{"name":"wp","href":"https:\/\/api.w.org\/{rel}","templated":true}]}}