{"id":2233,"date":"2017-01-17T16:54:25","date_gmt":"2017-01-17T15:54:25","guid":{"rendered":"http:\/\/www.lyceelecorbusier.eu\/dsaa\/?p=2233"},"modified":"2021-02-08T11:08:15","modified_gmt":"2021-02-08T10:08:15","slug":"lectures-locales-3","status":"publish","type":"post","link":"https:\/\/www.lyceelecorbusier.eu\/dsaa\/?p=2233","title":{"rendered":"Lectures Locales #3"},"content":{"rendered":"<div class=\"\">\u00a0<\/div>\n<p><!--more--><\/p>\n<div id=\"magicdomid4\" class=\"\"><span class=\"author-a-nz77zz77zz72zyz81zpz75zz67zz68zz67zz83zz72zfz67zz75z\">Pour la t<\/span><span class=\"author-a-z68z8z82zpr93z122zez86zz69zz82zz75zy6z122z\">roisi\u00e8me <\/span><span class=\"author-a-z85zr7z73zz69zz83zp1djdz77zpdt6\">ann\u00e9e cons\u00e9cutive, l\u2019InSituLab a men\u00e9 une \u00e9tude prospective sur le r\u00e9seau de la Biblioth\u00e8que D\u00e9partementale du Bas-Rhin, notre partenaire depuis 2014.<\/span><\/div>\n<div id=\"magicdomid5\" class=\"\"><span class=\"author-a-z85zr7z73zz69zz83zp1djdz77zpdt6\">Constitu\u00e9s en micro-agences en r\u00e9sidence sur les sites retenus, les \u00e9tudiants ont \u00e9t\u00e9 invit\u00e9s \u00e0 questionner la probl\u00e9matique de la biblioth\u00e8que rurale envisag\u00e9e comme lieu de culture, lieu tiers, ses usages et son avenir.<\/span><\/div>\n<div id=\"magicdomid6\" class=\"\"><span class=\"author-a-z85zr7z73zz69zz83zp1djdz77zpdt6\">Un projet sous la direction de Bruno Lavelle, \u00c9ric Menault et Jean Obrecht.<\/span><\/div>\n<div id=\"magicdomid7\" class=\"\"><span class=\"author-a-z85zr7z73zz69zz83zp1djdz77zpdt6\">Projet men\u00e9 du 3 novembre au 16 d\u00e9cembre 2016 sur\u00a0l<\/span>es sites d&#8217;<span class=\"author-a-z85zr7z73zz69zz83zp1djdz77zpdt6\">HANGENBIETEN,\u00a0<\/span><span class=\"author-a-z85zr7z73zz69zz83zp1djdz77zpdt6\">HOERDT,<\/span><span class=\"author-a-z85zr7z73zz69zz83zp1djdz77zpdt6\">\u00a0FEGERSHEIM,<\/span><span class=\"author-a-z85zr7z73zz69zz83zp1djdz77zpdt6\">\u00a0URMATT,<\/span><span class=\"author-a-z85zr7z73zz69zz83zp1djdz77zpdt6\">\u00a0SAALES et<\/span><span class=\"author-a-z85zr7z73zz69zz83zp1djdz77zpdt6\">\u00a0TRUCHTERSHEIM.<\/span><\/div>\n<div class=\"\">\n<hr \/>\n<h4 id=\"magicdomid17\"><span class=\"author-a-nz77zz77zz72zyz81zpz75zz67zz68zz67zz83zz72zfz67zz75z i\"><i>La Navette\u00a0<\/i><\/span><\/h4>\n<h4 id=\"magicdomid18\"><span class=\"author-a-z68z8z82zpr93z122zez86zz69zz82zz75zy6z122z\">Les Locos<\/span><span class=\"author-a-nz77zz77zz72zyz81zpz75zz67zz68zz67zz83zz72zfz67zz75z\"> (<\/span><span class=\"author-a-z68z8z82zpr93z122zez86zz69zz82zz75zy6z122z\">Cl\u00e9mence Ollier, Marien Sainte Martine et Nolwenn Yves)<\/span><\/h4>\n<h4 id=\"magicdomid19\"><span class=\"author-a-z68z8z82zpr93z122zez86zz69zz82zz75zy6z122z\">Biblioth\u00e8que Municipales d&#8217;Urmatt<\/span><\/h4>\n\n\t\t<!-- MasterSlider -->\n\t\t<div id=\"P_MS69f234e425469\" class=\"master-slider-parent msl ms-parent-id-74\" style=\"max-width:1000px;\">\n\n\t\t\t\n\t\t\t<!-- MasterSlider Main -->\n\t\t\t<div id=\"MS69f234e425469\" class=\"master-slider ms-skin-default\" >\n\t\t\t\t \t\t\t\t \n\t\t\t\t<div  class=\"ms-slide\" data-delay=\"3\" data-fill-mode=\"fill\"  >\n\t\t\t\t\t<img src=\"https:\/\/www.lyceelecorbusier.eu\/dsaa\/wp-content\/plugins\/master-slider\/public\/assets\/css\/blank.gif\" alt=\"\" title=\"\" data-src=\"https:\/\/www.lyceelecorbusier.eu\/dsaa\/wp-content\/uploads\/sites\/4\/2017\/03\/Capture-d\u2019e\u0301cran-2017-03-17-a\u0300-17.55-1.jpg\" \/>\n\n\n\t<div class=\"ms-thumb\" ><div class=\"ms-tab-context\"><div class=&quot;ms-tab-context&quot;><\/div><\/div>\n<\/div>\n\t\t\t\t<\/div>\n\t\t\t\t<div  class=\"ms-slide\" data-delay=\"3\" data-fill-mode=\"fill\"  >\n\t\t\t\t\t<img src=\"https:\/\/www.lyceelecorbusier.eu\/dsaa\/wp-content\/plugins\/master-slider\/public\/assets\/css\/blank.gif\" alt=\"\" title=\"\" data-src=\"https:\/\/www.lyceelecorbusier.eu\/dsaa\/wp-content\/uploads\/sites\/4\/2017\/03\/3333.jpg\" \/>\n\n\n\t<div class=\"ms-thumb\" ><div class=\"ms-tab-context\"><div class=&quot;ms-tab-context&quot;><\/div><\/div>\n<\/div>\n\t\t\t\t<\/div>\n\t\t\t\t<div  class=\"ms-slide\" data-delay=\"3\" data-fill-mode=\"fill\"  >\n\t\t\t\t\t<img src=\"https:\/\/www.lyceelecorbusier.eu\/dsaa\/wp-content\/plugins\/master-slider\/public\/assets\/css\/blank.gif\" alt=\"\" title=\"\" data-src=\"https:\/\/www.lyceelecorbusier.eu\/dsaa\/wp-content\/uploads\/sites\/4\/2017\/03\/Capture-d\u2019e\u0301cran-2017-03-17-a\u0300-17.55.jpg\" \/>\n\n\n\t<div class=\"ms-thumb\" ><div class=\"ms-tab-context\"><div class=&quot;ms-tab-context&quot;><\/div><\/div>\n<\/div>\n\t\t\t\t<\/div>\n\t\t\t\t<div  class=\"ms-slide\" data-delay=\"3\" data-fill-mode=\"fill\"  >\n\t\t\t\t\t<img src=\"https:\/\/www.lyceelecorbusier.eu\/dsaa\/wp-content\/plugins\/master-slider\/public\/assets\/css\/blank.gif\" alt=\"\" title=\"\" data-src=\"https:\/\/www.lyceelecorbusier.eu\/dsaa\/wp-content\/uploads\/sites\/4\/2017\/03\/Capture-d\u2019e\u0301cran-2017-03-17-a\u0300-17.56-1.jpg\" \/>\n\n\n\t<div class=\"ms-thumb\" ><div class=\"ms-tab-context\"><div class=&quot;ms-tab-context&quot;><\/div><\/div>\n<\/div>\n\t\t\t\t<\/div>\n\t\t\t\t<div  class=\"ms-slide\" data-delay=\"3\" data-fill-mode=\"fill\"  >\n\t\t\t\t\t<img src=\"https:\/\/www.lyceelecorbusier.eu\/dsaa\/wp-content\/plugins\/master-slider\/public\/assets\/css\/blank.gif\" alt=\"\" title=\"\" data-src=\"https:\/\/www.lyceelecorbusier.eu\/dsaa\/wp-content\/uploads\/sites\/4\/2017\/03\/Capture-d\u2019e\u0301cran-2017-03-17-a\u0300-17.56.jpg\" \/>\n\n\n\t<div class=\"ms-thumb\" ><div class=\"ms-tab-context\"><div class=&quot;ms-tab-context&quot;><\/div><\/div>\n<\/div>\n\t\t\t\t<\/div>\n\t\t\t\t<div  class=\"ms-slide\" data-delay=\"3\" data-fill-mode=\"fill\"  >\n\t\t\t\t\t<img src=\"https:\/\/www.lyceelecorbusier.eu\/dsaa\/wp-content\/plugins\/master-slider\/public\/assets\/css\/blank.gif\" alt=\"\" title=\"\" data-src=\"https:\/\/www.lyceelecorbusier.eu\/dsaa\/wp-content\/uploads\/sites\/4\/2017\/03\/1111.jpg\" \/>\n\n\n\t<div class=\"ms-thumb\" ><div class=\"ms-tab-context\"><div class=&quot;ms-tab-context&quot;><\/div><\/div>\n<\/div>\n\t\t\t\t<\/div>\n\n\t\t\t<\/div>\n\t\t\t<!-- END MasterSlider Main -->\n\n\t\t\t \n\t\t<\/div>\n\t\t<!-- END MasterSlider -->\n\n\t\t<script>\n\t\t(function ( $ ) {\n\t\t\t\"use strict\";\n\n\t\t\t$(function () {\n\t\t\t\tvar masterslider_5469 = new MasterSlider();\n\n\t\t\t\t\/\/ slider controls\n\t\t\t\tmasterslider_5469.control('arrows'     ,{ autohide:true, overVideo:true  });\n\t\t\t\t\/\/ slider setup\n\t\t\t\tmasterslider_5469.setup(\"MS69f234e425469\", {\n\t\t\t\t\t\twidth           : 1000,\n\t\t\t\t\t\theight          : 500,\n\t\t\t\t\t\tminHeight       : 0,\n\t\t\t\t\t\tspace           : 0,\n\t\t\t\t\t\tstart           : 1,\n\t\t\t\t\t\tgrabCursor      : true,\n\t\t\t\t\t\tswipe           : true,\n\t\t\t\t\t\tmouse           : true,\n\t\t\t\t\t\tlayout          : \"boxed\",\n\t\t\t\t\t\twheel           : false,\n\t\t\t\t\t\tautoplay        : false,\n\t\t\t\t\t\tinstantStartLayers:false,\n\t\t\t\t\t\tloop            : false,\n\t\t\t\t\t\tshuffle         : false,\n\t\t\t\t\t\tpreload         : 0,\n\t\t\t\t\t\theightLimit     : true,\n\t\t\t\t\t\tautoHeight      : false,\n\t\t\t\t\t\tsmoothHeight    : true,\n\t\t\t\t\t\tendPause        : false,\n\t\t\t\t\t\toverPause       : true,\n\t\t\t\t\t\tfillMode        : \"fill\",\n\t\t\t\t\t\tcenterControls  : true,\n\t\t\t\t\t\tstartOnAppear   : false,\n\t\t\t\t\t\tlayersMode      : \"center\",\n\t\t\t\t\t\thideLayers      : false,\n\t\t\t\t\t\tfullscreenMargin: 0,\n\t\t\t\t\t\tspeed           : 20,\n\t\t\t\t\t\tdir             : \"h\",\n\t\t\t\t\t\tparallaxMode    : 'swipe',\n\t\t\t\t\t\tview            : \"basic\"\n\t\t\t\t});\n\n\t\t\t\t\n\t\t\t\twindow.masterslider_instances = window.masterslider_instances || [];\n\t\t\t\twindow.masterslider_instances.push( masterslider_5469 );\n\t\t\t });\n\n\t\t})(jQuery);\n\t\t<\/script>\n\n\n<p><span class=\"author-a-nz77zz77zz72zyz81zpz75zz67zz68zz67zz83zz72zfz67zz75z\">\n\t\t<div class=\"toggle-box\">\n\t\t<p class=\"toggle-trigger\"><a href=\"javascript:void(0);\">descriptif du projet<\/a><\/p>\n\t\t<div class=\"toggle-section\"><p><\/span><\/p>\n<div class=\"\">\u00a0<\/div>\n<div id=\"magicdomid21\" class=\"\"><span class=\"author-a-nz77zz77zz72zyz81zpz75zz67zz68zz67zz83zz72zfz67zz75z\">\u00a0<\/span><span class=\"author-a-z68z8z82zpr93z122zez86zz69zz82zz75zy6z122z\">Urmatt, petite commune <\/span><span class=\"author-a-8djz79z9z87zt1nvi7d1z77zu\">au pied<\/span><span class=\"author-a-z68z8z82zpr93z122zez86zz69zz82zz75zy6z122z\"> des Vosges, a la chance d&#8217;avoir une biblioth\u00e8que <\/span><span class=\"author-a-nz77zz77zz72zyz81zpz75zz67zz68zz67zz83zz72zfz67zz75z\">bien entre<\/span><span class=\"author-a-rz72z1lbz74zlfmz76zno77z80zr\">te<\/span><span class=\"author-a-nz77zz77zz72zyz81zpz75zz67zz68zz67zz83zz72zfz67zz75z\">nue, simple<\/span><span class=\"author-a-z68z8z82zpr93z122zez86zz69zz82zz75zy6z122z\"> et agr\u00e9able. Cependant il y a un petit hic, de moins en moins de personne<\/span><span class=\"author-a-8djz79z9z87zt1nvi7d1z77zu\">s<\/span><span class=\"author-a-z68z8z82zpr93z122zez86zz69zz82zz75zy6z122z\"> fr\u00e9quente<\/span><span class=\"author-a-8djz79z9z87zt1nvi7d1z77zu\">nt<\/span><span class=\"author-a-z68z8z82zpr93z122zez86zz69zz82zz75zy6z122z\"> cette biblioth\u00e8que et prennent la carte<\/span><span class=\"author-a-nz77zz77zz72zyz81zpz75zz67zz68zz67zz83zz72zfz67zz75z\"> d&#8217;abonnement<\/span><span class=\"author-a-z68z8z82zpr93z122zez86zz69zz82zz75zy6z122z\">. Il n&#8217;y a plus que les enfants qui restent fid\u00e8les. <\/span><span class=\"author-a-nz77zz77zz72zyz81zpz75zz67zz68zz67zz83zz72zfz67zz75z\">E<\/span><span class=\"author-a-z68z8z82zpr93z122zez86zz69zz82zz75zy6z122z\">n entrant dans le lieu on remarque une surcharge <\/span><span class=\"author-a-nz77zz77zz72zyz81zpz75zz67zz68zz67zz83zz72zfz67zz75z\">forte des espaces et des collections.<\/span><span class=\"author-a-z68z8z82zpr93z122zez86zz69zz82zz75zy6z122z\"> Le<\/span><span class=\"author-a-8djz79z9z87zt1nvi7d1z77zu\">s locaux<\/span> <span class=\"author-a-nz77zz77zz72zyz81zpz75zz67zz68zz67zz83zz72zfz67zz75z\">poss\u00e8de<\/span><span class=\"author-a-8djz79z9z87zt1nvi7d1z77zu\">nt<\/span><span class=\"author-a-nz77zz77zz72zyz81zpz75zz67zz68zz67zz83zz72zfz67zz75z\"> une forte potentialit\u00e9 d&#8217;ouverture. Nous<\/span><span class=\"author-a-z68z8z82zpr93z122zez86zz69zz82zz75zy6z122z\">remarqu<\/span><span class=\"author-a-nz77zz77zz72zyz81zpz75zz67zz68zz67zz83zz72zfz67zz75z\">ons<\/span><span class=\"author-a-z68z8z82zpr93z122zez86zz69zz82zz75zy6z122z\"> a<\/span><span class=\"author-a-nz77zz77zz72zyz81zpz75zz67zz68zz67zz83zz72zfz67zz75z\">insi<\/span><span class=\"author-a-z68z8z82zpr93z122zez86zz69zz82zz75zy6z122z\"> que la biblioth\u00e8que <\/span><span class=\"author-a-8djz79z9z87zt1nvi7d1z77zu\">dispose d&#8217;<\/span><span class=\"author-a-z68z8z82zpr93z122zez86zz69zz82zz75zy6z122z\">un jardin<\/span><span class=\"author-a-8djz79z9z87zt1nvi7d1z77zu\"> inexploit\u00e9 \u00e0 l&#8217;heure actuelle <\/span><span class=\"author-a-z68z8z82zpr93z122zez86zz69zz82zz75zy6z122z\">assez spacieux pour y accueillir des ateliers ou zones de lectures ext\u00e9rieures<\/span><span class=\"author-a-nz77zz77zz72zyz81zpz75zz67zz68zz67zz83zz72zfz67zz75z\">\u2026<\/span><\/div>\n<div id=\"magicdomid22\" class=\"\"><span class=\"author-a-nz77zz77zz72zyz81zpz75zz67zz68zz67zz83zz72zfz67zz75z\">&#8211; <\/span><span class=\"author-a-z68z8z82zpr93z122zez86zz69zz82zz75zy6z122z\">Notre mission ?<\/span> <span class=\"author-a-rz72z1lbz74zlfmz76zno77z80zr\">R\u00e9pondant \u00e0 l\u2019appel de la BDBR, nous intervenons dans la commune d\u2019Urmatt pour r\u00e9pondre aux probl\u00e9matiques rencontr\u00e9es par la biblioth\u00e8que. Nous <\/span><span class=\"author-a-z85zr7z73zz69zz83zp1djdz77zpdt6\">avons imagin\u00e9<\/span><span class=\"author-a-rz72z1lbz74zlfmz76zno77z80zr\"> des projets permettant de dynamiser cet espace de culture au fort potentiel et d\u2019amener les usagers \u00e0 le r\u00e9investir.\u00a0<\/span><\/div>\n<div id=\"magicdomid23\" class=\"\"><span class=\"author-a-rz72z1lbz74zlfmz76zno77z80zr\">Et si&#8230;<\/span> <span class=\"author-a-rz72z1lbz74zlfmz76zno77z80zr\">la biblioth\u00e8que devenait le centre culturel de la ville cr\u00e9ant le contact<\/span><span class=\"author-a-nz77zz77zz72zyz81zpz75zz67zz68zz67zz83zz72zfz67zz75z\"> dans le village et ses alentours <\/span><span class=\"author-a-rz72z1lbz74zlfmz76zno77z80zr\">? Plus qu\u2019une simple mise \u00e0 disposition de livres, elle serait le th\u00e9\u00e2tre de nouvelles activit\u00e9s et d\u2019\u00e9v\u00e9nements culturels anim\u00e9s par des b\u00e9n\u00e9voles, des usagers ou des intervenants ponctuels<\/span> <span class=\"author-a-rz72z1lbz74zlfmz76zno77z80zr\">: lectures de contes, jardin partag\u00e9, th\u00e9\u00e2tre d\u2019ombres, projection de film, atelier fresque<\/span><span class=\"author-a-z85zr7z73zz69zz83zp1djdz77zpdt6\">&#8230;<\/span><\/div>\n<div id=\"magicdomid24\" class=\"\"><span class=\"author-a-nz77zz77zz72zyz81zpz75zz67zz68zz67zz83zz72zfz67zz75z\">&#8211; <\/span><span class=\"author-a-rz72z1lbz74zlfmz76zno77z80zr\">Nous sommes le collectif les locos et nous proposons le d\u00e9veloppement de<\/span><span class=\"author-a-8djz79z9z87zt1nvi7d1z77zu\"> liens\u00a0 et de <\/span><span class=\"author-a-rz72z1lbz74zlfmz76zno77z80zr\">ce lieu d\u2019\u00e9changes<\/span> <span class=\"author-a-rz72z1lbz74zlfmz76zno77z80zr\">que nous avons appel\u00e9 \u201cLa Navette\u201d.\u00a0<\/span><\/div>\n<div id=\"magicdomid25\" class=\"\"><span class=\"author-a-z68z8z82zpr93z122zez86zz69zz82zz75zy6z122z\">Le premier souci majeur de la biblioth\u00e8que est sa communication aussi bien externe qu&#8217;interne. Nous proposons aux b\u00e9n\u00e9voles un kit de communication compos\u00e9 d&#8217;affiches et de flyers \u00e0 compl\u00e9ter. <\/span><span class=\"author-a-nz77zz77zz72zyz81zpz75zz67zz68zz67zz83zz72zfz67zz75z\">D\u00e9velopp\u00e9 avec et par les b\u00e9n\u00e9voles, l<\/span><span class=\"author-a-z68z8z82zpr93z122zez86zz69zz82zz75zy6z122z\">e kit est facile \u00e0 prendre en main et se compl\u00e8te avec des tampons. Par sa structure, il permet d&#8217;avoir un<\/span><span class=\"author-a-8djz79z9z87zt1nvi7d1z77zu\">e<\/span><span class=\"author-a-z68z8z82zpr93z122zez86zz69zz82zz75zy6z122z\"> identit\u00e9 visuelle reconnaissable pour la biblioth\u00e8que.<\/span><\/div>\n<div id=\"magicdomid26\" class=\"\"><span class=\"author-a-rz72z1lbz74zlfmz76zno77z80zr\">Le jardin dispose d&#8217;une pente naturelle de quelques m\u00e8tres<\/span><span class=\"author-a-nz77zz77zz72zyz81zpz75zz67zz68zz67zz83zz72zfz67zz75z\">,<\/span><span class=\"author-a-rz72z1lbz74zlfmz76zno77z80zr\"> suffisamment <\/span><span class=\"author-a-z85zr7z73zz69zz83zp1djdz77zpdt6\">marqu\u00e9e<\/span><span class=\"author-a-rz72z1lbz74zlfmz76zno77z80zr\"> pour \u00eatre vu<\/span><span class=\"author-a-nz77zz77zz72zyz81zpz75zz67zz68zz67zz83zz72zfz67zz75z\">e<\/span><span class=\"author-a-rz72z1lbz74zlfmz76zno77z80zr\"> comme un probl\u00e8me. Nous <\/span><span class=\"author-a-nz77zz77zz72zyz81zpz75zz67zz68zz67zz83zz72zfz67zz75z\">proposons<\/span><span class=\"author-a-rz72z1lbz74zlfmz76zno77z80zr\"> de l&#8217;exploiter sans modification majeur<\/span><span class=\"author-a-nz77zz77zz72zyz81zpz75zz67zz68zz67zz83zz72zfz67zz75z\">e<\/span><span class=\"author-a-rz72z1lbz74zlfmz76zno77z80zr\"> pour en faire un th\u00e9\u00e2tre de verdure avec l&#8217;installation de place assises \u00e9pousant l&#8217;inclinaison du terrain. L&#8217;ext\u00e9rieur devient un espace o\u00f9 il est possible de repr\u00e9senter des spectacle<\/span><span class=\"author-a-nz77zz77zz72zyz81zpz75zz67zz68zz67zz83zz72zfz67zz75z\">s<\/span><span class=\"author-a-rz72z1lbz74zlfmz76zno77z80zr\"> en pla\u00e7ant les spectateurs face aux vitres de la biblioth\u00e8que. <\/span><span class=\"author-a-nz77zz77zz72zyz81zpz75zz67zz68zz67zz83zz72zfz67zz75z\">D<\/span><span class=\"author-a-rz72z1lbz74zlfmz76zno77z80zr\">e nouvelle<\/span><span class=\"author-a-nz77zz77zz72zyz81zpz75zz67zz68zz67zz83zz72zfz67zz75z\">s<\/span><span class=\"author-a-rz72z1lbz74zlfmz76zno77z80zr\"> activit\u00e9<\/span><span class=\"author-a-nz77zz77zz72zyz81zpz75zz67zz68zz67zz83zz72zfz67zz75z\">s<\/span> <span class=\"author-a-nz77zz77zz72zyz81zpz75zz67zz68zz67zz83zz72zfz67zz75z\">sont propos\u00e9es <\/span><span class=\"author-a-rz72z1lbz74zlfmz76zno77z80zr\">telle que des th\u00e9\u00e2tres d&#8217;ombres, des concerts, <\/span><span class=\"author-a-rz72z1lbz74zlfmz76zno77z80zr i\"><i>etc.<\/i><\/span><span class=\"author-a-rz72z1lbz74zlfmz76zno77z80zr\"> Outre ce nouvel espace de spectacle ext\u00e9rieur, un potager partag\u00e9 est aussi envisag\u00e9. Ainsi, il est possible de se retrouver \u00e0 la biblioth\u00e8que lors d&#8217;activit\u00e9<\/span><span class=\"author-a-z85zr7z73zz69zz83zp1djdz77zpdt6\">s<\/span><span class=\"author-a-rz72z1lbz74zlfmz76zno77z80zr\"> jardinage pour pratiquer cette activit\u00e9 et en apprendre d&#8217;avantage sur les plantes gr\u00e2ce \u00e0 une s\u00e9lection d&#8217;ouvrages en lien.\u00a0<\/span><\/div>\n<div id=\"magicdomid27\" class=\"\"><span class=\"author-a-nz77zz77zz72zyz81zpz75zz67zz68zz67zz83zz72zfz67zz75z\">N<\/span><span class=\"author-a-z68z8z82zpr93z122zez86zz69zz82zz75zy6z122z\">ous proposons <\/span><span class=\"author-a-nz77zz77zz72zyz81zpz75zz67zz68zz67zz83zz72zfz67zz75z\">\u00e9galement <\/span><span class=\"author-a-z68z8z82zpr93z122zez86zz69zz82zz75zy6z122z\">aux b\u00e9n\u00e9voles un r\u00e9am\u00e9nagement de l&#8217;espace par le biais d<\/span><span class=\"author-a-nz77zz77zz72zyz81zpz75zz67zz68zz67zz83zz72zfz67zz75z\">&#8216;un<\/span><span class=\"author-a-z68z8z82zpr93z122zez86zz69zz82zz75zy6z122z\"> mobilier modulable. Nous voulons que l&#8217;espace soit facile \u00e0 transformer pour y accueillir diff\u00e9rents \u00e9v\u00e9nements et ateliers en plus d&#8217;offrir un lieu de lecture. L<\/span><span class=\"author-a-rz72z1lbz74zlfmz76zno77z80zr\">\u2019all\u00e8<\/span><span class=\"author-a-z68z8z82zpr93z122zez86zz69zz82zz75zy6z122z\">gement et la r<\/span><span class=\"author-a-rz72z1lbz74zlfmz76zno77z80zr\">otation <\/span><span class=\"author-a-z68z8z82zpr93z122zez86zz69zz82zz75zy6z122z\">plus fr\u00e9quente des collections nous para\u00eet indispensable, ainsi certain<\/span><span class=\"author-a-z85zr7z73zz69zz83zp1djdz77zpdt6\">s<\/span><span class=\"author-a-z68z8z82zpr93z122zez86zz69zz82zz75zy6z122z\"> meubles serviront aussi bien de stockage <\/span><span class=\"author-a-8djz79z9z87zt1nvi7d1z77zu\">qu<\/span><span class=\"author-a-z68z8z82zpr93z122zez86zz69zz82zz75zy6z122z\">e d&#8217;assise. La classification est aussi revue, se basant sur une approche plus sensorielle.<\/span><\/div>\n<div id=\"magicdomid28\" class=\"\"><span class=\"author-a-z68z8z82zpr93z122zez86zz69zz82zz75zy6z122z\">Pour aider les b\u00e9n\u00e9voles et les usagers \u00e0 se projeter dans notre projet, nous leur proposons des sc\u00e9narios d&#8217;usages et des futur<\/span><span class=\"author-a-z85zr7z73zz69zz83zp1djdz77zpdt6\">e<\/span><span class=\"author-a-z68z8z82zpr93z122zez86zz69zz82zz75zy6z122z\">s activit\u00e9s propos\u00e9s par la <\/span><span class=\"author-a-z68z8z82zpr93z122zez86zz69zz82zz75zy6z122z i\"><i>Navette<\/i><\/span><span class=\"author-a-z68z8z82zpr93z122zez86zz69zz82zz75zy6z122z\"> : th\u00e9\u00e2tre en plein air, petits d\u00e9jeuner<\/span><span class=\"author-a-8djz79z9z87zt1nvi7d1z77zu\">s-<\/span><span class=\"author-a-z68z8z82zpr93z122zez86zz69zz82zz75zy6z122z\">lectures, potager partag\u00e9&#8230;\u00a0<\/span><\/div>\n<div id=\"magicdomid29\" class=\"\"><span class=\"author-a-z68z8z82zpr93z122zez86zz69zz82zz75zy6z122z\">Nous <\/span><span class=\"author-a-z85zr7z73zz69zz83zp1djdz77zpdt6\">proposons<\/span> <span class=\"author-a-nz77zz77zz72zyz81zpz75zz67zz68zz67zz83zz72zfz67zz75z\">enfin<\/span><span class=\"author-a-z68z8z82zpr93z122zez86zz69zz82zz75zy6z122z\"> un atelier d&#8217;expression<\/span><span class=\"author-a-nz77zz77zz72zyz81zpz75zz67zz68zz67zz83zz72zfz67zz75z\"> murale<\/span><span class=\"author-a-z68z8z82zpr93z122zez86zz69zz82zz75zy6z122z\"> avec les enfants pour mont<\/span><span class=\"author-a-z85zr7z73zz69zz83zp1djdz77zpdt6\">r<\/span><span class=\"author-a-z68z8z82zpr93z122zez86zz69zz82zz75zy6z122z\">er que certains projets p<\/span><span class=\"author-a-z85zr7z73zz69zz83zp1djdz77zpdt6\">euvent<\/span><span class=\"author-a-z68z8z82zpr93z122zez86zz69zz82zz75zy6z122z\"> \u00eatre faciles \u00e0 mettre en place. Les enfants et les b\u00e9n\u00e9voles ont \u00e9t\u00e9 conquis par l&#8217;id\u00e9e et sont p<\/span><span class=\"author-a-z85zr7z73zz69zz83zp1djdz77zpdt6\">r\u00eats<\/span><span class=\"author-a-z68z8z82zpr93z122zez86zz69zz82zz75zy6z122z\"> \u00e0 renouveler cette exp\u00e9rience.<\/span><\/div>\n<div class=\"\">\u00a0<\/div>\n<div class=\"\"><\/p><\/div>\n\t\t<\/div><\/div>\n<\/div>\n<div class=\"\">\n<hr \/>\n<h4 id=\"magicdomid31\"><span class=\"author-a-3z70zz89zd6gz77ztgez70zs05z89zz76z\">Et Hop ! Dans ta biblioth\u00e8que\u00a0<\/span><\/h4>\n<h4 id=\"magicdomid32\"><span class=\"author-a-p0z72zdz87zz122zz84zz78zz67zcz74zz88z18z72zz68z\">Hop ! Hop ! Hop ! (Hop ! Benjamin Cotten, Hop ! Lucile Valcher, Hop ! Philippe Zappadu)\u00a0<\/span><\/h4>\n<h4 id=\"magicdomid33\"><span class=\"author-a-nz77zz77zz72zyz81zpz75zz67zz68zz67zz83zz72zfz67zz75z\">Biblioth\u00e8que de Fergesheim-Ohnhei<\/span><span class=\"author-a-z66zz86z2az80zxz74zn3qz73znp7z69zx\">m<\/span><\/h4>\n\n\t\t<!-- MasterSlider -->\n\t\t<div id=\"P_MS69f234e42fc01\" class=\"master-slider-parent msl ms-parent-id-79\" style=\"max-width:980px;\">\n\n\t\t\t\n\t\t\t<!-- MasterSlider Main -->\n\t\t\t<div id=\"MS69f234e42fc01\" class=\"master-slider ms-skin-light-3\" >\n\t\t\t\t \t\t\t\t \n\t\t\t\t<div  class=\"ms-slide\" data-delay=\"3\" data-fill-mode=\"fill\"  >\n\t\t\t\t\t<img src=\"https:\/\/www.lyceelecorbusier.eu\/dsaa\/wp-content\/plugins\/master-slider\/public\/assets\/css\/blank.gif\" alt=\"\" title=\"\" data-src=\"https:\/\/www.lyceelecorbusier.eu\/dsaa\/wp-content\/uploads\/sites\/4\/2017\/03\/DSC3928-retouche\u0301.jpg\" \/>\n\n\n\t<div class=\"ms-thumb\" ><div class=\"ms-tab-context\"><div class=&quot;ms-tab-context&quot;><\/div><\/div>\n<\/div>\n\t\t\t\t<\/div>\n\t\t\t\t<div  class=\"ms-slide\" data-delay=\"3\" data-fill-mode=\"fill\"  >\n\t\t\t\t\t<img src=\"https:\/\/www.lyceelecorbusier.eu\/dsaa\/wp-content\/plugins\/master-slider\/public\/assets\/css\/blank.gif\" alt=\"\" title=\"\" data-src=\"https:\/\/www.lyceelecorbusier.eu\/dsaa\/wp-content\/uploads\/sites\/4\/2017\/03\/2017-03-18.jpg\" \/>\n\n\n\t<div class=\"ms-thumb\" ><div class=\"ms-tab-context\"><div class=&quot;ms-tab-context&quot;><\/div><\/div>\n<\/div>\n\t\t\t\t<\/div>\n\t\t\t\t<div  class=\"ms-slide\" data-delay=\"3\" data-fill-mode=\"fill\"  >\n\t\t\t\t\t<img src=\"https:\/\/www.lyceelecorbusier.eu\/dsaa\/wp-content\/plugins\/master-slider\/public\/assets\/css\/blank.gif\" alt=\"\" title=\"\" data-src=\"https:\/\/www.lyceelecorbusier.eu\/dsaa\/wp-content\/uploads\/sites\/4\/2017\/03\/DSC3978.jpg\" \/>\n\n\n\t<div class=\"ms-thumb\" ><div class=\"ms-tab-context\"><div class=&quot;ms-tab-context&quot;><\/div><\/div>\n<\/div>\n\t\t\t\t<\/div>\n\t\t\t\t<div  class=\"ms-slide\" data-delay=\"3\" data-fill-mode=\"fill\"  >\n\t\t\t\t\t<img src=\"https:\/\/www.lyceelecorbusier.eu\/dsaa\/wp-content\/plugins\/master-slider\/public\/assets\/css\/blank.gif\" alt=\"\" title=\"\" data-src=\"https:\/\/www.lyceelecorbusier.eu\/dsaa\/wp-content\/uploads\/sites\/4\/2017\/03\/accueil-vue-sur-salle-temps-dun-cafe\u0301.jpg\" \/>\n\n\n\t<div class=\"ms-thumb\" ><div class=\"ms-tab-context\"><div class=&quot;ms-tab-context&quot;><\/div><\/div>\n<\/div>\n\t\t\t\t<\/div>\n\t\t\t\t<div  class=\"ms-slide\" data-delay=\"3\" data-fill-mode=\"fill\"  >\n\t\t\t\t\t<img src=\"https:\/\/www.lyceelecorbusier.eu\/dsaa\/wp-content\/plugins\/master-slider\/public\/assets\/css\/blank.gif\" alt=\"\" title=\"\" data-src=\"https:\/\/www.lyceelecorbusier.eu\/dsaa\/wp-content\/uploads\/sites\/4\/2017\/03\/vue-temps-cafe.jpg\" \/>\n\n\n\t<div class=\"ms-thumb\" ><div class=\"ms-tab-context\"><div class=&quot;ms-tab-context&quot;><\/div><\/div>\n<\/div>\n\t\t\t\t<\/div>\n\t\t\t\t<div  class=\"ms-slide\" data-delay=\"3\" data-fill-mode=\"fill\"  >\n\t\t\t\t\t<img src=\"https:\/\/www.lyceelecorbusier.eu\/dsaa\/wp-content\/plugins\/master-slider\/public\/assets\/css\/blank.gif\" alt=\"\" title=\"\" data-src=\"https:\/\/www.lyceelecorbusier.eu\/dsaa\/wp-content\/uploads\/sites\/4\/2017\/03\/colombage-specimen.jpg\" \/>\n\n\n\t<div class=\"ms-thumb\" ><div class=\"ms-tab-context\"><div class=&quot;ms-tab-context&quot;><\/div><\/div>\n<\/div>\n\t\t\t\t<\/div>\n\t\t\t\t<div  class=\"ms-slide\" data-delay=\"3\" data-fill-mode=\"fill\"  >\n\t\t\t\t\t<img src=\"https:\/\/www.lyceelecorbusier.eu\/dsaa\/wp-content\/plugins\/master-slider\/public\/assets\/css\/blank.gif\" alt=\"\" title=\"\" data-src=\"https:\/\/www.lyceelecorbusier.eu\/dsaa\/wp-content\/uploads\/sites\/4\/2017\/03\/colombage-specimen2.jpg\" \/>\n\n\n\t<div class=\"ms-thumb\" ><div class=\"ms-tab-context\"><div class=&quot;ms-tab-context&quot;><\/div><\/div>\n<\/div>\n\t\t\t\t<\/div>\n\n\t\t\t<\/div>\n\t\t\t<!-- END MasterSlider Main -->\n\n\t\t\t \n\t\t<\/div>\n\t\t<!-- END MasterSlider -->\n\n\t\t<script>\n\t\t(function ( $ ) {\n\t\t\t\"use strict\";\n\n\t\t\t$(function () {\n\t\t\t\tvar masterslider_fc01 = new MasterSlider();\n\n\t\t\t\t\/\/ slider controls\n\t\t\t\tmasterslider_fc01.control('arrows'     ,{ autohide:false, overVideo:true  });\n\t\t\t\t\/\/ slider setup\n\t\t\t\tmasterslider_fc01.setup(\"MS69f234e42fc01\", {\n\t\t\t\t\t\twidth           : 800,\n\t\t\t\t\t\theight          : 480,\n\t\t\t\t\t\tminHeight       : 0,\n\t\t\t\t\t\tspace           : 0,\n\t\t\t\t\t\tstart           : 1,\n\t\t\t\t\t\tgrabCursor      : true,\n\t\t\t\t\t\tswipe           : true,\n\t\t\t\t\t\tmouse           : true,\n\t\t\t\t\t\tlayout          : \"boxed\",\n\t\t\t\t\t\twheel           : false,\n\t\t\t\t\t\tautoplay        : true,\n\t\t\t\t\t\tinstantStartLayers:false,\n\t\t\t\t\t\tloop            : true,\n\t\t\t\t\t\tshuffle         : false,\n\t\t\t\t\t\tpreload         : 0,\n\t\t\t\t\t\theightLimit     : true,\n\t\t\t\t\t\tautoHeight      : true,\n\t\t\t\t\t\tsmoothHeight    : true,\n\t\t\t\t\t\tendPause        : false,\n\t\t\t\t\t\toverPause       : true,\n\t\t\t\t\t\tfillMode        : \"fill\",\n\t\t\t\t\t\tcenterControls  : true,\n\t\t\t\t\t\tstartOnAppear   : false,\n\t\t\t\t\t\tlayersMode      : \"center\",\n\t\t\t\t\t\thideLayers      : false,\n\t\t\t\t\t\tfullscreenMargin: 0,\n\t\t\t\t\t\tspeed           : 20,\n\t\t\t\t\t\tdir             : \"h\",\n\t\t\t\t\t\tparallaxMode    : 'swipe',\n\t\t\t\t\t\tview            : \"fade\"\n\t\t\t\t});\n\n\t\t\t\t\n\t\t\t\twindow.masterslider_instances = window.masterslider_instances || [];\n\t\t\t\twindow.masterslider_instances.push( masterslider_fc01 );\n\t\t\t });\n\n\t\t})(jQuery);\n\t\t<\/script>\n\n\n\n\t\t<div class=\"toggle-box\">\n\t\t<p class=\"toggle-trigger\"><a href=\"javascript:void(0);\">descriptif du projet<\/a><\/p>\n\t\t<div class=\"toggle-section\"><p>\n<div class=\"\">-La biblioth\u00e8que de Fergersheim-Ohnheim reste ancr\u00e9e dans une pratique fig\u00e9e du lieu. Un manque d&#8217;ouverture et de renouvellement qui dessert le service propos\u00e9. La mairie veut profiter du transfert de l&#8217;ancienne biblioth\u00e8que vers une ancienne auberge class\u00e9e, situ\u00e9e au c\u0153ur de la ville, pour amener de nouveaux m\u00e9dias et de nouveaux services.<\/div>\n<div id=\"magicdomid35\" class=\"\"><span class=\"author-a-3z70zz89zd6gz77ztgez70zs05z89zz76z\">&#8211; Notre objectif est d&#8217;am\u00e9liorer les services de la future biblioth\u00e8que pour <\/span><span class=\"author-a-8djz79z9z87zt1nvi7d1z77zu\">invit<\/span><span class=\"author-a-3z70zz89zd6gz77ztgez70zs05z89zz76z\">er les habitants \u00e0 la red\u00e9couvrir. Quelles sont alors les limites des services de la m\u00e9diath\u00e8que ? C\u2019est la question que nous nous sommes pos\u00e9e.<\/span> <span class=\"author-a-3z70zz89zd6gz77ztgez70zs05z89zz76z\">Il ne s&#8217;agit plus de r\u00e9aliser une sorte d&#8217;id\u00e9al du public en diversifiant l\u2019offre, mais de faire du public son id\u00e9al. Il s&#8217;agit dor\u00e9navant de cr\u00e9er du public par des services, comprendre ce qui pourrait le faire venir, organiser un service ad\u00e9quat et le faire savoir. Tout cela signifie que les missions de la m\u00e9diath\u00e8que ne se limitent pas \u00e0 conserver, instruire et rassembler des collections diversifi\u00e9es, mais d\u2019assurer des moyens de communication et de diffuser les nouveaux produits culturels<\/span><span class=\"author-a-p0z72zdz87zz122zz84zz78zz67zcz74zz88z18z72zz68z\">. L<\/span><span class=\"author-a-3z70zz89zd6gz77ztgez70zs05z89zz76z\">a biblioth\u00e8que doit aussi renouveler son image, partir \u00e0 la conqu\u00eate de nouveaux adh\u00e9rents en se r\u00e9inventant des usages.<\/span><\/div>\n<div id=\"magicdomid36\" class=\"\"><span class=\"author-a-3z70zz89zd6gz77ztgez70zs05z89zz76z\">&#8211; <\/span><span class=\"author-a-p0z72zdz87zz122zz84zz78zz67zcz74zz88z18z72zz68z\">En nous basant sur les biblioth\u00e8ques fantasm\u00e9es des habitants de Fegersheim-Ohnheim, nous avons pu entamer notre r\u00e9flexion<\/span><span class=\"author-a-3z70zz89zd6gz77ztgez70zs05z89zz76z\"> et avons choisi de mettre en place plusieurs actions :<\/span><\/div>\n<div id=\"magicdomid37\" class=\"\"><span class=\"author-a-3z70zz89zd6gz77ztgez70zs05z89zz76z\">\u00a0\u00a0\u00a0 &gt; <\/span><span class=\"author-a-3z70zz89zd6gz77ztgez70zs05z89zz76z b\"><b>Aujourd&#8217;hui : \u00c9tendre la biblioth\u00e8que au del\u00e0 de ses murs<\/b><\/span><\/div>\n<div id=\"magicdomid38\" class=\"\"><span class=\"author-a-3z70zz89zd6gz77ztgez70zs05z89zz76z\">Notre objectif\u00a0 concerne le bon ancrage local, l\u2019ouverture sur l\u2019ext\u00e9rieur de la m\u00e9diath\u00e8que vers l\u2019ensemble des publics par le biais d\u2019un mobilier s\u2019impliquant localement. Il s\u2019agit de faire exister la m\u00e9diath\u00e8que aux yeux des habitants et de cr\u00e9er du lien entre eux. <\/span><span class=\"author-a-3z70zz89zd6gz77ztgez70zs05z89zz76z i\"><i>L&#8217;\u00e9tendoir \u00e0 livre <\/i><\/span><span class=\"author-a-3z70zz89zd6gz77ztgez70zs05z89zz76z\">permet d&#8217;incarner et faire conna\u00eetre des contenus, m<\/span><span class=\"author-a-z85zr7z73zz69zz83zp1djdz77zpdt6\">ontrer<\/span><span class=\"author-a-3z70zz89zd6gz77ztgez70zs05z89zz76z\"> la diversit\u00e9 de la biblioth\u00e8que \u00e0 ses habitu\u00e9s et aux non-usagers. Par ce biais, elle entame une triple action : elle fait d\u00e9couvrir ses collections, permet la d\u00e9couverte et en m\u00eame temps elle communique sur son activit\u00e9.<\/span><\/div>\n<div id=\"magicdomid39\" class=\"\"><span class=\"author-a-3z70zz89zd6gz77ztgez70zs05z89zz76z\">\u00a0\u00a0\u00a0 &gt; <\/span><span class=\"author-a-3z70zz89zd6gz77ztgez70zs05z89zz76z b\"><b>Demain : Redynamiser les services de la biblioth\u00e8que<\/b><\/span><\/div>\n<div id=\"magicdomid40\" class=\"\"><span class=\"author-a-3z70zz89zd6gz77ztgez70zs05z89zz76z\">Notre action est de mettre en relation les citoyens de Fegersheim-Ohnheim <\/span><span class=\"author-a-nz77zz77zz72zyz81zpz75zz67zz68zz67zz83zz72zfz67zz75z\">pour<\/span><span class=\"author-a-3z70zz89zd6gz77ztgez70zs05z89zz76z\"> que la biblioth\u00e8que devienne le c\u0153ur de la ville. Il est alors essentiel de faire de la biblioth\u00e8que de demain un outil, d\u2019amener les usagers en ce lieu par le partage de connaissances gr\u00e2ce au livre ou autre support mais aussi par l\u2019humain, par l\u2019\u00e9change de services. En faire un lieu de vie, d\u2019\u00e9change, o\u00f9 <\/span><span class=\"author-a-nz77zz77zz72zyz81zpz75zz67zz68zz67zz83zz72zfz67zz75z\">l&#8217;<\/span><span class=\"author-a-3z70zz89zd6gz77ztgez70zs05z89zz76z\">on a envie de rester.\u00a0<\/span><\/div>\n<div id=\"magicdomid41\" class=\"\"><span class=\"author-a-3z70zz89zd6gz77ztgez70zs05z89zz76z\">Une nouvelle biblioth\u00e8que veut dire une nouvelle communication. La communication visuelle repose \u00e0 la fois sur l<\/span><span class=\"author-a-p0z72zdz87zz122zz84zz78zz67zcz74zz88z18z72zz68z\">e vocabulaire formel des colombages et sur la volont\u00e9 d\u2019en faire un lieu dynamique en perp\u00e9tuelle \u00e9volution.<\/span><\/div>\n<div class=\"\"><\/p><\/div>\n\t\t<\/div><\/div>\n<div class=\"\">\n<hr \/>\n<\/div>\n<\/div>\n<div class=\"\">\n<div class=\"\">\n<h4 id=\"magicdomid54\"><span class=\"author-a-nz77zz77zz72zyz81zpz75zz67zz68zz67zz83zz72zfz67zz75z i\"><i>La Blabla&#8217;th\u00e8que<\/i><\/span><\/h4>\n<h4 id=\"magicdomid55\"><span class=\"author-a-z84zfez74zz73z7vz78znz66zz80zz66zz71zz80zz79zz72z\">Les Un&#8217;Animes<\/span><span class=\"author-a-nz77zz77zz72zyz81zpz75zz67zz68zz67zz83zz72zfz67zz75z\"> (<\/span><span class=\"author-a-z84zfez74zz73z7vz78znz66zz80zz66zz71zz80zz79zz72z\">Camille ROBINET, C\u00e9cile DANDRE\u00cfS, Yann RAFFIER, Coline LOURME<\/span><span class=\"author-a-nz77zz77zz72zyz81zpz75zz67zz68zz67zz83zz72zfz67zz75z\">)<\/span><\/h4>\n<h4 id=\"magicdomid56\"><span class=\"author-a-nz77zz77zz72zyz81zpz75zz67zz68zz67zz83zz72zfz67zz75z\">Biblioth\u00e8que de <\/span><span class=\"author-a-z84zfez74zz73z7vz78znz66zz80zz66zz71zz80zz79zz72z\">Sa\u00e2les<\/span><\/h4>\n\n\t\t<!-- MasterSlider -->\n\t\t<div id=\"P_MS69f234e43c815\" class=\"master-slider-parent msl ms-parent-id-76\" style=\"max-width:980px;\">\n\n\t\t\t\n\t\t\t<!-- MasterSlider Main -->\n\t\t\t<div id=\"MS69f234e43c815\" class=\"master-slider ms-skin-light-3\" >\n\t\t\t\t \t\t\t\t \n\t\t\t\t<div  class=\"ms-slide\" data-delay=\"3\" data-fill-mode=\"fill\"  >\n\t\t\t\t\t<img src=\"https:\/\/www.lyceelecorbusier.eu\/dsaa\/wp-content\/plugins\/master-slider\/public\/assets\/css\/blank.gif\" alt=\"\" title=\"\" data-src=\"https:\/\/www.lyceelecorbusier.eu\/dsaa\/wp-content\/uploads\/sites\/4\/2017\/03\/Affiche-Construisons-ensemble-1.jpg\" \/>\n\n\n\t<div class=\"ms-thumb\" ><div class=\"ms-tab-context\"><div class=&quot;ms-tab-context&quot;><\/div><\/div>\n<\/div>\n\t\t\t\t<\/div>\n\t\t\t\t<div  class=\"ms-slide\" data-delay=\"3\" data-fill-mode=\"fill\"  >\n\t\t\t\t\t<img src=\"https:\/\/www.lyceelecorbusier.eu\/dsaa\/wp-content\/plugins\/master-slider\/public\/assets\/css\/blank.gif\" alt=\"\" title=\"\" data-src=\"https:\/\/www.lyceelecorbusier.eu\/dsaa\/wp-content\/uploads\/sites\/4\/2017\/03\/IMG_1701.jpg\" \/>\n\n\n\t<div class=\"ms-thumb\" ><div class=\"ms-tab-context\"><div class=&quot;ms-tab-context&quot;><\/div><\/div>\n<\/div>\n\t\t\t\t<\/div>\n\t\t\t\t<div  class=\"ms-slide\" data-delay=\"3\" data-fill-mode=\"fill\"  >\n\t\t\t\t\t<img src=\"https:\/\/www.lyceelecorbusier.eu\/dsaa\/wp-content\/plugins\/master-slider\/public\/assets\/css\/blank.gif\" alt=\"\" title=\"\" data-src=\"https:\/\/www.lyceelecorbusier.eu\/dsaa\/wp-content\/uploads\/sites\/4\/2017\/03\/IMG_1965.jpg\" \/>\n\n\n\t<div class=\"ms-thumb\" ><div class=\"ms-tab-context\"><div class=&quot;ms-tab-context&quot;><\/div><\/div>\n<\/div>\n\t\t\t\t<\/div>\n\t\t\t\t<div  class=\"ms-slide\" data-delay=\"3\" data-fill-mode=\"fill\"  >\n\t\t\t\t\t<img src=\"https:\/\/www.lyceelecorbusier.eu\/dsaa\/wp-content\/plugins\/master-slider\/public\/assets\/css\/blank.gif\" alt=\"\" title=\"\" data-src=\"https:\/\/www.lyceelecorbusier.eu\/dsaa\/wp-content\/uploads\/sites\/4\/2017\/03\/IMG_1991.jpg\" \/>\n\n\n\t<div class=\"ms-thumb\" ><div class=\"ms-tab-context\"><div class=&quot;ms-tab-context&quot;><\/div><\/div>\n<\/div>\n\t\t\t\t<\/div>\n\t\t\t\t<div  class=\"ms-slide\" data-delay=\"3\" data-fill-mode=\"fill\"  >\n\t\t\t\t\t<img src=\"https:\/\/www.lyceelecorbusier.eu\/dsaa\/wp-content\/plugins\/master-slider\/public\/assets\/css\/blank.gif\" alt=\"\" title=\"\" data-src=\"https:\/\/www.lyceelecorbusier.eu\/dsaa\/wp-content\/uploads\/sites\/4\/2017\/03\/IMG_2285.jpg\" \/>\n\n\n\t<div class=\"ms-thumb\" ><div class=\"ms-tab-context\"><div class=&quot;ms-tab-context&quot;><\/div><\/div>\n<\/div>\n\t\t\t\t<\/div>\n\n\t\t\t<\/div>\n\t\t\t<!-- END MasterSlider Main -->\n\n\t\t\t \n\t\t<\/div>\n\t\t<!-- END MasterSlider -->\n\n\t\t<script>\n\t\t(function ( $ ) {\n\t\t\t\"use strict\";\n\n\t\t\t$(function () {\n\t\t\t\tvar masterslider_c815 = new MasterSlider();\n\n\t\t\t\t\/\/ slider controls\n\t\t\t\tmasterslider_c815.control('arrows'     ,{ autohide:false, overVideo:true  });\n\t\t\t\t\/\/ slider setup\n\t\t\t\tmasterslider_c815.setup(\"MS69f234e43c815\", {\n\t\t\t\t\t\twidth           : 800,\n\t\t\t\t\t\theight          : 480,\n\t\t\t\t\t\tminHeight       : 0,\n\t\t\t\t\t\tspace           : 0,\n\t\t\t\t\t\tstart           : 1,\n\t\t\t\t\t\tgrabCursor      : true,\n\t\t\t\t\t\tswipe           : true,\n\t\t\t\t\t\tmouse           : true,\n\t\t\t\t\t\tlayout          : \"boxed\",\n\t\t\t\t\t\twheel           : false,\n\t\t\t\t\t\tautoplay        : true,\n\t\t\t\t\t\tinstantStartLayers:false,\n\t\t\t\t\t\tloop            : true,\n\t\t\t\t\t\tshuffle         : false,\n\t\t\t\t\t\tpreload         : 0,\n\t\t\t\t\t\theightLimit     : true,\n\t\t\t\t\t\tautoHeight      : true,\n\t\t\t\t\t\tsmoothHeight    : true,\n\t\t\t\t\t\tendPause        : false,\n\t\t\t\t\t\toverPause       : true,\n\t\t\t\t\t\tfillMode        : \"fill\",\n\t\t\t\t\t\tcenterControls  : true,\n\t\t\t\t\t\tstartOnAppear   : false,\n\t\t\t\t\t\tlayersMode      : \"center\",\n\t\t\t\t\t\thideLayers      : false,\n\t\t\t\t\t\tfullscreenMargin: 0,\n\t\t\t\t\t\tspeed           : 20,\n\t\t\t\t\t\tdir             : \"h\",\n\t\t\t\t\t\tparallaxMode    : 'swipe',\n\t\t\t\t\t\tview            : \"fade\"\n\t\t\t\t});\n\n\t\t\t\t\n\t\t\t\twindow.masterslider_instances = window.masterslider_instances || [];\n\t\t\t\twindow.masterslider_instances.push( masterslider_c815 );\n\t\t\t });\n\n\t\t})(jQuery);\n\t\t<\/script>\n\n\n\n\t\t<div class=\"toggle-box\">\n\t\t<p class=\"toggle-trigger\"><a href=\"javascript:void(0);\">descriptif du projet<\/a><\/p>\n\t\t<div class=\"toggle-section\"><p>\n<p><span class=\"author-a-nz77zz77zz72zyz81zpz75zz67zz68zz67zz83zz72zfz67zz75z\">&#8211; <\/span><span class=\"author-a-z84zfez74zz73z7vz78znz66zz80zz66zz71zz80zz79zz72z\">Sa\u00e2les est un petit village \u00e0 la limite des Vosges, dernier bastion de la BDBR dans la vall\u00e9e de la Br<\/span><span class=\"author-a-z85zr7z73zz69zz83zp1djdz77zpdt6\">u<\/span><span class=\"author-a-z84zfez74zz73z7vz78znz66zz80zz66zz71zz80zz79zz72z\">che. Nous avons \u00e9t\u00e9 missionn\u00e9s par la BDBR pour redynamiser le point lecture du village afin de la faire perdurer.<\/span><\/p>\n<div id=\"magicdomid58\" class=\"\"><span class=\"author-a-nz77zz77zz72zyz81zpz75zz67zz68zz67zz83zz72zfz67zz75z\">&#8211; <\/span><span class=\"author-a-z84zfez74zz73z7vz78znz66zz80zz66zz71zz80zz79zz72z\">(AUJOURD&#8217;HUI)<\/span> <span class=\"author-a-z84zfez74zz73z7vz78znz66zz80zz66zz71zz80zz79zz72z\">Nous <\/span><span class=\"author-a-nz77zz77zz72zyz81zpz75zz67zz68zz67zz83zz72zfz67zz75z\">proposons<\/span><span class=\"author-a-z84zfez74zz73z7vz78znz66zz80zz66zz71zz80zz79zz72z\"> une nouvelle identit\u00e9<\/span> <span class=\"author-a-z84zfez74zz73z7vz78znz66zz80zz66zz71zz80zz79zz72z\">: le lieu devient la <\/span><span class=\"author-a-z84zfez74zz73z7vz78znz66zz80zz66zz71zz80zz79zz72z i\"><i>Blabla\u2019th\u00e8que<\/i><\/span><span class=\"author-a-z84zfez74zz73z7vz78znz66zz80zz66zz71zz80zz79zz72z\">. <\/span><span class=\"author-a-nz77zz77zz72zyz81zpz75zz67zz68zz67zz83zz72zfz67zz75z\">La<\/span><span class=\"author-a-z84zfez74zz73z7vz78znz66zz80zz66zz71zz80zz79zz72z\"> nouvelle image <\/span><span class=\"author-a-nz77zz77zz72zyz81zpz75zz67zz68zz67zz83zz72zfz67zz75z\">provient<\/span> <span class=\"author-a-nz77zz77zz72zyz81zpz75zz67zz68zz67zz83zz72zfz67zz75z\">d&#8217;<\/span><span class=\"author-a-z84zfez74zz73z7vz78znz66zz80zz66zz71zz80zz79zz72z\">une communication issue du bouche \u00e0 oreille. Elle est d\u2019abord<\/span><span class=\"author-a-nz77zz77zz72zyz81zpz75zz67zz68zz67zz83zz72zfz67zz75z\"> ext\u00e9rieure et<\/span> <span class=\"author-a-nz77zz77zz72zyz81zpz75zz67zz68zz67zz83zz72zfz67zz75z\">sonore, \u00e0 travers<\/span><span class=\"author-a-z84zfez74zz73z7vz78znz66zz80zz66zz71zz80zz79zz72z\"> des murmures dispos\u00e9s en diff\u00e9rents points dans le centre-bourg qui visent \u00e0 interpeller les passants, \u00e0 piquer leur curiosit\u00e9. <\/span><span class=\"author-a-nz77zz77zz72zyz81zpz75zz67zz68zz67zz83zz72zfz67zz75z\">\u00c0<\/span><span class=\"author-a-z84zfez74zz73z7vz78znz66zz80zz66zz71zz80zz79zz72z\"> l\u2019int\u00e9rieur, on redynamise le lieu <\/span><span class=\"author-a-nz77zz77zz72zyz81zpz75zz67zz68zz67zz83zz72zfz67zz75z\">par<\/span><span class=\"author-a-z84zfez74zz73z7vz78znz66zz80zz66zz71zz80zz79zz72z\"> des couleurs fortes et une nouvelle classification <\/span><span class=\"author-a-nz77zz77zz72zyz81zpz75zz67zz68zz67zz83zz72zfz67zz75z\">visuelle <\/span><span class=\"author-a-z84zfez74zz73z7vz78znz66zz80zz66zz71zz80zz79zz72z\">des collections.\u00a0<\/span><\/div>\n<div id=\"magicdomid59\" class=\"\"><span class=\"author-a-nz77zz77zz72zyz81zpz75zz67zz68zz67zz83zz72zfz67zz75z\">&#8211; <\/span><span class=\"author-a-z84zfez74zz73z7vz78znz66zz80zz66zz71zz80zz79zz72z\">(DANS 1 AN)<\/span> <span class=\"author-a-z84zfez74zz73z7vz78znz66zz80zz66zz71zz80zz79zz72z\">Dans un deuxi\u00e8me temps, nous <\/span><span class=\"author-a-nz77zz77zz72zyz81zpz75zz67zz68zz67zz83zz72zfz67zz75z\">avons organis\u00e9<\/span><span class=\"author-a-z84zfez74zz73z7vz78znz66zz80zz66zz71zz80zz79zz72z\"> un atelier participatif pour construire le mobilier de la future <\/span><span class=\"author-a-z84zfez74zz73z7vz78znz66zz80zz66zz71zz80zz79zz72z i\"><i>Blabla\u2019th\u00e8que<\/i><\/span><span class=\"author-a-z84zfez74zz73z7vz78znz66zz80zz66zz71zz80zz79zz72z\">. Ainsi, les habitants et les b\u00e9n\u00e9voles pourront construire ensemble la biblioth\u00e8que, se sentir investi dans le lieu et recr\u00e9er du lien entre eux.<\/span><\/div>\n<div id=\"magicdomid60\" class=\"\"><span class=\"author-a-z84zfez74zz73z7vz78znz66zz80zz66zz71zz80zz79zz72z\">L\u2019espace se transforme et se d\u00e9compose en trois<\/span><span class=\"author-a-nz77zz77zz72zyz81zpz75zz67zz68zz67zz83zz72zfz67zz75z\">.<\/span><span class=\"author-a-z84zfez74zz73z7vz78znz66zz80zz66zz71zz80zz79zz72z\"> Une salle contenant les collections, un couloir qui devient un espace d\u2019exposition et de lecture gr\u00e2ce aux <\/span><span class=\"author-a-z84zfez74zz73z7vz78znz66zz80zz66zz71zz80zz79zz72z i\"><i>Blabla\u2019ssises<\/i><\/span><i> <\/i><span class=\"author-a-nz77zz77zz72zyz81zpz75zz67zz68zz67zz83zz72zfz67zz75z\">\u2014<\/span><span class=\"author-a-z84zfez74zz73z7vz78znz66zz80zz66zz71zz80zz79zz72z\"> des si\u00e8ges qui murmurent. En effet, les usagers dissimulent dans les compartiments les lectures qu\u2019ils souhaitent partager, comme un murmure laiss\u00e9 l\u00e0. Enfin, une pi\u00e8ce de vie qui se module en fonction des besoins et peut devenir une salle de repr\u00e9sentation de th\u00e9\u00e2tre ou de projection de films, par exemple, notamment gr\u00e2ce \u00e0 son estrade. On y trouve le <\/span><span class=\"author-a-z84zfez74zz73z7vz78znz66zz80zz66zz71zz80zz79zz72z i\"><i>Murmur\u2019Omur<\/i><\/span><span class=\"author-a-z84zfez74zz73z7vz78znz66zz80zz66zz71zz80zz79zz72z\">, un mur d\u2019expression qui permet aux habitants de partager leur humeur, leurs envies.<\/span><\/div>\n<div id=\"magicdomid61\" class=\"\"><span class=\"author-a-nz77zz77zz72zyz81zpz75zz67zz68zz67zz83zz72zfz67zz75z\">&#8211; <\/span><span class=\"author-a-z84zfez74zz73z7vz78znz66zz80zz66zz71zz80zz79zz72z\">(DANS LE FUTUR)<\/span><span class=\"author-a-nz77zz77zz72zyz81zpz75zz67zz68zz67zz83zz72zfz67zz75z\"> L<\/span><span class=\"author-a-z84zfez74zz73z7vz78znz66zz80zz66zz71zz80zz79zz72z\">a troisi\u00e8me temporalit\u00e9 met en sc\u00e8ne un ordinateur performant qui remplace les b\u00e9n\u00e9voles. Les utilisateurs peuvent alors commander et r\u00e9cup\u00e9rer les livres de la BDBR<\/span><span class=\"author-a-nz77zz77zz72zyz81zpz75zz67zz68zz67zz83zz72zfz67zz75z\"> \u00e0 l\u2019aide d\u2019une carte de membre<\/span><span class=\"author-a-z84zfez74zz73z7vz78znz66zz80zz66zz71zz80zz79zz72z\">. Les livres sont donn\u00e9s par un bras m\u00e9canique contr\u00f4l\u00e9 par l&#8217;ordinateur central qui g\u00e8re tous les emprunts.<\/span><span class=\"author-a-nz77zz77zz72zyz81zpz75zz67zz68zz67zz83zz72zfz67zz75z\"> Par cette derni\u00e8re proposition, nous voulions souligner l&#8217;\u00e9vidence de la pr\u00e9sence de<\/span><span class=\"author-a-z84zfez74zz73z7vz78znz66zz80zz66zz71zz80zz79zz72z\"> l&#8217;ordinateur <\/span><span class=\"author-a-nz77zz77zz72zyz81zpz75zz67zz68zz67zz83zz72zfz67zz75z\">au sein du<\/span><span class=\"author-a-z84zfez74zz73z7vz78znz66zz80zz66zz71zz80zz79zz72z\"> point lecture. Pour nous, une biblioth\u00e8que sans ordinateur et supports num\u00e9riques n\u2019est plus une biblioth\u00e8que viable et ne r\u00e9pond plus \u00e0 la demande des usagers. <\/span><span class=\"author-a-nz77zz77zz72zyz81zpz75zz67zz68zz67zz83zz72zfz67zz75z\">Cependant, <\/span><span class=\"author-a-z84zfez74zz73z7vz78znz66zz80zz66zz71zz80zz79zz72z\">l&#8217;int\u00e9gration d&#8217;un ordinateur engendrerait <\/span><span class=\"author-a-nz77zz77zz72zyz81zpz75zz67zz68zz67zz83zz72zfz67zz75z\">assur\u00e9ment <\/span><span class=\"author-a-z84zfez74zz73z7vz78znz66zz80zz66zz71zz80zz79zz72z\">la d\u00e9mission de b\u00e9n\u00e9voles actuels<\/span><span class=\"author-a-nz77zz77zz72zyz81zpz75zz67zz68zz67zz83zz72zfz67zz75z\">.<\/span> <span class=\"author-a-nz77zz77zz72zyz81zpz75zz67zz68zz67zz83zz72zfz67zz75z\">N<\/span><span class=\"author-a-z84zfez74zz73z7vz78znz66zz80zz66zz71zz80zz79zz72z\">ous dev<\/span><span class=\"author-a-nz77zz77zz72zyz81zpz75zz67zz68zz67zz83zz72zfz67zz75z\">i<\/span><span class=\"author-a-z84zfez74zz73z7vz78znz66zz80zz66zz71zz80zz79zz72z\">ons<\/span><span class=\"author-a-nz77zz77zz72zyz81zpz75zz67zz68zz67zz83zz72zfz67zz75z\"> donc<\/span><span class=\"author-a-z84zfez74zz73z7vz78znz66zz80zz66zz71zz80zz79zz72z\"> prendre en compte l<\/span><span class=\"author-a-nz77zz77zz72zyz81zpz75zz67zz68zz67zz83zz72zfz67zz75z\">&#8216;hypoth\u00e8se, m\u00eame absurde,<\/span><span class=\"author-a-z84zfez74zz73z7vz78znz66zz80zz66zz71zz80zz79zz72z\"> d&#8217;un lieu devenu autonome. Ainsi, l\u2019ordinateur est l\u2019un des \u00e9l\u00e9ments principaux de la <\/span><span class=\"author-a-z84zfez74zz73z7vz78znz66zz80zz66zz71zz80zz79zz72z i\"><i>Blabla\u2019th\u00e8que<\/i><\/span><span class=\"author-a-z84zfez74zz73z7vz78znz66zz80zz66zz71zz80zz79zz72z\">.<\/span><\/div>\n<div class=\"\"><\/p><\/div>\n\t\t<\/div><\/div>\n<div class=\"\">\n<hr \/>\n<h4 id=\"magicdomid63\"><span class=\"author-a-z71zvjz79zz77zoez78znz66zz71zz76zz71zsyz75z i\"><i>S.O.S Pack BDBR\u00a0<\/i><\/span><\/h4>\n<h4 id=\"magicdomid64\"><span class=\"author-a-z71zvjz79zz77zoez78znz66zz71zz76zz71zsyz75z\">Irhizome (Laury Anne-Rose, Alexis Gunkel, Cl\u00e9mence Nicloux, Ossian Roux, Edouard Sibioude, Julien Tamini, Paulin Viguier)<\/span><\/h4>\n<h4 id=\"magicdomid65\"><span class=\"author-a-z71zvjz79zz77zoez78znz66zz71zz76zz71zsyz75z\">Biblioth\u00e8que D\u00e9partementale du Bas-Rhin, Truchtersheim<\/span><\/h4>\n\n\t\t<!-- MasterSlider -->\n\t\t<div id=\"P_MS69f234e4484da\" class=\"master-slider-parent msl ms-parent-id-77\" style=\"max-width:980px;\">\n\n\t\t\t\n\t\t\t<!-- MasterSlider Main -->\n\t\t\t<div id=\"MS69f234e4484da\" class=\"master-slider ms-skin-light-3\" >\n\t\t\t\t \t\t\t\t \n\t\t\t\t<div  class=\"ms-slide\" data-delay=\"3\" data-fill-mode=\"fill\"  >\n\t\t\t\t\t<img src=\"https:\/\/www.lyceelecorbusier.eu\/dsaa\/wp-content\/plugins\/master-slider\/public\/assets\/css\/blank.gif\" alt=\"\" title=\"\" data-src=\"https:\/\/www.lyceelecorbusier.eu\/dsaa\/wp-content\/uploads\/sites\/4\/2017\/03\/IMG_6224.jpg\" \/>\n\n\n\t<div class=\"ms-thumb\" ><div class=\"ms-tab-context\"><div class=&quot;ms-tab-context&quot;><\/div><\/div>\n<\/div>\n\t\t\t\t<\/div>\n\t\t\t\t<div  class=\"ms-slide\" data-delay=\"3\" data-fill-mode=\"fill\"  >\n\t\t\t\t\t<img src=\"https:\/\/www.lyceelecorbusier.eu\/dsaa\/wp-content\/plugins\/master-slider\/public\/assets\/css\/blank.gif\" alt=\"\" title=\"\" data-src=\"https:\/\/www.lyceelecorbusier.eu\/dsaa\/wp-content\/uploads\/sites\/4\/2017\/03\/IMG_4237.jpg\" \/>\n\n\n\t<div class=\"ms-thumb\" ><div class=\"ms-tab-context\"><div class=&quot;ms-tab-context&quot;><\/div><\/div>\n<\/div>\n\t\t\t\t<\/div>\n\t\t\t\t<div  class=\"ms-slide\" data-delay=\"3\" data-fill-mode=\"fill\"  >\n\t\t\t\t\t<img src=\"https:\/\/www.lyceelecorbusier.eu\/dsaa\/wp-content\/plugins\/master-slider\/public\/assets\/css\/blank.gif\" alt=\"\" title=\"\" data-src=\"https:\/\/www.lyceelecorbusier.eu\/dsaa\/wp-content\/uploads\/sites\/4\/2017\/03\/IMG_6280.jpg\" \/>\n\n\n\t<div class=\"ms-thumb\" ><div class=\"ms-tab-context\"><div class=&quot;ms-tab-context&quot;><\/div><\/div>\n<\/div>\n\t\t\t\t<\/div>\n\t\t\t\t<div  class=\"ms-slide\" data-delay=\"3\" data-fill-mode=\"fill\"  >\n\t\t\t\t\t<img src=\"https:\/\/www.lyceelecorbusier.eu\/dsaa\/wp-content\/plugins\/master-slider\/public\/assets\/css\/blank.gif\" alt=\"\" title=\"\" data-src=\"https:\/\/www.lyceelecorbusier.eu\/dsaa\/wp-content\/uploads\/sites\/4\/2017\/03\/mur-textile.jpg\" \/>\n\n\n\t<div class=\"ms-thumb\" ><div class=\"ms-tab-context\"><div class=&quot;ms-tab-context&quot;><\/div><\/div>\n<\/div>\n\t\t\t\t<\/div>\n\t\t\t\t<div  class=\"ms-slide\" data-delay=\"3\" data-fill-mode=\"fill\"  >\n\t\t\t\t\t<img src=\"https:\/\/www.lyceelecorbusier.eu\/dsaa\/wp-content\/plugins\/master-slider\/public\/assets\/css\/blank.gif\" alt=\"\" title=\"\" data-src=\"https:\/\/www.lyceelecorbusier.eu\/dsaa\/wp-content\/uploads\/sites\/4\/2017\/03\/Capture-d\u2019e\u0301cran-2017-03-17-a\u0300-19.14.48.png\" \/>\n\n\n\t<div class=\"ms-thumb\" ><div class=\"ms-tab-context\"><div class=&quot;ms-tab-context&quot;><\/div><\/div>\n<\/div>\n\t\t\t\t<\/div>\n\t\t\t\t<div  class=\"ms-slide\" data-delay=\"3\" data-fill-mode=\"fill\"  >\n\t\t\t\t\t<img src=\"https:\/\/www.lyceelecorbusier.eu\/dsaa\/wp-content\/plugins\/master-slider\/public\/assets\/css\/blank.gif\" alt=\"\" title=\"\" data-src=\"https:\/\/www.lyceelecorbusier.eu\/dsaa\/wp-content\/uploads\/sites\/4\/2017\/03\/Capture-d\u2019e\u0301cran-2017-03-17-a\u0300-19.14.54.png\" \/>\n\n\n\t<div class=\"ms-thumb\" ><div class=\"ms-tab-context\"><div class=&quot;ms-tab-context&quot;><\/div><\/div>\n<\/div>\n\t\t\t\t<\/div>\n\t\t\t\t<div  class=\"ms-slide\" data-delay=\"3\" data-fill-mode=\"fill\"  >\n\t\t\t\t\t<img src=\"https:\/\/www.lyceelecorbusier.eu\/dsaa\/wp-content\/plugins\/master-slider\/public\/assets\/css\/blank.gif\" alt=\"\" title=\"\" data-src=\"https:\/\/www.lyceelecorbusier.eu\/dsaa\/wp-content\/uploads\/sites\/4\/2017\/03\/Capture-d\u2019e\u0301cran-2017-03-17-a\u0300-19.14.58.png\" \/>\n\n\n\t<div class=\"ms-thumb\" ><div class=\"ms-tab-context\"><div class=&quot;ms-tab-context&quot;><\/div><\/div>\n<\/div>\n\t\t\t\t<\/div>\n\n\t\t\t<\/div>\n\t\t\t<!-- END MasterSlider Main -->\n\n\t\t\t \n\t\t<\/div>\n\t\t<!-- END MasterSlider -->\n\n\t\t<script>\n\t\t(function ( $ ) {\n\t\t\t\"use strict\";\n\n\t\t\t$(function () {\n\t\t\t\tvar masterslider_84da = new MasterSlider();\n\n\t\t\t\t\/\/ slider controls\n\t\t\t\tmasterslider_84da.control('arrows'     ,{ autohide:false, overVideo:true  });\n\t\t\t\t\/\/ slider setup\n\t\t\t\tmasterslider_84da.setup(\"MS69f234e4484da\", {\n\t\t\t\t\t\twidth           : 800,\n\t\t\t\t\t\theight          : 480,\n\t\t\t\t\t\tminHeight       : 0,\n\t\t\t\t\t\tspace           : 0,\n\t\t\t\t\t\tstart           : 1,\n\t\t\t\t\t\tgrabCursor      : true,\n\t\t\t\t\t\tswipe           : true,\n\t\t\t\t\t\tmouse           : true,\n\t\t\t\t\t\tlayout          : \"boxed\",\n\t\t\t\t\t\twheel           : false,\n\t\t\t\t\t\tautoplay        : true,\n\t\t\t\t\t\tinstantStartLayers:false,\n\t\t\t\t\t\tloop            : true,\n\t\t\t\t\t\tshuffle         : false,\n\t\t\t\t\t\tpreload         : 0,\n\t\t\t\t\t\theightLimit     : true,\n\t\t\t\t\t\tautoHeight      : true,\n\t\t\t\t\t\tsmoothHeight    : true,\n\t\t\t\t\t\tendPause        : false,\n\t\t\t\t\t\toverPause       : true,\n\t\t\t\t\t\tfillMode        : \"fill\",\n\t\t\t\t\t\tcenterControls  : true,\n\t\t\t\t\t\tstartOnAppear   : false,\n\t\t\t\t\t\tlayersMode      : \"center\",\n\t\t\t\t\t\thideLayers      : false,\n\t\t\t\t\t\tfullscreenMargin: 0,\n\t\t\t\t\t\tspeed           : 20,\n\t\t\t\t\t\tdir             : \"h\",\n\t\t\t\t\t\tparallaxMode    : 'swipe',\n\t\t\t\t\t\tview            : \"fade\"\n\t\t\t\t});\n\n\t\t\t\t\n\t\t\t\twindow.masterslider_instances = window.masterslider_instances || [];\n\t\t\t\twindow.masterslider_instances.push( masterslider_84da );\n\t\t\t });\n\n\t\t})(jQuery);\n\t\t<\/script>\n\n\n\n\t\t<div class=\"toggle-box\">\n\t\t<p class=\"toggle-trigger\"><a href=\"javascript:void(0);\">descriptif du projet<\/a><\/p>\n\t\t<div class=\"toggle-section\"><p>\n<p><span class=\"author-a-nz77zz77zz72zyz81zpz75zz67zz68zz67zz83zz72zfz67zz75z\">&#8211; \u00c0<\/span><span class=\"author-a-z71zvjz79zz77zoez78znz66zz71zz76zz71zsyz75z\"> Truchtersheim se trouve la t\u00eate du r\u00e9seau de la BDBR. Ce lieu, centre ressource pour l\u2019ensemble des points lecture et biblioth\u00e8ques du territoire, accueille r\u00e9guli\u00e8rement les acteurs et b\u00e9n\u00e9voles agissant pour la lecture publique. Face aux enjeux actuels, le r\u00e9seau se r\u00e9organise et innove autant dans ses structures que dans son b\u00e2timent. Suite aux attentes des acteurs des lieux, un questionnement se d\u00e9gage sur l&#8217;espace m\u00eame de la BDBR, la mani\u00e8re d&#8217;entretenir et de repenser les liens avec <\/span><span class=\"author-a-nz77zz77zz72zyz81zpz75zz67zz68zz67zz83zz72zfz67zz75z\">l&#8217;ensemble du r\u00e9seau<\/span><span class=\"author-a-z71zvjz79zz77zoez78znz66zz71zz76zz71zsyz75z\">.\u00a0<\/span><\/p>\n<div id=\"magicdomid67\" class=\"\"><span class=\"author-a-nz77zz77zz72zyz81zpz75zz67zz68zz67zz83zz72zfz67zz75z\">&#8211; <\/span><span class=\"author-a-z71zvjz79zz77zoez78znz66zz71zz76zz71zsyz75z\">Un premier travail de <\/span><span class=\"author-a-nz77zz77zz72zyz81zpz75zz67zz68zz67zz83zz72zfz67zz75z\">re<\/span><span class=\"author-a-z71zvjz79zz77zoez78znz66zz71zz76zz71zsyz75z\">lecture des espaces de la BDBR <\/span><span class=\"author-a-nz77zz77zz72zyz81zpz75zz67zz68zz67zz83zz72zfz67zz75z\">a<\/span><span class=\"author-a-z71zvjz79zz77zoez78znz66zz71zz76zz71zsyz75z\"> \u00e9t\u00e9 fait par la cr\u00e9ation d&#8217;une charte graphique<\/span><span class=\"author-a-nz77zz77zz72zyz81zpz75zz67zz68zz67zz83zz72zfz67zz75z\"> se d\u00e9ployant dans<\/span><span class=\"author-a-z71zvjz79zz77zoez78znz66zz71zz76zz71zsyz75z\"> une signal\u00e9tique au sol. Guidant l&#8217;usager <\/span><span class=\"author-a-nz77zz77zz72zyz81zpz75zz67zz68zz67zz83zz72zfz67zz75z\">mais<\/span><span class=\"author-a-z71zvjz79zz77zoez78znz66zz71zz76zz71zsyz75z\"> soulignant<\/span><span class=\"author-a-nz77zz77zz72zyz81zpz75zz67zz68zz67zz83zz72zfz67zz75z\"> \u00e9galement<\/span><span class=\"author-a-z71zvjz79zz77zoez78znz66zz71zz76zz71zsyz75z\"> les incoh\u00e9rence<\/span><span class=\"author-a-nz77zz77zz72zyz81zpz75zz67zz68zz67zz83zz72zfz67zz75z\">s<\/span><span class=\"author-a-z71zvjz79zz77zoez78znz66zz71zz76zz71zsyz75z\"> de l&#8217;organisation spatiale.\u00a0<\/span><\/div>\n<div id=\"magicdomid68\" class=\"\"><span class=\"author-a-z71zvjz79zz77zoez78znz66zz71zz76zz71zsyz75z\">&#8211;<\/span> <span class=\"author-a-z71zvjz79zz77zoez78znz66zz71zz76zz71zsyz75z\">Dans un m\u00eame mouvement s&#8217;est cr\u00e9\u00e9 le <\/span><span class=\"author-a-z71zvjz79zz77zoez78znz66zz71zz76zz71zsyz75z i\"><i>Caf\u00e9 Kuchen<\/i><\/span><i> <\/i><span class=\"author-a-nz77zz77zz72zyz81zpz75zz67zz68zz67zz83zz72zfz67zz75z\">:<\/span> <span class=\"author-a-nz77zz77zz72zyz81zpz75zz67zz68zz67zz83zz72zfz67zz75z\">un espace de rencontre pour<\/span><span class=\"author-a-z71zvjz79zz77zoez78znz66zz71zz76zz71zsyz75z\"> pr\u00e9senter des outils de travail actuels ou futurs, les tester et s\u2019informer. Dans cet espace, autour d\u2019un caf\u00e9, l<\/span><span class=\"author-a-nz77zz77zz72zyz81zpz75zz67zz68zz67zz83zz72zfz67zz75z\">es <\/span><span class=\"author-a-z71zvjz79zz77zoez78znz66zz71zz76zz71zsyz75z\">\u00e9change<\/span><span class=\"author-a-nz77zz77zz72zyz81zpz75zz67zz68zz67zz83zz72zfz67zz75z\">s<\/span><span class=\"author-a-z71zvjz79zz77zoez78znz66zz71zz76zz71zsyz75z\"> se <\/span><span class=\"author-a-nz77zz77zz72zyz81zpz75zz67zz68zz67zz83zz72zfz67zz75z\">multiplient<\/span><span class=\"author-a-z71zvjz79zz77zoez78znz66zz71zz76zz71zsyz75z\"> et chacun peut pr\u00e9senter son service, ses probl\u00e9matiques, afin de discuter de solutions<\/span><span class=\"author-a-nz77zz77zz72zyz81zpz75zz67zz68zz67zz83zz72zfz67zz75z\"> pragmatiques<\/span><span class=\"author-a-z71zvjz79zz77zoez78znz66zz71zz76zz71zsyz75z\">. C\u2019est aussi un moment privil\u00e9gi\u00e9 pour anticiper les probl\u00e8mes rencontr\u00e9s, valoriser le travail de la BDBR et proposer des moyens d\u2019animer le r\u00e9seau. Le <\/span><span class=\"author-a-z71zvjz79zz77zoez78znz66zz71zz76zz71zsyz75z i\"><i>Caf\u00e9 Kuchen<\/i><\/span><i> <\/i><span class=\"author-a-z71zvjz79zz77zoez78znz66zz71zz76zz71zsyz75z\">est appel\u00e9 \u00e0 <\/span><span class=\"author-a-nz77zz77zz72zyz81zpz75zz67zz68zz67zz83zz72zfz67zz75z\">se renouveler en permanence, sous l&#8217;impulsion des personnels de la BDBR de Truchtersheim<\/span><span class=\"author-a-z71zvjz79zz77zoez78znz66zz71zz76zz71zsyz75z\">. Plusieurs ateliers sont propos\u00e9s aux acteurs internes de la BDBR ainsi qu&#8217;aux collaborateurs. Sous une forme ludique, par le biais de jeux de cartes, dessins, hasard, ils sont invit\u00e9s \u00e0 r\u00e9pondre aux questionnements actuels des biblioth\u00e8ques et m\u00e9diath\u00e8ques. L&#8217;objectif \u00e9tant de lancer une m\u00e9thode de travail et de recherche que ces acteurs sauront prendre en main et enrichir par leur propre chef.\u00a0<\/span><\/div>\n<div id=\"magicdomid69\" class=\"\"><span class=\"author-a-z71zvjz79zz77zoez78znz66zz71zz76zz71zsyz75z\">&#8211;<\/span> <span class=\"author-a-z71zvjz79zz77zoez78znz66zz71zz76zz71zsyz75z\">Ces investigations \u00e0 court terme ont \u00e9t\u00e9 accompagn\u00e9es de projections \u00e0 plus long terme. Pour continuer de trouver des solutions spatiales, rechercher et promouvoir les m\u00e9thodes de travail du <\/span><span class=\"author-a-z71zvjz79zz77zoez78znz66zz71zz76zz71zsyz75z i\"><i>Caf\u00e9 Kuchen.<\/i><\/span><\/div>\n<div class=\"\"><\/p><\/div>\n\t\t<\/div><\/div>\n<div class=\"\">\n<hr \/>\n<\/div>\n<\/div>\n<\/div>\n<\/div>\n<div class=\"\">\n<h4 id=\"magicdomid71\"><span class=\"author-a-z68zz89zz122z5u1z80zz77zrz67zoz90zmn3z86z\">La Bruche M\u00e9diath\u00e8que<\/span><\/h4>\n<h4 id=\"magicdomid72\"><span class=\"author-a-z68zz89zz122z5u1z80zz77zrz67zoz90zmn3z86z\">Collectif Dynam&#8217;oh! (Nicolas Klimenko, Sandrine Nef, Elisa Guillet)<\/span><\/h4>\n<h4 id=\"magicdomid73\"><span class=\"author-a-z68zz89zz122z5u1z80zz77zrz67zoz90zmn3z86z\">M\u00e9diath\u00e8que d&#8217;Hangenbieten<\/span><\/h4>\n\n\t\t<!-- MasterSlider -->\n\t\t<div id=\"P_MS69f234e455af7\" class=\"master-slider-parent msl ms-parent-id-78\" style=\"max-width:980px;\">\n\n\t\t\t\n\t\t\t<!-- MasterSlider Main -->\n\t\t\t<div id=\"MS69f234e455af7\" class=\"master-slider ms-skin-light-3\" >\n\t\t\t\t \t\t\t\t \n\t\t\t\t<div  class=\"ms-slide\" data-delay=\"3\" data-fill-mode=\"fill\"  >\n\t\t\t\t\t<img src=\"https:\/\/www.lyceelecorbusier.eu\/dsaa\/wp-content\/plugins\/master-slider\/public\/assets\/css\/blank.gif\" alt=\"\" title=\"\" data-src=\"https:\/\/www.lyceelecorbusier.eu\/dsaa\/wp-content\/uploads\/sites\/4\/2017\/03\/0-P.jpg\" \/>\n\n\n\t<div class=\"ms-thumb\" ><div class=\"ms-tab-context\"><div class=&quot;ms-tab-context&quot;><\/div><\/div>\n<\/div>\n\t\t\t\t<\/div>\n\t\t\t\t<div  class=\"ms-slide\" data-delay=\"3\" data-fill-mode=\"fill\"  >\n\t\t\t\t\t<img src=\"https:\/\/www.lyceelecorbusier.eu\/dsaa\/wp-content\/plugins\/master-slider\/public\/assets\/css\/blank.gif\" alt=\"\" title=\"\" data-src=\"https:\/\/www.lyceelecorbusier.eu\/dsaa\/wp-content\/uploads\/sites\/4\/2017\/03\/E-3.jpg\" \/>\n\n\n\t<div class=\"ms-thumb\" ><div class=\"ms-tab-context\"><div class=&quot;ms-tab-context&quot;><\/div><\/div>\n<\/div>\n\t\t\t\t<\/div>\n\t\t\t\t<div  class=\"ms-slide\" data-delay=\"3\" data-fill-mode=\"fill\"  >\n\t\t\t\t\t<img src=\"https:\/\/www.lyceelecorbusier.eu\/dsaa\/wp-content\/plugins\/master-slider\/public\/assets\/css\/blank.gif\" alt=\"\" title=\"\" data-src=\"https:\/\/www.lyceelecorbusier.eu\/dsaa\/wp-content\/uploads\/sites\/4\/2017\/03\/G-5.jpg\" \/>\n\n\n\t<div class=\"ms-thumb\" ><div class=\"ms-tab-context\"><div class=&quot;ms-tab-context&quot;><\/div><\/div>\n<\/div>\n\t\t\t\t<\/div>\n\t\t\t\t<div  class=\"ms-slide\" data-delay=\"3\" data-fill-mode=\"fill\"  >\n\t\t\t\t\t<img src=\"https:\/\/www.lyceelecorbusier.eu\/dsaa\/wp-content\/plugins\/master-slider\/public\/assets\/css\/blank.gif\" alt=\"\" title=\"\" data-src=\"https:\/\/www.lyceelecorbusier.eu\/dsaa\/wp-content\/uploads\/sites\/4\/2017\/03\/E-2.jpg\" \/>\n\n\n\t<div class=\"ms-thumb\" ><div class=\"ms-tab-context\"><div class=&quot;ms-tab-context&quot;><\/div><\/div>\n<\/div>\n\t\t\t\t<\/div>\n\t\t\t\t<div  class=\"ms-slide\" data-delay=\"3\" data-fill-mode=\"fill\"  >\n\t\t\t\t\t<img src=\"https:\/\/www.lyceelecorbusier.eu\/dsaa\/wp-content\/plugins\/master-slider\/public\/assets\/css\/blank.gif\" alt=\"\" title=\"\" data-src=\"https:\/\/www.lyceelecorbusier.eu\/dsaa\/wp-content\/uploads\/sites\/4\/2017\/03\/P-1.jpg\" \/>\n\n\n\t<div class=\"ms-thumb\" ><div class=\"ms-tab-context\"><div class=&quot;ms-tab-context&quot;><\/div><\/div>\n<\/div>\n\t\t\t\t<\/div>\n\n\t\t\t<\/div>\n\t\t\t<!-- END MasterSlider Main -->\n\n\t\t\t \n\t\t<\/div>\n\t\t<!-- END MasterSlider -->\n\n\t\t<script>\n\t\t(function ( $ ) {\n\t\t\t\"use strict\";\n\n\t\t\t$(function () {\n\t\t\t\tvar masterslider_5af7 = new MasterSlider();\n\n\t\t\t\t\/\/ slider controls\n\t\t\t\tmasterslider_5af7.control('arrows'     ,{ autohide:false, overVideo:true  });\n\t\t\t\t\/\/ slider setup\n\t\t\t\tmasterslider_5af7.setup(\"MS69f234e455af7\", {\n\t\t\t\t\t\twidth           : 800,\n\t\t\t\t\t\theight          : 480,\n\t\t\t\t\t\tminHeight       : 0,\n\t\t\t\t\t\tspace           : 0,\n\t\t\t\t\t\tstart           : 1,\n\t\t\t\t\t\tgrabCursor      : true,\n\t\t\t\t\t\tswipe           : true,\n\t\t\t\t\t\tmouse           : true,\n\t\t\t\t\t\tlayout          : \"boxed\",\n\t\t\t\t\t\twheel           : false,\n\t\t\t\t\t\tautoplay        : true,\n\t\t\t\t\t\tinstantStartLayers:false,\n\t\t\t\t\t\tloop            : true,\n\t\t\t\t\t\tshuffle         : false,\n\t\t\t\t\t\tpreload         : 0,\n\t\t\t\t\t\theightLimit     : true,\n\t\t\t\t\t\tautoHeight      : true,\n\t\t\t\t\t\tsmoothHeight    : true,\n\t\t\t\t\t\tendPause        : false,\n\t\t\t\t\t\toverPause       : true,\n\t\t\t\t\t\tfillMode        : \"fill\",\n\t\t\t\t\t\tcenterControls  : true,\n\t\t\t\t\t\tstartOnAppear   : false,\n\t\t\t\t\t\tlayersMode      : \"center\",\n\t\t\t\t\t\thideLayers      : false,\n\t\t\t\t\t\tfullscreenMargin: 0,\n\t\t\t\t\t\tspeed           : 20,\n\t\t\t\t\t\tdir             : \"h\",\n\t\t\t\t\t\tparallaxMode    : 'swipe',\n\t\t\t\t\t\tview            : \"fade\"\n\t\t\t\t});\n\n\t\t\t\t\n\t\t\t\twindow.masterslider_instances = window.masterslider_instances || [];\n\t\t\t\twindow.masterslider_instances.push( masterslider_5af7 );\n\t\t\t });\n\n\t\t})(jQuery);\n\t\t<\/script>\n\n\n\n\t\t<div class=\"toggle-box\">\n\t\t<p class=\"toggle-trigger\"><a href=\"javascript:void(0);\">descriptif du projet<\/a><\/p>\n\t\t<div class=\"toggle-section\"><p>\n<p><span class=\"author-a-z68zz89zz122z5u1z80zz77zrz67zoz90zmn3z86z\">&#8211; Nous avons \u00e9t\u00e9 initialement missionn\u00e9s pour rendre attractive la m\u00e9diath\u00e8que aux yeux des adolescents en repensant la salle qui leur est d\u00e9di\u00e9e. Nous avons tr\u00e8s vite compris que le probl\u00e8me qui se posait allait au del\u00e0 de la m\u00e9diath\u00e8que en elle m\u00eame (mal situ\u00e9e, agenc\u00e9e avec difficult\u00e9s dans les combles du Centre Socio Culturel d&#8217;Hangenbienten). Pour lui donner un nouveau souffle, un renouvellement complet est essentiel.<\/span><\/p>\n<div id=\"magicdomid75\" class=\"\"><span class=\"author-a-z68zz89zz122z5u1z80zz77zrz67zoz90zmn3z86z\">&#8211; Aujourd&#8217;hui: Nous lui avons donn\u00e9 un nom, un logo, une enseigne qui permettent de l&#8217;identifier comme un lieu \u00e0 part enti\u00e8re. Le d\u00e9pliant informatif a \u00e9t\u00e9 compl\u00e8tement repens\u00e9 avec une nouvelle identit\u00e9 graphique et des informations actualis\u00e9es. De plus, nous avons mis en place un kit de communication dynamique bas\u00e9 sur une lanc\u00e9e urbaine qui correspond \u00e0 un public adolescent. Il s&#8217;agit de pochoirs du logo de la m\u00e9diath\u00e8que en trois tailles qui peuvent \u00eatre bomb\u00e9s dans l&#8217;espace urbain avec de la peinture \u00e9ph\u00e9m\u00e8re \u00e0 l&#8217;eau. Ils cr\u00e9ent une signal\u00e9tique spontan\u00e9e, jeune, \u00e9volutive. Par ailleurs, un kit d&#8217;affiches a \u00e9t\u00e9 propos\u00e9. Il se compose de bases pour des affiches communiquant des \u00e9v\u00e8nements (caf\u00e9 th\u00e9\u00e2tre, soir\u00e9e lecture&#8230;). Des cases peuvent \u00eatre noircies pour indiquer la date et l&#8217;heure, des lignes sont \u00e0 remplir sur l&#8217;exactitude de l&#8217;\u00e9v\u00e8nement.<\/span><\/div>\n<div id=\"magicdomid76\" class=\"\"><span class=\"author-a-z68zz89zz122z5u1z80zz77zrz67zoz90zmn3z86z\">&#8211; Demain: Faire sortir la m\u00e9diath\u00e8que de ses combles s&#8217;est impos\u00e9 comme une n\u00e9cessit\u00e9. Pour cela, des coques facett\u00e9es, les Galets, en OSB sont \u00e0 monter par le personnel municipal. Ces Galets peuvent \u00eatre dispos\u00e9s \u00e0 l&#8217;ext\u00e9rieur du Centre Socio Culturel et laiss\u00e9s en libre utilisation. On peut s&#8217;y asseoir, s&#8217;y allonger, y attendre quelqu&#8217;un, trainer avec ses amis, y lire etc. De plus leur poids limit\u00e9 \u00e0 10kg permet de les d\u00e9placer sans grande difficult\u00e9. Les Galets sont color\u00e9s selon l&#8217;identit\u00e9 graphique de la m\u00e9diath\u00e8que, le logo de celle ci est appos\u00e9 dessus. Si les Galets sont d\u00e9plac\u00e9s dans le village, ils continueront de communiquer autour de la m\u00e9diath\u00e8que. De plus il peuvent \u00eatre le support de la communication de celle-ci.<\/span><\/div>\n<div id=\"magicdomid77\" class=\"\"><span class=\"author-a-z68zz89zz122z5u1z80zz77zrz67zoz90zmn3z86z\">&#8211; Prospectif: L&#8217;espace de la m\u00e9diath\u00e8que est restreint, son am\u00e9nagement est difficilement modifiable de par l&#8217;espace des combles qu&#8217;elle occupe. La taille en elle m\u00eame de l&#8217;espace est suffisant pour accueillir les livres, les CDs etc. mais la m\u00e9diath\u00e8quaire d\u00e9veloppe beaucoup d&#8217;activit\u00e9s et elle n&#8217;a pas l&#8217;espace pour cela. Nous avons imagin\u00e9 un espace suppl\u00e9mentaire et compl\u00e9mentaire \u00e0 l&#8217;existant, le but n&#8217;\u00e9tant pas un simple agrandissement. Cet espace, La Serre, a pour objectif d&#8217;offrir un espace autre qui peut \u00eatre utilis\u00e9 \u00e0 diverses fins, comme des projections de films, des lectures publiques, des temps de jeux etc. Cette excroissance organique serait accessible par badges obtenus par abonnement \u00e0 la m\u00e9diath\u00e8que m\u00eame quand cette derni\u00e8re est ferm\u00e9e au public. La Serre repr\u00e9sente un lieu de transition, qui incite \u00e0 rentrer \u00e0 la m\u00e9diath\u00e8que tout en offrant une disponibilit\u00e9 et des usages diff\u00e9rents. Tous les \u00e2ges s&#8217;y c\u00f4toient, tous les usages s&#8217;y compl\u00e8tent, tout le monde trouve son bonheur \u00e0 La Serre.<\/span><\/div>\n<div class=\"\"><\/p><\/div>\n\t\t<\/div><\/div>\n<div class=\"\">\n<hr \/>\n<div id=\"magicdomid43\" class=\"\"><span class=\"author-a-2kdz87zz83zs8z122zz89zj60z80z6z72zz81z b i\"><b><i>Plug-in<\/i><\/b><\/span><\/div>\n<h4 id=\"magicdomid44\"><span class=\"author-a-2kdz87zz83zs8z122zz89zj60z80z6z72zz81z b\">PP (Perspective Prospective)<\/span><\/h4>\n<h4 id=\"magicdomid45\"><span class=\"author-a-2kdz87zz83zs8z122zz89zj60z80z6z72zz81z b\">(Delfin Elizabeth, Girard Pauline, Silmar Bryan)<\/span><\/h4>\n<h4 id=\"magicdomid46\"><span class=\"author-a-2kdz87zz83zs8z122zz89zj60z80z6z72zz81z b\">Biblioth\u00e8que d&#8217;Hoerdt<\/span><\/h4>\n\n\t\t<!-- MasterSlider -->\n\t\t<div id=\"P_MS69f234e458049\" class=\"master-slider-parent msl ms-parent-id-75\" style=\"max-width:980px;\">\n\n\t\t\t\n\t\t\t<!-- MasterSlider Main -->\n\t\t\t<div id=\"MS69f234e458049\" class=\"master-slider ms-skin-light-3\" >\n\t\t\t\t \t\t\t\t \n\t\t\t\t<div  class=\"ms-slide\" data-delay=\"3\" data-fill-mode=\"fill\"  >\n\t\t\t\t\t<img src=\"https:\/\/www.lyceelecorbusier.eu\/dsaa\/wp-content\/plugins\/master-slider\/public\/assets\/css\/blank.gif\" alt=\"\" title=\"\" data-src=\"https:\/\/www.lyceelecorbusier.eu\/dsaa\/wp-content\/uploads\/sites\/4\/2017\/03\/2.jpg\" \/>\n\n\n\t<div class=\"ms-thumb\" ><div class=\"ms-tab-context\"><div class=&quot;ms-tab-context&quot;><\/div><\/div>\n<\/div>\n\t\t\t\t<\/div>\n\t\t\t\t<div  class=\"ms-slide\" data-delay=\"3\" data-fill-mode=\"fill\"  >\n\t\t\t\t\t<img src=\"https:\/\/www.lyceelecorbusier.eu\/dsaa\/wp-content\/plugins\/master-slider\/public\/assets\/css\/blank.gif\" alt=\"\" title=\"\" data-src=\"https:\/\/www.lyceelecorbusier.eu\/dsaa\/wp-content\/uploads\/sites\/4\/2017\/03\/3.jpg\" \/>\n\n\n\t<div class=\"ms-thumb\" ><div class=\"ms-tab-context\"><div class=&quot;ms-tab-context&quot;><\/div><\/div>\n<\/div>\n\t\t\t\t<\/div>\n\t\t\t\t<div  class=\"ms-slide\" data-delay=\"3\" data-fill-mode=\"fill\"  >\n\t\t\t\t\t<img src=\"https:\/\/www.lyceelecorbusier.eu\/dsaa\/wp-content\/plugins\/master-slider\/public\/assets\/css\/blank.gif\" alt=\"\" title=\"\" data-src=\"https:\/\/www.lyceelecorbusier.eu\/dsaa\/wp-content\/uploads\/sites\/4\/2017\/03\/1.jpg\" \/>\n\n\n\t<div class=\"ms-thumb\" ><div class=\"ms-tab-context\"><div class=&quot;ms-tab-context&quot;><\/div><\/div>\n<\/div>\n\t\t\t\t<\/div>\n\n\t\t\t<\/div>\n\t\t\t<!-- END MasterSlider Main -->\n\n\t\t\t \n\t\t<\/div>\n\t\t<!-- END MasterSlider -->\n\n\t\t<script>\n\t\t(function ( $ ) {\n\t\t\t\"use strict\";\n\n\t\t\t$(function () {\n\t\t\t\tvar masterslider_8049 = new MasterSlider();\n\n\t\t\t\t\/\/ slider controls\n\t\t\t\tmasterslider_8049.control('arrows'     ,{ autohide:false, overVideo:true  });\n\t\t\t\t\/\/ slider setup\n\t\t\t\tmasterslider_8049.setup(\"MS69f234e458049\", {\n\t\t\t\t\t\twidth           : 800,\n\t\t\t\t\t\theight          : 480,\n\t\t\t\t\t\tminHeight       : 0,\n\t\t\t\t\t\tspace           : 0,\n\t\t\t\t\t\tstart           : 1,\n\t\t\t\t\t\tgrabCursor      : true,\n\t\t\t\t\t\tswipe           : true,\n\t\t\t\t\t\tmouse           : true,\n\t\t\t\t\t\tlayout          : \"boxed\",\n\t\t\t\t\t\twheel           : false,\n\t\t\t\t\t\tautoplay        : true,\n\t\t\t\t\t\tinstantStartLayers:false,\n\t\t\t\t\t\tloop            : true,\n\t\t\t\t\t\tshuffle         : false,\n\t\t\t\t\t\tpreload         : 0,\n\t\t\t\t\t\theightLimit     : true,\n\t\t\t\t\t\tautoHeight      : true,\n\t\t\t\t\t\tsmoothHeight    : true,\n\t\t\t\t\t\tendPause        : false,\n\t\t\t\t\t\toverPause       : true,\n\t\t\t\t\t\tfillMode        : \"fill\",\n\t\t\t\t\t\tcenterControls  : true,\n\t\t\t\t\t\tstartOnAppear   : false,\n\t\t\t\t\t\tlayersMode      : \"center\",\n\t\t\t\t\t\thideLayers      : false,\n\t\t\t\t\t\tfullscreenMargin: 0,\n\t\t\t\t\t\tspeed           : 20,\n\t\t\t\t\t\tdir             : \"h\",\n\t\t\t\t\t\tparallaxMode    : 'swipe',\n\t\t\t\t\t\tview            : \"fade\"\n\t\t\t\t});\n\n\t\t\t\t\n\t\t\t\twindow.masterslider_instances = window.masterslider_instances || [];\n\t\t\t\twindow.masterslider_instances.push( masterslider_8049 );\n\t\t\t });\n\n\t\t})(jQuery);\n\t\t<\/script>\n\n\n<p><span class=\"author-a-2kdz87zz83zs8z122zz89zj60z80z6z72zz81z\">\n\t\t<div class=\"toggle-box\">\n\t\t<p class=\"toggle-trigger\"><a href=\"javascript:void(0);\">descriptif du projet<\/a><\/p>\n\t\t<div class=\"toggle-section\"><p><\/span><\/p>\n<p><span class=\"author-a-2kdz87zz83zs8z122zz89zj60z80z6z72zz81z\">&#8211; Impliqu\u00e9<\/span><span class=\"author-a-z85zr7z73zz69zz83zp1djdz77zpdt6\">e<\/span><span class=\"author-a-2kdz87zz83zs8z122zz89zj60z80z6z72zz81z\"> dans le d\u00e9veloppement de dynamique culturelle, la ville de Hoerdt collabore avec les PP pour engager une r\u00e9flexion bas\u00e9e sur l&#8217;augmentation et l&#8217;am\u00e9lioration des services et des espaces de la biblioth\u00e8que municipale. Ancienne caserne de pompiers, l&#8217;espace est confin\u00e9 et ne correspond pas et plus aux usages futurs et surtout aux usagers.<\/span><\/p>\n<div id=\"magicdomid48\" class=\"\"><span class=\"author-a-2kdz87zz83zs8z122zz89zj60z80z6z72zz81z\">&#8211; Le collectif s&#8217;est rendu sur place afin de prendre contact avec une partie des habitants de la commune, mettre en perspective les habitudes du village et se rendre compte des diff\u00e9rentes possibilit\u00e9s d&#8217;occupation des lieux. Le premier constat qui en est ressorti est un probl\u00e8me d&#8217;agencement qui ne permet pas aux usagers d&#8217;investir les lieux pour se poser, lire, \u00e9tudier\u2026\u00a0 La pr\u00e9dominance des livres ne permet pas d&#8217;informer ou d&#8217;inviter les jeunes.\u00a0<\/span><\/div>\n<div id=\"magicdomid49\" class=\"\"><span class=\"author-a-2kdz87zz83zs8z122zz89zj60z80z6z72zz81z\">&#8211;\u00a0 Ainsi, dans l&#8217;optique de redonner sa fonction premi\u00e8re \u00e0 la biblioth\u00e8que, le collectif PP pr\u00e9sente un espace suppl\u00e9mentaire au lieu dans lequel les activit\u00e9s propos\u00e9es par les b\u00e9n\u00e9voles de la biblioth\u00e8que prendront place. Il se pr\u00e9sente sous la forme d&#8217;un conteneur cubique de couleur orange. Cette couleur repr\u00e9sente un \u00e9l\u00e9ment visuel fort dans la ville qui permet d<\/span><span class=\"author-a-8djz79z9z87zt1nvi7d1z77zu\">e<\/span><span class=\"author-a-2kdz87zz83zs8z122zz89zj60z80z6z72zz81z\"> l&#8217;identifier rapidement et de l&#8217;associer \u00e0 la biblioth\u00e8que tout de suite.\u00a0<\/span><\/div>\n<div id=\"magicdomid50\" class=\"\"><span class=\"author-a-2kdz87zz83zs8z122zz89zj60z80z6z72zz81z\">&#8211; ce <\/span><span class=\"author-a-2kdz87zz83zs8z122zz89zj60z80z6z72zz81z i\"><i>plug in<\/i><\/span><span class=\"author-a-2kdz87zz83zs8z122zz89zj60z80z6z72zz81z\"> offre un espace modulable gr\u00e2ce au mobilier propos\u00e9 qui permet d&#8217;agencer la pi\u00e8ce diff\u00e9remment pour s&#8217;accorder aux utilisations d\u00e9sir\u00e9es.\u00a0<\/span><\/div>\n<div id=\"magicdomid51\" class=\"\"><span class=\"author-a-2kdz87zz83zs8z122zz89zj60z80z6z72zz81z\">&#8211; le mobilier propos\u00e9 est orange et en plaque de t\u00f4le c<\/span><span class=\"author-a-8djz79z9z87zt1nvi7d1z77zu\">intr<\/span><span class=\"author-a-2kdz87zz83zs8z122zz89zj60z80z6z72zz81z\">\u00e9e pour rester dans l&#8217;univers industriel qui rappelle le conteneur et qui permet de s&#8217;\u00e9manciper de <\/span><span class=\"author-a-8djz79z9z87zt1nvi7d1z77zu\">l<\/span><span class=\"author-a-2kdz87zz83zs8z122zz89zj60z80z6z72zz81z\">a forme institutionnelle du b\u00e2timent de la biblioth\u00e8que. Le mobilier s&#8217;assemble, se plie ou se d\u00e9plie, se couche ou se l\u00e8ve. Toutes les formes deviennent possibles et offrent une grande libert\u00e9 dans l&#8217;agencement et l&#8217;utilisation de l&#8217;espace.\u00a0<\/span><\/div>\n<div id=\"magicdomid52\" class=\"\"><span class=\"author-a-2kdz87zz83zs8z122zz89zj60z80z6z72zz81z\">&#8211;<\/span> <span class=\"author-a-2kdz87zz83zs8z122zz89zj60z80z6z72zz81z\">en parall\u00e8le de cet espace suppl\u00e9mentaire, le collectif souhaite augmenter le lien entre les institutions culturelles de la ville, en allant dans le sens de la volont\u00e9 de la mairie pour am\u00e9liorer les services culturels propos\u00e9s \u00e0 <\/span><span class=\"author-a-8djz79z9z87zt1nvi7d1z77zu\">H<\/span><span class=\"author-a-2kdz87zz83zs8z122zz89zj60z80z6z72zz81z\">oerdt. Ainsi, nous avons mis en place un syst\u00e8me d&#8217;\u00e9coute d&#8217;enregistrements des \u00e9l\u00e8ves de l&#8217;\u00e9cole de musique de la ville. Ces enregistrements sont propos\u00e9s \u00e0 la biblioth\u00e8que de <\/span><span class=\"author-a-8djz79z9z87zt1nvi7d1z77zu\">H<\/span><span class=\"author-a-2kdz87zz83zs8z122zz89zj60z80z6z72zz81z\">oerdt, gr\u00e2ce \u00e0 des points d&#8217;\u00e9coute valorisant le distribution du son dans un espace communautaire. Ainsi, dans cet espace,<\/span> <span class=\"author-a-2kdz87zz83zs8z122zz89zj60z80z6z72zz81z\">plusieurs usagers se c\u00f4toient : les \u00e9couteurs de musique, les liseurs et les emprunteurs quand auparavant, seuls les emprunteurs s&#8217;y retrouvaient.\u00a0<\/span><\/div>\n<div class=\"\"><\/p><\/div>\n\t\t<\/div><\/div>\n<\/div>\n<\/div>\n<div class=\"\">\u00a0<\/div>\n","protected":false},"excerpt":{"rendered":"<p>\u00a0<\/p>\n","protected":false},"author":6,"featured_media":2287,"comment_status":"closed","ping_status":"closed","sticky":false,"template":"","format":"standard","meta":[],"categories":[68],"tags":[],"_links":{"self":[{"href":"https:\/\/www.lyceelecorbusier.eu\/dsaa\/index.php?rest_route=\/wp\/v2\/posts\/2233"}],"collection":[{"href":"https:\/\/www.lyceelecorbusier.eu\/dsaa\/index.php?rest_route=\/wp\/v2\/posts"}],"about":[{"href":"https:\/\/www.lyceelecorbusier.eu\/dsaa\/index.php?rest_route=\/wp\/v2\/types\/post"}],"author":[{"embeddable":true,"href":"https:\/\/www.lyceelecorbusier.eu\/dsaa\/index.php?rest_route=\/wp\/v2\/users\/6"}],"replies":[{"embeddable":true,"href":"https:\/\/www.lyceelecorbusier.eu\/dsaa\/index.php?rest_route=%2Fwp%2Fv2%2Fcomments&post=2233"}],"version-history":[{"count":13,"href":"https:\/\/www.lyceelecorbusier.eu\/dsaa\/index.php?rest_route=\/wp\/v2\/posts\/2233\/revisions"}],"predecessor-version":[{"id":2276,"href":"https:\/\/www.lyceelecorbusier.eu\/dsaa\/index.php?rest_route=\/wp\/v2\/posts\/2233\/revisions\/2276"}],"wp:featuredmedia":[{"embeddable":true,"href":"https:\/\/www.lyceelecorbusier.eu\/dsaa\/index.php?rest_route=\/wp\/v2\/media\/2287"}],"wp:attachment":[{"href":"https:\/\/www.lyceelecorbusier.eu\/dsaa\/index.php?rest_route=%2Fwp%2Fv2%2Fmedia&parent=2233"}],"wp:term":[{"taxonomy":"category","embeddable":true,"href":"https:\/\/www.lyceelecorbusier.eu\/dsaa\/index.php?rest_route=%2Fwp%2Fv2%2Fcategories&post=2233"},{"taxonomy":"post_tag","embeddable":true,"href":"https:\/\/www.lyceelecorbusier.eu\/dsaa\/index.php?rest_route=%2Fwp%2Fv2%2Ftags&post=2233"}],"curies":[{"name":"wp","href":"https:\/\/api.w.org\/{rel}","templated":true}]}}