{"id":1325,"date":"2015-10-16T08:47:06","date_gmt":"2015-10-16T07:47:06","guid":{"rendered":"http:\/\/www.lyceelecorbusier.eu\/dsaa\/?p=1325"},"modified":"2015-10-16T15:25:02","modified_gmt":"2015-10-16T14:25:02","slug":"ma-place-publique-ideale","status":"publish","type":"post","link":"https:\/\/www.lyceelecorbusier.eu\/dsaa\/?p=1325","title":{"rendered":"Ma place publique id\u00e9ale&#8230;"},"content":{"rendered":"<div>\u00a0<\/div>\n<div>\n\t\t<div class=\"toggle-box\">\n\t\t<p class=\"toggle-trigger\"><a href=\"javascript:void(0);\">De place en place<\/a><\/p>\n\t\t<div class=\"toggle-section\"><p><\/div>\n<div>Apr\u00e8s avoir pass\u00e9 la journ\u00e9e d\u2019hier en territoire rural \u00e0 (re)-d\u00e9couvrir le village de Natzwiller et ses habitants, le Labo Rural se disperse aujourd\u2019hui en milieu urbain.\u00a0<\/div>\n<div>Je voguerais dans Strasbourg, de place en place, tout au long de la journ\u00e9e avec pour objectif de faire imaginer aux passants leur place publique id\u00e9ale\u00a0en d\u00e9crivant\u00a0les usages qu\u2019ils aimeraient y retrouver.\u00a0<\/div>\n<div>\u00a0<\/div>\n<div>L&#8217;outil propose \u00e0 chacun de cr\u00e9er se place id\u00e9al \u00e0 partir des actions qu&#8217;il souhaiterait y retrouver, une case vide central peut donc accueillir des modules color\u00e9s, chaque couleur est li\u00e9 \u00e0 un usage, une action.\u00a0<\/div>\n<div>noir = s&#8217;exprimer, rose = se divertir, vert = (se) cultiver, orange = s&#8217;exprimer, bleu fonc\u00e9 = se rencontrer, bleu clair = se reposer, beige = observer, blanc = un usage que la personne a envie d&#8217;imaginer<\/div>\n<div>\u00a0<\/div>\n<div><\/p><\/div>\n\t\t<\/div><\/div>\n<div>\u00a0<\/div>\n<div>\n\t\t<div class=\"toggle-box\">\n\t\t<p class=\"toggle-trigger\"><a href=\"javascript:void(0);\">De rencontre en rencontre<\/a><\/p>\n\t\t<div class=\"toggle-section\"><p><\/div>\n<div>\u00a0<\/div>\n<div style=\"text-align: left\"><strong>La place publique id\u00e9ale de Barbara<\/strong><\/div>\n<div style=\"text-align: left\"><em>&#8221; On doit pouvoir s&#8217;exprimer, dire ce qui ne va pas.&#8221;<\/em><\/div>\n<div style=\"text-align: left\"><em>&#8220;C&#8217;est avant tout un lieu pour se rencontrer. Il faut que ce soit anim\u00e9.&#8221;<\/em><\/div>\n<div style=\"text-align: left\"><em>&#8220;Il pourrait y avoir beaucoup d&#8217;interventions artistiques et de la musique!&#8221;<\/em><\/div>\n<div style=\"text-align: left\">\u00a0<\/div>\n<div><a href=\"http:\/\/www.lyceelecorbusier.eu\/dsaa\/wp-content\/uploads\/sites\/4\/2015\/10\/IMG_5448.jpg\"><img loading=\"lazy\" class=\" wp-image-1405 alignleft\" src=\"http:\/\/www.lyceelecorbusier.eu\/dsaa\/wp-content\/uploads\/sites\/4\/2015\/10\/IMG_5448-300x200.jpg\" alt=\"IMG_5448\" width=\"305\" height=\"203\" srcset=\"https:\/\/www.lyceelecorbusier.eu\/dsaa\/wp-content\/uploads\/sites\/4\/2015\/10\/IMG_5448-300x200.jpg 300w, https:\/\/www.lyceelecorbusier.eu\/dsaa\/wp-content\/uploads\/sites\/4\/2015\/10\/IMG_5448-960x640.jpg 960w, https:\/\/www.lyceelecorbusier.eu\/dsaa\/wp-content\/uploads\/sites\/4\/2015\/10\/IMG_5448.jpg 1000w\" sizes=\"(max-width: 305px) 100vw, 305px\" \/><\/a><\/div>\n<div><a href=\"http:\/\/www.lyceelecorbusier.eu\/dsaa\/wp-content\/uploads\/sites\/4\/2015\/10\/chavy1.jpg\"><img loading=\"lazy\" width=\"300\" height=\"200\" class=\"size-medium wp-image-1404 alignright\" src=\"http:\/\/www.lyceelecorbusier.eu\/dsaa\/wp-content\/uploads\/sites\/4\/2015\/10\/chavy1-300x200.jpg\" alt=\"chavy\" srcset=\"https:\/\/www.lyceelecorbusier.eu\/dsaa\/wp-content\/uploads\/sites\/4\/2015\/10\/chavy1-300x200.jpg 300w, https:\/\/www.lyceelecorbusier.eu\/dsaa\/wp-content\/uploads\/sites\/4\/2015\/10\/chavy1-960x640.jpg 960w, https:\/\/www.lyceelecorbusier.eu\/dsaa\/wp-content\/uploads\/sites\/4\/2015\/10\/chavy1.jpg 1000w\" sizes=\"(max-width: 300px) 100vw, 300px\" \/><\/a><\/div>\n<div>\u00a0<\/div>\n<div>\u00a0<\/div>\n<div style=\"text-align: left\">\u00a0<\/div>\n<div style=\"text-align: left\">\u00a0<\/div>\n<div style=\"text-align: left\">\u00a0<\/div>\n<div style=\"text-align: left\">\u00a0<\/div>\n<div style=\"text-align: left\">\u00a0<\/div>\n<div style=\"text-align: left\">\u00a0<\/div>\n<div style=\"text-align: left\">\u00a0<\/div>\n<div style=\"text-align: left\"><strong>La place publique id\u00e9ale de\u00a0Halim<\/strong><\/div>\n<div style=\"text-align: left\"><em>&#8221; C&#8217;est un espace de libert\u00e9&#8221;<\/em><\/div>\n<div style=\"text-align: left\"><em>&#8220;On doit pouvoir y apprendre, \u00e0 tout \u00e2ge&#8221;<\/em><\/div>\n<div style=\"text-align: left\">\u00a0<a href=\"http:\/\/www.lyceelecorbusier.eu\/dsaa\/wp-content\/uploads\/sites\/4\/2015\/10\/IMG_5453.jpg\"><img loading=\"lazy\" width=\"300\" height=\"200\" class=\"alignnone size-medium wp-image-1438\" src=\"http:\/\/www.lyceelecorbusier.eu\/dsaa\/wp-content\/uploads\/sites\/4\/2015\/10\/IMG_5453-300x200.jpg\" alt=\"IMG_5453\" srcset=\"https:\/\/www.lyceelecorbusier.eu\/dsaa\/wp-content\/uploads\/sites\/4\/2015\/10\/IMG_5453-300x200.jpg 300w, https:\/\/www.lyceelecorbusier.eu\/dsaa\/wp-content\/uploads\/sites\/4\/2015\/10\/IMG_5453-960x640.jpg 960w, https:\/\/www.lyceelecorbusier.eu\/dsaa\/wp-content\/uploads\/sites\/4\/2015\/10\/IMG_5453.jpg 1000w\" sizes=\"(max-width: 300px) 100vw, 300px\" \/><\/a><\/div>\n<div style=\"text-align: left\">\u00a0<\/div>\n<div style=\"text-align: left\">\u00a0<\/div>\n<div style=\"text-align: left\"><strong>La place publique id\u00e9ale de Christina<\/strong><\/div>\n<div style=\"text-align: left\"><em>&#8221; C&#8217;est bien de pouvoir observer ce qui nous entoure, les gens qui passent mais surtout de l&#8217;architecture. Il doit y avoir des choses int\u00e9ressantes \u00e0 regarder&#8221;<\/em><\/div>\n<div style=\"text-align: left\"><a href=\"http:\/\/www.lyceelecorbusier.eu\/dsaa\/wp-content\/uploads\/sites\/4\/2015\/10\/IMG_54561.jpg\"><img loading=\"lazy\" width=\"300\" height=\"200\" class=\"alignnone size-medium wp-image-1435\" src=\"http:\/\/www.lyceelecorbusier.eu\/dsaa\/wp-content\/uploads\/sites\/4\/2015\/10\/IMG_54561-300x200.jpg\" alt=\"IMG_5456\" srcset=\"https:\/\/www.lyceelecorbusier.eu\/dsaa\/wp-content\/uploads\/sites\/4\/2015\/10\/IMG_54561-300x200.jpg 300w, https:\/\/www.lyceelecorbusier.eu\/dsaa\/wp-content\/uploads\/sites\/4\/2015\/10\/IMG_54561-1024x683.jpg 1024w, https:\/\/www.lyceelecorbusier.eu\/dsaa\/wp-content\/uploads\/sites\/4\/2015\/10\/IMG_54561-1800x1200.jpg 1800w, https:\/\/www.lyceelecorbusier.eu\/dsaa\/wp-content\/uploads\/sites\/4\/2015\/10\/IMG_54561-960x640.jpg 960w\" sizes=\"(max-width: 300px) 100vw, 300px\" \/><\/a><\/div>\n<div style=\"text-align: left\">\u00a0<\/div>\n<div style=\"text-align: left\"><strong>La place publique id\u00e9ale de\u00a0Chavy<\/strong><\/div>\n<div style=\"text-align: left\"><em>&#8221; Il faut pouvoir se cultiver dans l&#8217;espace publique, y mettre de l&#8217;art, des tableaux.&#8221;<\/em><\/div>\n<div style=\"text-align: left\"><em>&#8220;C&#8217;est important de pouvoir s&#8217;y exprimer, de dire son m\u00e9contentement, d&#8217;y manifester&#8221;<\/em><\/div>\n<div style=\"text-align: left\"><em>&#8220;J&#8217;aimerais bien pouvoir m&#8217;y reposer, pourquoi pas mettre un matelas. Et aussi y manger comme \u00e7a on peut s&#8217;y rencontrer.&#8221;<\/em><\/div>\n<div style=\"text-align: left\"><a href=\"http:\/\/www.lyceelecorbusier.eu\/dsaa\/wp-content\/uploads\/sites\/4\/2015\/10\/IMG_5460.jpg\"><img loading=\"lazy\" width=\"300\" height=\"200\" class=\"alignnone size-medium wp-image-1409\" src=\"http:\/\/www.lyceelecorbusier.eu\/dsaa\/wp-content\/uploads\/sites\/4\/2015\/10\/IMG_5460-300x200.jpg\" alt=\"IMG_5460\" srcset=\"https:\/\/www.lyceelecorbusier.eu\/dsaa\/wp-content\/uploads\/sites\/4\/2015\/10\/IMG_5460-300x200.jpg 300w, https:\/\/www.lyceelecorbusier.eu\/dsaa\/wp-content\/uploads\/sites\/4\/2015\/10\/IMG_5460-1024x683.jpg 1024w, https:\/\/www.lyceelecorbusier.eu\/dsaa\/wp-content\/uploads\/sites\/4\/2015\/10\/IMG_5460-1800x1200.jpg 1800w, https:\/\/www.lyceelecorbusier.eu\/dsaa\/wp-content\/uploads\/sites\/4\/2015\/10\/IMG_5460-960x640.jpg 960w\" sizes=\"(max-width: 300px) 100vw, 300px\" \/><\/a><a href=\"http:\/\/www.lyceelecorbusier.eu\/dsaa\/wp-content\/uploads\/sites\/4\/2015\/10\/IMG_5462-1.jpg\"><img loading=\"lazy\" width=\"300\" height=\"200\" class=\"size-medium wp-image-1439 alignright\" src=\"http:\/\/www.lyceelecorbusier.eu\/dsaa\/wp-content\/uploads\/sites\/4\/2015\/10\/IMG_5462-1-300x200.jpg\" alt=\"IMG_5462-(1)\" srcset=\"https:\/\/www.lyceelecorbusier.eu\/dsaa\/wp-content\/uploads\/sites\/4\/2015\/10\/IMG_5462-1-300x200.jpg 300w, https:\/\/www.lyceelecorbusier.eu\/dsaa\/wp-content\/uploads\/sites\/4\/2015\/10\/IMG_5462-1-960x640.jpg 960w, https:\/\/www.lyceelecorbusier.eu\/dsaa\/wp-content\/uploads\/sites\/4\/2015\/10\/IMG_5462-1.jpg 1000w\" sizes=\"(max-width: 300px) 100vw, 300px\" \/><\/a><\/div>\n<div style=\"text-align: left\">\u00a0<\/div>\n<div style=\"text-align: left\"><strong>La place publique id\u00e9ale de\u00a0Jahbril<\/strong><\/div>\n<div style=\"text-align: left\"><em>&#8221; Pour moi le plus important c&#8217;est de pouvoir s&#8217;exprimer. Par son art ou dire ses id\u00e9es, il faudrait un grand mur pour pouvoir \u00e9crire et dessiner&#8221;<\/em><\/div>\n<div style=\"text-align: left\"><em>&#8221; Ca doit \u00eatre un lieu neutre, paisible o\u00f9 on peut se rencontrer&#8221;<\/em><\/div>\n<div style=\"text-align: left\"><a href=\"http:\/\/www.lyceelecorbusier.eu\/dsaa\/wp-content\/uploads\/sites\/4\/2015\/10\/IMG_5465.jpg\"><img loading=\"lazy\" width=\"300\" height=\"200\" class=\"alignnone size-medium wp-image-1410\" src=\"http:\/\/www.lyceelecorbusier.eu\/dsaa\/wp-content\/uploads\/sites\/4\/2015\/10\/IMG_5465-300x200.jpg\" alt=\"IMG_5465\" srcset=\"https:\/\/www.lyceelecorbusier.eu\/dsaa\/wp-content\/uploads\/sites\/4\/2015\/10\/IMG_5465-300x200.jpg 300w, https:\/\/www.lyceelecorbusier.eu\/dsaa\/wp-content\/uploads\/sites\/4\/2015\/10\/IMG_5465-960x640.jpg 960w, https:\/\/www.lyceelecorbusier.eu\/dsaa\/wp-content\/uploads\/sites\/4\/2015\/10\/IMG_5465.jpg 1000w\" sizes=\"(max-width: 300px) 100vw, 300px\" \/><\/a> <a href=\"http:\/\/www.lyceelecorbusier.eu\/dsaa\/wp-content\/uploads\/sites\/4\/2015\/10\/Jahbril.jpg\"><img loading=\"lazy\" width=\"300\" height=\"200\" class=\"size-medium wp-image-1411 alignright\" src=\"http:\/\/www.lyceelecorbusier.eu\/dsaa\/wp-content\/uploads\/sites\/4\/2015\/10\/Jahbril-300x200.jpg\" alt=\"Jahbril\" srcset=\"https:\/\/www.lyceelecorbusier.eu\/dsaa\/wp-content\/uploads\/sites\/4\/2015\/10\/Jahbril-300x200.jpg 300w, https:\/\/www.lyceelecorbusier.eu\/dsaa\/wp-content\/uploads\/sites\/4\/2015\/10\/Jahbril-960x640.jpg 960w, https:\/\/www.lyceelecorbusier.eu\/dsaa\/wp-content\/uploads\/sites\/4\/2015\/10\/Jahbril.jpg 1000w\" sizes=\"(max-width: 300px) 100vw, 300px\" \/><\/a><\/div>\n<div style=\"text-align: left\">\u00a0<\/div>\n<div style=\"text-align: left\"><strong>La place publique id\u00e9ale de\u00a0Brice<\/strong><\/div>\n<div style=\"text-align: left\"><em>&#8221; Le point central c&#8217;est l&#8217;observation, si il y a des choses \u00e0 regarder \u00e0 analyser on peut \u00e9changer tout autour&#8221;\u00a0<\/em><\/div>\n<div style=\"text-align: left\"><em>&#8220;Il faut pouvoir s&#8217;exprimer, faire un discours sur ce qui nous tient \u00e0 coeur, pourquoi pas des sc\u00e8nes, comme en Angleterre o\u00f9 on a le droit de parler de tout sauf de la reine.&#8221;<\/em><\/div>\n<div style=\"text-align: left\"><em>&#8220;On doit pouvoir s&#8217;y divertir et se cultiver, pouvoir amener un livre ou pourquoi pas en trouver sur place.&#8221;<\/em><\/div>\n<div style=\"text-align: left\"><a href=\"http:\/\/www.lyceelecorbusier.eu\/dsaa\/wp-content\/uploads\/sites\/4\/2015\/10\/BRICE.jpg\"><img loading=\"lazy\" width=\"300\" height=\"205\" class=\"alignnone size-medium wp-image-1428\" src=\"http:\/\/www.lyceelecorbusier.eu\/dsaa\/wp-content\/uploads\/sites\/4\/2015\/10\/BRICE-300x205.jpg\" alt=\"BRICE\" srcset=\"https:\/\/www.lyceelecorbusier.eu\/dsaa\/wp-content\/uploads\/sites\/4\/2015\/10\/BRICE-300x205.jpg 300w, https:\/\/www.lyceelecorbusier.eu\/dsaa\/wp-content\/uploads\/sites\/4\/2015\/10\/BRICE-960x655.jpg 960w, https:\/\/www.lyceelecorbusier.eu\/dsaa\/wp-content\/uploads\/sites\/4\/2015\/10\/BRICE.jpg 1000w\" sizes=\"(max-width: 300px) 100vw, 300px\" \/><\/a><\/div>\n<div style=\"text-align: left\">\u00a0<\/div>\n<div style=\"text-align: left\"><strong>La place publique id\u00e9ale de\u00a0Sausen<\/strong><\/div>\n<div style=\"text-align: left\"><em>&#8220;A l&#8217;origine une place pour moi c&#8217;est fait pour s&#8217;exprimer.&#8221;<\/em><\/div>\n<div style=\"text-align: left\"><em>&#8220;Il faut du vide, la place c&#8217;est aussi le mouvement pouvoir se d\u00e9placer mais ne pas faire que passer.&#8221;\u00a0&#8220;L&#8217;\u00eatre humain c&#8217;est\u00a0avant tout le mouvement.&#8221;<\/em><\/div>\n<div style=\"text-align: left\"><em>&#8220;\u00c7a doit \u00eatre un lieu ouvert, pas clos&#8221;\u00a0<\/em><\/div>\n<div style=\"text-align: left\"><em>&#8220;Un lieux vivant, un espace dans lequel on vit, avec des livres, des caf\u00e9s, des gens de toutes les cultures qui se m\u00e9langent.&#8221;<\/em><\/div>\n<div style=\"text-align: left\"><a href=\"http:\/\/www.lyceelecorbusier.eu\/dsaa\/wp-content\/uploads\/sites\/4\/2015\/10\/Sausen1.jpg\"><img loading=\"lazy\" width=\"300\" height=\"200\" class=\"alignnone size-medium wp-image-1437\" src=\"http:\/\/www.lyceelecorbusier.eu\/dsaa\/wp-content\/uploads\/sites\/4\/2015\/10\/Sausen1-300x200.jpg\" alt=\"Sausen\" srcset=\"https:\/\/www.lyceelecorbusier.eu\/dsaa\/wp-content\/uploads\/sites\/4\/2015\/10\/Sausen1-300x200.jpg 300w, https:\/\/www.lyceelecorbusier.eu\/dsaa\/wp-content\/uploads\/sites\/4\/2015\/10\/Sausen1-960x640.jpg 960w, https:\/\/www.lyceelecorbusier.eu\/dsaa\/wp-content\/uploads\/sites\/4\/2015\/10\/Sausen1.jpg 1000w\" sizes=\"(max-width: 300px) 100vw, 300px\" \/><\/a><a href=\"http:\/\/www.lyceelecorbusier.eu\/dsaa\/wp-content\/uploads\/sites\/4\/2015\/10\/IMG_5473.jpg\"><img loading=\"lazy\" width=\"300\" height=\"200\" class=\"size-medium wp-image-1440 alignright\" src=\"http:\/\/www.lyceelecorbusier.eu\/dsaa\/wp-content\/uploads\/sites\/4\/2015\/10\/IMG_5473-300x200.jpg\" alt=\"IMG_5473\" srcset=\"https:\/\/www.lyceelecorbusier.eu\/dsaa\/wp-content\/uploads\/sites\/4\/2015\/10\/IMG_5473-300x200.jpg 300w, https:\/\/www.lyceelecorbusier.eu\/dsaa\/wp-content\/uploads\/sites\/4\/2015\/10\/IMG_5473-960x640.jpg 960w, https:\/\/www.lyceelecorbusier.eu\/dsaa\/wp-content\/uploads\/sites\/4\/2015\/10\/IMG_5473.jpg 1000w\" sizes=\"(max-width: 300px) 100vw, 300px\" \/><\/a><\/div>\n<div style=\"text-align: left\">\u00a0<\/div>\n<div style=\"text-align: left\">\u00a0<\/div>\n<div style=\"text-align: left\">\u00a0<\/div>\n<div><\/p><\/div>\n\t\t<\/div><\/div>\n<div>\u00a0<\/div>\n<div>\u00a0<\/div>\n","protected":false},"excerpt":{"rendered":"<p>\u00a0 \u00a0 \u00a0 \u00a0<\/p>\n","protected":false},"author":1,"featured_media":1403,"comment_status":"closed","ping_status":"closed","sticky":false,"template":"","format":"standard","meta":[],"categories":[10],"tags":[],"_links":{"self":[{"href":"https:\/\/www.lyceelecorbusier.eu\/dsaa\/index.php?rest_route=\/wp\/v2\/posts\/1325"}],"collection":[{"href":"https:\/\/www.lyceelecorbusier.eu\/dsaa\/index.php?rest_route=\/wp\/v2\/posts"}],"about":[{"href":"https:\/\/www.lyceelecorbusier.eu\/dsaa\/index.php?rest_route=\/wp\/v2\/types\/post"}],"author":[{"embeddable":true,"href":"https:\/\/www.lyceelecorbusier.eu\/dsaa\/index.php?rest_route=\/wp\/v2\/users\/1"}],"replies":[{"embeddable":true,"href":"https:\/\/www.lyceelecorbusier.eu\/dsaa\/index.php?rest_route=%2Fwp%2Fv2%2Fcomments&post=1325"}],"version-history":[{"count":7,"href":"https:\/\/www.lyceelecorbusier.eu\/dsaa\/index.php?rest_route=\/wp\/v2\/posts\/1325\/revisions"}],"predecessor-version":[{"id":1445,"href":"https:\/\/www.lyceelecorbusier.eu\/dsaa\/index.php?rest_route=\/wp\/v2\/posts\/1325\/revisions\/1445"}],"wp:featuredmedia":[{"embeddable":true,"href":"https:\/\/www.lyceelecorbusier.eu\/dsaa\/index.php?rest_route=\/wp\/v2\/media\/1403"}],"wp:attachment":[{"href":"https:\/\/www.lyceelecorbusier.eu\/dsaa\/index.php?rest_route=%2Fwp%2Fv2%2Fmedia&parent=1325"}],"wp:term":[{"taxonomy":"category","embeddable":true,"href":"https:\/\/www.lyceelecorbusier.eu\/dsaa\/index.php?rest_route=%2Fwp%2Fv2%2Fcategories&post=1325"},{"taxonomy":"post_tag","embeddable":true,"href":"https:\/\/www.lyceelecorbusier.eu\/dsaa\/index.php?rest_route=%2Fwp%2Fv2%2Ftags&post=1325"}],"curies":[{"name":"wp","href":"https:\/\/api.w.org\/{rel}","templated":true}]}}