{"id":964,"date":"2014-10-21T20:42:04","date_gmt":"2014-10-21T19:42:04","guid":{"rendered":"http:\/\/www.lyceelecorbusier.eu\/dsaa-odycite\/?p=964"},"modified":"2014-11-04T22:15:17","modified_gmt":"2014-11-04T21:15:17","slug":"neudorf-forums-sensibles","status":"publish","type":"post","link":"https:\/\/www.lyceelecorbusier.eu\/dsaa-odycite\/?p=964","title":{"rendered":"Neudorf &#8211; Forums Sensibles"},"content":{"rendered":"<p>Suite \u00e0 nos hypoth\u00e8ses &#8220;r\u00e9enchanter le quotidien&#8221; et &#8220;forum hors les murs&#8221;, nous avons d\u00e9velopp\u00e9 les &#8220;forums sensibles&#8221;, un dispositif permettant aux passants et habitants des fronts de Neudorf d&#8217;\u00e9changer autour de sujets propos\u00e9s par eux-m\u00eames.<\/p>\n<h2>Qu&#8217;est ce que c&#8217;est ?<\/h2>\n<p><a href=\"http:\/\/www.lyceelecorbusier.eu\/dsaa-odycite\/wp-content\/uploads\/sites\/12\/2014\/10\/Finalarticles-11.png\"><img loading=\"lazy\" class=\"aligncenter wp-image-1107 \" src=\"http:\/\/www.lyceelecorbusier.eu\/dsaa-odycite\/wp-content\/uploads\/sites\/12\/2014\/10\/Finalarticles-11-e1415043190398.png\" alt=\"FS_dispositif\" width=\"929\" height=\"350\" srcset=\"https:\/\/www.lyceelecorbusier.eu\/dsaa-odycite\/wp-content\/uploads\/sites\/12\/2014\/10\/Finalarticles-11-e1415043190398.png 2074w, https:\/\/www.lyceelecorbusier.eu\/dsaa-odycite\/wp-content\/uploads\/sites\/12\/2014\/10\/Finalarticles-11-e1415043190398-300x113.png 300w, https:\/\/www.lyceelecorbusier.eu\/dsaa-odycite\/wp-content\/uploads\/sites\/12\/2014\/10\/Finalarticles-11-e1415043190398-1024x386.png 1024w, https:\/\/www.lyceelecorbusier.eu\/dsaa-odycite\/wp-content\/uploads\/sites\/12\/2014\/10\/Finalarticles-11-e1415043190398-1800x678.png 1800w, https:\/\/www.lyceelecorbusier.eu\/dsaa-odycite\/wp-content\/uploads\/sites\/12\/2014\/10\/Finalarticles-11-e1415043190398-960x361.png 960w\" sizes=\"(max-width: 929px) 100vw, 929px\" \/><\/a><\/p>\n<h2>L\u2019arbre borne<\/h2>\n<p>Sous celui-ci, nous pouvons t\u00e9l\u00e9charger l\u2019application. Celle-ci nous permet de nous inscrire et de nous informer des prochaines sujets qui on lieu sur la plateforme flottante.<br \/>\nL\u2019arbre, \u00e9quip\u00e9 de son syst\u00e8me \u00e9lectronique, diffuse les informations dans un p\u00e9rim\u00e8tre restreint.<\/p>\n<h2>Plateforme<\/h2>\n<p>Les discussions et \u00e9changes ont lieu sur cette plateforme flottante. Celle-ci s\u2019accoste \u00e0 diff\u00e9rent endroit du quartier, permettant aux usagers d\u2019embarquer ou de d\u00e9barquer lors des discussions.<br \/>\n<a href=\"http:\/\/www.lyceelecorbusier.eu\/dsaa-odycite\/wp-content\/uploads\/sites\/12\/2014\/10\/Finalarticles-031.png\"><img loading=\"lazy\" class=\"aligncenter wp-image-1122 \" src=\"http:\/\/www.lyceelecorbusier.eu\/dsaa-odycite\/wp-content\/uploads\/sites\/12\/2014\/10\/Finalarticles-031.png\" alt=\"\" width=\"812\" height=\"479\" srcset=\"https:\/\/www.lyceelecorbusier.eu\/dsaa-odycite\/wp-content\/uploads\/sites\/12\/2014\/10\/Finalarticles-031.png 2002w, https:\/\/www.lyceelecorbusier.eu\/dsaa-odycite\/wp-content\/uploads\/sites\/12\/2014\/10\/Finalarticles-031-300x177.png 300w, https:\/\/www.lyceelecorbusier.eu\/dsaa-odycite\/wp-content\/uploads\/sites\/12\/2014\/10\/Finalarticles-031-1024x604.png 1024w, https:\/\/www.lyceelecorbusier.eu\/dsaa-odycite\/wp-content\/uploads\/sites\/12\/2014\/10\/Finalarticles-031-1800x1062.png 1800w, https:\/\/www.lyceelecorbusier.eu\/dsaa-odycite\/wp-content\/uploads\/sites\/12\/2014\/10\/Finalarticles-031-960x566.png 960w\" sizes=\"(max-width: 812px) 100vw, 812px\" \/><\/a><\/p>\n<h2>Le mode de diffusion<\/h2>\n<p><a href=\"http:\/\/www.lyceelecorbusier.eu\/dsaa-odycite\/wp-content\/uploads\/sites\/12\/2014\/10\/Finalarticles-12.png\"><img loading=\"lazy\" class=\"aligncenter wp-image-1108 size-full\" src=\"http:\/\/www.lyceelecorbusier.eu\/dsaa-odycite\/wp-content\/uploads\/sites\/12\/2014\/10\/Finalarticles-12.png\" alt=\"FS_pissenlit\" width=\"500\" height=\"220\" srcset=\"https:\/\/www.lyceelecorbusier.eu\/dsaa-odycite\/wp-content\/uploads\/sites\/12\/2014\/10\/Finalarticles-12.png 500w, https:\/\/www.lyceelecorbusier.eu\/dsaa-odycite\/wp-content\/uploads\/sites\/12\/2014\/10\/Finalarticles-12-300x132.png 300w\" sizes=\"(max-width: 500px) 100vw, 500px\" \/><\/a><br \/>\nAupr\u00e8s des inscrits, l\u2019information se diffuse comme des spores : Ceux qui passent pr\u00e8s de l\u2019arbre borne vont r\u00e9pandre les nouvelles informations \u00e0 leurs comp\u00e8res \u00e9loign\u00e9s de l\u2019arbre.<\/p>\n<h2>Que faire ?<br \/>\n<a href=\"http:\/\/www.lyceelecorbusier.eu\/dsaa-odycite\/wp-content\/uploads\/sites\/12\/2014\/10\/Finalarticles-14.png\"><img loading=\"lazy\" class=\"aligncenter wp-image-1110 \" src=\"http:\/\/www.lyceelecorbusier.eu\/dsaa-odycite\/wp-content\/uploads\/sites\/12\/2014\/10\/Finalarticles-14.png\" alt=\"FS_quefaire\" width=\"920\" height=\"437\" srcset=\"https:\/\/www.lyceelecorbusier.eu\/dsaa-odycite\/wp-content\/uploads\/sites\/12\/2014\/10\/Finalarticles-14.png 1591w, https:\/\/www.lyceelecorbusier.eu\/dsaa-odycite\/wp-content\/uploads\/sites\/12\/2014\/10\/Finalarticles-14-300x142.png 300w, https:\/\/www.lyceelecorbusier.eu\/dsaa-odycite\/wp-content\/uploads\/sites\/12\/2014\/10\/Finalarticles-14-1024x486.png 1024w, https:\/\/www.lyceelecorbusier.eu\/dsaa-odycite\/wp-content\/uploads\/sites\/12\/2014\/10\/Finalarticles-14-960x456.png 960w\" sizes=\"(max-width: 920px) 100vw, 920px\" \/><\/a><\/h2>\n<h2>Sc\u00e9nario d\u2019usage<br \/>\n<a href=\"http:\/\/www.lyceelecorbusier.eu\/dsaa-odycite\/wp-content\/uploads\/sites\/12\/2014\/10\/Finalarticles-15.png\"><img loading=\"lazy\" class=\"aligncenter wp-image-1111 \" src=\"http:\/\/www.lyceelecorbusier.eu\/dsaa-odycite\/wp-content\/uploads\/sites\/12\/2014\/10\/Finalarticles-15.png\" alt=\"FS_scenario\" width=\"1358\" height=\"592\" srcset=\"https:\/\/www.lyceelecorbusier.eu\/dsaa-odycite\/wp-content\/uploads\/sites\/12\/2014\/10\/Finalarticles-15.png 2191w, https:\/\/www.lyceelecorbusier.eu\/dsaa-odycite\/wp-content\/uploads\/sites\/12\/2014\/10\/Finalarticles-15-300x130.png 300w, https:\/\/www.lyceelecorbusier.eu\/dsaa-odycite\/wp-content\/uploads\/sites\/12\/2014\/10\/Finalarticles-15-1024x446.png 1024w, https:\/\/www.lyceelecorbusier.eu\/dsaa-odycite\/wp-content\/uploads\/sites\/12\/2014\/10\/Finalarticles-15-1800x784.png 1800w, https:\/\/www.lyceelecorbusier.eu\/dsaa-odycite\/wp-content\/uploads\/sites\/12\/2014\/10\/Finalarticles-15-960x418.png 960w\" sizes=\"(max-width: 1358px) 100vw, 1358px\" \/><\/a><\/h2>\n<h2>Les naviguations<br \/>\n<a href=\"http:\/\/www.lyceelecorbusier.eu\/dsaa-odycite\/wp-content\/uploads\/sites\/12\/2014\/10\/Finalarticles-10.png\"><img loading=\"lazy\" class=\"aligncenter wp-image-1106 size-full\" src=\"http:\/\/www.lyceelecorbusier.eu\/dsaa-odycite\/wp-content\/uploads\/sites\/12\/2014\/10\/Finalarticles-10.png\" alt=\"FS_map\" width=\"1849\" height=\"560\" srcset=\"https:\/\/www.lyceelecorbusier.eu\/dsaa-odycite\/wp-content\/uploads\/sites\/12\/2014\/10\/Finalarticles-10.png 1849w, https:\/\/www.lyceelecorbusier.eu\/dsaa-odycite\/wp-content\/uploads\/sites\/12\/2014\/10\/Finalarticles-10-300x90.png 300w, https:\/\/www.lyceelecorbusier.eu\/dsaa-odycite\/wp-content\/uploads\/sites\/12\/2014\/10\/Finalarticles-10-1024x310.png 1024w, https:\/\/www.lyceelecorbusier.eu\/dsaa-odycite\/wp-content\/uploads\/sites\/12\/2014\/10\/Finalarticles-10-1800x545.png 1800w, https:\/\/www.lyceelecorbusier.eu\/dsaa-odycite\/wp-content\/uploads\/sites\/12\/2014\/10\/Finalarticles-10-960x290.png 960w\" sizes=\"(max-width: 1849px) 100vw, 1849px\" \/><\/a><\/h2>\n<h2>D\u00e8s demain, \u2026<\/h2>\n<p><a href=\"http:\/\/www.lyceelecorbusier.eu\/dsaa-odycite\/wp-content\/uploads\/sites\/12\/2014\/10\/Finalarticles-17.png\"><img loading=\"lazy\" class=\"aligncenter wp-image-1113 size-large\" src=\"http:\/\/www.lyceelecorbusier.eu\/dsaa-odycite\/wp-content\/uploads\/sites\/12\/2014\/10\/Finalarticles-17-1024x617.png\" alt=\"FS_app\" width=\"640\" height=\"385\" srcset=\"https:\/\/www.lyceelecorbusier.eu\/dsaa-odycite\/wp-content\/uploads\/sites\/12\/2014\/10\/Finalarticles-17-1024x617.png 1024w, https:\/\/www.lyceelecorbusier.eu\/dsaa-odycite\/wp-content\/uploads\/sites\/12\/2014\/10\/Finalarticles-17-300x181.png 300w, https:\/\/www.lyceelecorbusier.eu\/dsaa-odycite\/wp-content\/uploads\/sites\/12\/2014\/10\/Finalarticles-17-960x579.png 960w, https:\/\/www.lyceelecorbusier.eu\/dsaa-odycite\/wp-content\/uploads\/sites\/12\/2014\/10\/Finalarticles-17.png 1069w\" sizes=\"(max-width: 640px) 100vw, 640px\" \/><\/a><br \/>\nUne id\u00e9e de discussion ? Sugg\u00e8res-la pour savoir si elle est partag\u00e9e par ton quartier.<\/p>\n<h2>Signal\u00e9tique<\/h2>\n<p><a href=\"http:\/\/www.lyceelecorbusier.eu\/dsaa-odycite\/wp-content\/uploads\/sites\/12\/2014\/10\/Finalarticles-16.png\"><img loading=\"lazy\" class=\"aligncenter  wp-image-1112\" src=\"http:\/\/www.lyceelecorbusier.eu\/dsaa-odycite\/wp-content\/uploads\/sites\/12\/2014\/10\/Finalarticles-16-300x226.png\" alt=\"FS_signaletique\" width=\"504\" height=\"380\" srcset=\"https:\/\/www.lyceelecorbusier.eu\/dsaa-odycite\/wp-content\/uploads\/sites\/12\/2014\/10\/Finalarticles-16-300x226.png 300w, https:\/\/www.lyceelecorbusier.eu\/dsaa-odycite\/wp-content\/uploads\/sites\/12\/2014\/10\/Finalarticles-16.png 835w\" sizes=\"(max-width: 504px) 100vw, 504px\" \/><\/a><br \/>\nSous l\u2019arbre, la signal\u00e9tique au sol devient relief. Elle localise visuellement l\u2019emplacement de la borne.<br \/>\nLe boitier \u00e9lectronique de la borne est incrust\u00e9 dans le sol, au pied de l\u2019arbre.<\/p>\n<h2>Caract\u00e9ristiques techniques<\/h2>\n<p><a href=\"http:\/\/www.lyceelecorbusier.eu\/dsaa-odycite\/wp-content\/uploads\/sites\/12\/2014\/10\/Finalarticles-08.png\"><img loading=\"lazy\" class=\"aligncenter wp-image-1104 \" src=\"http:\/\/www.lyceelecorbusier.eu\/dsaa-odycite\/wp-content\/uploads\/sites\/12\/2014\/10\/Finalarticles-08.png\" alt=\"FS_eau\" width=\"918\" height=\"612\" srcset=\"https:\/\/www.lyceelecorbusier.eu\/dsaa-odycite\/wp-content\/uploads\/sites\/12\/2014\/10\/Finalarticles-08.png 1396w, https:\/\/www.lyceelecorbusier.eu\/dsaa-odycite\/wp-content\/uploads\/sites\/12\/2014\/10\/Finalarticles-08-300x200.png 300w, https:\/\/www.lyceelecorbusier.eu\/dsaa-odycite\/wp-content\/uploads\/sites\/12\/2014\/10\/Finalarticles-08-1024x683.png 1024w, https:\/\/www.lyceelecorbusier.eu\/dsaa-odycite\/wp-content\/uploads\/sites\/12\/2014\/10\/Finalarticles-08-960x640.png 960w\" sizes=\"(max-width: 918px) 100vw, 918px\" \/><\/a><\/p>\n\n\n\t\t<div class=\"organic-tabs\">\n\t\t\t<ul><li><a href=\"#tabs-1\">Le mobilier<\/a><\/li>\n<li><a href=\"#tabs-2\">Syst\u00e8me de p\u00e9dales<\/a><\/li>\n<li><a href=\"#tabs-3\">An\u00e9mom\u00e8tre<\/a><\/li>\n<li><a href=\"#tabs-4\">Les h\u00e9lices<\/a><\/li>\n<li><a href=\"#tabs-5\">L\u2019arrimage<\/a><\/li><\/ul>\n\t\t\t\n \n\t\t\t<div id=\"tabs-1\">\n\t\t\t\t<h3>Le mobilier<\/h3>\n\t\t\t\t\nDes si\u00e8ges sont r\u00e9tractables pour une plus grande modularit\u00e9 de l\u2019espace. La capacit\u00e9 est de 25 Personnes.<br \/>\n<a href=\"http:\/\/www.lyceelecorbusier.eu\/dsaa-odycite\/wp-content\/uploads\/sites\/12\/2014\/10\/Finalarticles-07.png\"><img loading=\"lazy\" width=\"300\" height=\"292\" class=\"aligncenter size-medium wp-image-1103\" src=\"http:\/\/www.lyceelecorbusier.eu\/dsaa-odycite\/wp-content\/uploads\/sites\/12\/2014\/10\/Finalarticles-07-300x292.png\" alt=\"FS_siege\" srcset=\"https:\/\/www.lyceelecorbusier.eu\/dsaa-odycite\/wp-content\/uploads\/sites\/12\/2014\/10\/Finalarticles-07-300x292.png 300w, https:\/\/www.lyceelecorbusier.eu\/dsaa-odycite\/wp-content\/uploads\/sites\/12\/2014\/10\/Finalarticles-07.png 375w\" sizes=\"(max-width: 300px) 100vw, 300px\" \/><\/a><br \/>\n<a href=\"http:\/\/www.lyceelecorbusier.eu\/dsaa-odycite\/wp-content\/uploads\/sites\/12\/2014\/10\/Finalarticles-09.png\"><img loading=\"lazy\" width=\"246\" height=\"300\" class=\"aligncenter size-medium wp-image-1105\" src=\"http:\/\/www.lyceelecorbusier.eu\/dsaa-odycite\/wp-content\/uploads\/sites\/12\/2014\/10\/Finalarticles-09-246x300.png\" alt=\"FS_pedale\" srcset=\"https:\/\/www.lyceelecorbusier.eu\/dsaa-odycite\/wp-content\/uploads\/sites\/12\/2014\/10\/Finalarticles-09-246x300.png 246w, https:\/\/www.lyceelecorbusier.eu\/dsaa-odycite\/wp-content\/uploads\/sites\/12\/2014\/10\/Finalarticles-09.png 342w\" sizes=\"(max-width: 246px) 100vw, 246px\" \/><\/a>\n\t\t\t<\/div>\n\n\t\t\t<div id=\"tabs-2\">\n\t\t\t\t<h3>Syst\u00e8me de p\u00e9dales<\/h3>\n\t\t\t\t\nPermet d\u2019alimenter les 4 moteurs \u00e0 h\u00e9lice de l\u2019embarcation.<br \/>\n<a href=\"http:\/\/www.lyceelecorbusier.eu\/dsaa-odycite\/wp-content\/uploads\/sites\/12\/2014\/10\/Finalarticles-09.png\"><img loading=\"lazy\" width=\"246\" height=\"300\" class=\"aligncenter size-medium wp-image-1105\" src=\"http:\/\/www.lyceelecorbusier.eu\/dsaa-odycite\/wp-content\/uploads\/sites\/12\/2014\/10\/Finalarticles-09-246x300.png\" alt=\"FS_pedale\" srcset=\"https:\/\/www.lyceelecorbusier.eu\/dsaa-odycite\/wp-content\/uploads\/sites\/12\/2014\/10\/Finalarticles-09-246x300.png 246w, https:\/\/www.lyceelecorbusier.eu\/dsaa-odycite\/wp-content\/uploads\/sites\/12\/2014\/10\/Finalarticles-09.png 342w\" sizes=\"(max-width: 246px) 100vw, 246px\" \/><\/a> \n\t\t\t<\/div>\n\n\t\t\t<div id=\"tabs-3\">\n\t\t\t\t<h3>An\u00e9mom\u00e8tre<\/h3>\n\t\t\t\t\nEnvoie des informations aux cerveaux-moteurs pour compenser les forces du vent et de l\u2019eau.<br \/>\n<a href=\"http:\/\/www.lyceelecorbusier.eu\/dsaa-odycite\/wp-content\/uploads\/sites\/12\/2014\/10\/Finalarticles-04.png\"><img loading=\"lazy\" width=\"300\" height=\"263\" class=\"aligncenter size-medium wp-image-1100\" src=\"http:\/\/www.lyceelecorbusier.eu\/dsaa-odycite\/wp-content\/uploads\/sites\/12\/2014\/10\/Finalarticles-04-300x263.png\" alt=\"FS_anemo\" srcset=\"https:\/\/www.lyceelecorbusier.eu\/dsaa-odycite\/wp-content\/uploads\/sites\/12\/2014\/10\/Finalarticles-04-300x263.png 300w, https:\/\/www.lyceelecorbusier.eu\/dsaa-odycite\/wp-content\/uploads\/sites\/12\/2014\/10\/Finalarticles-04.png 329w\" sizes=\"(max-width: 300px) 100vw, 300px\" \/><\/a>\n\t\t\t<\/div>\n\n\t\t\t<div id=\"tabs-4\">\n\t\t\t\t<h3>Les h\u00e9lices<\/h3>\n\t\t\t\t\nelles sont dirig\u00e9es par un syst\u00e8me de cerveaux-moteurs g\u00e9o-guid\u00e9s (par localisation indoor).<br \/>\n<a href=\"http:\/\/www.lyceelecorbusier.eu\/dsaa-odycite\/wp-content\/uploads\/sites\/12\/2014\/10\/Finalarticles-06.png\"><img loading=\"lazy\" width=\"248\" height=\"300\" class=\"aligncenter size-medium wp-image-1102\" src=\"http:\/\/www.lyceelecorbusier.eu\/dsaa-odycite\/wp-content\/uploads\/sites\/12\/2014\/10\/Finalarticles-06-248x300.png\" alt=\"FS_helices\" srcset=\"https:\/\/www.lyceelecorbusier.eu\/dsaa-odycite\/wp-content\/uploads\/sites\/12\/2014\/10\/Finalarticles-06-248x300.png 248w, https:\/\/www.lyceelecorbusier.eu\/dsaa-odycite\/wp-content\/uploads\/sites\/12\/2014\/10\/Finalarticles-06.png 273w\" sizes=\"(max-width: 248px) 100vw, 248px\" \/><\/a>\n\t\t\t<\/div>\n\n\t\t\t<div id=\"tabs-5\">\n\t\t\t\t<h3>L\u2019arrimage<\/h3>\n\t\t\t\t\nAssist\u00e9e par le g\u00e9o-guidage, la plateforme s\u2019arrime automatiquement sur les embarcadaires : sa vitesse est r\u00e9gul\u00e9e en fonction de l\u2019environnement (vents et courants).<br \/>\n<a href=\"http:\/\/www.lyceelecorbusier.eu\/dsaa-odycite\/wp-content\/uploads\/sites\/12\/2014\/10\/FS_arrimage.png\"><img loading=\"lazy\" class=\"aligncenter wp-image-1114 \" src=\"http:\/\/www.lyceelecorbusier.eu\/dsaa-odycite\/wp-content\/uploads\/sites\/12\/2014\/10\/FS_arrimage-1024x348.png\" alt=\"FS_arrimage\" width=\"737\" height=\"251\" srcset=\"https:\/\/www.lyceelecorbusier.eu\/dsaa-odycite\/wp-content\/uploads\/sites\/12\/2014\/10\/FS_arrimage-1024x348.png 1024w, https:\/\/www.lyceelecorbusier.eu\/dsaa-odycite\/wp-content\/uploads\/sites\/12\/2014\/10\/FS_arrimage-300x102.png 300w, https:\/\/www.lyceelecorbusier.eu\/dsaa-odycite\/wp-content\/uploads\/sites\/12\/2014\/10\/FS_arrimage-960x326.png 960w, https:\/\/www.lyceelecorbusier.eu\/dsaa-odycite\/wp-content\/uploads\/sites\/12\/2014\/10\/FS_arrimage.png 1129w\" sizes=\"(max-width: 737px) 100vw, 737px\" \/><\/a>\n\t\t\t<\/div>\n\t\t<\/div>\n\n","protected":false},"excerpt":{"rendered":"<p>Suite \u00e0 nos hypoth\u00e8ses &#8220;r\u00e9enchanter le quotidien&#8221; et &#8220;forum hors les murs&#8221;, nous avons d\u00e9velopp\u00e9 les &#8220;forums sensibles&#8221;, un dispositif permettant aux passants et habitants des fronts de Neudorf d&#8217;\u00e9changer autour de sujets propos\u00e9s par eux-m\u00eames. Qu&#8217;est ce&#8230; <a class=\"read-more\" href=\"https:\/\/www.lyceelecorbusier.eu\/dsaa-odycite\/?p=964\">Lire la suite&#8230;<\/a><\/p>\n","protected":false},"author":1,"featured_media":1127,"comment_status":"closed","ping_status":"closed","sticky":false,"template":"","format":"standard","meta":[],"categories":[12,1],"tags":[],"_links":{"self":[{"href":"https:\/\/www.lyceelecorbusier.eu\/dsaa-odycite\/index.php?rest_route=\/wp\/v2\/posts\/964"}],"collection":[{"href":"https:\/\/www.lyceelecorbusier.eu\/dsaa-odycite\/index.php?rest_route=\/wp\/v2\/posts"}],"about":[{"href":"https:\/\/www.lyceelecorbusier.eu\/dsaa-odycite\/index.php?rest_route=\/wp\/v2\/types\/post"}],"author":[{"embeddable":true,"href":"https:\/\/www.lyceelecorbusier.eu\/dsaa-odycite\/index.php?rest_route=\/wp\/v2\/users\/1"}],"replies":[{"embeddable":true,"href":"https:\/\/www.lyceelecorbusier.eu\/dsaa-odycite\/index.php?rest_route=%2Fwp%2Fv2%2Fcomments&post=964"}],"version-history":[{"count":24,"href":"https:\/\/www.lyceelecorbusier.eu\/dsaa-odycite\/index.php?rest_route=\/wp\/v2\/posts\/964\/revisions"}],"predecessor-version":[{"id":1141,"href":"https:\/\/www.lyceelecorbusier.eu\/dsaa-odycite\/index.php?rest_route=\/wp\/v2\/posts\/964\/revisions\/1141"}],"wp:featuredmedia":[{"embeddable":true,"href":"https:\/\/www.lyceelecorbusier.eu\/dsaa-odycite\/index.php?rest_route=\/wp\/v2\/media\/1127"}],"wp:attachment":[{"href":"https:\/\/www.lyceelecorbusier.eu\/dsaa-odycite\/index.php?rest_route=%2Fwp%2Fv2%2Fmedia&parent=964"}],"wp:term":[{"taxonomy":"category","embeddable":true,"href":"https:\/\/www.lyceelecorbusier.eu\/dsaa-odycite\/index.php?rest_route=%2Fwp%2Fv2%2Fcategories&post=964"},{"taxonomy":"post_tag","embeddable":true,"href":"https:\/\/www.lyceelecorbusier.eu\/dsaa-odycite\/index.php?rest_route=%2Fwp%2Fv2%2Ftags&post=964"}],"curies":[{"name":"wp","href":"https:\/\/api.w.org\/{rel}","templated":true}]}}