{"id":915,"date":"2014-10-21T17:19:42","date_gmt":"2014-10-21T16:19:42","guid":{"rendered":"http:\/\/www.lyceelecorbusier.eu\/dsaa-odycite\/?p=915"},"modified":"2014-10-21T17:23:22","modified_gmt":"2014-10-21T16:23:22","slug":"les-locaux-2-0","status":"publish","type":"post","link":"https:\/\/www.lyceelecorbusier.eu\/dsaa-odycite\/?p=915","title":{"rendered":"Les locaux 2.0"},"content":{"rendered":"<div class=\"organic-column one-half\">\n<p><em>En allant questionner les habitants du quartier Neustadt-Universit\u00e9, les locaux 2.0 soul\u00e8vent plusieurs probl\u00e9matiques. \u00c0 partir de cette r\u00e9colte ils \u00e9mettent plusieurs hypoth\u00e8ses d\u2019actions et de dispositifs \u00e0 mettre en place dans leur ville pour r\u00e9pondre \u00e0 la probl\u00e9matique : &#8220;Comment cr\u00e9er une vie de quartier \u00e0 l&#8217;\u00e8re du num\u00e9rique ?&#8221;<\/em><\/p>\n<p><strong>Mais, que lui trouvent-ils \u00e0 ce quartier ?\u00a0<\/strong><\/p>\n<hr \/>\n<p>&nbsp;<\/p>\n<hr \/>\n<p><a href=\"http:\/\/www.lyceelecorbusier.eu\/dsaa-odycite\/wp-content\/uploads\/sites\/12\/2014\/10\/maison1.jpg\"><img loading=\"lazy\" class=\"alignnone  wp-image-948\" src=\"http:\/\/www.lyceelecorbusier.eu\/dsaa-odycite\/wp-content\/uploads\/sites\/12\/2014\/10\/maison1-300x168.jpg\" alt=\"maison\" width=\"394\" height=\"221\" srcset=\"https:\/\/www.lyceelecorbusier.eu\/dsaa-odycite\/wp-content\/uploads\/sites\/12\/2014\/10\/maison1-300x168.jpg 300w, https:\/\/www.lyceelecorbusier.eu\/dsaa-odycite\/wp-content\/uploads\/sites\/12\/2014\/10\/maison1-1024x574.jpg 1024w, https:\/\/www.lyceelecorbusier.eu\/dsaa-odycite\/wp-content\/uploads\/sites\/12\/2014\/10\/maison1-1800x1009.jpg 1800w, https:\/\/www.lyceelecorbusier.eu\/dsaa-odycite\/wp-content\/uploads\/sites\/12\/2014\/10\/maison1-960x538.jpg 960w, https:\/\/www.lyceelecorbusier.eu\/dsaa-odycite\/wp-content\/uploads\/sites\/12\/2014\/10\/maison1.jpg 1813w\" sizes=\"(max-width: 394px) 100vw, 394px\" \/><\/a><\/p>\n<p>&nbsp;<\/p>\n<p><b>Les b\u00e2timents de leur quartier sont muets<\/b><\/p>\n<p>On est souvent confront\u00e9 \u00e0 de hautes facades derri\u00e8res des grilles. Le nom du b\u00e2timents est difficilement lisible et rien n\u2019indique qu\u2019il s\u2019y passe des choses fabuleuses. Alors si nous ne sommes pas dans leur mailist nous n\u2019en savons rien.<\/p>\n<p>Et pourtant !<\/p>\n<\/div>\n<div class=\"organic-column one-half last\">\n<p><img loading=\"lazy\" class=\"alignnone  wp-image-918\" src=\"http:\/\/www.lyceelecorbusier.eu\/dsaa-odycite\/wp-content\/uploads\/sites\/12\/2014\/10\/expression-300x164.jpg\" alt=\"expression\" width=\"441\" height=\"241\" srcset=\"https:\/\/www.lyceelecorbusier.eu\/dsaa-odycite\/wp-content\/uploads\/sites\/12\/2014\/10\/expression-300x164.jpg 300w, https:\/\/www.lyceelecorbusier.eu\/dsaa-odycite\/wp-content\/uploads\/sites\/12\/2014\/10\/expression-1024x560.jpg 1024w, https:\/\/www.lyceelecorbusier.eu\/dsaa-odycite\/wp-content\/uploads\/sites\/12\/2014\/10\/expression-1800x984.jpg 1800w, https:\/\/www.lyceelecorbusier.eu\/dsaa-odycite\/wp-content\/uploads\/sites\/12\/2014\/10\/expression-960x525.jpg 960w\" sizes=\"(max-width: 441px) 100vw, 441px\" \/><\/p>\n<p><b>Il n\u2019y a pas de support d\u2019expression publique<\/b><\/p>\n<p>Au contraire du net o\u00f9 tout le monde \u00e9change, partage, publie&#8230; Les habitants ne peuvent pas s\u2019exprimer dans la rue, ni interragir avec les b\u00e2timents. \u00c9crire dans la rue est interdit.<\/p>\n<p><b><img loading=\"lazy\" class=\"alignnone  wp-image-920\" src=\"http:\/\/www.lyceelecorbusier.eu\/dsaa-odycite\/wp-content\/uploads\/sites\/12\/2014\/10\/habitants-300x186.jpg\" alt=\"habitants\" width=\"421\" height=\"261\" srcset=\"https:\/\/www.lyceelecorbusier.eu\/dsaa-odycite\/wp-content\/uploads\/sites\/12\/2014\/10\/habitants-300x186.jpg 300w, https:\/\/www.lyceelecorbusier.eu\/dsaa-odycite\/wp-content\/uploads\/sites\/12\/2014\/10\/habitants-1024x635.jpg 1024w, https:\/\/www.lyceelecorbusier.eu\/dsaa-odycite\/wp-content\/uploads\/sites\/12\/2014\/10\/habitants-960x595.jpg 960w, https:\/\/www.lyceelecorbusier.eu\/dsaa-odycite\/wp-content\/uploads\/sites\/12\/2014\/10\/habitants.jpg 1772w\" sizes=\"(max-width: 421px) 100vw, 421px\" \/><\/b><\/p>\n<p><b>Les habitants se connaissent bien<\/b><\/p>\n<p>Le bouche \u00e0 oreille et la proximit\u00e9 des habitants entretiennent une bonne entente au sein de ce quartier. On se r\u00e9uni aux Contades, on se retrouve au caf\u00e9 du TNS ou chez Michel. Les habitants sont d\u00e9tendus et ouverts au dialogue.<\/p>\n<p>&nbsp;<\/p>\n<\/div><div class=\"clearboth\"><\/div>\n<p>&nbsp;<\/p>\n<hr \/>\n<hr \/>\n<p>&nbsp;<\/p>\n<p>Suite \u00e0 ces observations, nos locaux 2.0 ne restent pas les bras ballants !<br \/>\n<strong>Voici 3 projets qui ont vu le jour au fil de leurs rencontres :<\/strong><\/p>\n<pre><em>Cliquez sur les images pour les voir en meilleure r\u00e9solution.<\/em><\/pre>\n<h1>I &#8211; L&#8217;arbre \u00e0 Palabres<\/h1>\n<p>Cr\u00e9e pour faciliter la rencontre inter-voisinage ou pour enrichir un lien social \u00e9tabli, nous avons voulu, \u00e0 travers cet objet, nous servir du potentiel de partage offert par le num\u00e9rique pour inviter les gens \u00e0 \u00e9changer facilement autour de choses qu\u2019ils aiment. En l\u2019associant au v\u00e9g\u00e9tal, nous esp\u00e9rons cr\u00e9er un sentiment s\u2019entraide autour de la survie de cette plante verte. Un pot en bois de cagette dissimule un disque dur qui stocke les informations r\u00e9colt\u00e9es par l\u2019arrosoir USB que les habitants remplissent avec des donn\u00e9es.<img loading=\"lazy\" class=\"wp-image-940 aligncenter\" src=\"http:\/\/www.lyceelecorbusier.eu\/dsaa-odycite\/wp-content\/uploads\/sites\/12\/2014\/10\/images-300x150.jpg\" alt=\"images\" width=\"718\" height=\"359\" srcset=\"https:\/\/www.lyceelecorbusier.eu\/dsaa-odycite\/wp-content\/uploads\/sites\/12\/2014\/10\/images-300x150.jpg 300w, https:\/\/www.lyceelecorbusier.eu\/dsaa-odycite\/wp-content\/uploads\/sites\/12\/2014\/10\/images.jpg 756w\" sizes=\"(max-width: 718px) 100vw, 718px\" \/><\/p>\n<p><img loading=\"lazy\" class=\"wp-image-941 aligncenter\" src=\"http:\/\/www.lyceelecorbusier.eu\/dsaa-odycite\/wp-content\/uploads\/sites\/12\/2014\/10\/images2-300x150.jpg\" alt=\"images2\" width=\"732\" height=\"366\" srcset=\"https:\/\/www.lyceelecorbusier.eu\/dsaa-odycite\/wp-content\/uploads\/sites\/12\/2014\/10\/images2-300x150.jpg 300w, https:\/\/www.lyceelecorbusier.eu\/dsaa-odycite\/wp-content\/uploads\/sites\/12\/2014\/10\/images2.jpg 756w\" sizes=\"(max-width: 732px) 100vw, 732px\" \/><\/p>\n<p style=\"text-align: center\">\n\t\t<!-- MasterSlider -->\n\t\t<div id=\"P_MS69f105d6a68be\" class=\"master-slider-parent msl ms-parent-id-48\" style=\"max-width:588px;\">\n\n\t\t\t\n\t\t\t<!-- MasterSlider Main -->\n\t\t\t<div id=\"MS69f105d6a68be\" class=\"master-slider ms-skin-default\" >\n\t\t\t\t \t\t\t\t \n\t\t\t\t<div  class=\"ms-slide\" data-delay=\"3\" data-fill-mode=\"fill\"  >\n\t\t\t\t\t<img src=\"https:\/\/www.lyceelecorbusier.eu\/dsaa-odycite\/wp-content\/plugins\/master-slider\/public\/assets\/css\/blank.gif\" alt=\"\" title=\"\" data-src=\"https:\/\/www.lyceelecorbusier.eu\/dsaa-odycite\/wp-content\/uploads\/sites\/12\/2014\/10\/mode-demploi.jpg\" \/>\n\n\n\t<div class=\"ms-thumb\" ><div class=\"ms-tab-context\"><div class=&quot;ms-tab-context&quot;><\/div><\/div>\n<\/div>\n\t\t\t\t<\/div>\n\t\t\t\t<div  class=\"ms-slide\" data-delay=\"3\" data-fill-mode=\"fill\"  >\n\t\t\t\t\t<img src=\"https:\/\/www.lyceelecorbusier.eu\/dsaa-odycite\/wp-content\/plugins\/master-slider\/public\/assets\/css\/blank.gif\" alt=\"\" title=\"\" data-src=\"https:\/\/www.lyceelecorbusier.eu\/dsaa-odycite\/wp-content\/uploads\/sites\/12\/2014\/10\/mode-demploi2.jpg\" \/>\n\n\n\t<div class=\"ms-thumb\" ><div class=\"ms-tab-context\"><div class=&quot;ms-tab-context&quot;><\/div><\/div>\n<\/div>\n\t\t\t\t<\/div>\n\t\t\t\t<div  class=\"ms-slide\" data-delay=\"3\" data-fill-mode=\"fill\"  >\n\t\t\t\t\t<img src=\"https:\/\/www.lyceelecorbusier.eu\/dsaa-odycite\/wp-content\/plugins\/master-slider\/public\/assets\/css\/blank.gif\" alt=\"\" title=\"\" data-src=\"https:\/\/www.lyceelecorbusier.eu\/dsaa-odycite\/wp-content\/uploads\/sites\/12\/2014\/10\/mode-demploi3.jpg\" \/>\n\n\n\t<div class=\"ms-thumb\" ><div class=\"ms-tab-context\"><div class=&quot;ms-tab-context&quot;><\/div><\/div>\n<\/div>\n\t\t\t\t<\/div>\n\t\t\t\t<div  class=\"ms-slide\" data-delay=\"3\" data-fill-mode=\"fill\"  >\n\t\t\t\t\t<img src=\"https:\/\/www.lyceelecorbusier.eu\/dsaa-odycite\/wp-content\/plugins\/master-slider\/public\/assets\/css\/blank.gif\" alt=\"\" title=\"\" data-src=\"https:\/\/www.lyceelecorbusier.eu\/dsaa-odycite\/wp-content\/uploads\/sites\/12\/2014\/10\/mode-demploi4.jpg\" \/>\n\n\n\t<div class=\"ms-thumb\" ><div class=\"ms-tab-context\"><div class=&quot;ms-tab-context&quot;><\/div><\/div>\n<\/div>\n\t\t\t\t<\/div>\n\t\t\t\t<div  class=\"ms-slide\" data-delay=\"3\" data-fill-mode=\"fill\"  >\n\t\t\t\t\t<img src=\"https:\/\/www.lyceelecorbusier.eu\/dsaa-odycite\/wp-content\/plugins\/master-slider\/public\/assets\/css\/blank.gif\" alt=\"\" title=\"\" data-src=\"https:\/\/www.lyceelecorbusier.eu\/dsaa-odycite\/wp-content\/uploads\/sites\/12\/2014\/10\/mode-demploi5.jpg\" \/>\n\n\n\t<div class=\"ms-thumb\" ><div class=\"ms-tab-context\"><div class=&quot;ms-tab-context&quot;><\/div><\/div>\n<\/div>\n\t\t\t\t<\/div>\n\t\t\t\t<div  class=\"ms-slide\" data-delay=\"3\" data-fill-mode=\"fill\"  >\n\t\t\t\t\t<img src=\"https:\/\/www.lyceelecorbusier.eu\/dsaa-odycite\/wp-content\/plugins\/master-slider\/public\/assets\/css\/blank.gif\" alt=\"\" title=\"\" data-src=\"https:\/\/www.lyceelecorbusier.eu\/dsaa-odycite\/wp-content\/uploads\/sites\/12\/2014\/10\/mode-demploi6.jpg\" \/>\n\n\n\t<div class=\"ms-thumb\" ><div class=\"ms-tab-context\"><div class=&quot;ms-tab-context&quot;><\/div><\/div>\n<\/div>\n\t\t\t\t<\/div>\n\t\t\t\t<div  class=\"ms-slide\" data-delay=\"3\" data-fill-mode=\"fill\"  >\n\t\t\t\t\t<img src=\"https:\/\/www.lyceelecorbusier.eu\/dsaa-odycite\/wp-content\/plugins\/master-slider\/public\/assets\/css\/blank.gif\" alt=\"\" title=\"\" data-src=\"https:\/\/www.lyceelecorbusier.eu\/dsaa-odycite\/wp-content\/uploads\/sites\/12\/2014\/10\/mode-demploi7.jpg\" \/>\n\n\n\t<div class=\"ms-thumb\" ><div class=\"ms-tab-context\"><div class=&quot;ms-tab-context&quot;><\/div><\/div>\n<\/div>\n\t\t\t\t<\/div>\n\t\t\t\t<div  class=\"ms-slide\" data-delay=\"3\" data-fill-mode=\"fill\"  >\n\t\t\t\t\t<img src=\"https:\/\/www.lyceelecorbusier.eu\/dsaa-odycite\/wp-content\/plugins\/master-slider\/public\/assets\/css\/blank.gif\" alt=\"\" title=\"\" data-src=\"https:\/\/www.lyceelecorbusier.eu\/dsaa-odycite\/wp-content\/uploads\/sites\/12\/2014\/10\/mode-demploi8.jpg\" \/>\n\n\n\t<div class=\"ms-thumb\" ><div class=\"ms-tab-context\"><div class=&quot;ms-tab-context&quot;><\/div><\/div>\n<\/div>\n\t\t\t\t<\/div>\n\t\t\t\t<div  class=\"ms-slide\" data-delay=\"3\" data-fill-mode=\"fill\"  >\n\t\t\t\t\t<img src=\"https:\/\/www.lyceelecorbusier.eu\/dsaa-odycite\/wp-content\/plugins\/master-slider\/public\/assets\/css\/blank.gif\" alt=\"\" title=\"\" data-src=\"https:\/\/www.lyceelecorbusier.eu\/dsaa-odycite\/wp-content\/uploads\/sites\/12\/2014\/10\/mode-demploi9.jpg\" \/>\n\n\n\t<div class=\"ms-thumb\" ><div class=\"ms-tab-context\"><div class=&quot;ms-tab-context&quot;><\/div><\/div>\n<\/div>\n\t\t\t\t<\/div>\n\t\t\t\t<div  class=\"ms-slide\" data-delay=\"3\" data-fill-mode=\"fill\"  >\n\t\t\t\t\t<img src=\"https:\/\/www.lyceelecorbusier.eu\/dsaa-odycite\/wp-content\/plugins\/master-slider\/public\/assets\/css\/blank.gif\" alt=\"\" title=\"\" data-src=\"https:\/\/www.lyceelecorbusier.eu\/dsaa-odycite\/wp-content\/uploads\/sites\/12\/2014\/10\/mode-demploi10.jpg\" \/>\n\n\n\t<div class=\"ms-thumb\" ><div class=\"ms-tab-context\"><div class=&quot;ms-tab-context&quot;><\/div><\/div>\n<\/div>\n\t\t\t\t<\/div>\n\t\t\t\t<div  class=\"ms-slide\" data-delay=\"3\" data-fill-mode=\"fill\"  >\n\t\t\t\t\t<img src=\"https:\/\/www.lyceelecorbusier.eu\/dsaa-odycite\/wp-content\/plugins\/master-slider\/public\/assets\/css\/blank.gif\" alt=\"\" title=\"\" data-src=\"https:\/\/www.lyceelecorbusier.eu\/dsaa-odycite\/wp-content\/uploads\/sites\/12\/2014\/10\/mode-demploi11.jpg\" \/>\n\n\n\t<div class=\"ms-thumb\" ><div class=\"ms-tab-context\"><div class=&quot;ms-tab-context&quot;><\/div><\/div>\n<\/div>\n\t\t\t\t<\/div>\n\t\t\t\t<div  class=\"ms-slide\" data-delay=\"3\" data-fill-mode=\"fill\"  >\n\t\t\t\t\t<img src=\"https:\/\/www.lyceelecorbusier.eu\/dsaa-odycite\/wp-content\/plugins\/master-slider\/public\/assets\/css\/blank.gif\" alt=\"\" title=\"\" data-src=\"https:\/\/www.lyceelecorbusier.eu\/dsaa-odycite\/wp-content\/uploads\/sites\/12\/2014\/10\/mode-demploi12.jpg\" \/>\n\n\n\t<div class=\"ms-thumb\" ><div class=\"ms-tab-context\"><div class=&quot;ms-tab-context&quot;><\/div><\/div>\n<\/div>\n\t\t\t\t<\/div>\n\t\t\t\t<div  class=\"ms-slide\" data-delay=\"3\" data-fill-mode=\"fill\"  >\n\t\t\t\t\t<img src=\"https:\/\/www.lyceelecorbusier.eu\/dsaa-odycite\/wp-content\/plugins\/master-slider\/public\/assets\/css\/blank.gif\" alt=\"\" title=\"\" data-src=\"https:\/\/www.lyceelecorbusier.eu\/dsaa-odycite\/wp-content\/uploads\/sites\/12\/2014\/10\/mode-demploi13.jpg\" \/>\n\n\n\t<div class=\"ms-thumb\" ><div class=\"ms-tab-context\"><div class=&quot;ms-tab-context&quot;><\/div><\/div>\n<\/div>\n\t\t\t\t<\/div>\n\n\t\t\t<\/div>\n\t\t\t<!-- END MasterSlider Main -->\n\n\t\t\t \n\t\t<\/div>\n\t\t<!-- END MasterSlider -->\n\n\t\t<script>\n\t\t(function ( $ ) {\n\t\t\t\"use strict\";\n\n\t\t\t$(function () {\n\t\t\t\tvar masterslider_68be = new MasterSlider();\n\n\t\t\t\t\/\/ slider controls\n\n\t\t\t\t\/\/ slider setup\n\t\t\t\tmasterslider_68be.setup(\"MS69f105d6a68be\", {\n\t\t\t\t\t\twidth           : 588,\n\t\t\t\t\t\theight          : 500,\n\t\t\t\t\t\tminHeight       : 0,\n\t\t\t\t\t\tspace           : 0,\n\t\t\t\t\t\tstart           : 1,\n\t\t\t\t\t\tgrabCursor      : true,\n\t\t\t\t\t\tswipe           : true,\n\t\t\t\t\t\tmouse           : true,\n\t\t\t\t\t\tlayout          : \"boxed\",\n\t\t\t\t\t\twheel           : false,\n\t\t\t\t\t\tautoplay        : false,\n\t\t\t\t\t\tinstantStartLayers:false,\n\t\t\t\t\t\tloop            : false,\n\t\t\t\t\t\tshuffle         : false,\n\t\t\t\t\t\tpreload         : 0,\n\t\t\t\t\t\theightLimit     : true,\n\t\t\t\t\t\tautoHeight      : false,\n\t\t\t\t\t\tsmoothHeight    : true,\n\t\t\t\t\t\tendPause        : false,\n\t\t\t\t\t\toverPause       : true,\n\t\t\t\t\t\tfillMode        : \"fill\",\n\t\t\t\t\t\tcenterControls  : true,\n\t\t\t\t\t\tstartOnAppear   : false,\n\t\t\t\t\t\tlayersMode      : \"center\",\n\t\t\t\t\t\thideLayers      : false,\n\t\t\t\t\t\tfullscreenMargin: 0,\n\t\t\t\t\t\tspeed           : 20,\n\t\t\t\t\t\tdir             : \"h\",\n\t\t\t\t\t\tparallaxMode    : 'swipe',\n\t\t\t\t\t\tview            : \"basic\"\n\t\t\t\t});\n\n\t\t\t\t\n\t\t\t\twindow.masterslider_instances = window.masterslider_instances || [];\n\t\t\t\twindow.masterslider_instances.push( masterslider_68be );\n\t\t\t });\n\n\t\t})(jQuery);\n\t\t<\/script>\n\n\n<em>faites d\u00e9filer les images de droite \u00e0 gauche<\/em><\/p>\n<p>&nbsp;<\/p>\n<p>&nbsp;<\/p>\n<h1>II &#8211; Roue libre !<\/h1>\n<p>Ce dispositif, install\u00e9 dans la rue, se pr\u00e9sente comme un espace de communication associ\u00e9 \u00e0 un lieu public. Il est inspir\u00e9 des r\u00e9seaux sociaux mais fabriqu\u00e9 sans aucun outil num\u00e9rique. Les habitants et passants sont attir\u00e9s par cet objet et peuvent prendre connaissance des activit\u00e9s du lieu, r\u00e9agir et commenter.<\/p>\n<p><img loading=\"lazy\" class=\" wp-image-944 aligncenter\" src=\"http:\/\/www.lyceelecorbusier.eu\/dsaa-odycite\/wp-content\/uploads\/sites\/12\/2014\/10\/images5-300x150.jpg\" alt=\"images5\" width=\"568\" height=\"284\" srcset=\"https:\/\/www.lyceelecorbusier.eu\/dsaa-odycite\/wp-content\/uploads\/sites\/12\/2014\/10\/images5-300x150.jpg 300w, https:\/\/www.lyceelecorbusier.eu\/dsaa-odycite\/wp-content\/uploads\/sites\/12\/2014\/10\/images5.jpg 756w\" sizes=\"(max-width: 568px) 100vw, 568px\" \/><\/p>\n<p><a href=\"http:\/\/www.lyceelecorbusier.eu\/dsaa-odycite\/wp-content\/uploads\/sites\/12\/2014\/10\/images4.jpg\"><img loading=\"lazy\" class=\" wp-image-943 aligncenter\" src=\"http:\/\/www.lyceelecorbusier.eu\/dsaa-odycite\/wp-content\/uploads\/sites\/12\/2014\/10\/images4-300x150.jpg\" alt=\"images4\" width=\"610\" height=\"305\" srcset=\"https:\/\/www.lyceelecorbusier.eu\/dsaa-odycite\/wp-content\/uploads\/sites\/12\/2014\/10\/images4-300x150.jpg 300w, https:\/\/www.lyceelecorbusier.eu\/dsaa-odycite\/wp-content\/uploads\/sites\/12\/2014\/10\/images4.jpg 756w\" sizes=\"(max-width: 610px) 100vw, 610px\" \/><\/a><\/p>\n<p><a href=\"http:\/\/www.lyceelecorbusier.eu\/dsaa-odycite\/wp-content\/uploads\/sites\/12\/2014\/10\/images3.jpg\"><img loading=\"lazy\" class=\" wp-image-942 aligncenter\" src=\"http:\/\/www.lyceelecorbusier.eu\/dsaa-odycite\/wp-content\/uploads\/sites\/12\/2014\/10\/images3-300x150.jpg\" alt=\"images3\" width=\"608\" height=\"304\" srcset=\"https:\/\/www.lyceelecorbusier.eu\/dsaa-odycite\/wp-content\/uploads\/sites\/12\/2014\/10\/images3-300x150.jpg 300w, https:\/\/www.lyceelecorbusier.eu\/dsaa-odycite\/wp-content\/uploads\/sites\/12\/2014\/10\/images3.jpg 756w\" sizes=\"(max-width: 608px) 100vw, 608px\" \/><\/a><\/p>\n<p>&nbsp;<\/p>\n<h1>III &#8211;\u00a0parta&#8217;go<\/h1>\n<p>Nous avons imagin\u00e9 un site internet qui permet de mettre en relation les habitants d\u2019un m\u00eame quartier afin que ceux-ci puissent se rendre service. Ce syst\u00e8me fonctionne gr\u00e2ce \u00e0 l\u2019\u00e9change de \u201cPoints Merci !\u201d.<\/p>\n<p>&nbsp;<\/p>\n<p><a href=\"http:\/\/www.lyceelecorbusier.eu\/dsaa-odycite\/wp-content\/uploads\/sites\/12\/2014\/10\/app3.jpg\"><img loading=\"lazy\" class=\"wp-image-938 aligncenter\" src=\"http:\/\/www.lyceelecorbusier.eu\/dsaa-odycite\/wp-content\/uploads\/sites\/12\/2014\/10\/app3-300x212.jpg\" alt=\"app3\" width=\"760\" height=\"537\" srcset=\"https:\/\/www.lyceelecorbusier.eu\/dsaa-odycite\/wp-content\/uploads\/sites\/12\/2014\/10\/app3-300x212.jpg 300w, https:\/\/www.lyceelecorbusier.eu\/dsaa-odycite\/wp-content\/uploads\/sites\/12\/2014\/10\/app3-1024x724.jpg 1024w, https:\/\/www.lyceelecorbusier.eu\/dsaa-odycite\/wp-content\/uploads\/sites\/12\/2014\/10\/app3-960x678.jpg 960w, https:\/\/www.lyceelecorbusier.eu\/dsaa-odycite\/wp-content\/uploads\/sites\/12\/2014\/10\/app3.jpg 1123w\" sizes=\"(max-width: 760px) 100vw, 760px\" \/><\/a><\/p>\n<p><a href=\"http:\/\/www.lyceelecorbusier.eu\/dsaa-odycite\/wp-content\/uploads\/sites\/12\/2014\/10\/app4.jpg\"><img loading=\"lazy\" class=\"wp-image-939 aligncenter\" src=\"http:\/\/www.lyceelecorbusier.eu\/dsaa-odycite\/wp-content\/uploads\/sites\/12\/2014\/10\/app4-300x212.jpg\" alt=\"app4\" width=\"767\" height=\"542\" srcset=\"https:\/\/www.lyceelecorbusier.eu\/dsaa-odycite\/wp-content\/uploads\/sites\/12\/2014\/10\/app4-300x212.jpg 300w, https:\/\/www.lyceelecorbusier.eu\/dsaa-odycite\/wp-content\/uploads\/sites\/12\/2014\/10\/app4-1024x724.jpg 1024w, https:\/\/www.lyceelecorbusier.eu\/dsaa-odycite\/wp-content\/uploads\/sites\/12\/2014\/10\/app4-960x678.jpg 960w, https:\/\/www.lyceelecorbusier.eu\/dsaa-odycite\/wp-content\/uploads\/sites\/12\/2014\/10\/app4.jpg 1123w\" sizes=\"(max-width: 767px) 100vw, 767px\" \/><\/a><\/p>\n<p><a href=\"http:\/\/www.lyceelecorbusier.eu\/dsaa-odycite\/wp-content\/uploads\/sites\/12\/2014\/10\/app2.jpg\"><img loading=\"lazy\" class=\"wp-image-937 aligncenter\" src=\"http:\/\/www.lyceelecorbusier.eu\/dsaa-odycite\/wp-content\/uploads\/sites\/12\/2014\/10\/app2-300x212.jpg\" alt=\"app2\" width=\"766\" height=\"541\" srcset=\"https:\/\/www.lyceelecorbusier.eu\/dsaa-odycite\/wp-content\/uploads\/sites\/12\/2014\/10\/app2-300x212.jpg 300w, https:\/\/www.lyceelecorbusier.eu\/dsaa-odycite\/wp-content\/uploads\/sites\/12\/2014\/10\/app2-1024x724.jpg 1024w, https:\/\/www.lyceelecorbusier.eu\/dsaa-odycite\/wp-content\/uploads\/sites\/12\/2014\/10\/app2-960x678.jpg 960w, https:\/\/www.lyceelecorbusier.eu\/dsaa-odycite\/wp-content\/uploads\/sites\/12\/2014\/10\/app2.jpg 1123w\" sizes=\"(max-width: 766px) 100vw, 766px\" \/><\/a><\/p>\n<p><a href=\"http:\/\/www.lyceelecorbusier.eu\/dsaa-odycite\/wp-content\/uploads\/sites\/12\/2014\/10\/app.jpg\"><img loading=\"lazy\" class=\"wp-image-936 aligncenter\" src=\"http:\/\/www.lyceelecorbusier.eu\/dsaa-odycite\/wp-content\/uploads\/sites\/12\/2014\/10\/app-300x212.jpg\" alt=\"app\" width=\"763\" height=\"539\" srcset=\"https:\/\/www.lyceelecorbusier.eu\/dsaa-odycite\/wp-content\/uploads\/sites\/12\/2014\/10\/app-300x212.jpg 300w, https:\/\/www.lyceelecorbusier.eu\/dsaa-odycite\/wp-content\/uploads\/sites\/12\/2014\/10\/app-1024x724.jpg 1024w, https:\/\/www.lyceelecorbusier.eu\/dsaa-odycite\/wp-content\/uploads\/sites\/12\/2014\/10\/app-960x678.jpg 960w, https:\/\/www.lyceelecorbusier.eu\/dsaa-odycite\/wp-content\/uploads\/sites\/12\/2014\/10\/app.jpg 1123w\" sizes=\"(max-width: 763px) 100vw, 763px\" \/><\/a><\/p>\n<p>&nbsp;<\/p>\n<hr \/>\n<hr \/>\n<p>&nbsp;<\/p>\n<p>Les locaux 2.0 arpentent ainsi la ville, semant ici et l\u00e0 leurs id\u00e9es de projets pour qu&#8217;un jour peut-\u00eatre, celles-ci soient r\u00e9alis\u00e9es.<\/p>\n<p>&nbsp;<\/p>\n<p>&nbsp;<\/p>\n<p><a href=\"http:\/\/www.lyceelecorbusier.eu\/dsaa-odycite\/wp-content\/uploads\/sites\/12\/2014\/10\/frise.jpg\"><img loading=\"lazy\" class=\"wp-image-919 aligncenter\" src=\"http:\/\/www.lyceelecorbusier.eu\/dsaa-odycite\/wp-content\/uploads\/sites\/12\/2014\/10\/frise-300x97.jpg\" alt=\"frise\" width=\"946\" height=\"306\" srcset=\"https:\/\/www.lyceelecorbusier.eu\/dsaa-odycite\/wp-content\/uploads\/sites\/12\/2014\/10\/frise-300x97.jpg 300w, https:\/\/www.lyceelecorbusier.eu\/dsaa-odycite\/wp-content\/uploads\/sites\/12\/2014\/10\/frise-1024x332.jpg 1024w, https:\/\/www.lyceelecorbusier.eu\/dsaa-odycite\/wp-content\/uploads\/sites\/12\/2014\/10\/frise-960x311.jpg 960w, https:\/\/www.lyceelecorbusier.eu\/dsaa-odycite\/wp-content\/uploads\/sites\/12\/2014\/10\/frise.jpg 1271w\" sizes=\"(max-width: 946px) 100vw, 946px\" \/><\/a><\/p>\n","protected":false},"excerpt":{"rendered":"<p>&nbsp; &nbsp; Suite \u00e0 ces observations, nos locaux 2.0 ne restent pas les bras ballants ! Voici 3 projets qui ont vu le jour au fil de leurs rencontres : Cliquez sur les images pour les voir en&#8230; <a class=\"read-more\" href=\"https:\/\/www.lyceelecorbusier.eu\/dsaa-odycite\/?p=915\">Lire la suite&#8230;<\/a><\/p>\n","protected":false},"author":1,"featured_media":921,"comment_status":"closed","ping_status":"closed","sticky":false,"template":"","format":"standard","meta":[],"categories":[1],"tags":[],"_links":{"self":[{"href":"https:\/\/www.lyceelecorbusier.eu\/dsaa-odycite\/index.php?rest_route=\/wp\/v2\/posts\/915"}],"collection":[{"href":"https:\/\/www.lyceelecorbusier.eu\/dsaa-odycite\/index.php?rest_route=\/wp\/v2\/posts"}],"about":[{"href":"https:\/\/www.lyceelecorbusier.eu\/dsaa-odycite\/index.php?rest_route=\/wp\/v2\/types\/post"}],"author":[{"embeddable":true,"href":"https:\/\/www.lyceelecorbusier.eu\/dsaa-odycite\/index.php?rest_route=\/wp\/v2\/users\/1"}],"replies":[{"embeddable":true,"href":"https:\/\/www.lyceelecorbusier.eu\/dsaa-odycite\/index.php?rest_route=%2Fwp%2Fv2%2Fcomments&post=915"}],"version-history":[{"count":15,"href":"https:\/\/www.lyceelecorbusier.eu\/dsaa-odycite\/index.php?rest_route=\/wp\/v2\/posts\/915\/revisions"}],"predecessor-version":[{"id":963,"href":"https:\/\/www.lyceelecorbusier.eu\/dsaa-odycite\/index.php?rest_route=\/wp\/v2\/posts\/915\/revisions\/963"}],"wp:featuredmedia":[{"embeddable":true,"href":"https:\/\/www.lyceelecorbusier.eu\/dsaa-odycite\/index.php?rest_route=\/wp\/v2\/media\/921"}],"wp:attachment":[{"href":"https:\/\/www.lyceelecorbusier.eu\/dsaa-odycite\/index.php?rest_route=%2Fwp%2Fv2%2Fmedia&parent=915"}],"wp:term":[{"taxonomy":"category","embeddable":true,"href":"https:\/\/www.lyceelecorbusier.eu\/dsaa-odycite\/index.php?rest_route=%2Fwp%2Fv2%2Fcategories&post=915"},{"taxonomy":"post_tag","embeddable":true,"href":"https:\/\/www.lyceelecorbusier.eu\/dsaa-odycite\/index.php?rest_route=%2Fwp%2Fv2%2Ftags&post=915"}],"curies":[{"name":"wp","href":"https:\/\/api.w.org\/{rel}","templated":true}]}}