{"id":793,"date":"2014-10-03T11:30:18","date_gmt":"2014-10-03T10:30:18","guid":{"rendered":"http:\/\/www.lyceelecorbusier.eu\/dsaa-odycite\/?p=793"},"modified":"2016-02-07T16:52:25","modified_gmt":"2016-02-07T15:52:25","slug":"wacken-le-retour-indignez-vous","status":"publish","type":"post","link":"https:\/\/www.lyceelecorbusier.eu\/dsaa-odycite\/?p=793","title":{"rendered":"Wacken, le retour. Indignez-vous !"},"content":{"rendered":"<p><!--more--><\/p>\n<p>Nous voici arriv\u00e9s de pied ferme jeudi matin au portes du parc de l&#8217;Orangerie. Acc\u00e8s tr\u00e8s difficile \u00e0 cause de l&#8217;organisation du rallye automobile, le brouillard dense n&#8217;arrangeant rien. Le parc nous accueille alors\u00a0dans une ambiance brumeuse, de petites traces de vie nous indiquent qu&#8217;on \u00e9chappe de peu \u00e0 la ville fant\u00f4me.<\/p>\n<p>L&#8217;orangerie, plus grand parc de Strasbourg, contient :<br \/>\n&#8211; Le pavillon de Jos\u00e9phine, la femme de Napol\u00e9on.<br \/>\n&#8211; Un petit zoo.<br \/>\n&#8211; Un restaurant semi-gastronomique.<br \/>\n&#8211; Le jardin des essais.<br \/>\n&#8211; Le kiosque\u00a0&#8220;Livres en libert\u00e9&#8221;.<br \/>\n&#8211; Le bowling.<br \/>\n&#8211; Un espace fitness.<\/p>\n<p>Au kiosque nous avons rencontr\u00e9 Monique, une retrait\u00e9e habitant dans le quartier, avec qui nous avons longuement convers\u00e9. Elle nous a fait part de plusieurs remarques : son d\u00e9sint\u00e9r\u00eat du quartier europ\u00e9en, le manque de dynamisme et d&#8217;activit\u00e9s \u00e0 l&#8217;Orangerie, son approche m\u00e9fiante du num\u00e9rique mais \u00e9galement le manque d&#8217;enthousiasme et d&#8217;implication des jeunes dans\u00a0la politique.<\/p>\n<p>Suite \u00e0 cela, nous avons d\u00e9cid\u00e9 de nous concentrer sur l&#8217;action citoyenne. Nous voulons r\u00e9veiller les consciences sur ce qui se passe en face du palais des droits de l&#8217;Homme avec les indign\u00e9s. Nous allons donc cr\u00e9er un dispositif plac\u00e9 non seulement dans notre quartier, mais aussi partout dans la ville afin d&#8217;attirer l&#8217;attention de tous les citoyens sur ce qui se passe dans ce quartier excentr\u00e9.<\/p>\n<p>Notre projet est donc comme un lieu de soutien aux personnes en d\u00e9tresse juridique. Nous souhaitons que leur parole se fasse enfin r\u00e9ellement entendre et qu&#8217;une interaction se cr\u00e9e entre la soci\u00e9t\u00e9 et ces personnes indign\u00e9es.<\/p>\n<p>&nbsp;<\/p>\n","protected":false},"excerpt":{"rendered":"","protected":false},"author":1,"featured_media":348,"comment_status":"closed","ping_status":"closed","sticky":false,"template":"","format":"standard","meta":[],"categories":[1,8],"tags":[],"_links":{"self":[{"href":"https:\/\/www.lyceelecorbusier.eu\/dsaa-odycite\/index.php?rest_route=\/wp\/v2\/posts\/793"}],"collection":[{"href":"https:\/\/www.lyceelecorbusier.eu\/dsaa-odycite\/index.php?rest_route=\/wp\/v2\/posts"}],"about":[{"href":"https:\/\/www.lyceelecorbusier.eu\/dsaa-odycite\/index.php?rest_route=\/wp\/v2\/types\/post"}],"author":[{"embeddable":true,"href":"https:\/\/www.lyceelecorbusier.eu\/dsaa-odycite\/index.php?rest_route=\/wp\/v2\/users\/1"}],"replies":[{"embeddable":true,"href":"https:\/\/www.lyceelecorbusier.eu\/dsaa-odycite\/index.php?rest_route=%2Fwp%2Fv2%2Fcomments&post=793"}],"version-history":[{"count":7,"href":"https:\/\/www.lyceelecorbusier.eu\/dsaa-odycite\/index.php?rest_route=\/wp\/v2\/posts\/793\/revisions"}],"predecessor-version":[{"id":830,"href":"https:\/\/www.lyceelecorbusier.eu\/dsaa-odycite\/index.php?rest_route=\/wp\/v2\/posts\/793\/revisions\/830"}],"wp:featuredmedia":[{"embeddable":true,"href":"https:\/\/www.lyceelecorbusier.eu\/dsaa-odycite\/index.php?rest_route=\/wp\/v2\/media\/348"}],"wp:attachment":[{"href":"https:\/\/www.lyceelecorbusier.eu\/dsaa-odycite\/index.php?rest_route=%2Fwp%2Fv2%2Fmedia&parent=793"}],"wp:term":[{"taxonomy":"category","embeddable":true,"href":"https:\/\/www.lyceelecorbusier.eu\/dsaa-odycite\/index.php?rest_route=%2Fwp%2Fv2%2Fcategories&post=793"},{"taxonomy":"post_tag","embeddable":true,"href":"https:\/\/www.lyceelecorbusier.eu\/dsaa-odycite\/index.php?rest_route=%2Fwp%2Fv2%2Ftags&post=793"}],"curies":[{"name":"wp","href":"https:\/\/api.w.org\/{rel}","templated":true}]}}