{"id":739,"date":"2014-10-02T19:21:22","date_gmt":"2014-10-02T18:21:22","guid":{"rendered":"http:\/\/www.lyceelecorbusier.eu\/dsaa-odycite\/?p=739"},"modified":"2014-10-03T09:09:18","modified_gmt":"2014-10-03T08:09:18","slug":"gare-sncf-et-musee-dart-moderne-contemporain-2","status":"publish","type":"post","link":"https:\/\/www.lyceelecorbusier.eu\/dsaa-odycite\/?p=739","title":{"rendered":"L&#8217;arri\u00e8re-gare-lieu-de-tous-les-possibles"},"content":{"rendered":"<p><!--more--><\/p>\n<p>Au terme de trois semaines de recherche, de rencontre, de dialogues avec les habitants du quartier gare et de ses acteurs cl\u00e9s (La Semancerie et l&#8217;AHQG), nous avons pr\u00e9sent\u00e9 notre <strong>bilan mi-parcours<\/strong>.<\/p>\n<p>Il en ressort plusieurs probl\u00e9matiques, axes de cr\u00e9ation qui nous allons farfouiller, explorer. Nous avons not\u00e9 l&#8217;envie des habitants d&#8217;avoir le contr\u00f4le, ou tout du moins un r\u00f4le \u00e0 jouer, en ce qui concerne les d\u00e9cisions prisent pour leur quartier ; surtout sur le futur de\u00a0l&#8217;arri\u00e8re-gare-lieu-de-tous-les-possibles. Nous avons alors pour objectif dans cette premi\u00e8re piste de <strong>rendre la parole aux habitants<\/strong> en cr\u00e9ant de grandes zones d&#8217;\u00e9changes, de paroles par exemple. L&#8217;autre point fort qui s&#8217;est confirm\u00e9 au fil des discutions est <strong>LA Fronti\u00e8re <\/strong>qui\u00a0scinde\u00a0litt\u00e9ralement le quartier de la gare en deux. Nous allons nous employer \u00e0 trouver une solution pour reconnecter l&#8217;arri\u00e8re-gare-lieu-de-tous-les-possibles au reste du quartier, que les habitants reprennent le contr\u00f4le de cette partie et qu&#8217;<strong>ils soient acteurs de leur quartier<\/strong>.<\/p>\n","protected":false},"excerpt":{"rendered":"","protected":false},"author":1,"featured_media":740,"comment_status":"closed","ping_status":"closed","sticky":false,"template":"","format":"standard","meta":[],"categories":[1,14],"tags":[],"_links":{"self":[{"href":"https:\/\/www.lyceelecorbusier.eu\/dsaa-odycite\/index.php?rest_route=\/wp\/v2\/posts\/739"}],"collection":[{"href":"https:\/\/www.lyceelecorbusier.eu\/dsaa-odycite\/index.php?rest_route=\/wp\/v2\/posts"}],"about":[{"href":"https:\/\/www.lyceelecorbusier.eu\/dsaa-odycite\/index.php?rest_route=\/wp\/v2\/types\/post"}],"author":[{"embeddable":true,"href":"https:\/\/www.lyceelecorbusier.eu\/dsaa-odycite\/index.php?rest_route=\/wp\/v2\/users\/1"}],"replies":[{"embeddable":true,"href":"https:\/\/www.lyceelecorbusier.eu\/dsaa-odycite\/index.php?rest_route=%2Fwp%2Fv2%2Fcomments&post=739"}],"version-history":[{"count":2,"href":"https:\/\/www.lyceelecorbusier.eu\/dsaa-odycite\/index.php?rest_route=\/wp\/v2\/posts\/739\/revisions"}],"predecessor-version":[{"id":779,"href":"https:\/\/www.lyceelecorbusier.eu\/dsaa-odycite\/index.php?rest_route=\/wp\/v2\/posts\/739\/revisions\/779"}],"wp:featuredmedia":[{"embeddable":true,"href":"https:\/\/www.lyceelecorbusier.eu\/dsaa-odycite\/index.php?rest_route=\/wp\/v2\/media\/740"}],"wp:attachment":[{"href":"https:\/\/www.lyceelecorbusier.eu\/dsaa-odycite\/index.php?rest_route=%2Fwp%2Fv2%2Fmedia&parent=739"}],"wp:term":[{"taxonomy":"category","embeddable":true,"href":"https:\/\/www.lyceelecorbusier.eu\/dsaa-odycite\/index.php?rest_route=%2Fwp%2Fv2%2Fcategories&post=739"},{"taxonomy":"post_tag","embeddable":true,"href":"https:\/\/www.lyceelecorbusier.eu\/dsaa-odycite\/index.php?rest_route=%2Fwp%2Fv2%2Ftags&post=739"}],"curies":[{"name":"wp","href":"https:\/\/api.w.org\/{rel}","templated":true}]}}