{"id":657,"date":"2014-10-03T10:58:03","date_gmt":"2014-10-03T09:58:03","guid":{"rendered":"http:\/\/www.lyceelecorbusier.eu\/dsaa-odycite\/?p=657"},"modified":"2016-02-07T16:54:05","modified_gmt":"2016-02-07T15:54:05","slug":"wacken-brise-la-glace","status":"publish","type":"post","link":"https:\/\/www.lyceelecorbusier.eu\/dsaa-odycite\/?p=657","title":{"rendered":"Wacken brise la glace"},"content":{"rendered":"<p><!--more--><\/p>\n<p>Notre troisi\u00e8me visite dans le quartier Wacken fut dans l\u2019objectif d\u2019interroger, d\u2019aller au plus proche des usag\u00e9s, de leurs habitudes, de leurs regards, et avoir leurs v\u00e9ritables impressions sur le lieu qu\u2019ils c\u00f4toient jour apr\u00e8s jour.<\/p>\n<p>Afin d\u2019aborder plus facilement les usagers du quartier nous avons mis en place trois dispositifs\u00a0:<\/p>\n<ul>\n<li>Une carte d\u00e9terminant les flux et le profil des passants.<\/li>\n<li>Une roulette pour s\u00e9lectionner un th\u00e8me de questionnement.<\/li>\n<li>Les bulles qui permettent d\u2019exprimer leurs opinions sur le quartier et d\u2019empreinte.<\/li>\n<\/ul>\n<p>Nous avons interrog\u00e9 les gens dans trois endroits diff\u00e9rents\u00a0:<br \/>\n&#8211; Maison de la r\u00e9gion \u2013 travailleurs\/retrait\u00e9 expos,<br \/>\n&#8211; Parlement europ\u00e9en \u2013 touristes\u00a0\/ passant,<br \/>\n&#8211; Parc de l\u2019Orangerie \u2013 travailleurs pause dej\u2019\/touristes.<\/p>\n<p>Devant la Maison de la R\u00e9gion\u00a0:<br \/>\n&#8211; Nous sommes tomb\u00e9s majoritairement sur des salari\u00e9s qui travaillent \u00e0 la Maison de la R\u00e9gion, comme Rina un stagiaire aux ressources humaines. Nous avons \u00e9galement rencontr\u00e9 S\u00e9line, une habitante du quartier revenant du forum des m\u00e9tiers, et Guy ,un retrait\u00e9 qui sortait d\u2019une exposition temporaire organis\u00e9e dans ce lieu, et qui nous a appris beaucoup sur l\u2019histoire du quartier.<\/p>\n<p>Parlement Europ\u00e9en\u00a0:<\/p>\n<ul>\n<li>Devant le parlement Europ\u00e9en nous sommes tomb\u00e9 nez \u00e0 nez avec un groupe de trois jeunes personnes, Xavier, Andi et Ronja, qui passaient par hasard dans le quartier \u00e0 v\u00e9lo. Xavier nous a fait part de la froideur et de l\u2019inaccessibilit\u00e9 de ces lieux institutionnels\u00a0: \u00ab\u00a0ils ne sont pas assez ouverts au dialogue et \u00e0 l\u2019\u00e9change avec les citoyens (\u2026) je ne veux pas de cette Europe l\u00e0\u00a0\u00bb.<\/li>\n<li>Jos\u00e9 un technicien du parlement au contraire se d\u00e9sint\u00e9resse de cette politique\u00a0:\u00a0 \u00ab\u00a0 Rien \u00e0 faire ici ca m\u2019int\u00e9resse pas la politique\u00a0\u00bb (\u2026) \u00ab\u00a0chacun \u00e0 sa place point barre\u00a0\u00bb (\u2026) \u00ab\u00a0moi je viens ici pour me nourrir\u00a0. \u00bb<\/li>\n<\/ul>\n<p>Orangerie\u00a0:<br \/>\n&#8211; Nous avons rencontr\u00e9 Liliane, une employ\u00e9e du conseil de l\u2019Europe\u00a0: \u00ab \u00c0\u00a0l\u2019Orangerie je viens juste faire ma pause\u00a0(\u2026)\u00a0je pense pas qu\u2019ils aient \u00e0 se plaindre ceux qui habitent ici, moi j\u2019y vivrais si j\u2019avais les moyens\u00a0\u00bb.<\/p>\n<p>Ce qui confirme notre id\u00e9e d\u2019un quartier \u00e0 des prix immobiliers inabordables et qu\u2019une certaine distance se cr\u00e9e.<\/p>\n<p>Finalement les informations que nous avons recueillies s\u2019av\u00e9raient souvent en accord avec nos premi\u00e8res impressions.<\/p>\n<p>Nous allons donc chercher \u00e0 r\u00e9pondre \u00e0 des questionnements autour de\u00a0:<\/p>\n<ul>\n<li>Recueil d\u2019information par un dispositif de co-conception par exemple qui permettrait une meilleure lecture du quartier pour les usagers. (histoire du lieu,<\/li>\n<li>Communication gr\u00e2ce \u00e0 des panneaux tactiles sur lesquels les gens pourraient s\u2019exprimer librement.<\/li>\n<li>G\u00e9olocalisation pour mieux orienter les visiteurs et leurs donner de bonnes adresses.<\/li>\n<li>Divertissement localis\u00e9 au parc de l\u2019Orangerie pour cr\u00e9e un espace de d\u00e9tente pour les travailleurs.<\/li>\n<\/ul>\n<p>&nbsp;<\/p>\n","protected":false},"excerpt":{"rendered":"","protected":false},"author":1,"featured_media":358,"comment_status":"closed","ping_status":"closed","sticky":false,"template":"","format":"standard","meta":[],"categories":[1,8],"tags":[],"_links":{"self":[{"href":"https:\/\/www.lyceelecorbusier.eu\/dsaa-odycite\/index.php?rest_route=\/wp\/v2\/posts\/657"}],"collection":[{"href":"https:\/\/www.lyceelecorbusier.eu\/dsaa-odycite\/index.php?rest_route=\/wp\/v2\/posts"}],"about":[{"href":"https:\/\/www.lyceelecorbusier.eu\/dsaa-odycite\/index.php?rest_route=\/wp\/v2\/types\/post"}],"author":[{"embeddable":true,"href":"https:\/\/www.lyceelecorbusier.eu\/dsaa-odycite\/index.php?rest_route=\/wp\/v2\/users\/1"}],"replies":[{"embeddable":true,"href":"https:\/\/www.lyceelecorbusier.eu\/dsaa-odycite\/index.php?rest_route=%2Fwp%2Fv2%2Fcomments&post=657"}],"version-history":[{"count":3,"href":"https:\/\/www.lyceelecorbusier.eu\/dsaa-odycite\/index.php?rest_route=\/wp\/v2\/posts\/657\/revisions"}],"predecessor-version":[{"id":832,"href":"https:\/\/www.lyceelecorbusier.eu\/dsaa-odycite\/index.php?rest_route=\/wp\/v2\/posts\/657\/revisions\/832"}],"wp:featuredmedia":[{"embeddable":true,"href":"https:\/\/www.lyceelecorbusier.eu\/dsaa-odycite\/index.php?rest_route=\/wp\/v2\/media\/358"}],"wp:attachment":[{"href":"https:\/\/www.lyceelecorbusier.eu\/dsaa-odycite\/index.php?rest_route=%2Fwp%2Fv2%2Fmedia&parent=657"}],"wp:term":[{"taxonomy":"category","embeddable":true,"href":"https:\/\/www.lyceelecorbusier.eu\/dsaa-odycite\/index.php?rest_route=%2Fwp%2Fv2%2Fcategories&post=657"},{"taxonomy":"post_tag","embeddable":true,"href":"https:\/\/www.lyceelecorbusier.eu\/dsaa-odycite\/index.php?rest_route=%2Fwp%2Fv2%2Ftags&post=657"}],"curies":[{"name":"wp","href":"https:\/\/api.w.org\/{rel}","templated":true}]}}