{"id":569,"date":"2014-09-23T13:39:54","date_gmt":"2014-09-23T12:39:54","guid":{"rendered":"http:\/\/www.lyceelecorbusier.eu\/dsaa-odycite\/?p=569"},"modified":"2016-02-07T16:56:15","modified_gmt":"2016-02-07T15:56:15","slug":"quartier-accordeon-qui-vit-au-rythme-des-evenements","status":"publish","type":"post","link":"https:\/\/www.lyceelecorbusier.eu\/dsaa-odycite\/?p=569","title":{"rendered":"Un quartier accord\u00e9on qui vit au rythme des \u00e9v\u00e9nements"},"content":{"rendered":"<p>Au regard de la taille de notre quartier, nous sommes repartis \u00e0 l\u2019aventure au Wacken. Nous avions besoin d\u2019adopter un nouveau regard sur celui-ci et de s\u2019impr\u00e9gner de son rythme de vie.<\/p>\n<p>Sortis du tram, tout droit en direction de la foire europ\u00e9enne\u00a0: une foule de personnes de tout \u00e2ge, et de toute nationalit\u00e9 fourmillait autour de cet \u00e9v\u00e9nement. D\u00e8s notre entr\u00e9e, le stand Italie nous a donn\u00e9 l\u2019impression pendant une seconde que tous les italiens d\u2019Europe s\u2019\u00e9taient r\u00e9unis dans un m\u00eame lieu. M\u00eame impression pour les autres pays\u00a0: Alg\u00e9rie, Allemagne \u2026<\/p>\n<p>Pour arriver jusqu\u2019aux sites culturels, nous sommes pass\u00e9s par un chemin qui suit un cours d\u2019eau isol\u00e9 de ce tumulte urbain\u00a0: coin d\u2019isolement pour les jeunes comme pour les plus \u00e2g\u00e9s qu\u2019on a surnomm\u00e9 entre nous \u00ab\u00a0le chemin des hippies\u00a0\u00bb.<\/p>\n<p>Pour parvenir \u00e0 Arte, nous sommes arriv\u00e9s par un quartier r\u00e9sidentiel, o\u00f9 beaucoup de maisons se ressemblent, ne manque plus que Brie Van De Kamp qui nous attends au pas de sa porte\u00a0! (\u00c0 peine moins chic que le quartier d\u2019avant, donc plus abordable). Arriv\u00e9s dans le grand hall de la soci\u00e9t\u00e9 Arte, l\u2019agent de s\u00e9curit\u00e9 nous a vite arr\u00eat\u00e9 pour demander notre identit\u00e9 \u2014\u00a0bien que ce ne soit pas le quartier Europe, tout semble sous-surveillance. Malgr\u00e9 cette m\u00e9fiance, nous avons sympathis\u00e9 avec l\u2019agent, Sharaf, qui nous proposa une visite des lieux, malgr\u00e9 la ronde qu\u2019il devait effectuer. Et hop nous voici partis pour d\u00e9couvrir le back-stage d\u2019Arte ! On sillonne entre diff\u00e9rentes salles, allant de la salle d\u2019enregistrement, \u00e0 la salle de montage, \u00e0 la r\u00e9gie ainsi que sur les toits offrant une belle vue panoramique.<\/p>\n\n\t\t<!-- MasterSlider -->\n\t\t<div id=\"P_MS69f0f40615c67\" class=\"master-slider-parent msl ms-parent-id-20\" style=\"max-width:1000px;\">\n\n\t\t\t\n\t\t\t<!-- MasterSlider Main -->\n\t\t\t<div id=\"MS69f0f40615c67\" class=\"master-slider ms-skin-light-3\" >\n\t\t\t\t \t\t\t\t \n\t\t\t\t<div  class=\"ms-slide\" data-delay=\"2.5\" data-fill-mode=\"fill\"  >\n\t\t\t\t\t<img src=\"https:\/\/www.lyceelecorbusier.eu\/dsaa-odycite\/wp-content\/plugins\/master-slider\/public\/assets\/css\/blank.gif\" alt=\"\" title=\"\" data-src=\"https:\/\/www.lyceelecorbusier.eu\/dsaa-odycite\/wp-content\/uploads\/sites\/12\/2014\/09\/IMG_3952.jpg\" \/>\n\n\n\t<div class=\"ms-thumb\" ><div class=\"ms-tab-context\"><div class=&quot;ms-tab-context&quot;><\/div><\/div>\n<\/div>\n\t\t\t\t<\/div>\n\t\t\t\t<div  class=\"ms-slide\" data-delay=\"3\" data-fill-mode=\"fill\"  >\n\t\t\t\t\t<img src=\"https:\/\/www.lyceelecorbusier.eu\/dsaa-odycite\/wp-content\/plugins\/master-slider\/public\/assets\/css\/blank.gif\" alt=\"\" title=\"\" data-src=\"https:\/\/www.lyceelecorbusier.eu\/dsaa-odycite\/wp-content\/uploads\/sites\/12\/2014\/09\/IMG_3959.jpg\" \/>\n\n\n\t<div class=\"ms-thumb\" ><div class=\"ms-tab-context\"><div class=&quot;ms-tab-context&quot;><\/div><\/div>\n<\/div>\n\t\t\t\t<\/div>\n\t\t\t\t<div  class=\"ms-slide\" data-delay=\"3\" data-fill-mode=\"fill\"  >\n\t\t\t\t\t<img src=\"https:\/\/www.lyceelecorbusier.eu\/dsaa-odycite\/wp-content\/plugins\/master-slider\/public\/assets\/css\/blank.gif\" alt=\"\" title=\"\" data-src=\"https:\/\/www.lyceelecorbusier.eu\/dsaa-odycite\/wp-content\/uploads\/sites\/12\/2014\/09\/IMG_3989.jpg\" \/>\n\n\n\t<div class=\"ms-thumb\" ><div class=\"ms-tab-context\"><div class=&quot;ms-tab-context&quot;><\/div><\/div>\n<\/div>\n\t\t\t\t<\/div>\n\t\t\t\t<div  class=\"ms-slide\" data-delay=\"3\" data-fill-mode=\"fill\"  >\n\t\t\t\t\t<img src=\"https:\/\/www.lyceelecorbusier.eu\/dsaa-odycite\/wp-content\/plugins\/master-slider\/public\/assets\/css\/blank.gif\" alt=\"\" title=\"\" data-src=\"https:\/\/www.lyceelecorbusier.eu\/dsaa-odycite\/wp-content\/uploads\/sites\/12\/2014\/09\/IMG_3980.jpg\" \/>\n\n\n\t<div class=\"ms-thumb\" ><div class=\"ms-tab-context\"><div class=&quot;ms-tab-context&quot;><\/div><\/div>\n<\/div>\n\t\t\t\t<\/div>\n\t\t\t\t<div  class=\"ms-slide\" data-delay=\"3\" data-fill-mode=\"fill\"  >\n\t\t\t\t\t<img src=\"https:\/\/www.lyceelecorbusier.eu\/dsaa-odycite\/wp-content\/plugins\/master-slider\/public\/assets\/css\/blank.gif\" alt=\"\" title=\"\" data-src=\"https:\/\/www.lyceelecorbusier.eu\/dsaa-odycite\/wp-content\/uploads\/sites\/12\/2014\/09\/IMG_4011.jpg\" \/>\n\n\n\t<div class=\"ms-thumb\" ><div class=\"ms-tab-context\"><div class=&quot;ms-tab-context&quot;><\/div><\/div>\n<\/div>\n\t\t\t\t<\/div>\n\n\t\t\t<\/div>\n\t\t\t<!-- END MasterSlider Main -->\n\n\t\t\t \n\t\t<\/div>\n\t\t<!-- END MasterSlider -->\n\n\t\t<script>\n\t\t(function ( $ ) {\n\t\t\t\"use strict\";\n\n\t\t\t$(function () {\n\t\t\t\tvar masterslider_5c67 = new MasterSlider();\n\n\t\t\t\t\/\/ slider controls\n\t\t\t\tmasterslider_5c67.control('arrows'     ,{ autohide:false, overVideo:true  });\n\t\t\t\t\/\/ slider setup\n\t\t\t\tmasterslider_5c67.setup(\"MS69f0f40615c67\", {\n\t\t\t\t\t\twidth           : 1000,\n\t\t\t\t\t\theight          : 500,\n\t\t\t\t\t\tminHeight       : 0,\n\t\t\t\t\t\tspace           : 0,\n\t\t\t\t\t\tstart           : 1,\n\t\t\t\t\t\tgrabCursor      : true,\n\t\t\t\t\t\tswipe           : true,\n\t\t\t\t\t\tmouse           : true,\n\t\t\t\t\t\tlayout          : \"boxed\",\n\t\t\t\t\t\twheel           : false,\n\t\t\t\t\t\tautoplay        : true,\n\t\t\t\t\t\tinstantStartLayers:false,\n\t\t\t\t\t\tloop            : true,\n\t\t\t\t\t\tshuffle         : false,\n\t\t\t\t\t\tpreload         : 0,\n\t\t\t\t\t\theightLimit     : true,\n\t\t\t\t\t\tautoHeight      : true,\n\t\t\t\t\t\tsmoothHeight    : true,\n\t\t\t\t\t\tendPause        : false,\n\t\t\t\t\t\toverPause       : true,\n\t\t\t\t\t\tfillMode        : \"fill\",\n\t\t\t\t\t\tcenterControls  : true,\n\t\t\t\t\t\tstartOnAppear   : false,\n\t\t\t\t\t\tlayersMode      : \"center\",\n\t\t\t\t\t\thideLayers      : false,\n\t\t\t\t\t\tfullscreenMargin: 0,\n\t\t\t\t\t\tspeed           : 20,\n\t\t\t\t\t\tdir             : \"h\",\n\t\t\t\t\t\tparallaxMode    : 'swipe',\n\t\t\t\t\t\tview            : \"basic\"\n\t\t\t\t});\n\n\t\t\t\t\n\t\t\t\twindow.masterslider_instances = window.masterslider_instances || [];\n\t\t\t\twindow.masterslider_instances.push( masterslider_5c67 );\n\t\t\t });\n\n\t\t})(jQuery);\n\t\t<\/script>\n\n\n<p>Au final, cette zone de Strasbourg t\u00e9moigne donc d\u2019une grande importance au niveau des m\u00e9dias et de la t\u00e9l\u00e9communication (radio, TV\u2026), et apporte \u00e0 notre localit\u00e9 un lien et une ouverture vers le num\u00e9rique.<\/p>\n","protected":false},"excerpt":{"rendered":"<p>Au regard de la taille de notre quartier, nous sommes repartis \u00e0 l\u2019aventure au Wacken. Nous avions besoin d\u2019adopter un nouveau regard sur celui-ci et de s\u2019impr\u00e9gner de son rythme de vie. Sortis du tram, tout droit en&#8230; <a class=\"read-more\" href=\"https:\/\/www.lyceelecorbusier.eu\/dsaa-odycite\/?p=569\">Lire la suite&#8230;<\/a><\/p>\n","protected":false},"author":1,"featured_media":576,"comment_status":"closed","ping_status":"closed","sticky":false,"template":"","format":"standard","meta":[],"categories":[1,8],"tags":[],"_links":{"self":[{"href":"https:\/\/www.lyceelecorbusier.eu\/dsaa-odycite\/index.php?rest_route=\/wp\/v2\/posts\/569"}],"collection":[{"href":"https:\/\/www.lyceelecorbusier.eu\/dsaa-odycite\/index.php?rest_route=\/wp\/v2\/posts"}],"about":[{"href":"https:\/\/www.lyceelecorbusier.eu\/dsaa-odycite\/index.php?rest_route=\/wp\/v2\/types\/post"}],"author":[{"embeddable":true,"href":"https:\/\/www.lyceelecorbusier.eu\/dsaa-odycite\/index.php?rest_route=\/wp\/v2\/users\/1"}],"replies":[{"embeddable":true,"href":"https:\/\/www.lyceelecorbusier.eu\/dsaa-odycite\/index.php?rest_route=%2Fwp%2Fv2%2Fcomments&post=569"}],"version-history":[{"count":5,"href":"https:\/\/www.lyceelecorbusier.eu\/dsaa-odycite\/index.php?rest_route=\/wp\/v2\/posts\/569\/revisions"}],"predecessor-version":[{"id":788,"href":"https:\/\/www.lyceelecorbusier.eu\/dsaa-odycite\/index.php?rest_route=\/wp\/v2\/posts\/569\/revisions\/788"}],"wp:featuredmedia":[{"embeddable":true,"href":"https:\/\/www.lyceelecorbusier.eu\/dsaa-odycite\/index.php?rest_route=\/wp\/v2\/media\/576"}],"wp:attachment":[{"href":"https:\/\/www.lyceelecorbusier.eu\/dsaa-odycite\/index.php?rest_route=%2Fwp%2Fv2%2Fmedia&parent=569"}],"wp:term":[{"taxonomy":"category","embeddable":true,"href":"https:\/\/www.lyceelecorbusier.eu\/dsaa-odycite\/index.php?rest_route=%2Fwp%2Fv2%2Fcategories&post=569"},{"taxonomy":"post_tag","embeddable":true,"href":"https:\/\/www.lyceelecorbusier.eu\/dsaa-odycite\/index.php?rest_route=%2Fwp%2Fv2%2Ftags&post=569"}],"curies":[{"name":"wp","href":"https:\/\/api.w.org\/{rel}","templated":true}]}}