{"id":50,"date":"2014-09-12T16:23:39","date_gmt":"2014-09-12T15:23:39","guid":{"rendered":"http:\/\/www.lyceelecorbusier.eu\/dsaa-odycite\/?p=50"},"modified":"2014-10-10T10:34:05","modified_gmt":"2014-10-10T09:34:05","slug":"quartier-port-du-rhin","status":"publish","type":"post","link":"https:\/\/www.lyceelecorbusier.eu\/dsaa-odycite\/?p=50","title":{"rendered":"Port du Rhin"},"content":{"rendered":"<p><!--more--><br \/>\n\n\n\t\t<div class=\"organic-tabs\">\n\t\t\t<ul><li><a href=\"#tabs-1\">Phase 1 : observation de terrain<\/a><\/li>\n<li><a href=\"#tabs-2\">Phase 2 : orientations de travail<\/a><\/li>\n<li><a href=\"#tabs-3\">Phase 3 : Session Brisage de glace<\/a><\/li>\n<li><a href=\"#tabs-4\">Phase 4 : Intentions de projet<\/a><\/li>\n<li><a href=\"#tabs-5\">Phase 5: Jamais Schlass de Kehlstras !<\/a><\/li><\/ul>\n\t\t\t\n \n\t\t\t<div id=\"tabs-1\">\n\t\t\t\t<h3>Phase 1 : observation de terrain<\/h3>\n\t\t\t\t\nNouveaux habitants\u00a0de Strasbourg, (<em>Chlo\u00eb, Design Produits, lyonnaise. Alexandre, Design d&#8217;Espace, bordelais et \u00c9lise, Design Graphique, marseillaise<\/em>) nous sommes partis \u00e0 la d\u00e9couverte du quartier du Port du Rhin, Parc des deux Rives.<\/p>\n<p>Situ\u00e9 sur l&#8217;\u00eele aux \u00e9pis, \u00e0 l&#8217;Est de Strasbourg, ce quartier excentr\u00e9 sert de lien entre l&#8217;Allemagne et la France. Il est avant tout une zone en plein d\u00e9veloppement : habitations, \u00e9cole, p\u00f4le sant\u00e9, et transports en communs, s&#8217;organisent et se construisent. Une nouvelle ville est donc en train de na\u00eetre, <em>bilingue et pluriculturelle<\/em>.\u00a0En effet, en bord de Rhin, ce quartier est une interface entre les deux cultures. Le Rhin est l&#8217;\u00e9l\u00e9ment principal qui conf\u00e8re au lieu sa grande singularit\u00e9. Il d\u00e9limite les deux pays en tant que fronti\u00e8re naturelle et permet un important r\u00e9seau fluvial (tourisme et commerce).<\/p>\n<p>Mais il s&#8217;agit aussi d&#8217;un lieu tr\u00e8s <em>contrast\u00e9<\/em> entre le d\u00e9veloppement grandissant de l&#8217;urbanisme et l&#8217;abandon de b\u00e2timents industriels, t\u00e9moins d&#8217;un dynamisme pass\u00e9. Un autre grand contraste : la nature tr\u00e8s pr\u00e9sente au parc des deux Rives face au fort trafic routier du pont de l&#8217;Europe. Le parc des Deux Rives s&#8217;\u00e9tend sur les rives du Rhin, \u00e0 Strasbourg comme \u00e0 Kehl, ville allemande. Il a une forte fonction symbolique, signe de l&#8217;union des deux pays. On note cependant que le jardin n&#8217;est pas con\u00e7u ni organis\u00e9 de la m\u00eame mani\u00e8re du c\u00f4t\u00e9 fran\u00e7ais (jardin traditionnel) et c\u00f4t\u00e9 allemand (jardin \u00e0 l&#8217;anglaise). La passerelle des Deux Rives aussi appel\u00e9e &#8220;passerelle Mimram&#8221; (du nom de son concepteur) relie les deux parties du jardin. Exclusivement pour pi\u00e9tons et cyclistes, elle est compos\u00e9e de deux tabliers qui se rejoignent au centre et forment une place de d\u00e9tente offrant un beau point de vue sur le Rhin. Elle est l&#8217;\u00e9l\u00e9ment central du jardin et se veut un trait d&#8217;union moderne entre les deux peuples voisins.<br \/>\nIl y a donc plusieurs <em>\u00e9chelles<\/em>, plusieurs <em>vitesses<\/em> qui rendent ce lieu si particulier.<\/p>\n<p>Il s&#8217;agit \u00e0 nos yeux d&#8217;un <em>lieu de passage<\/em>, de <em>transition<\/em> entre France et Allemagne, pas encore consid\u00e9r\u00e9 par les allemands et strasbourgeois comme un lieu de vie.<\/p>\n<p><strong>Alors quelle serait la place du num\u00e9rique dans ce lieu en plein essor et de contrastes ?\u00a0<\/strong><\/p>\n<p><em>New city dwellers, we discovered a new neighbourhood in early september : the Port du Rhin.<br \/>\nA place between France and Germany that unifies the two countries, like a bridge between these two cultures.<br \/>\nLe Port du Rhin is developping : a new school, a new tramway and a lot of constructions are coming soon.<br \/>\nA formely industrial island with a lot of green places that reveal the big contrast of the neighborhood.<br \/>\nWe think it&#8217;s an interesting place where we can do a lot of fun work as designers and imagine real or utopian projects. We &#8216;ll see &#8230;<br \/>\nTo be continued.<\/em> \n\t\t\t<\/div>\n\n\t\t\t<div id=\"tabs-2\">\n\t\t\t\t<h3>Phase 2 : orientations de travail<\/h3>\n\t\t\t\t\nOn devine l&#8217;arriv\u00e9e d&#8217;une agglom\u00e9ration nouvelle : Kelhstras* arrive !<br \/>\nLieu de projections pour beaucoup d&#8217;architectes, urbanistes, politiques (\u2026), on peut se demander quels sont les \u00e9l\u00e9ments qui cr\u00e9ent aujourd&#8217;hui et cr\u00e9eront l&#8217;identit\u00e9 de Kehlstras de demain. Car &#8220;L&#8217;identit\u00e9 d&#8217;une ville se recherche pour se diff\u00e9rencier mais aussi pour se reconna\u00eetre&#8221; (Yvan Teypaz, chercheur).<br \/>\nAujourd&#8217;hui lieu fronti\u00e8re, de passage plus que lieu de vie, c&#8217;est un lieu poreux. Kelhstras a alors besoin d&#8217;un dispositif f\u00e9d\u00e9rateur, permettant aux habitants actuels et ceux \u00e0 venir de se rassembler, de s&#8217;unir, et de s&#8217;identifier comme kehlstrassiens. Un dispositif qui s&#8217;aide du num\u00e9rique pour am\u00e9liorer la lisibilit\u00e9 de la ville, la dynamiser, la faire vivre, la communiquer et lui donner un sens.<br \/>\nNous voil\u00e0 donc embarqu\u00e9s dans l&#8217;aventure du &#8220;city branding&#8221; ! Quel serait alors l&#8217;\u00e9quivalent kehlstrassien du &#8220;We tried hotdog but we preferred quenelle&#8221; lyonnais, &#8220;Keep calm and carry on&#8221; londonien, du &#8220;I AMsterdam&#8221; amstellodamois ?<br \/>\n&gt; Keep calm and be a kehlstrasser<br \/>\n&gt; Liebe Kouglof, liebe Knacks : liebe Kelstras<br \/>\n&gt; Hopl\u00e0\u00e0\u00e0 Kehlstras !<br \/>\n&gt; Viens donc schlucker \u00e0 Kehlstras<br \/>\n&gt; Vous ne serez jamais\u00a0schlass de\u00a0Kehlstras (que l&#8217;on affectionne tout particuli\u00e8rement).<\/p>\n<p>Axe 1 : Le num\u00e9rique comme outil de projections de lumi\u00e8res, d&#8217;images, de messages (\u00e9v\u00e9nements, d&#8217;informations, culture, \u2026) typiquement kehlstrassiens. Nous devons alors d\u00e9finir ces lieux de l&#8217;espace public propices aux projections.<br \/>\n&#8211; les b\u00e2timents d\u00e9saffect\u00e9s, l&#8217; \u00e9cole, &#8230; et les usagers du lieu nous \u00e9clairciront sur ce point.<\/p>\n<p>Axe 2 : Penser la ville comme un terrain de jeux ludiques proposant des parcours de visite pour la diffusion de la culture kehlstrassienne \u00e0 l&#8217;aide de bornes, de supports num\u00e9riques.<br \/>\nUne culture d\u00e9finie par :<br \/>\n&#8211; sa cuisine (le kouglof aux knacks, plat typiquement kehlstrassien)<br \/>\n&#8211; son bilinguisme<br \/>\n&#8211; son paysage<br \/>\n&#8211; ses \u00e9v\u00e9nements (festivals de musique h\u00e9berg\u00e9s \u00e0 la Coop, &#8230;)<br \/>\n&#8211; ses productions artisanales et industrielles<\/p>\n<p>Axe 3 : le num\u00e9rique pour g\u00e9rer et organiser les diff\u00e9rentes activit\u00e9s de la ville (pharmacies, \u00e9piceries, jardins partag\u00e9s, \u2026).<\/p>\n<p>* Au fait : pourquoi Kehlstras ?<br \/>\nParce que Straskehl c&#8217;\u00e9tait trop \u00e9vident; on chamboule ici le sens de lecture occidental, pour cette ville naissante en plein chamboulement.<br \/>\nEt aussi parce qu&#8217;on peut se demander &#8220;Quel Strasbourg&#8221; ? Est-ce vraiment encore la ville de Strasbourg ? Nous le pensons pas. C&#8217;est autant Strasbourg que Kehl finalement.<\/p>\n<p>La m\u00e9t\u00e9o a jou\u00e9 en notre d\u00e9faveur, nous n&#8217;avons pas encore pu interroger les habitants et passants du quartier.<br \/>\n<a href=\"http:\/\/www.lyceelecorbusier.eu\/dsaa-odycite\/wp-content\/uploads\/sites\/12\/2014\/09\/photo-1.jpg\"><img loading=\"lazy\" width=\"300\" height=\"225\" class=\"aligncenter size-medium wp-image-564\" src=\"http:\/\/www.lyceelecorbusier.eu\/dsaa-odycite\/wp-content\/uploads\/sites\/12\/2014\/09\/photo-1-300x225.jpg\" alt=\"photo-(1)\" srcset=\"https:\/\/www.lyceelecorbusier.eu\/dsaa-odycite\/wp-content\/uploads\/sites\/12\/2014\/09\/photo-1-300x225.jpg 300w, https:\/\/www.lyceelecorbusier.eu\/dsaa-odycite\/wp-content\/uploads\/sites\/12\/2014\/09\/photo-1-1024x768.jpg 1024w, https:\/\/www.lyceelecorbusier.eu\/dsaa-odycite\/wp-content\/uploads\/sites\/12\/2014\/09\/photo-1-960x720.jpg 960w, https:\/\/www.lyceelecorbusier.eu\/dsaa-odycite\/wp-content\/uploads\/sites\/12\/2014\/09\/photo-1.jpg 1600w\" sizes=\"(max-width: 300px) 100vw, 300px\" \/><\/a><\/p>\n<p>Nous leur demanderons qui ils sont, la raison \/ les raisons de leur pr\u00e9sence au port du Rhin, ce qui, selon eux, fait l&#8217;identit\u00e9 de ce quartier, ce qui la fera.<br \/>\nNos outils brise glace nous aiderons \u00e0 faciliter le contact avec ces usagers pour qui nous avons concoct\u00e9 les &#8220;Pass-Port du Rhin&#8221; !<br \/>\nNous les rencontrons ce soir : \u00e0 suivre !\n\t\t\t<\/div>\n\n\t\t\t<div id=\"tabs-3\">\n\t\t\t\t<h3>Phase 3 : Session Brisage de glace<\/h3>\n\t\t\t\t\n<p><a href=\"http:\/\/www.lyceelecorbusier.eu\/dsaa-odycite\/wp-content\/uploads\/sites\/12\/2014\/09\/IMG_20140920_145119.jpg\"><img loading=\"lazy\" width=\"236\" height=\"300\" class=\"aligncenter size-medium wp-image-694\" src=\"http:\/\/www.lyceelecorbusier.eu\/dsaa-odycite\/wp-content\/uploads\/sites\/12\/2014\/09\/IMG_20140920_145119-236x300.jpg\" alt=\"IMG_20140920_145119\" srcset=\"https:\/\/www.lyceelecorbusier.eu\/dsaa-odycite\/wp-content\/uploads\/sites\/12\/2014\/09\/IMG_20140920_145119-236x300.jpg 236w, https:\/\/www.lyceelecorbusier.eu\/dsaa-odycite\/wp-content\/uploads\/sites\/12\/2014\/09\/IMG_20140920_145119-806x1024.jpg 806w, https:\/\/www.lyceelecorbusier.eu\/dsaa-odycite\/wp-content\/uploads\/sites\/12\/2014\/09\/IMG_20140920_145119-756x960.jpg 756w, https:\/\/www.lyceelecorbusier.eu\/dsaa-odycite\/wp-content\/uploads\/sites\/12\/2014\/09\/IMG_20140920_145119.jpg 851w\" sizes=\"(max-width: 236px) 100vw, 236px\" \/><\/a><\/p>\n<p>Enfin !!! Le temps n&#8217;est plus capricieux. Ce qui nous a permis de nous rendre sur le terrain deux fois. Nous avons donc pu utiliser et voir le potentiel de nos outils brise glace. Brise glace ? Non ils ne servent pas \u00e0 piler des gla\u00e7ons pour pr\u00e9parer les fameux mojitos kehlstrassiens mais bien \u00e0 aller \u00e0 la rencontre des usagers du lieu sans trop leur faire peur et qu&#8217;ils ne pensent pas que l&#8217;on essaie de leur vendre des tapis \u00e0 m\u00e9moire de formes en pelage de serpent albinos. Il s&#8217;agit plut\u00f4t de tampons r\u00e9alis\u00e9s en bois (tourn\u00e9 et medium stratifi\u00e9) avec de l&#8217;encre. Les passants ont donc pu s&#8217;arr\u00eater et cr\u00e9er leur propre Pass-port de Kelstras en tamponnant les diff\u00e9rentes cases avec les outils correspondants (homme, femme, allemand, fran\u00e7ais, r\u00e9sident, passant&#8230;.). Ils ont ainsi pu nous parler et prendre part dans la naissance d&#8217;un projet de design.<\/p>\n<p>Le premier lieu d&#8217;intervention \u00e9tait la Place de l&#8217;hippodrome, au centre du quartier historique des deux rives. Les personnes, plut\u00f4t surprises par notre pr\u00e9sence et nos outils ont mis le temps pour venir. On a donc pu rencontrer plusieurs riverains qui nous ont donn\u00e9 des avis compl\u00e8tement diff\u00e9rents&#8230; Merci! Certains trouvent le quartier vraiment excentr\u00e9 de la ville europ\u00e9enne Strasbourg, \u00e9loign\u00e9 de tout, mis \u00e0 l&#8217;\u00e9cart et certains habitants nous ont confi\u00e9 se sentir exclus. Malgr\u00e9 les commerces et services de proximit\u00e9 (une \u00e9picerie, un restaurant, une pharmacie et une MJC), il y a peu d&#8217;infrastructures permettant de vraiment jouir de ce quartier. Les jeunes du quartier s&#8217;y ennuient, tournent en rond dans un quartier en transition. Quant \u00e0 d&#8217;autres, ils s&#8217;y sentent bien et n&#8217;ont aucune raison de le quitter. &#8220;Le quartier est calme, tout le monde se connait&#8221; nous dit Naoual. Par contre, tous s&#8217;accordent \u00e0 dire que la proximit\u00e9 avec l&#8217;Allemagne est un avantage. Les habitants pr\u00e9f\u00e8rent aller faire leurs courses \u00e0 pied \u00e0 Kehl (moins cher) et profiter du parc allemand et des aires de jeux pour enfants, selon eux mieux pens\u00e9s pour les usagers.<\/p>\n<p>La deuxi\u00e8me fois nous sommes all\u00e9s au Jardin des deux rives en semaine \u00e0 17h o\u00f9 nous avons pu d\u00e9couvrir un tout autre visage du quartier. Un espace plus structur\u00e9, peut \u00eatre m\u00eame trop pour certains (les habitants du quartier nous ont m\u00eame dit que, depuis sa r\u00e9novation, ils n&#8217;y vont plus vraiment : trop de monde, ce jardin ne leur appartient plus). En pleine canicule strasbourgeoise (20&#8217;C) nous avons donc travers\u00e9s le parc pour nous rendre a la fameuse passerelle Mimram, symbole de l union germano-kelhstrassien. Mais, pas de chance la passerelle \u00e9tait en partie ferm\u00e9e pour travaux. Tant pis, on s&#8217;est donc install\u00e9s au pied de cette derni\u00e8re pour pr\u00e9parer notre atelier : installation des tampons sur un banc et marquage au sol \u00e0 la craie pour d\u00e9limiter notre intervention. Beaucoup plus de passage que dans notre premier lieu, toutes les personnes rencontr\u00e9es ne sont pas de kelhstas. Les strasbourgeois viennent s y balader et s y d&#8217;\u00e9tendre. D&#8217;autres se sont plaints de l&#8217;ombrage inexistant. Les usagers du parc ont particip\u00e9 davantage que ceux de la place de l hippodrome. Ce qu&#8217;il faut donc retenir de ce lieu c est qu&#8217;il est appr\u00e9ci\u00e9 pour son calme, sa grandeur et ses espaces verts.\n\t\t\t<\/div>\n\n\t\t\t<div id=\"tabs-4\">\n\t\t\t\t<h3>Phase 4 : Intentions de projet<\/h3>\n\t\t\t\t\nDevant l&#8217;immensit\u00e9 de notre terrain et apr\u00e8s nos investigations et \u00e9changes avec les usagers du quartier, nous avons d\u00e9cid\u00e9 de nous concentrer sur un lieu bien pr\u00e9cis :<br \/>\nLa place de l&#8217;Hippodrome<\/p>\n<p>R\u00e9cemment refaite, elle est situ\u00e9e devant l&#8217;\u00e9cole du Rhin, devant le quartier ouvrier et elle longe la large nationale (qui elle s\u00e9pare l&#8217;\u00eele en 2).<br \/>\nPourquoi ce lieu ?<br \/>\nCar il est g\u00e9ographiquement en plein centre de l&#8217;\u00eele, et peut donc rassembler potentiellement les usagers du parc des Deux Rives et les habitants du quartier ouvrier. Et surtout parce qu&#8217;elle est \u00e0 nos yeux une zone poreuse, de passage, une interface entre les deux pays, et que le plan d&#8217;urbanisme l&#8217;a rendu certes plus moderne (fontaines, jeux pour enfants, pharmacie neuve, bancs &#8220;design&#8221;, parcelles de jardins &#8220;sauvages&#8221; \u2026) mais aussi tr\u00e8s curieuse. Elle est grande et vide. Les fontaines giclent mal, le jeu pour enfant est excentr\u00e9, les parcelles de vert semblent avoir \u00e9t\u00e9 abandonn\u00e9es par les paysagistes et accueillent d\u00e9chets en tout genre, les bancs sont vides, des \u00eelots de 3 poteaux d&#8217;\u00e9clairage public sont mal implant\u00e9s sur la place. Elle cr\u00e9e en fait un boulevard pi\u00e9ton pour relier le quartier ouvrier \u00e0 la nationale. Un peu glauque donc.<\/p>\n<p>Il nous semble ainsi important de redynamiser cet espace, d&#8217;en faire LA place publique de l&#8217;\u00eele, voire m\u00eame l&#8217;embl\u00e8me de Kehlstras, l\u00e0 o\u00f9 l&#8217;on se rencontre, \u00e9change, et vit. Un lieu d&#8217;\u00e9v\u00e8nements mais aussi d&#8217;exp\u00e9riences.<br \/>\nDans cet espace, le num\u00e9rique est aujourd&#8217;hui utilis\u00e9 \u00e0 travers l&#8217;utilisation des t\u00e9l\u00e9phones portables, pour \u00e9couter de la musique sur le seul banc au nord de la place, o\u00f9 pour t\u00e9l\u00e9phoner (cf Corinne, nounou qui, tout en surveillant les enfants qui jouent sur l&#8217;unique balan\u00e7oire, t\u00e9l\u00e9phone \u00e0 ses amis en Guyane). Finalement, le num\u00e9rique isole les habitants quand il pourrait \u00eatre le moyen pour rassembler, informer, g\u00e9rer, faire jouer un quartier et cr\u00e9er du lien social, m\u00eame temporairement. Et c&#8217;est cela que nous voulons faire.<br \/>\nLe num\u00e9rique sera donc notre outil, notre medium pour parvenir \u00e0 ces fins. \n\t\t\t<\/div>\n\n\t\t\t<div id=\"tabs-5\">\n\t\t\t\t<h3>Phase 5: Jamais Schlass de Kehlstras !<\/h3>\n\t\t\t\t\nNous proposons un dispositif venant se greffer sur les 3 poteaux d&#8217;\u00e9clairage, qui sont aujourd&#8217;hui surtout une pollution visuelle et une g\u00eane physique aux yeux des usagers du quartier.<br \/>\n3 tables tactiles circulaires viendront alors cercler ces poteaux pour les transformer en supports interactifs, informatifs et participatifs.<br \/>\nEn effet, chacune des tables proposera aux habitants, passagers, curieux,\u2026 de venir dessiner sur des photos des paysages et des particularit\u00e9s de Kehlstras mais aussi sur des photos qu&#8217;ils pourront prendre eux-m\u00eames grace aux appareils photo qui y sont int\u00e9gr\u00e9s.<br \/>\nIls seront une galerie photos, aussi visibles sur le site www.kehlstrass.eu<br \/>\nCela permettra \u00e0 tous de venir marquer son empreinte num\u00e9rique mais aussi de se projeter sur ce territoire et de se rassembler en vivant une exp\u00e9rience nouvelle.<br \/>\nPourquoi le dessin ?<br \/>\nCar il est un langage compr\u00e9hensible par tous, dans ce lieu d&#8217;interfaces culturelles. Ainsi, les allemands, alg\u00e9riens, fran\u00e7ais, \u2026 pourront se comprendre et communiquer \u00e0 travers ce medium.<br \/>\nAussi, ces 3 poteaux seront li\u00e9s entre eux par des panneaux d&#8217;affichage en hauteur. Ceux-ci permettront de diffuser de l&#8217;information sur le quartier (\u00e9v\u00e8nements \u00e0 venir, expos en mairie, activit\u00e9s de l&#8217;\u00e9cole, m\u00e9t\u00e9o, \u2026). Ces panneaux seront visibles de loin, seront alors un signal, un rep\u00e8re de rassemblement.<\/p>\n<p>Ce dispositif permettra donc \u00e0 Kehlstrass d&#8217;affirmer son identit\u00e9, de dynamiser le quartier et de rassembler les gens qui y habitent, qui y passent. \n\t\t\t<\/div>\n\t\t<\/div>\n\n\n\t\t<!-- MasterSlider -->\n\t\t<div id=\"P_MS69f0f3fc2048d\" class=\"master-slider-parent msl ms-parent-id-19\" style=\"max-width:1000px;\">\n\n\t\t\t\n\t\t\t<!-- MasterSlider Main -->\n\t\t\t<div id=\"MS69f0f3fc2048d\" class=\"master-slider ms-skin-light-3\" >\n\t\t\t\t \t\t\t\t \n\t\t\t\t<div  class=\"ms-slide\" data-delay=\"3\" data-fill-mode=\"fill\"  >\n\t\t\t\t\t<img src=\"https:\/\/www.lyceelecorbusier.eu\/dsaa-odycite\/wp-content\/plugins\/master-slider\/public\/assets\/css\/blank.gif\" alt=\"\" title=\"\" data-src=\"https:\/\/www.lyceelecorbusier.eu\/dsaa-odycite\/wp-content\/uploads\/sites\/12\/2014\/09\/IMG_2770-retouche1.jpg\" \/>\n\n\n\t<div class=\"ms-thumb\" ><div class=\"ms-tab-context\"><div class=&quot;ms-tab-context&quot;><\/div><\/div>\n<\/div>\n\t\t\t\t<\/div>\n\t\t\t\t<div  class=\"ms-slide\" data-delay=\"3\" data-fill-mode=\"fill\"  >\n\t\t\t\t\t<img src=\"https:\/\/www.lyceelecorbusier.eu\/dsaa-odycite\/wp-content\/plugins\/master-slider\/public\/assets\/css\/blank.gif\" alt=\"\" title=\"\" data-src=\"https:\/\/www.lyceelecorbusier.eu\/dsaa-odycite\/wp-content\/uploads\/sites\/12\/2014\/09\/photo-diapo-1.jpg\" \/>\n\n\n\t<div class=\"ms-thumb\" ><div class=\"ms-tab-context\"><div class=&quot;ms-tab-context&quot;><\/div><\/div>\n<\/div>\n\t\t\t\t<\/div>\n\t\t\t\t<div  class=\"ms-slide\" data-delay=\"3\" data-fill-mode=\"fill\"  >\n\t\t\t\t\t<img src=\"https:\/\/www.lyceelecorbusier.eu\/dsaa-odycite\/wp-content\/plugins\/master-slider\/public\/assets\/css\/blank.gif\" alt=\"\" title=\"\" data-src=\"https:\/\/www.lyceelecorbusier.eu\/dsaa-odycite\/wp-content\/uploads\/sites\/12\/2014\/09\/photo-diapo-2.jpg\" \/>\n\n\n\t<div class=\"ms-thumb\" ><div class=\"ms-tab-context\"><div class=&quot;ms-tab-context&quot;><\/div><\/div>\n<\/div>\n\t\t\t\t<\/div>\n\t\t\t\t<div  class=\"ms-slide\" data-delay=\"3\" data-fill-mode=\"fill\"  >\n\t\t\t\t\t<img src=\"https:\/\/www.lyceelecorbusier.eu\/dsaa-odycite\/wp-content\/plugins\/master-slider\/public\/assets\/css\/blank.gif\" alt=\"\" title=\"\" data-src=\"https:\/\/www.lyceelecorbusier.eu\/dsaa-odycite\/wp-content\/uploads\/sites\/12\/2014\/10\/IMG_6548.jpg\" \/>\n\n\n\t<div class=\"ms-thumb\" ><div class=\"ms-tab-context\"><div class=&quot;ms-tab-context&quot;><\/div><\/div>\n<\/div>\n\t\t\t\t<\/div>\n\t\t\t\t<div  class=\"ms-slide\" data-delay=\"3\" data-fill-mode=\"fill\"  >\n\t\t\t\t\t<img src=\"https:\/\/www.lyceelecorbusier.eu\/dsaa-odycite\/wp-content\/plugins\/master-slider\/public\/assets\/css\/blank.gif\" alt=\"\" title=\"\" data-src=\"https:\/\/www.lyceelecorbusier.eu\/dsaa-odycite\/wp-content\/uploads\/sites\/12\/2014\/10\/IMG_6551.jpg\" \/>\n\n\n\t<div class=\"ms-thumb\" ><div class=\"ms-tab-context\"><div class=&quot;ms-tab-context&quot;><\/div><\/div>\n<\/div>\n\t\t\t\t<\/div>\n\t\t\t\t<div  class=\"ms-slide\" data-delay=\"3\" data-fill-mode=\"fill\"  >\n\t\t\t\t\t<img src=\"https:\/\/www.lyceelecorbusier.eu\/dsaa-odycite\/wp-content\/plugins\/master-slider\/public\/assets\/css\/blank.gif\" alt=\"\" title=\"\" data-src=\"https:\/\/www.lyceelecorbusier.eu\/dsaa-odycite\/wp-content\/uploads\/sites\/12\/2014\/10\/IMG_6549.jpg\" \/>\n\n\n\t<div class=\"ms-thumb\" ><div class=\"ms-tab-context\"><div class=&quot;ms-tab-context&quot;><\/div><\/div>\n<\/div>\n\t\t\t\t<\/div>\n\t\t\t\t<div  class=\"ms-slide\" data-delay=\"3\" data-fill-mode=\"fill\"  >\n\t\t\t\t\t<img src=\"https:\/\/www.lyceelecorbusier.eu\/dsaa-odycite\/wp-content\/plugins\/master-slider\/public\/assets\/css\/blank.gif\" alt=\"\" title=\"\" data-src=\"https:\/\/www.lyceelecorbusier.eu\/dsaa-odycite\/wp-content\/uploads\/sites\/12\/2014\/10\/IMG_6553.jpg\" \/>\n\n\n\t<div class=\"ms-thumb\" ><div class=\"ms-tab-context\"><div class=&quot;ms-tab-context&quot;><\/div><\/div>\n<\/div>\n\t\t\t\t<\/div>\n\t\t\t\t<div  class=\"ms-slide\" data-delay=\"3\" data-fill-mode=\"fill\"  >\n\t\t\t\t\t<img src=\"https:\/\/www.lyceelecorbusier.eu\/dsaa-odycite\/wp-content\/plugins\/master-slider\/public\/assets\/css\/blank.gif\" alt=\"\" title=\"\" data-src=\"https:\/\/www.lyceelecorbusier.eu\/dsaa-odycite\/wp-content\/uploads\/sites\/12\/2014\/10\/IMG_6558.jpg\" \/>\n\n\n\t<div class=\"ms-thumb\" ><div class=\"ms-tab-context\"><div class=&quot;ms-tab-context&quot;><\/div><\/div>\n<\/div>\n\t\t\t\t<\/div>\n\t\t\t\t<div  class=\"ms-slide\" data-delay=\"3\" data-fill-mode=\"fill\"  >\n\t\t\t\t\t<img src=\"https:\/\/www.lyceelecorbusier.eu\/dsaa-odycite\/wp-content\/plugins\/master-slider\/public\/assets\/css\/blank.gif\" alt=\"\" title=\"\" data-src=\"https:\/\/www.lyceelecorbusier.eu\/dsaa-odycite\/wp-content\/uploads\/sites\/12\/2014\/10\/P9250113.jpg\" \/>\n\n\n\t<div class=\"ms-thumb\" ><div class=\"ms-tab-context\"><div class=&quot;ms-tab-context&quot;><\/div><\/div>\n<\/div>\n\t\t\t\t<\/div>\n\t\t\t\t<div  class=\"ms-slide\" data-delay=\"3\" data-fill-mode=\"fill\"  >\n\t\t\t\t\t<img src=\"https:\/\/www.lyceelecorbusier.eu\/dsaa-odycite\/wp-content\/plugins\/master-slider\/public\/assets\/css\/blank.gif\" alt=\"\" title=\"\" data-src=\"https:\/\/www.lyceelecorbusier.eu\/dsaa-odycite\/wp-content\/uploads\/sites\/12\/2014\/10\/P9250088.jpg\" \/>\n\n\n\t<div class=\"ms-thumb\" ><div class=\"ms-tab-context\"><div class=&quot;ms-tab-context&quot;><\/div><\/div>\n<\/div>\n\t\t\t\t<\/div>\n\t\t\t\t<div  class=\"ms-slide\" data-delay=\"3\" data-fill-mode=\"fill\"  >\n\t\t\t\t\t<img src=\"https:\/\/www.lyceelecorbusier.eu\/dsaa-odycite\/wp-content\/plugins\/master-slider\/public\/assets\/css\/blank.gif\" alt=\"\" title=\"\" data-src=\"https:\/\/www.lyceelecorbusier.eu\/dsaa-odycite\/wp-content\/uploads\/sites\/12\/2014\/10\/20141003_104633.jpg\" \/>\n\n\n\t<div class=\"ms-thumb\" ><div class=\"ms-tab-context\"><div class=&quot;ms-tab-context&quot;><\/div><\/div>\n<\/div>\n\t\t\t\t<\/div>\n\t\t\t\t<div  class=\"ms-slide\" data-delay=\"3\" data-fill-mode=\"fill\"  >\n\t\t\t\t\t<img src=\"https:\/\/www.lyceelecorbusier.eu\/dsaa-odycite\/wp-content\/plugins\/master-slider\/public\/assets\/css\/blank.gif\" alt=\"\" title=\"\" data-src=\"https:\/\/www.lyceelecorbusier.eu\/dsaa-odycite\/wp-content\/uploads\/sites\/12\/2014\/10\/20141003_105511.jpg\" \/>\n\n\n\t<div class=\"ms-thumb\" ><div class=\"ms-tab-context\"><div class=&quot;ms-tab-context&quot;><\/div><\/div>\n<\/div>\n\t\t\t\t<\/div>\n\t\t\t\t<div  class=\"ms-slide\" data-delay=\"3\" data-fill-mode=\"fill\"  >\n\t\t\t\t\t<img src=\"https:\/\/www.lyceelecorbusier.eu\/dsaa-odycite\/wp-content\/plugins\/master-slider\/public\/assets\/css\/blank.gif\" alt=\"\" title=\"\" data-src=\"https:\/\/www.lyceelecorbusier.eu\/dsaa-odycite\/wp-content\/uploads\/sites\/12\/2014\/10\/croquis.jpg\" \/>\n\n\n\t<div class=\"ms-thumb\" ><div class=\"ms-tab-context\"><div class=&quot;ms-tab-context&quot;><\/div><\/div>\n<\/div>\n\t\t\t\t<\/div>\n\t\t\t\t<div  class=\"ms-slide\" data-delay=\"3\" data-fill-mode=\"fill\"  >\n\t\t\t\t\t<img src=\"https:\/\/www.lyceelecorbusier.eu\/dsaa-odycite\/wp-content\/plugins\/master-slider\/public\/assets\/css\/blank.gif\" alt=\"\" title=\"\" data-src=\"https:\/\/www.lyceelecorbusier.eu\/dsaa-odycite\/wp-content\/uploads\/sites\/12\/2014\/10\/Sans-titre-1.jpg\" \/>\n\n\n\t<div class=\"ms-thumb\" ><div class=\"ms-tab-context\"><div class=&quot;ms-tab-context&quot;><\/div><\/div>\n<\/div>\n\t\t\t\t<\/div>\n\n\t\t\t<\/div>\n\t\t\t<!-- END MasterSlider Main -->\n\n\t\t\t \n\t\t<\/div>\n\t\t<!-- END MasterSlider -->\n\n\t\t<script>\n\t\t(function ( $ ) {\n\t\t\t\"use strict\";\n\n\t\t\t$(function () {\n\t\t\t\tvar masterslider_048d = new MasterSlider();\n\n\t\t\t\t\/\/ slider controls\n\t\t\t\tmasterslider_048d.control('arrows'     ,{ autohide:false, overVideo:true  });\n\t\t\t\t\/\/ slider setup\n\t\t\t\tmasterslider_048d.setup(\"MS69f0f3fc2048d\", {\n\t\t\t\t\t\twidth           : 1000,\n\t\t\t\t\t\theight          : 500,\n\t\t\t\t\t\tminHeight       : 0,\n\t\t\t\t\t\tspace           : 0,\n\t\t\t\t\t\tstart           : 1,\n\t\t\t\t\t\tgrabCursor      : true,\n\t\t\t\t\t\tswipe           : true,\n\t\t\t\t\t\tmouse           : true,\n\t\t\t\t\t\tlayout          : \"boxed\",\n\t\t\t\t\t\twheel           : false,\n\t\t\t\t\t\tautoplay        : true,\n\t\t\t\t\t\tinstantStartLayers:false,\n\t\t\t\t\t\tloop            : true,\n\t\t\t\t\t\tshuffle         : false,\n\t\t\t\t\t\tpreload         : 0,\n\t\t\t\t\t\theightLimit     : true,\n\t\t\t\t\t\tautoHeight      : true,\n\t\t\t\t\t\tsmoothHeight    : true,\n\t\t\t\t\t\tendPause        : false,\n\t\t\t\t\t\toverPause       : true,\n\t\t\t\t\t\tfillMode        : \"fill\",\n\t\t\t\t\t\tcenterControls  : true,\n\t\t\t\t\t\tstartOnAppear   : false,\n\t\t\t\t\t\tlayersMode      : \"center\",\n\t\t\t\t\t\thideLayers      : false,\n\t\t\t\t\t\tfullscreenMargin: 0,\n\t\t\t\t\t\tspeed           : 20,\n\t\t\t\t\t\tdir             : \"h\",\n\t\t\t\t\t\tparallaxMode    : 'swipe',\n\t\t\t\t\t\tview            : \"basic\"\n\t\t\t\t});\n\n\t\t\t\t\n\t\t\t\twindow.masterslider_instances = window.masterslider_instances || [];\n\t\t\t\twindow.masterslider_instances.push( masterslider_048d );\n\t\t\t });\n\n\t\t})(jQuery);\n\t\t<\/script>\n\n\n","protected":false},"excerpt":{"rendered":"","protected":false},"author":1,"featured_media":549,"comment_status":"closed","ping_status":"closed","sticky":false,"template":"","format":"standard","meta":[],"categories":[5,13,1],"tags":[],"_links":{"self":[{"href":"https:\/\/www.lyceelecorbusier.eu\/dsaa-odycite\/index.php?rest_route=\/wp\/v2\/posts\/50"}],"collection":[{"href":"https:\/\/www.lyceelecorbusier.eu\/dsaa-odycite\/index.php?rest_route=\/wp\/v2\/posts"}],"about":[{"href":"https:\/\/www.lyceelecorbusier.eu\/dsaa-odycite\/index.php?rest_route=\/wp\/v2\/types\/post"}],"author":[{"embeddable":true,"href":"https:\/\/www.lyceelecorbusier.eu\/dsaa-odycite\/index.php?rest_route=\/wp\/v2\/users\/1"}],"replies":[{"embeddable":true,"href":"https:\/\/www.lyceelecorbusier.eu\/dsaa-odycite\/index.php?rest_route=%2Fwp%2Fv2%2Fcomments&post=50"}],"version-history":[{"count":32,"href":"https:\/\/www.lyceelecorbusier.eu\/dsaa-odycite\/index.php?rest_route=\/wp\/v2\/posts\/50\/revisions"}],"predecessor-version":[{"id":860,"href":"https:\/\/www.lyceelecorbusier.eu\/dsaa-odycite\/index.php?rest_route=\/wp\/v2\/posts\/50\/revisions\/860"}],"wp:featuredmedia":[{"embeddable":true,"href":"https:\/\/www.lyceelecorbusier.eu\/dsaa-odycite\/index.php?rest_route=\/wp\/v2\/media\/549"}],"wp:attachment":[{"href":"https:\/\/www.lyceelecorbusier.eu\/dsaa-odycite\/index.php?rest_route=%2Fwp%2Fv2%2Fmedia&parent=50"}],"wp:term":[{"taxonomy":"category","embeddable":true,"href":"https:\/\/www.lyceelecorbusier.eu\/dsaa-odycite\/index.php?rest_route=%2Fwp%2Fv2%2Fcategories&post=50"},{"taxonomy":"post_tag","embeddable":true,"href":"https:\/\/www.lyceelecorbusier.eu\/dsaa-odycite\/index.php?rest_route=%2Fwp%2Fv2%2Ftags&post=50"}],"curies":[{"name":"wp","href":"https:\/\/api.w.org\/{rel}","templated":true}]}}