{"id":449,"date":"2014-09-16T16:23:49","date_gmt":"2014-09-16T15:23:49","guid":{"rendered":"http:\/\/www.lyceelecorbusier.eu\/dsaa-odycite\/?p=449"},"modified":"2014-10-03T09:21:47","modified_gmt":"2014-10-03T08:21:47","slug":"gare-sncf-et-musee-dart-moderne-contemporain","status":"publish","type":"post","link":"https:\/\/www.lyceelecorbusier.eu\/dsaa-odycite\/?p=449","title":{"rendered":"Rencontre avec la Semencerie"},"content":{"rendered":"<p><!--more--><\/p>\n<p>mardi 16 septembre, rencontre avec <a title=\"Site de la SemenceRIE\" href=\"http:\/\/www.lasemencerie.org\/dotclear\/index.php\" target=\"_blank\"><strong>la<\/strong> <strong>Semencerie<\/strong><\/a><br \/>\nr\u00e9sidence d&#8217;artistes<\/p>\n<p><strong>Le point de vue des artistes rencontr\u00e9s :\u00a0<\/strong><br \/>\n<em>Le quartier de la gare est tr\u00e8s actif culturellement ; le Molodo\u00ef, la Laiterie, la Friche Laiterie avec le th\u00e9\u00e2tre Hall des Chars, le TAPS (th\u00e9\u00e2tre actuel et public de Strasbourg), l&#8217;imprimerie artisanale Papier gachette, les ateliers du Bastion,&#8230; Le Cem\u00e9a est \u00e9galement un lieu tr\u00e8s actif au sein du quartier.<br \/>\n<\/em><em>Mais, nous nous sentons et nous revendiquons comme \u00e9tant tr\u00e8s \u00e9loign\u00e9 du fonctionnement institutionnel du MAMCS. Les ateliers du Bastion sont \u00e9galement attribu\u00e9s par la ville ; ils sont plus ferm\u00e9s. Nous sommes une structure priv\u00e9e, avec de petits moyens. Ici les loyers ne sont pas chers, mais nous n&#8217;avons pas du chauffage l&#8217;hiver.<\/em><\/p>\n<p><strong>Quel type de public s&#8217;int\u00e9resse \u00e0 cet endroit ?<\/strong><br \/>\n<em>La Semancerie est avant tout un lieu de travail pour les artistes en r\u00e9sidence ; quelques \u00e9v\u00e9nements sont organis\u00e9s pour donner l&#8217;occasion au public de d\u00e9couvrir les ateliers, comme l&#8217;expo de No\u00ebl ou les ateliers Selbst Gemacht&#8230; Cette structure est tr\u00e8s populaire pour les artistes du coin ; ce sont les gens curieux qui se d\u00e9placent jusque ici, habitants du quartier ou non.<\/em><br \/>\n<em> En terme de m\u00e9diation, nous l&#8217;estimons suffisante. La structure est connue dans la r\u00e9gion, mais nous ne voulons pas \u00e9touffer sous les demandes de r\u00e9sidence ; nous serions d\u00e9pass\u00e9, la gestion de la structure nous \u00e9chapperait.<\/em><\/p>\n<p><strong>Entretenez-vous un lien avec les autres p\u00f4les du quartier gare ?<\/strong><br \/>\n<em>Avec le temps, nous avons d\u00e9velopp\u00e9 un r\u00e9seau, informel, entre artistes.<\/em><br \/>\n<em> De fa\u00e7on ind\u00e9pendante, nous somme appel\u00e9s par la ville ou par des soci\u00e9t\u00e9s priv\u00e9es pour certains projets. Mais la structure en elle-m\u00eame ne collabore ni avec la ville, ni avec le MAMCS.<\/em><\/p>\n<p><strong>Que pensez-vous de l&#8217;arri\u00e8re gare ?<\/strong><br \/>\n<em>C&#8217;est vrai que l\u2019arri\u00e8re gare est totalement d\u00e9laiss\u00e9e, elle n&#8217;int\u00e9resse pas les \u00e9lus, on y met les rebus de la soci\u00e9t\u00e9. Avec la cr\u00e9ation du d\u00f4me de la gare, on a voulu repousser les limites du centre et limiter la pr\u00e9sence des squatteurs et des drogu\u00e9s.<\/em><br \/>\n<em> Pourtant, cet endroit poss\u00e8de un fort patrimoine culturel, avec les fortifications Vauban ; mais qui est totalement d\u00e9laiss\u00e9.<\/em><br \/>\n<em> \u00ab Personnellement, j&#8217;aime quand il n&#8217;y a rien \u00bb. Les espaces verts sont agr\u00e9ables, m\u00eame s&#8217;ils ne sont pas bien entretenus ; dans le sens o\u00f9 je voudrais \u00e9viter de revivre l&#8217;am\u00e9nagement bien rang\u00e9 du nouveau quartier du Heyritz.<\/em><\/p>\n<p>&#8212;&#8212;&#8212;-<\/p>\n<p>Annexe<br \/>\nLe Molodo\u00ef, structure autog\u00e9r\u00e9e.<br \/>\nLes acteurs prennent eux-m\u00eame en compte la gestion des lieux. Cette salle d&#8217;expression fonctionne sur le principe du volontariat et du b\u00e9n\u00e9volat, se d\u00e9tachant d&#8217;un syst\u00e8me hi\u00e9rarchis\u00e9.<br \/>\nLa dimension participative et collaborative est donc une valeur qui para\u00eet fondamentale\u00a0au quartier.<\/p>\n","protected":false},"excerpt":{"rendered":"","protected":false},"author":1,"featured_media":480,"comment_status":"closed","ping_status":"closed","sticky":false,"template":"","format":"standard","meta":[],"categories":[14],"tags":[],"_links":{"self":[{"href":"https:\/\/www.lyceelecorbusier.eu\/dsaa-odycite\/index.php?rest_route=\/wp\/v2\/posts\/449"}],"collection":[{"href":"https:\/\/www.lyceelecorbusier.eu\/dsaa-odycite\/index.php?rest_route=\/wp\/v2\/posts"}],"about":[{"href":"https:\/\/www.lyceelecorbusier.eu\/dsaa-odycite\/index.php?rest_route=\/wp\/v2\/types\/post"}],"author":[{"embeddable":true,"href":"https:\/\/www.lyceelecorbusier.eu\/dsaa-odycite\/index.php?rest_route=\/wp\/v2\/users\/1"}],"replies":[{"embeddable":true,"href":"https:\/\/www.lyceelecorbusier.eu\/dsaa-odycite\/index.php?rest_route=%2Fwp%2Fv2%2Fcomments&post=449"}],"version-history":[{"count":8,"href":"https:\/\/www.lyceelecorbusier.eu\/dsaa-odycite\/index.php?rest_route=\/wp\/v2\/posts\/449\/revisions"}],"predecessor-version":[{"id":790,"href":"https:\/\/www.lyceelecorbusier.eu\/dsaa-odycite\/index.php?rest_route=\/wp\/v2\/posts\/449\/revisions\/790"}],"wp:featuredmedia":[{"embeddable":true,"href":"https:\/\/www.lyceelecorbusier.eu\/dsaa-odycite\/index.php?rest_route=\/wp\/v2\/media\/480"}],"wp:attachment":[{"href":"https:\/\/www.lyceelecorbusier.eu\/dsaa-odycite\/index.php?rest_route=%2Fwp%2Fv2%2Fmedia&parent=449"}],"wp:term":[{"taxonomy":"category","embeddable":true,"href":"https:\/\/www.lyceelecorbusier.eu\/dsaa-odycite\/index.php?rest_route=%2Fwp%2Fv2%2Fcategories&post=449"},{"taxonomy":"post_tag","embeddable":true,"href":"https:\/\/www.lyceelecorbusier.eu\/dsaa-odycite\/index.php?rest_route=%2Fwp%2Fv2%2Ftags&post=449"}],"curies":[{"name":"wp","href":"https:\/\/api.w.org\/{rel}","templated":true}]}}