{"id":41,"date":"2014-09-12T16:06:44","date_gmt":"2014-09-12T15:06:44","guid":{"rendered":"http:\/\/www.lyceelecorbusier.eu\/dsaa-odycite\/?p=41"},"modified":"2014-10-03T10:46:16","modified_gmt":"2014-10-03T09:46:16","slug":"quartier-wacken-et-orangerie","status":"publish","type":"post","link":"https:\/\/www.lyceelecorbusier.eu\/dsaa-odycite\/?p=41","title":{"rendered":"Wacken et Orangerie"},"content":{"rendered":"<p><!--more--><\/p>\n<p>Notre quartier se situe au nord-est de la ville de Strasbourg, il est tr\u00e8s h\u00e9t\u00e9roclite et donc peut se diviser en trois espaces d&#8217;activit\u00e9s diff\u00e9rents.<\/p>\n<p><img loading=\"lazy\" class=\"wp-image-48 size-full aligncenter\" src=\"http:\/\/www.lyceelecorbusier.eu\/dsaa-odycite\/wp-content\/uploads\/sites\/12\/2014\/09\/Carte-Wacken.jpg\" alt=\"Carte Wacken\" width=\"539\" height=\"569\" srcset=\"https:\/\/www.lyceelecorbusier.eu\/dsaa-odycite\/wp-content\/uploads\/sites\/12\/2014\/09\/Carte-Wacken.jpg 539w, https:\/\/www.lyceelecorbusier.eu\/dsaa-odycite\/wp-content\/uploads\/sites\/12\/2014\/09\/Carte-Wacken-284x300.jpg 284w\" sizes=\"(max-width: 539px) 100vw, 539px\" \/><\/p>\n<p><em><strong>LE QUARTIER CULTUREL ET SPORTIF DE WACKEN OUEST<\/strong><\/em><br \/>\n&#8211; Le parc des expositions, la maison de la r\u00e9gion Alsace, le palais de la musique et des congr\u00e8s, ainsi que la maison de la radio et de la t\u00e9l\u00e9vision avec le si\u00e8ge d&#8217;Arte et de France 3. Un espace est d\u00e9di\u00e9 au sport et \u00e0 la jeunesse avec le stade de l&#8217;Ill et le centre europ\u00e9en de la jeunesse.<\/p>\n<p><a href=\"http:\/\/www.lyceelecorbusier.eu\/dsaa-odycite\/wp-content\/uploads\/sites\/12\/2014\/09\/wacken.jpg\"><img loading=\"lazy\" class=\"aligncenter wp-image-358 size-large\" src=\"http:\/\/www.lyceelecorbusier.eu\/dsaa-odycite\/wp-content\/uploads\/sites\/12\/2014\/09\/wacken-1024x678.jpg\" alt=\"wacken\" width=\"640\" height=\"423\" srcset=\"https:\/\/www.lyceelecorbusier.eu\/dsaa-odycite\/wp-content\/uploads\/sites\/12\/2014\/09\/wacken-1024x678.jpg 1024w, https:\/\/www.lyceelecorbusier.eu\/dsaa-odycite\/wp-content\/uploads\/sites\/12\/2014\/09\/wacken-300x198.jpg 300w, https:\/\/www.lyceelecorbusier.eu\/dsaa-odycite\/wp-content\/uploads\/sites\/12\/2014\/09\/wacken-1800x1192.jpg 1800w, https:\/\/www.lyceelecorbusier.eu\/dsaa-odycite\/wp-content\/uploads\/sites\/12\/2014\/09\/wacken-960x635.jpg 960w\" sizes=\"(max-width: 640px) 100vw, 640px\" \/><\/a>Arriv\u00e9s sur place, tout d&#8217;abord du c\u00f4t\u00e9 ouest devant la maison de la r\u00e9gion, nous avons constat\u00e9 une forte circulation, des manifestations agit\u00e9es et une grande activit\u00e9 li\u00e9e \u00e0 la foire europ\u00e9enne.<br \/>\nPas de support num\u00e9rique tr\u00e8s apparent, mis \u00e0 part les bornes du tram CTS. \u00c0 cet endroit, la maison de la r\u00e9gion a mis en place un prototype d&#8217;inter-modalit\u00e9 entre le v\u00e9lo et le tram. Prototype sur lequel nous pourrons s\u00fbrement travailler par la suite. Cet espace semble donc tr\u00e8s rythm\u00e9 au niveau du paysage et de la vie urbaine.<\/p>\n<p><em><strong>LES INSTITUTIONS EUROP\u00c9ENNES<\/strong> <\/em><br \/>\n&#8211; Le parlement europ\u00e9en, le conseil de l&#8217;Europe, la pharmacop\u00e9e et le palais des droits de l&#8217;Homme.<\/p>\n<p><a href=\"http:\/\/www.lyceelecorbusier.eu\/dsaa-odycite\/wp-content\/uploads\/sites\/12\/2014\/09\/europe.jpg\"><img loading=\"lazy\" class=\"aligncenter wp-image-357 size-large\" src=\"http:\/\/www.lyceelecorbusier.eu\/dsaa-odycite\/wp-content\/uploads\/sites\/12\/2014\/09\/europe-1024x678.jpg\" alt=\"europe\" width=\"640\" height=\"423\" srcset=\"https:\/\/www.lyceelecorbusier.eu\/dsaa-odycite\/wp-content\/uploads\/sites\/12\/2014\/09\/europe-1024x678.jpg 1024w, https:\/\/www.lyceelecorbusier.eu\/dsaa-odycite\/wp-content\/uploads\/sites\/12\/2014\/09\/europe-300x198.jpg 300w, https:\/\/www.lyceelecorbusier.eu\/dsaa-odycite\/wp-content\/uploads\/sites\/12\/2014\/09\/europe-1800x1192.jpg 1800w, https:\/\/www.lyceelecorbusier.eu\/dsaa-odycite\/wp-content\/uploads\/sites\/12\/2014\/09\/europe-960x635.jpg 960w\" sizes=\"(max-width: 640px) 100vw, 640px\" \/><\/a>Par la suite nous avons repris le tram et continu\u00e9 la visite vers les institutions europ\u00e9ennes. Il y a un net changement d&#8217;atmosph\u00e8re, beaucoup plus solennel et s\u00e9rieux. L&#8217;architecture, \u00e0 l&#8217;image de ce ressenti, est tr\u00e8s imposante et mets rapidement une distance entre les usagers et les institutions. Chaque b\u00e2timent semble avoir un syst\u00e8me de s\u00e9curit\u00e9 important. Ce lieu a un r\u00f4le primordial pour la ville de Strasbourg et a son importance quant \u00e0 l&#8217;accueil des dirigeants europ\u00e9ens. Une fois arriv\u00e9s devant les palais des droits de l&#8217;Homme, nous avons \u00e9t\u00e9 surpris et choqu\u00e9s de la pr\u00e9sence de tentes au pied de ces grandes institutions. Beaucoup de messages laiss\u00e9s par les indign\u00e9s sont attach\u00e9s au pont. Il semble que cette communication qui ne demande qu&#8217;a \u00eatre entendue est finalement laiss\u00e9e \u00e0 l&#8217;abandon, face au symbole de la Justice. Cet espace est donc un lieu de passage, pour les touristes et pour les habitants. Il n&#8217;y a pas d&#8217;espace d\u00e9di\u00e9 \u00e0 la rencontre, et les instituons restent difficilement accessibles.<\/p>\n<p><em><strong>LE PARC DE L&#8217;ORANGERIE<\/strong> <\/em><br \/>\n&#8211; Parcs et jardins, avec zoo, restaurants, et monuments historiques appartenant au patrimoine culturel.<\/p>\n<p><img loading=\"lazy\" class=\"aligncenter wp-image-348 size-large\" src=\"http:\/\/www.lyceelecorbusier.eu\/dsaa-odycite\/wp-content\/uploads\/sites\/12\/2014\/09\/orangerie-1024x768.jpg\" alt=\"orangerie\" width=\"640\" height=\"480\" srcset=\"https:\/\/www.lyceelecorbusier.eu\/dsaa-odycite\/wp-content\/uploads\/sites\/12\/2014\/09\/orangerie-1024x768.jpg 1024w, https:\/\/www.lyceelecorbusier.eu\/dsaa-odycite\/wp-content\/uploads\/sites\/12\/2014\/09\/orangerie-300x225.jpg 300w, https:\/\/www.lyceelecorbusier.eu\/dsaa-odycite\/wp-content\/uploads\/sites\/12\/2014\/09\/orangerie-1600x1200.jpg 1600w, https:\/\/www.lyceelecorbusier.eu\/dsaa-odycite\/wp-content\/uploads\/sites\/12\/2014\/09\/orangerie-960x720.jpg 960w\" sizes=\"(max-width: 640px) 100vw, 640px\" \/>Pour finir, nous nous sommes pr\u00e9sent\u00e9s devant l&#8217;Orangerie, plus grand et plus ancien parc strasbourgeois, ou nous avons crois\u00e9 encore une fois un indign\u00e9 distribuant des tracts pour d\u00e9fendre sa cause. Un stand se tenait devant l&#8217;entr\u00e9e avec des messages politiques. Une fois rentr\u00e9s dans le parc, nous avons pu constat\u00e9 l&#8217;atmosph\u00e8re beaucoup plus apaisante, comme coup\u00e9 du monde ext\u00e9rieur. Le jardin est assez exotique et color\u00e9 avec le pavillon de plaisance de l&#8217;imp\u00e9ratrice Jos\u00e9phine, des aires de jeux, un zoo, un restaurant et un bowling. Ce milieu est donc plus ouvert au grand public : familles, jeunes, personnes \u00e2g\u00e9es, joggers \u2026<\/p>\n<p>En d\u00e9finitive, notre quartier porte de forts contrastes entre :<br \/>\n&#8211; les espaces verts et le paysage urbain,<br \/>\n&#8211; les revendications des indign\u00e9s et la structure rigide des institutions,<br \/>\n&#8211; le rythme intense du parc des expositions, du quartier europ\u00e9en et des parcs et jardins.<\/p>\n<p>Notre objectif va donc s\u00fbrement se concentrer sur la cr\u00e9ation d&#8217;un espace d\u00e9di\u00e9 \u00e0 l&#8217;\u00e9change, \u00e0 la communication en aidant \u00e0 une meilleure transparence des informations.<\/p>\n<p><em>Est-ce qu&#8217;un dispositif de communication aliment\u00e9 par et pour les utilisateurs serait une solution pour relier ces diff\u00e9rents paysages urbains et leurs usagers ?<\/em><\/p>\n<p>&nbsp;<\/p>\n<p>&nbsp;<\/p>\n<p>&nbsp;<\/p>\n<p>&nbsp;<\/p>\n<p>&nbsp;<\/p>\n<p>&nbsp;<\/p>\n","protected":false},"excerpt":{"rendered":"","protected":false},"author":1,"featured_media":311,"comment_status":"closed","ping_status":"closed","sticky":false,"template":"","format":"standard","meta":[],"categories":[5,1,8],"tags":[],"_links":{"self":[{"href":"https:\/\/www.lyceelecorbusier.eu\/dsaa-odycite\/index.php?rest_route=\/wp\/v2\/posts\/41"}],"collection":[{"href":"https:\/\/www.lyceelecorbusier.eu\/dsaa-odycite\/index.php?rest_route=\/wp\/v2\/posts"}],"about":[{"href":"https:\/\/www.lyceelecorbusier.eu\/dsaa-odycite\/index.php?rest_route=\/wp\/v2\/types\/post"}],"author":[{"embeddable":true,"href":"https:\/\/www.lyceelecorbusier.eu\/dsaa-odycite\/index.php?rest_route=\/wp\/v2\/users\/1"}],"replies":[{"embeddable":true,"href":"https:\/\/www.lyceelecorbusier.eu\/dsaa-odycite\/index.php?rest_route=%2Fwp%2Fv2%2Fcomments&post=41"}],"version-history":[{"count":18,"href":"https:\/\/www.lyceelecorbusier.eu\/dsaa-odycite\/index.php?rest_route=\/wp\/v2\/posts\/41\/revisions"}],"predecessor-version":[{"id":792,"href":"https:\/\/www.lyceelecorbusier.eu\/dsaa-odycite\/index.php?rest_route=\/wp\/v2\/posts\/41\/revisions\/792"}],"wp:featuredmedia":[{"embeddable":true,"href":"https:\/\/www.lyceelecorbusier.eu\/dsaa-odycite\/index.php?rest_route=\/wp\/v2\/media\/311"}],"wp:attachment":[{"href":"https:\/\/www.lyceelecorbusier.eu\/dsaa-odycite\/index.php?rest_route=%2Fwp%2Fv2%2Fmedia&parent=41"}],"wp:term":[{"taxonomy":"category","embeddable":true,"href":"https:\/\/www.lyceelecorbusier.eu\/dsaa-odycite\/index.php?rest_route=%2Fwp%2Fv2%2Fcategories&post=41"},{"taxonomy":"post_tag","embeddable":true,"href":"https:\/\/www.lyceelecorbusier.eu\/dsaa-odycite\/index.php?rest_route=%2Fwp%2Fv2%2Ftags&post=41"}],"curies":[{"name":"wp","href":"https:\/\/api.w.org\/{rel}","templated":true}]}}