{"id":58,"date":"2017-12-14T19:17:39","date_gmt":"2017-12-14T18:17:39","guid":{"rendered":"http:\/\/www.lyceelecorbusier.eu\/dnmade\/?p=58"},"modified":"2025-03-24T11:55:12","modified_gmt":"2025-03-24T10:55:12","slug":"accueil","status":"publish","type":"post","link":"https:\/\/www.lyceelecorbusier.eu\/dnmade\/?p=58","title":{"rendered":"accueil"},"content":{"rendered":"<h1 style=\"text-align: center;\">4 DN_MAD<span class=\"bdc\">e<\/span><a href=\"http:\/\/designetartsappliques.fr\/\" target=\"_blank\" rel=\"noopener noreferrer\">*<\/a> au lyc\u00e9e Le corbusier<\/h1>\n<h3 style=\"text-align: center;\"><a href=\"https:\/\/designetmetiersdart.fr\/dn-made\/\" target=\"_blank\" rel=\"noopener\">*Dipl\u00f4me National des M\u00e9tiers d&#8217;Art &amp; du Design<\/a><\/h3>\n<h2 style=\"background-color: #000; text-align: center;\">Candidature DNMADE Objet<\/h2>\n<h6 style=\"background-color: #000; text-align: center;\">Le DNMADE mention OBJET du lyc\u00e9e Le Corbusier est orient\u00e9<strong> &#8220;DESIGN&#8221;<\/strong> et ne rel\u00e8ve pas du secteur des m\u00e9tiers d&#8217;art.<br \/>\nIl est attendu des candidats de produire uniquement le CV et le dossier personnel.<br \/>\nPour le questionnaire sp\u00e9cifique et exclusif aux M\u00e9tiers d&#8217;Arts, <strong>il doit \u00eatre soumis<\/strong>, mais inutile de la compl\u00e9ter, une page blanche suffit.<\/h6>\n","protected":false},"excerpt":{"rendered":"<p>4 DN_MADe* au lyc\u00e9e Le corbusier *Dipl\u00f4me National des M\u00e9tiers d&#8217;Art &amp; du Design Candidature DNMADE Objet Le DNMADE mention OBJET du lyc\u00e9e Le Corbusier est orient\u00e9 &#8220;DESIGN&#8221; et ne rel\u00e8ve pas du secteur des m\u00e9tiers d&#8217;art. Il&#8230; <a class=\"read-more\" href=\"https:\/\/www.lyceelecorbusier.eu\/dnmade\/?p=58\">Lire la suite&#8230;<\/a><\/p>\n","protected":false},"author":1,"featured_media":86,"comment_status":"closed","ping_status":"closed","sticky":false,"template":"","format":"quote","meta":[],"categories":[2],"tags":[],"_links":{"self":[{"href":"https:\/\/www.lyceelecorbusier.eu\/dnmade\/index.php?rest_route=\/wp\/v2\/posts\/58"}],"collection":[{"href":"https:\/\/www.lyceelecorbusier.eu\/dnmade\/index.php?rest_route=\/wp\/v2\/posts"}],"about":[{"href":"https:\/\/www.lyceelecorbusier.eu\/dnmade\/index.php?rest_route=\/wp\/v2\/types\/post"}],"author":[{"embeddable":true,"href":"https:\/\/www.lyceelecorbusier.eu\/dnmade\/index.php?rest_route=\/wp\/v2\/users\/1"}],"replies":[{"embeddable":true,"href":"https:\/\/www.lyceelecorbusier.eu\/dnmade\/index.php?rest_route=%2Fwp%2Fv2%2Fcomments&post=58"}],"version-history":[{"count":44,"href":"https:\/\/www.lyceelecorbusier.eu\/dnmade\/index.php?rest_route=\/wp\/v2\/posts\/58\/revisions"}],"predecessor-version":[{"id":702,"href":"https:\/\/www.lyceelecorbusier.eu\/dnmade\/index.php?rest_route=\/wp\/v2\/posts\/58\/revisions\/702"}],"wp:featuredmedia":[{"embeddable":true,"href":"https:\/\/www.lyceelecorbusier.eu\/dnmade\/index.php?rest_route=\/wp\/v2\/media\/86"}],"wp:attachment":[{"href":"https:\/\/www.lyceelecorbusier.eu\/dnmade\/index.php?rest_route=%2Fwp%2Fv2%2Fmedia&parent=58"}],"wp:term":[{"taxonomy":"category","embeddable":true,"href":"https:\/\/www.lyceelecorbusier.eu\/dnmade\/index.php?rest_route=%2Fwp%2Fv2%2Fcategories&post=58"},{"taxonomy":"post_tag","embeddable":true,"href":"https:\/\/www.lyceelecorbusier.eu\/dnmade\/index.php?rest_route=%2Fwp%2Fv2%2Ftags&post=58"}],"curies":[{"name":"wp","href":"https:\/\/api.w.org\/{rel}","templated":true}]}}