{"id":9756,"date":"2023-02-02T12:01:25","date_gmt":"2023-02-02T11:01:25","guid":{"rendered":"https:\/\/www.lyceelecorbusier.eu\/dnmade-is\/?p=9756"},"modified":"2023-02-07T18:10:27","modified_gmt":"2023-02-07T17:10:27","slug":"les-petites-natures-en-foret","status":"publish","type":"post","link":"https:\/\/www.lyceelecorbusier.eu\/dnmade-is\/?p=9756","title":{"rendered":"Les petites natures &#8211; En for\u00eat"},"content":{"rendered":"<p><span id=\"m_1098062679263609570gmail-p10\"><span id=\"m_1098062679263609570gmail-p14\"><!--more--><img loading=\"lazy\" class=\"alignleft wp-image-9894 \" src=\"https:\/\/www.lyceelecorbusier.eu\/dnmade-is\/wp-content\/uploads\/sites\/44\/2023\/02\/photo-foret.jpg\" alt=\"\" width=\"425\" height=\"567\" srcset=\"https:\/\/www.lyceelecorbusier.eu\/dnmade-is\/wp-content\/uploads\/sites\/44\/2023\/02\/photo-foret.jpg 585w, https:\/\/www.lyceelecorbusier.eu\/dnmade-is\/wp-content\/uploads\/sites\/44\/2023\/02\/photo-foret-225x300.jpg 225w\" sizes=\"(max-width: 425px) 100vw, 425px\" \/><\/span><\/span><\/p>\n<p><span id=\"m_1098062679263609570gmail-p10\">Il nous a \u00e9t\u00e9 demand\u00e9 de r\u00e9aliser une exposition afin de mettre en valeur des \u00e9l\u00e9ments de la for\u00eat\u00a0;<\/span><span id=\"m_1098062679263609570gmail-p11\">nous avons choisi de valoriser la fragilit\u00e9 et la vuln\u00e9rabilit\u00e9 de l\u2019\u00e9quilibre de son \u00e9cosyst\u00e8me.<\/span><span id=\"m_1098062679263609570gmail-p16\"> Cette vuln\u00e9rabilit\u00e9 est repr\u00e9sent\u00e9e par tous ces petits \u00e9l\u00e9ments, \u00ab\u00a0les petites natures\u00a0\u00bb, qui semblent sans d\u00e9fense mise \u00e0 l\u2019\u00e9cart du reste.<\/span><span id=\"m_1098062679263609570gmail-p13\"> La fragilit\u00e9 est symbolis\u00e9e par ces \u00e9l\u00e9ments qui par un geste peuvent se briser, \u00ab\u00a0les craquantes\u00a0\u00bb.<\/span><span id=\"m_1098062679263609570gmail-p14\"> Enfin, l\u2019\u00e9quilibre est retranscrit par des mobiles de branches fragiles, \u00ab\u00a0les petites touffues\u00a0\u00bb, et d\u2019autres branches dont le centre de gravit\u00e9, donc l\u2019\u00e9quilibre, est primordiale.<br \/>\n<\/span><\/p>\n<p><span id=\"m_1098062679263609570gmail-p14\">\u00a0<\/span><\/p>\n<p>&nbsp;<\/p>\n<p><img loading=\"lazy\" class=\"wp-image-9897 alignleft\" src=\"https:\/\/www.lyceelecorbusier.eu\/dnmade-is\/wp-content\/uploads\/sites\/44\/2023\/02\/photo-frt-.jpg\" alt=\"\" width=\"469\" height=\"265\" srcset=\"https:\/\/www.lyceelecorbusier.eu\/dnmade-is\/wp-content\/uploads\/sites\/44\/2023\/02\/photo-frt-.jpg 780w, https:\/\/www.lyceelecorbusier.eu\/dnmade-is\/wp-content\/uploads\/sites\/44\/2023\/02\/photo-frt--300x169.jpg 300w, https:\/\/www.lyceelecorbusier.eu\/dnmade-is\/wp-content\/uploads\/sites\/44\/2023\/02\/photo-frt--768x433.jpg 768w\" sizes=\"(max-width: 469px) 100vw, 469px\" \/><img loading=\"lazy\" class=\"wp-image-9765 alignnone\" src=\"https:\/\/www.lyceelecorbusier.eu\/dnmade-is\/wp-content\/uploads\/sites\/44\/2023\/02\/Image-2-199x300.jpg\" alt=\"\" width=\"200\" height=\"302\" srcset=\"https:\/\/www.lyceelecorbusier.eu\/dnmade-is\/wp-content\/uploads\/sites\/44\/2023\/02\/Image-2-199x300.jpg 199w, https:\/\/www.lyceelecorbusier.eu\/dnmade-is\/wp-content\/uploads\/sites\/44\/2023\/02\/Image-2.jpg 518w\" sizes=\"(max-width: 200px) 100vw, 200px\" \/><\/p>\n","protected":false},"excerpt":{"rendered":"","protected":false},"author":318,"featured_media":9760,"comment_status":"closed","ping_status":"closed","sticky":false,"template":"","format":"standard","meta":[],"categories":[54,1,59],"tags":[],"_links":{"self":[{"href":"https:\/\/www.lyceelecorbusier.eu\/dnmade-is\/index.php?rest_route=\/wp\/v2\/posts\/9756"}],"collection":[{"href":"https:\/\/www.lyceelecorbusier.eu\/dnmade-is\/index.php?rest_route=\/wp\/v2\/posts"}],"about":[{"href":"https:\/\/www.lyceelecorbusier.eu\/dnmade-is\/index.php?rest_route=\/wp\/v2\/types\/post"}],"author":[{"embeddable":true,"href":"https:\/\/www.lyceelecorbusier.eu\/dnmade-is\/index.php?rest_route=\/wp\/v2\/users\/318"}],"replies":[{"embeddable":true,"href":"https:\/\/www.lyceelecorbusier.eu\/dnmade-is\/index.php?rest_route=%2Fwp%2Fv2%2Fcomments&post=9756"}],"version-history":[{"count":31,"href":"https:\/\/www.lyceelecorbusier.eu\/dnmade-is\/index.php?rest_route=\/wp\/v2\/posts\/9756\/revisions"}],"predecessor-version":[{"id":9924,"href":"https:\/\/www.lyceelecorbusier.eu\/dnmade-is\/index.php?rest_route=\/wp\/v2\/posts\/9756\/revisions\/9924"}],"wp:featuredmedia":[{"embeddable":true,"href":"https:\/\/www.lyceelecorbusier.eu\/dnmade-is\/index.php?rest_route=\/wp\/v2\/media\/9760"}],"wp:attachment":[{"href":"https:\/\/www.lyceelecorbusier.eu\/dnmade-is\/index.php?rest_route=%2Fwp%2Fv2%2Fmedia&parent=9756"}],"wp:term":[{"taxonomy":"category","embeddable":true,"href":"https:\/\/www.lyceelecorbusier.eu\/dnmade-is\/index.php?rest_route=%2Fwp%2Fv2%2Fcategories&post=9756"},{"taxonomy":"post_tag","embeddable":true,"href":"https:\/\/www.lyceelecorbusier.eu\/dnmade-is\/index.php?rest_route=%2Fwp%2Fv2%2Ftags&post=9756"}],"curies":[{"name":"wp","href":"https:\/\/api.w.org\/{rel}","templated":true}]}}